{"id":24493,"date":"2020-05-14T14:32:16","date_gmt":"2020-05-14T14:32:16","guid":{"rendered":"https:\/\/www.lugaris.com\/lugares-para-hacer-barbacoas-en-barcelona-y-alrededores\/"},"modified":"2024-10-31T05:07:08","modified_gmt":"2024-10-31T05:07:08","slug":"llocs-per-fer-barbacoes-a-barcelona-i-els-seu-voltant","status":"publish","type":"post","link":"https:\/\/www.lugaris.com\/ca\/llocs-per-fer-barbacoes-a-barcelona-i-els-seu-voltant\/","title":{"rendered":"Llocs per fer barbacoes a Barcelona i els seu voltant"},"content":{"rendered":"\n<p class=\"\">Arriba el bon temps a la capital de Catalunya, i cada dia ve m\u00e9s de gust passar el dia a l\u2019aire lliure i fer un p\u00edcnic amb la fam\u00edlia i els amics. Si et ve de gust oblidar-te de l\u2019asfalt de la ciutat durant un dia, hi ha una gran varietat de <em>merenderos<\/em> i llocs on podr\u00e0s accedir a una graella per cuinar in situ el que vulguis: des d&#8217;uns t\u00edpics <em>cal\u00e7ots<\/em>, una <strong>butifarra <\/strong>o una deliciosa <strong>escalivada<\/strong>, per gaudir dels<strong> plats m\u00e9s t\u00edpics de Barcelona<\/strong> d&#8217;una forma diferent. Descobreix <strong>els llocs per fer barbacoes a Barcelona i voltants<\/strong>, posa\u2019t el barret de xef, i a cuinar! Continua llegint i tria el que m\u00e9s t\u2019agradi.<\/p>\n\n\n\n<h2 class=\"wp-block-heading\">FONT LES PLANES<\/h2>\n\n\n\n<p class=\"\">Al bell mig del <strong>Parc Natural de Collserola<\/strong> trobem <strong>Les Planes<\/strong>, un barri de Barcelona que limita amb el municipi de <strong>Sant Cugat<\/strong>. Aquest petit nucli urb\u00e0 est\u00e0 envoltat de natura, i per aix\u00f2 hi ha una gran quantitat de <strong>merenderos<\/strong> i espais ideals per fer p\u00edcnic. Disposa d\u2019una \u00e0mplia zona exterior amb taules per menjar a l\u2019aire lliure amb la teva gent. Cada taula per a quatre persones costa aproximadament 10 euros, i cal llogar la graella. A m\u00e9s, si no portes llenya, te\u2019n poden proporcionar. Vols fer una paella? Tamb\u00e9 tenen paellers i suports per preparar-la. A la zona de bar, pots aconseguir ingredients si t\u2019has oblidat d\u2019algun.<\/p>\n\n\n\n<p class=\"\">Hi pots arribar f\u00e0cilment amb les l\u00ednies <strong>S1<\/strong> o <strong>S2<\/strong> dels <strong>Ferrocarrils Catalans<\/strong>, baixant a la parada de <strong>Les Planes<\/strong>.<\/p>\n\n\n\n<p class=\"\"><strong>Horari<\/strong>: obert tots els dies excepte dimarts. Els horaris varien segons l\u2019\u00e8poca de l\u2019any.<\/p>\n\n\n\n<p class=\"\"><strong>Adre\u00e7a<\/strong>: carretera de <strong>Vallvidrera a Sant Cugat<\/strong> (BV 1462), km 6,5, cru\u00eflla amb <strong>Passatge de Bellavista<\/strong>, 08017 Barcelona.<\/p>\n\n\n\n<h2 class=\"wp-block-heading\">PARC DE LA TRINITAT<\/h2>\n\n\n\n<p class=\"\">No \u00e9s dels parcs m\u00e9s emblem\u00e0tics de Barcelona, per\u00f2 a <strong>Trinitat Vella<\/strong> hi ha un bonic parc ple d\u2019escultures i racons encantadors per descansar a l\u2019ombra. A la zona de barbacoa, per 12 euros podr\u00e0s llogar tot el que necessites per gaudir d\u2019un bon \u00e0pat amb els teus (inclosa la taula). Amb reserva pr\u00e8via, al petit quiosc trobar\u00e0s tot el necessari. Tamb\u00e9 disposa d\u2019un parc amb gronxadors per als nens i d\u2019instal\u00b7lacions esportives. Per arribar-hi, pots agafar la l\u00ednia 1 del <strong>metro<\/strong> (l\u00ednia vermella) i baixar a <strong>Trinitat Vella<\/strong>.<\/p>\n\n\n\n<p class=\"\"><strong>Horari<\/strong>: obert tots els dies de les 10:00 h a les 18:00 h.<\/p>\n\n\n\n<p class=\"\"><strong>Adre\u00e7a<\/strong>: <strong>Nus de la Trinitat<\/strong>, 82I, 08033 Barcelona.<\/p>\n\n\n\n<figure class=\"wp-block-image\"><img decoding=\"async\" src=\"https:\/\/www.lugaris.com\/wp-content\/uploads\/2019\/07\/trinitat.jpg\" alt=\"\"\/><\/figure>\n\n\n\n<h2 class=\"wp-block-heading\">SANTA CREU D\u2019OLORDA<\/h2>\n\n\n\n<p class=\"\">Tamb\u00e9 situada a la serra de <strong>Collserola<\/strong>, pots visitar una ermita rom\u00e0nica, ideal si no saps <strong>qu\u00e8 fer al Tibidabo<\/strong>. A m\u00e9s d\u2019admirar la seva arquitectura, trobar\u00e0s un petit restaurant a la casa de l\u2019ermit\u00e0, on podr\u00e0s comprar la llenya o el carb\u00f3 necessari per fer brasa. Envoltat de pins, hi ha molts racons on els nens poden jugar, especialment si tens pensat pujar al <strong>Puig d\u2019Olorda<\/strong>.<\/p>\n\n\n\n<p class=\"\"><strong>Horari<\/strong>: de dilluns a diumenge a l&#8217;estiu, de 09:00 h a 16:00 h. Consulta l\u2019horari durant la resta de l\u2019any.<\/p>\n\n\n\n<p class=\"\"><strong>Adre\u00e7a<\/strong>: BV-1468, km 6, 08750 Barcelona.<\/p>\n\n\n\n<figure class=\"wp-block-image\"><img decoding=\"async\" src=\"https:\/\/www.lugaris.com\/wp-content\/uploads\/2019\/07\/santacreu.jpg\" alt=\"\"\/><\/figure>\n\n\n\n<h2 class=\"wp-block-heading\">TORRENT DE CAN COLL (CERDANYOLA DEL VALL\u00c8S)<\/h2>\n\n\n\n<p class=\"\">I fins aqu\u00ed la nostra llista per fer barbacoes a la ciutat de Barcelona. Per\u00f2 no pateixis, molt a prop es troba el <strong>Torrent de Can Coll<\/strong>, a la mateixa Collserola. El restaurant hom\u00f2nim \u00e9s un lloc t\u00edpic per a aquells que fan <strong>rutes en bici per Barcelona<\/strong>, ja que ofereixen uns bons esmorzars. Just darrere, trobem l\u2019\u00e0rea de lleure amb un ampli <strong>merendero<\/strong> amb barbacoes. Podr\u00e0s seure a taules grans o petites i comprar qualsevol aperitiu que t\u2019hagis deixat al bar. Hi ha tamb\u00e9 una zona de jocs per fer una partida de futbol si voleu passar una bona estona.<\/p>\n\n\n\n<p class=\"\">A m\u00e9s, si visites el lloc un diumenge al mat\u00ed, pots con\u00e8ixer el <strong>Centre d\u2019Educaci\u00f3 Ambiental Can Coll<\/strong>, situat en una antiga masia del segle XV, on podr\u00e0s fer una visita guiada per descobrir la vida en aquestes construccions t\u00edpiques de Catalunya i l\u2019entorn en qu\u00e8 es troben.<\/p>\n\n\n\n<p class=\"\"><strong>Horari<\/strong>: dilluns, dimecres, dijous i divendres de 09:00 h a 18:00 h, i de 08:30 h a 18:00 h els caps de setmana.<\/p>\n\n\n\n<p class=\"\"><strong>Adre\u00e7a<\/strong>: <strong>BV-1415, km 2, 08290 Cerdanyola del Vall\u00e8s, Barcelona<\/strong>.<\/p>\n\n\n\n<figure class=\"wp-block-image\"><img decoding=\"async\" src=\"https:\/\/www.lugaris.com\/wp-content\/uploads\/2019\/07\/cancoll.jpg\" alt=\"\"\/><\/figure>\n\n\n\n<h2 class=\"wp-block-heading\">LA SALUT (SANT FELIU DE LLOBREGAT)<\/h2>\n\n\n\n<p class=\"\">Al <em>merendero <\/em>situat al costat del rierol hom\u00f2nim i una ermita, tindr\u00e0s l\u2019oportunitat de ser a prop de la ciutat de Barcelona, per\u00f2 gaudint de la natura. Al mateix restaurant podr\u00e0s comprar la llenya per encendre el foc. Aqu\u00ed trobar\u00e0s un espai ampli, ideal per a tota la fam\u00edlia. A m\u00e9s, pots combinar l&#8217;escapada amb una visita a la <strong>Casa Gran de la Gleva<\/strong>, constru\u00efda al segle XV, on es troba el restaurant.<\/p>\n\n\n\n<p class=\"\">Horari: de dimecres a divendres de 10:00 h a 17:00 h, i de 09:00 h a 18:00 h els caps de setmana.<\/p>\n\n\n\n<p class=\"\">Adre\u00e7a: <strong>Riera de la Salut, 100, 08980 Sant Feliu de Llobregat, Barcelona<\/strong>.<\/p>\n\n\n\n<h2 class=\"wp-block-heading\">PARQUE MEDIAMBIENTAL DE GUALBA<\/h2>\n\n\n\n<p class=\"\">Si vols fer una barbacoa en un lloc realment \u00fanic i combinar-ho amb una <strong>ruta de senderisme a Barcelona<\/strong>, el <strong>Parc Natural del Montseny<\/strong> \u00e9s el lloc ideal. En aquest parc podr\u00e0s fer una excursi\u00f3 cap a un espectacular salt d\u2019aigua i acabar el recorregut a la zona de p\u00edcnic i barbacoa, sota l\u2019ombra dels arbres. Pots reservar pla\u00e7a, que inclou l&#8217;entrada al parc de forma gratu\u00efta, mapes senyalitzats i acc\u00e9s al camp de futbol que es troba a les proximitats. A m\u00e9s, a l&#8217;estiu tamb\u00e9 pots combinar el <strong>tiquet<\/strong> de la zona de p\u00edcnic amb la piscina per refrescar-te.<\/p>\n\n\n\n<p class=\"\"><strong>Horari<\/strong>: de 09:30 h a 20:00 h a l&#8217;estiu i fins a les 18:00 h a l&#8217;hivern.<\/p>\n\n\n\n<p class=\"\"><strong>Adre\u00e7a<\/strong>: <strong>Can Illa Vell, S\/N, 08474 Gualba, Barcelona<\/strong>.<\/p>\n\n\n\n<figure class=\"wp-block-image\"><img decoding=\"async\" src=\"https:\/\/www.lugaris.com\/wp-content\/uploads\/2019\/07\/gualba.jpg\" alt=\"\"\/><\/figure>\n\n\n\n<h2 class=\"wp-block-heading\">BARBACOA LOURDES (ARENYS DE MUNT)<\/h2>\n\n\n\n<p class=\"\">Aquest curi\u00f3s paratge imita el fam\u00f3s santuari de la Verge que es troba a Fran\u00e7a. Al seu voltant, entre els arbres, trobem una \u00e0mplia zona de p\u00edcnic amb m\u00e9s de 100 taules de pedra que es lloguen per 15 euros en un bar situat al costat de la cova.<\/p>\n\n\n\n<p class=\"\"><strong>Horari<\/strong>: de 10:00 h a 18:00 h. Dilluns tancat.<\/p>\n\n\n\n<p class=\"\"><strong>Adre\u00e7a<\/strong>: <strong>Lloc Barri Sobirans, S\/N, 08358 Arenys de Munt, Barcelona<\/strong>.<\/p>\n\n\n\n<figure class=\"wp-block-image\"><img decoding=\"async\" src=\"https:\/\/www.lugaris.com\/wp-content\/uploads\/2019\/07\/lourdes.jpg\" alt=\"\"\/><\/figure>\n\n\n\n<h2 class=\"wp-block-heading\">CAN XEC (MONTORN\u00c8S DEL VALL\u00c8S)<\/h2>\n\n\n\n<p class=\"\">Seguim la nostra ruta pels millors llocs per fer barbacoes a Barcelona i voltants amb <strong>Can Xec<\/strong>, obert els caps de setmana i alguns festius perqu\u00e8 gaudeixis al m\u00e0xim. Aquest <strong>merendero<\/strong> inclou dues zones cobertes perqu\u00e8 no t&#8217;hagis de preocupar per la pluja a l\u2019hora de dinar. Al bar, podr\u00e0s llogar graelles i paelles, a m\u00e9s de comprar qualsevol producte b\u00e0sic de cuina que t\u2019hagis oblidat. Els nens s\u2019ho passaran d\u2019all\u00f2 m\u00e9s b\u00e9 al camp de futbol i als llits el\u00e0stics que hi ha en aquest espai.<\/p>\n\n\n\n<p class=\"\"><strong>Horari<\/strong>: caps de setmana de 09:30 h a 18:30 h.<\/p>\n\n\n\n<p class=\"\"><strong>Adre\u00e7a<\/strong>: <strong>Vilanova, 53, 08170 Montorn\u00e8s del Vall\u00e8s, Barcelona<\/strong>.<\/p>\n\n\n\n<h2 class=\"wp-block-heading\">BARBACOA EUROPA (GAV\u00c0)<\/h2>\n\n\n\n<p class=\"\">Vols organitzar una <strong>barbacoa<\/strong> a tocar del mar? Si vols gaudir d\u2019un dia de platja combinat amb un bon \u00e0pat fet a foc lent, aquest restaurant de Gav\u00e0 t\u2019ho posa ben f\u00e0cil. Lloga les cadires i taules que necessitis i prepara una bona paella en una de les tres zones de barbacoes que t\u00e9 el local a l\u2019aire lliure. \u00c9s el lloc perfecte per passar el dia en grup o fins i tot per fer qualsevol celebraci\u00f3 de manera diferent.<\/p>\n\n\n\n<p class=\"\"><strong>Horari<\/strong>: obert tots els dies de 08:30 h a 00:00 h.<\/p>\n\n\n\n<p class=\"\"><strong>Adre\u00e7a<\/strong>: <strong>Avinguda d&#8217;Europa, 92-102, 08850 Gav\u00e0 Mar, Barcelona<\/strong>.<\/p>\n\n\n\n<h2 class=\"wp-block-heading\">BARBACOES PARC LES CAMANYES (TORRELLES DE LLOBREGAT)<\/h2>\n\n\n\n<p class=\"\">Gaudeix de la natura i d\u2019una de les formacions rocoses m\u00e9s impressionants de la prov\u00edncia de Barcelona. Si vols fer una excursi\u00f3 a les <strong>coves de Torrelles<\/strong>, la pots combinar amb un p\u00edcnic de luxe. Al cor del bosc trobar\u00e0s una zona de barbacoa amb aproximadament 70 taules, al costat d\u2019un bar on podr\u00e0s adquirir les graelles i el carb\u00f3. Si viatges a Barcelona amb nens, pots aprofitar per visitar <strong>Catalunya en Miniatura<\/strong>, un petit parc amb monuments a escala.<\/p>\n\n\n\n<p class=\"\"><strong>Horari<\/strong>: obert nom\u00e9s els dissabtes i diumenges de 09:30 h a 19:00 h.<\/p>\n\n\n\n<p class=\"\"><strong>Adre\u00e7a<\/strong>: <strong>Carretera BV-2005, km 3,2, 08620 Torrelles de Llobregat, Barcelona<\/strong>.<\/p>\n\n\n\n<figure class=\"wp-block-image\"><img decoding=\"async\" src=\"https:\/\/www.lugaris.com\/wp-content\/uploads\/2019\/07\/barbacoa2.jpg\" alt=\"\"\/><\/figure>\n\n\n\n<h2 class=\"wp-block-heading\"><em>MERENDERO <\/em>NOSTRA SENYORA DELS \u00c0NGELS (LA ROCA DEL VALL\u00c8S)<\/h2>\n\n\n\n<p class=\"\">Sales de celebraci\u00f3 interiors en un petit castell i una gran quantitat de taules de pedra a l\u2019exterior fan que aquest sigui un lloc ideal per passar el dia, amb unes vistes espectaculars. Tamb\u00e9 compta amb un parc infantil per als nens i est\u00e0 envoltat d\u2019alzines, oferint ombra durant pr\u00e0cticament tot el dia.<\/p>\n\n\n\n<p class=\"\"><strong>Horari<\/strong>: dissabte, diumenge i festius, de 09:00 h a 19:00 h.<\/p>\n\n\n\n<p class=\"\"><strong>Adre\u00e7a<\/strong>: <strong>carretera de Matar\u00f3 a Granollers, km 11,5<\/strong>.<\/p>\n\n\n\n<h2 class=\"wp-block-heading\"><em>MERENDERO <\/em>CAN VIA (LA PALMA DE CERVELL\u00d3)<\/h2>\n\n\n\n<p class=\"\">Un altre dels llocs per fer barbacoes a Barcelona, situat a la comarca del Baix Llobregat, \u00e9s aquest espai que, des de 1965, ofereix zones per descansar i menjar calent. A m\u00e9s de les barbacoes, disposa d\u2019una zona esportiva on podr\u00e0s jugar a b\u00e0squet, v\u00f2lei i fins i tot minigolf. Vols fer una petita excursi\u00f3? Passeja pel rierol de Rafamans o visita el petit poble de La Palma.<\/p>\n\n\n\n<p class=\"\"><strong>Horari<\/strong>: obert els caps de setmana i festius de 09:00 h a 19:00 h.<\/p>\n\n\n\n<p class=\"\"><strong>Adre\u00e7a<\/strong>: <strong>Masia Can Via, 08756 La Palma de Cervell\u00f3, Barcelona<\/strong>.<\/p>\n\n\n\n<figure class=\"wp-block-image size-large\"><img fetchpriority=\"high\" decoding=\"async\" width=\"800\" height=\"600\" src=\"https:\/\/www.lugaris.com\/app\/uploads\/2020\/06\/canvia.jpg\" alt=\"\" class=\"wp-image-6892\" srcset=\"https:\/\/www.lugaris.com\/app\/uploads\/2020\/06\/canvia.jpg 800w, https:\/\/www.lugaris.com\/app\/uploads\/2020\/06\/canvia-300x225.jpg 300w, https:\/\/www.lugaris.com\/app\/uploads\/2020\/06\/canvia-768x576.jpg 768w\" sizes=\"(max-width: 800px) 100vw, 800px\" \/><\/figure>\n\n\n\n<h2 class=\"wp-block-heading\">PARC DE PI GROS (SANT VICEN\u00c7 DELS HORTS)<\/h2>\n\n\n\n<p class=\"\">Tal com indica el seu nom, un gran pi presideix l\u2019entrada a aquest parc situat als afores d\u2019aquesta localitat del Baix Llobregat. Aquesta bonica zona verda forestal, amb diversos camins per descobrir, amaga un <strong>merendero<\/strong> d\u2019\u00fas p\u00fablic amb 12 taules i 12 barbacoes que es poden utilitzar de forma gratu\u00efta sempre que es respectin les normes d\u2019\u00fas. Al quiosc que es troba al costat, podr\u00e0s llogar qualsevol instrument que necessitis.<\/p>\n\n\n\n<h2 class=\"wp-block-heading\">AIDINA PARK (VILANOVA D\u2019ESPOIA)<\/h2>\n\n\n\n<p class=\"\">Al municipi de Torre de Claramunt es troba el petit poble de <strong>Vilanova d\u2019Espoia<\/strong>, molt a prop d\u2019alguns llocs d\u2019inter\u00e8s com el castell de la Torre o diverses esgl\u00e9sies rom\u00e0niques. A m\u00e9s de les barbacoes i zones d\u2019ombra per dinar, aqu\u00ed trobar\u00e0s una h\u00edpica perqu\u00e8 els amants d\u2019aquest esport equ\u00ed puguin practicar en un espai \u00fanic.<\/p>\n\n\n\n<p class=\"\"><strong>Horari<\/strong>: caps de setmana d\u201911:00 h a 18:00 h.<\/p>\n\n\n\n<p class=\"\"><strong>Adre\u00e7a<\/strong>: <strong>carretera de Vilanova d\u2019Espoia, km 0,5, 08789 La Torre de Claramunt, Barcelona<\/strong>.<\/p>\n\n\n\n<h2 class=\"wp-block-heading\">BARBACOA BEGUES VALPARA\u00cdSO (BEGUES)<\/h2>\n\n\n\n<p class=\"\">Aquest poble mil\u00b7lenari de gran inter\u00e8s cultural i natural t\u2019ofereix l\u2019oportunitat de fer una barbacoa a les portes del <strong>Parc Natural del Garraf<\/strong>. A la barbacoa <strong>Begues Valpara\u00edso<\/strong>, tens 154 taules per preparar la teva barbacoa i, si vols anar a l\u2019engr\u00f2s, pots reservar un <strong>Foc Rod\u00f3<\/strong>, un espai on podr\u00e0s fer paelles de grans dimensions i graellades per a molts comensals.<\/p>\n\n\n\n<p class=\"\"><strong>Horari<\/strong>: dissabtes, diumenges i festius de 09:00 h a 20:00 h.<\/p>\n\n\n\n<p class=\"\"><strong>Adre\u00e7a<\/strong>: <strong>carretera de Gav\u00e0 a Avinyonet, km 13,7, 08859 Begues, Barcelona<\/strong>.<\/p>\n\n\n\n<h2 class=\"wp-block-heading\">LES MARTINES (TERRASSA)<\/h2>\n\n\n\n<p class=\"\">El <strong><em>Brenador <\/em>Les Martines<\/strong>, als afores de la ciutat de Terrassa, est\u00e0 envoltat d\u2019oliveres i disposa de moltes barbacoes perqu\u00e8 puguis cuinar al teu ritme. Al seu bar-restaurant tamb\u00e9 pots reservar una <strong>cal\u00e7otada<\/strong> si no et ve de gust cuinar.<\/p>\n\n\n\n<p class=\"\"><strong>Horari<\/strong>: obert nom\u00e9s els dissabtes de 09:30 h a 18:00 h.<\/p>\n\n\n\n<p class=\"\"><strong>Adre\u00e7a<\/strong>: <strong>Torrent de Can Guitard, S\/N, 08224 Terrassa, Barcelona<\/strong>.<\/p>\n\n\n\n<figure class=\"wp-block-image size-large\"><img decoding=\"async\" width=\"1024\" height=\"576\" src=\"https:\/\/www.lugaris.com\/app\/uploads\/2020\/06\/lesmartines-1024x576.jpg\" alt=\"\" class=\"wp-image-6885\" srcset=\"https:\/\/www.lugaris.com\/app\/uploads\/2020\/06\/lesmartines-1024x576.jpg 1024w, https:\/\/www.lugaris.com\/app\/uploads\/2020\/06\/lesmartines-300x169.jpg 300w, https:\/\/www.lugaris.com\/app\/uploads\/2020\/06\/lesmartines-768x432.jpg 768w, https:\/\/www.lugaris.com\/app\/uploads\/2020\/06\/lesmartines.jpg 1080w\" sizes=\"(max-width: 1024px) 100vw, 1024px\" \/><\/figure>\n\n\n\n<h2 class=\"wp-block-heading\">SANT JULI\u00c0 D\u2019ALTURA (SABADELL)<\/h2>\n\n\n\n<p class=\"\">Als afores de l\u2019altra capital del Vall\u00e8s, es troba una \u00e0rea de lleure flanquejada per una ermita del segle XVI. Aquesta zona de p\u00edcnic entre arbres \u00e9s ideal per menjar en fam\u00edlia, amb un ampli terreny perqu\u00e8 els nens juguin i, si els adults ho prefereixen, tamb\u00e9 es pot demanar un <strong>c\u00e0tering<\/strong>.<\/p>\n\n\n\n<p class=\"\">Adre\u00e7a: <strong>carretera de Matadepera, km 4, Sabadell, Barcelona<\/strong>.<\/p>\n\n\n\n<p class=\"\">Quins s\u00f3n els teus llocs preferits per fer barbacoes a Barcelona o als seus voltants? Coneixes algun altre lloc que no sigui a la llista? Explica\u2019ns-ho quan t\u2019allotgis als nostres <strong><a href=\"https:\/\/www.lugaris.com\/ca\/apartaments-barcelona\/\">apartaments de luxe a la platja de Barcelona<\/a><\/strong>. T&#8217;hi esperem!<\/p>\n\n\n<section class=\"blocks__extra-info \" id=\"mes-coses-interessants\">\n    <h3>M\u00c9S COSES INTERESSANTS<\/h3>\n\n    <div class=\"blocks__extra-info__list\">\n            <\/div>\n\n        <div class=\"blocks__extra-info__content__container\">\n            <\/div>\n\n    <span class=\"blocks__extra-info__list__button__left prev\"><\/span>\n    <span class=\"blocks__extra-info__list__button__right next\"><\/span>\n    <\/section>\n","protected":false},"excerpt":{"rendered":"<p>Si te apetece olvidarte del asfalto de la urbe durante un d\u00eda, existe una multitud de merenderos y lugares donde podr\u00e1s acceder a una parrilla para cocinar in situ lo que t\u00fa quieras, desde unos t\u00edpicos cal\u00e7ots, una butifarra o una deliciosa escalivada, para experimentar los platos m\u00e1s t\u00edpicos de Barcelona de una forma original. Descubre los lugares para hacer barbacoas en Barcelona y alrededores, ponte el gorro de chef, \u00a1y a cocinar! Sigue leyendo y escoge el que te guste m\u00e1s.<\/p>\n","protected":false},"author":4,"featured_media":6899,"comment_status":"open","ping_status":"open","sticky":false,"template":"","format":"standard","meta":{"_uag_custom_page_level_css":"","footnotes":""},"categories":[667,668],"tags":[669,670,671,672,673],"yoast_head":"<!-- This site is optimized with the Yoast SEO plugin v23.1 - https:\/\/yoast.com\/wordpress\/plugins\/seo\/ -->\n<title>Llocs per fer barbacoes a Barcelona i els seu voltant | Lugaris<\/title>\n<meta name=\"robots\" content=\"index, follow, max-snippet:-1, max-image-preview:large, max-video-preview:-1\" \/>\n<link rel=\"canonical\" href=\"https:\/\/www.lugaris.com\/ca\/llocs-per-fer-barbacoes-a-barcelona-i-els-seu-voltant\/\" \/>\n<meta property=\"og:locale\" content=\"ca_ES\" \/>\n<meta property=\"og:type\" content=\"article\" \/>\n<meta property=\"og:title\" content=\"Llocs per fer barbacoes a Barcelona i els seu voltant | Lugaris\" \/>\n<meta property=\"og:description\" content=\"Si te apetece olvidarte del asfalto de la urbe durante un d\u00eda, existe una multitud de merenderos y lugares donde podr\u00e1s acceder a una parrilla para cocinar in situ lo que t\u00fa quieras, desde unos t\u00edpicos cal\u00e7ots, una butifarra o una deliciosa escalivada, para experimentar los platos m\u00e1s t\u00edpicos de Barcelona de una forma original. Descubre los lugares para hacer barbacoas en Barcelona y alrededores, ponte el gorro de chef, \u00a1y a cocinar! Sigue leyendo y escoge el que te guste m\u00e1s.\" \/>\n<meta property=\"og:url\" content=\"https:\/\/www.lugaris.com\/ca\/llocs-per-fer-barbacoes-a-barcelona-i-els-seu-voltant\/\" \/>\n<meta property=\"og:site_name\" content=\"Lugaris\" \/>\n<meta property=\"article:published_time\" content=\"2020-05-14T14:32:16+00:00\" \/>\n<meta property=\"article:modified_time\" content=\"2024-10-31T05:07:08+00:00\" \/>\n<meta property=\"og:image\" content=\"https:\/\/www.lugaris.com\/app\/uploads\/2020\/05\/lourdes.jpg\" \/>\n\t<meta property=\"og:image:width\" content=\"500\" \/>\n\t<meta property=\"og:image:height\" content=\"281\" \/>\n\t<meta property=\"og:image:type\" content=\"image\/jpeg\" \/>\n<meta name=\"author\" content=\"Roberto Bordi\" \/>\n<meta name=\"twitter:card\" content=\"summary_large_image\" \/>\n<meta name=\"twitter:label1\" content=\"Written by\" \/>\n\t<meta name=\"twitter:data1\" content=\"Roberto Bordi\" \/>\n\t<meta name=\"twitter:label2\" content=\"Est. reading time\" \/>\n\t<meta name=\"twitter:data2\" content=\"10 minutes\" \/>\n<script type=\"application\/ld+json\" class=\"yoast-schema-graph\">{\"@context\":\"https:\/\/schema.org\",\"@graph\":[{\"@type\":\"Article\",\"@id\":\"https:\/\/www.lugaris.com\/ca\/llocs-per-fer-barbacoes-a-barcelona-i-els-seu-voltant\/#article\",\"isPartOf\":{\"@id\":\"https:\/\/www.lugaris.com\/ca\/llocs-per-fer-barbacoes-a-barcelona-i-els-seu-voltant\/\"},\"author\":{\"name\":\"Roberto Bordi\",\"@id\":\"https:\/\/www.lugaris.com\/ca\/#\/schema\/person\/fb23f8f2dbb02cd53d6d92029e4ddd57\"},\"headline\":\"Llocs per fer barbacoes a Barcelona i els seu voltant\",\"datePublished\":\"2020-05-14T14:32:16+00:00\",\"dateModified\":\"2024-10-31T05:07:08+00:00\",\"mainEntityOfPage\":{\"@id\":\"https:\/\/www.lugaris.com\/ca\/llocs-per-fer-barbacoes-a-barcelona-i-els-seu-voltant\/\"},\"wordCount\":2031,\"commentCount\":0,\"publisher\":{\"@id\":\"https:\/\/www.lugaris.com\/ca\/#organization\"},\"image\":{\"@id\":\"https:\/\/www.lugaris.com\/ca\/llocs-per-fer-barbacoes-a-barcelona-i-els-seu-voltant\/#primaryimage\"},\"thumbnailUrl\":\"https:\/\/www.lugaris.com\/app\/uploads\/2020\/05\/lourdes.jpg\",\"keywords\":[\"Barrios de Barcelona\",\"Naturaleza en Barcelona\",\"Alrededores de Barcelona\",\"Excursiones desde Barcelona\",\"Gastronom\u00eda en Barcelona\"],\"articleSection\":[\"Barcelona\",\"Ocio en Barcelona\"],\"inLanguage\":\"ca\",\"potentialAction\":[{\"@type\":\"CommentAction\",\"name\":\"Comment\",\"target\":[\"https:\/\/www.lugaris.com\/ca\/llocs-per-fer-barbacoes-a-barcelona-i-els-seu-voltant\/#respond\"]}]},{\"@type\":\"WebPage\",\"@id\":\"https:\/\/www.lugaris.com\/ca\/llocs-per-fer-barbacoes-a-barcelona-i-els-seu-voltant\/\",\"url\":\"https:\/\/www.lugaris.com\/ca\/llocs-per-fer-barbacoes-a-barcelona-i-els-seu-voltant\/\",\"name\":\"Llocs per fer barbacoes a Barcelona i els seu voltant | Lugaris\",\"isPartOf\":{\"@id\":\"https:\/\/www.lugaris.com\/ca\/#website\"},\"primaryImageOfPage\":{\"@id\":\"https:\/\/www.lugaris.com\/ca\/llocs-per-fer-barbacoes-a-barcelona-i-els-seu-voltant\/#primaryimage\"},\"image\":{\"@id\":\"https:\/\/www.lugaris.com\/ca\/llocs-per-fer-barbacoes-a-barcelona-i-els-seu-voltant\/#primaryimage\"},\"thumbnailUrl\":\"https:\/\/www.lugaris.com\/app\/uploads\/2020\/05\/lourdes.jpg\",\"datePublished\":\"2020-05-14T14:32:16+00:00\",\"dateModified\":\"2024-10-31T05:07:08+00:00\",\"breadcrumb\":{\"@id\":\"https:\/\/www.lugaris.com\/ca\/llocs-per-fer-barbacoes-a-barcelona-i-els-seu-voltant\/#breadcrumb\"},\"inLanguage\":\"ca\",\"potentialAction\":[{\"@type\":\"ReadAction\",\"target\":[\"https:\/\/www.lugaris.com\/ca\/llocs-per-fer-barbacoes-a-barcelona-i-els-seu-voltant\/\"]}]},{\"@type\":\"ImageObject\",\"inLanguage\":\"ca\",\"@id\":\"https:\/\/www.lugaris.com\/ca\/llocs-per-fer-barbacoes-a-barcelona-i-els-seu-voltant\/#primaryimage\",\"url\":\"https:\/\/www.lugaris.com\/app\/uploads\/2020\/05\/lourdes.jpg\",\"contentUrl\":\"https:\/\/www.lugaris.com\/app\/uploads\/2020\/05\/lourdes.jpg\",\"width\":500,\"height\":281},{\"@type\":\"BreadcrumbList\",\"@id\":\"https:\/\/www.lugaris.com\/ca\/llocs-per-fer-barbacoes-a-barcelona-i-els-seu-voltant\/#breadcrumb\",\"itemListElement\":[{\"@type\":\"ListItem\",\"position\":1,\"name\":\"Home\",\"item\":\"https:\/\/www.lugaris.com\/ca\/\"},{\"@type\":\"ListItem\",\"position\":2,\"name\":\"Llocs per fer barbacoes a Barcelona i els seu voltant\"}]},{\"@type\":\"WebSite\",\"@id\":\"https:\/\/www.lugaris.com\/ca\/#website\",\"url\":\"https:\/\/www.lugaris.com\/ca\/\",\"name\":\"Lugaris\",\"description\":\"Apartamentos de vacaciones en Barcelona\",\"publisher\":{\"@id\":\"https:\/\/www.lugaris.com\/ca\/#organization\"},\"potentialAction\":[{\"@type\":\"SearchAction\",\"target\":{\"@type\":\"EntryPoint\",\"urlTemplate\":\"https:\/\/www.lugaris.com\/ca\/?s={search_term_string}\"},\"query-input\":\"required name=search_term_string\"}],\"inLanguage\":\"ca\"},{\"@type\":\"Organization\",\"@id\":\"https:\/\/www.lugaris.com\/ca\/#organization\",\"name\":\"Lugaris Apartments in Barcelona\",\"url\":\"https:\/\/www.lugaris.com\/ca\/\",\"logo\":{\"@type\":\"ImageObject\",\"inLanguage\":\"ca\",\"@id\":\"https:\/\/www.lugaris.com\/ca\/#\/schema\/logo\/image\/\",\"url\":\"https:\/\/www.lugaris.com\/app\/uploads\/2020\/03\/Logo_lugaris_v2.png\",\"contentUrl\":\"https:\/\/www.lugaris.com\/app\/uploads\/2020\/03\/Logo_lugaris_v2.png\",\"width\":285,\"height\":257,\"caption\":\"Lugaris Apartments in Barcelona\"},\"image\":{\"@id\":\"https:\/\/www.lugaris.com\/ca\/#\/schema\/logo\/image\/\"}},{\"@type\":\"Person\",\"@id\":\"https:\/\/www.lugaris.com\/ca\/#\/schema\/person\/fb23f8f2dbb02cd53d6d92029e4ddd57\",\"name\":\"Roberto Bordi\",\"image\":{\"@type\":\"ImageObject\",\"inLanguage\":\"ca\",\"@id\":\"https:\/\/www.lugaris.com\/ca\/#\/schema\/person\/image\/\",\"url\":\"https:\/\/www.lugaris.com\/app\/litespeed\/avatar\/dd7d954dea1d9cebdc71d83b676d531c.jpg?ver=1777470838\",\"contentUrl\":\"https:\/\/www.lugaris.com\/app\/litespeed\/avatar\/dd7d954dea1d9cebdc71d83b676d531c.jpg?ver=1777470838\",\"caption\":\"Roberto Bordi\"}}]}<\/script>\n<!-- \/ Yoast SEO plugin. -->","yoast_head_json":{"title":"Llocs per fer barbacoes a Barcelona i els seu voltant | Lugaris","robots":{"index":"index","follow":"follow","max-snippet":"max-snippet:-1","max-image-preview":"max-image-preview:large","max-video-preview":"max-video-preview:-1"},"canonical":"https:\/\/www.lugaris.com\/ca\/llocs-per-fer-barbacoes-a-barcelona-i-els-seu-voltant\/","og_locale":"ca_ES","og_type":"article","og_title":"Llocs per fer barbacoes a Barcelona i els seu voltant | Lugaris","og_description":"Si te apetece olvidarte del asfalto de la urbe durante un d\u00eda, existe una multitud de merenderos y lugares donde podr\u00e1s acceder a una parrilla para cocinar in situ lo que t\u00fa quieras, desde unos t\u00edpicos cal\u00e7ots, una butifarra o una deliciosa escalivada, para experimentar los platos m\u00e1s t\u00edpicos de Barcelona de una forma original. Descubre los lugares para hacer barbacoas en Barcelona y alrededores, ponte el gorro de chef, \u00a1y a cocinar! Sigue leyendo y escoge el que te guste m\u00e1s.","og_url":"https:\/\/www.lugaris.com\/ca\/llocs-per-fer-barbacoes-a-barcelona-i-els-seu-voltant\/","og_site_name":"Lugaris","article_published_time":"2020-05-14T14:32:16+00:00","article_modified_time":"2024-10-31T05:07:08+00:00","og_image":[{"width":500,"height":281,"url":"https:\/\/www.lugaris.com\/app\/uploads\/2020\/05\/lourdes.jpg","type":"image\/jpeg"}],"author":"Roberto Bordi","twitter_card":"summary_large_image","twitter_misc":{"Written by":"Roberto Bordi","Est. reading time":"10 minutes"},"schema":{"@context":"https:\/\/schema.org","@graph":[{"@type":"Article","@id":"https:\/\/www.lugaris.com\/ca\/llocs-per-fer-barbacoes-a-barcelona-i-els-seu-voltant\/#article","isPartOf":{"@id":"https:\/\/www.lugaris.com\/ca\/llocs-per-fer-barbacoes-a-barcelona-i-els-seu-voltant\/"},"author":{"name":"Roberto Bordi","@id":"https:\/\/www.lugaris.com\/ca\/#\/schema\/person\/fb23f8f2dbb02cd53d6d92029e4ddd57"},"headline":"Llocs per fer barbacoes a Barcelona i els seu voltant","datePublished":"2020-05-14T14:32:16+00:00","dateModified":"2024-10-31T05:07:08+00:00","mainEntityOfPage":{"@id":"https:\/\/www.lugaris.com\/ca\/llocs-per-fer-barbacoes-a-barcelona-i-els-seu-voltant\/"},"wordCount":2031,"commentCount":0,"publisher":{"@id":"https:\/\/www.lugaris.com\/ca\/#organization"},"image":{"@id":"https:\/\/www.lugaris.com\/ca\/llocs-per-fer-barbacoes-a-barcelona-i-els-seu-voltant\/#primaryimage"},"thumbnailUrl":"https:\/\/www.lugaris.com\/app\/uploads\/2020\/05\/lourdes.jpg","keywords":["Barrios de Barcelona","Naturaleza en Barcelona","Alrededores de Barcelona","Excursiones desde Barcelona","Gastronom\u00eda en Barcelona"],"articleSection":["Barcelona","Ocio en Barcelona"],"inLanguage":"ca","potentialAction":[{"@type":"CommentAction","name":"Comment","target":["https:\/\/www.lugaris.com\/ca\/llocs-per-fer-barbacoes-a-barcelona-i-els-seu-voltant\/#respond"]}]},{"@type":"WebPage","@id":"https:\/\/www.lugaris.com\/ca\/llocs-per-fer-barbacoes-a-barcelona-i-els-seu-voltant\/","url":"https:\/\/www.lugaris.com\/ca\/llocs-per-fer-barbacoes-a-barcelona-i-els-seu-voltant\/","name":"Llocs per fer barbacoes a Barcelona i els seu voltant | Lugaris","isPartOf":{"@id":"https:\/\/www.lugaris.com\/ca\/#website"},"primaryImageOfPage":{"@id":"https:\/\/www.lugaris.com\/ca\/llocs-per-fer-barbacoes-a-barcelona-i-els-seu-voltant\/#primaryimage"},"image":{"@id":"https:\/\/www.lugaris.com\/ca\/llocs-per-fer-barbacoes-a-barcelona-i-els-seu-voltant\/#primaryimage"},"thumbnailUrl":"https:\/\/www.lugaris.com\/app\/uploads\/2020\/05\/lourdes.jpg","datePublished":"2020-05-14T14:32:16+00:00","dateModified":"2024-10-31T05:07:08+00:00","breadcrumb":{"@id":"https:\/\/www.lugaris.com\/ca\/llocs-per-fer-barbacoes-a-barcelona-i-els-seu-voltant\/#breadcrumb"},"inLanguage":"ca","potentialAction":[{"@type":"ReadAction","target":["https:\/\/www.lugaris.com\/ca\/llocs-per-fer-barbacoes-a-barcelona-i-els-seu-voltant\/"]}]},{"@type":"ImageObject","inLanguage":"ca","@id":"https:\/\/www.lugaris.com\/ca\/llocs-per-fer-barbacoes-a-barcelona-i-els-seu-voltant\/#primaryimage","url":"https:\/\/www.lugaris.com\/app\/uploads\/2020\/05\/lourdes.jpg","contentUrl":"https:\/\/www.lugaris.com\/app\/uploads\/2020\/05\/lourdes.jpg","width":500,"height":281},{"@type":"BreadcrumbList","@id":"https:\/\/www.lugaris.com\/ca\/llocs-per-fer-barbacoes-a-barcelona-i-els-seu-voltant\/#breadcrumb","itemListElement":[{"@type":"ListItem","position":1,"name":"Home","item":"https:\/\/www.lugaris.com\/ca\/"},{"@type":"ListItem","position":2,"name":"Llocs per fer barbacoes a Barcelona i els seu voltant"}]},{"@type":"WebSite","@id":"https:\/\/www.lugaris.com\/ca\/#website","url":"https:\/\/www.lugaris.com\/ca\/","name":"Lugaris","description":"Apartamentos de vacaciones en Barcelona","publisher":{"@id":"https:\/\/www.lugaris.com\/ca\/#organization"},"potentialAction":[{"@type":"SearchAction","target":{"@type":"EntryPoint","urlTemplate":"https:\/\/www.lugaris.com\/ca\/?s={search_term_string}"},"query-input":"required name=search_term_string"}],"inLanguage":"ca"},{"@type":"Organization","@id":"https:\/\/www.lugaris.com\/ca\/#organization","name":"Lugaris Apartments in Barcelona","url":"https:\/\/www.lugaris.com\/ca\/","logo":{"@type":"ImageObject","inLanguage":"ca","@id":"https:\/\/www.lugaris.com\/ca\/#\/schema\/logo\/image\/","url":"https:\/\/www.lugaris.com\/app\/uploads\/2020\/03\/Logo_lugaris_v2.png","contentUrl":"https:\/\/www.lugaris.com\/app\/uploads\/2020\/03\/Logo_lugaris_v2.png","width":285,"height":257,"caption":"Lugaris Apartments in Barcelona"},"image":{"@id":"https:\/\/www.lugaris.com\/ca\/#\/schema\/logo\/image\/"}},{"@type":"Person","@id":"https:\/\/www.lugaris.com\/ca\/#\/schema\/person\/fb23f8f2dbb02cd53d6d92029e4ddd57","name":"Roberto Bordi","image":{"@type":"ImageObject","inLanguage":"ca","@id":"https:\/\/www.lugaris.com\/ca\/#\/schema\/person\/image\/","url":"https:\/\/www.lugaris.com\/app\/litespeed\/avatar\/dd7d954dea1d9cebdc71d83b676d531c.jpg?ver=1777470838","contentUrl":"https:\/\/www.lugaris.com\/app\/litespeed\/avatar\/dd7d954dea1d9cebdc71d83b676d531c.jpg?ver=1777470838","caption":"Roberto Bordi"}}]}},"uagb_featured_image_src":{"full":["https:\/\/www.lugaris.com\/app\/uploads\/2020\/05\/lourdes.jpg",500,281,false],"thumbnail":["https:\/\/www.lugaris.com\/app\/uploads\/2020\/05\/lourdes-150x150.jpg",150,150,true],"medium":["https:\/\/www.lugaris.com\/app\/uploads\/2020\/05\/lourdes-300x169.jpg",300,169,true],"medium_large":["https:\/\/www.lugaris.com\/app\/uploads\/2020\/05\/lourdes.jpg",500,281,false],"large":["https:\/\/www.lugaris.com\/app\/uploads\/2020\/05\/lourdes.jpg",500,281,false],"1536x1536":["https:\/\/www.lugaris.com\/app\/uploads\/2020\/05\/lourdes.jpg",500,281,false],"2048x2048":["https:\/\/www.lugaris.com\/app\/uploads\/2020\/05\/lourdes.jpg",500,281,false]},"uagb_author_info":{"display_name":"Roberto Bordi","author_link":"https:\/\/www.lugaris.com\/ca\/author\/rbb2-performance-es\/"},"uagb_comment_info":0,"uagb_excerpt":"Si te apetece olvidarte del asfalto de la urbe durante un d\u00eda, existe una multitud de merenderos y lugares donde podr\u00e1s acceder a una parrilla para cocinar in situ lo que t\u00fa quieras, desde unos t\u00edpicos cal\u00e7ots, una butifarra o una deliciosa escalivada, para experimentar los platos m\u00e1s t\u00edpicos de Barcelona de una forma original.&hellip;","_links":{"self":[{"href":"https:\/\/www.lugaris.com\/ca\/wp-json\/wp\/v2\/posts\/24493"}],"collection":[{"href":"https:\/\/www.lugaris.com\/ca\/wp-json\/wp\/v2\/posts"}],"about":[{"href":"https:\/\/www.lugaris.com\/ca\/wp-json\/wp\/v2\/types\/post"}],"author":[{"embeddable":true,"href":"https:\/\/www.lugaris.com\/ca\/wp-json\/wp\/v2\/users\/4"}],"replies":[{"embeddable":true,"href":"https:\/\/www.lugaris.com\/ca\/wp-json\/wp\/v2\/comments?post=24493"}],"version-history":[{"count":1,"href":"https:\/\/www.lugaris.com\/ca\/wp-json\/wp\/v2\/posts\/24493\/revisions"}],"predecessor-version":[{"id":24497,"href":"https:\/\/www.lugaris.com\/ca\/wp-json\/wp\/v2\/posts\/24493\/revisions\/24497"}],"wp:featuredmedia":[{"embeddable":true,"href":"https:\/\/www.lugaris.com\/ca\/wp-json\/wp\/v2\/media\/6899"}],"wp:attachment":[{"href":"https:\/\/www.lugaris.com\/ca\/wp-json\/wp\/v2\/media?parent=24493"}],"wp:term":[{"taxonomy":"category","embeddable":true,"href":"https:\/\/www.lugaris.com\/ca\/wp-json\/wp\/v2\/categories?post=24493"},{"taxonomy":"post_tag","embeddable":true,"href":"https:\/\/www.lugaris.com\/ca\/wp-json\/wp\/v2\/tags?post=24493"}],"curies":[{"name":"wp","href":"https:\/\/api.w.org\/{rel}","templated":true}]}}