{"id":24509,"date":"2020-05-11T11:04:46","date_gmt":"2020-05-11T11:04:46","guid":{"rendered":"https:\/\/www.lugaris.com\/los-7-pueblos-de-montana-mas-bonitos-de-barcelona\/"},"modified":"2024-10-31T05:42:15","modified_gmt":"2024-10-31T05:42:15","slug":"els-7-pobles-de-muntanya-mes-bonics-de-barcelona","status":"publish","type":"post","link":"https:\/\/www.lugaris.com\/ca\/els-7-pobles-de-muntanya-mes-bonics-de-barcelona\/","title":{"rendered":"Els 7 pobles de muntanya m\u00e9s bonics de Barcelona"},"content":{"rendered":"\n<p class=\"\"><strong>Est\u00e0s dubtant entre organitzar unes vacances de mar o de muntanya? Si \u00e9s aix\u00ed, per qu\u00e8 no triar una destinaci\u00f3 que combini totes dues opcions? Per exemple, Barcelona ciutat i els seus voltants. A m\u00e9s d\u2019oferir-te<\/strong> <em>5 km de platges urbanes<\/em> <strong>al seu terme municipal i magn\u00edfics<\/strong> <em>pobles costaners<\/em> <strong>a la seva prov\u00edncia, tamb\u00e9 et permet gaudir de serralades i paisatges naturals que et deixaran sense al\u00e8.<\/strong><\/p>\n\n\n\n<p class=\"\">De fet, m\u00e9s enll\u00e0 de la <strong>serra de Collserola<\/strong> \u2014el pulm\u00f3 verd m\u00e9s gran de l\u2019\u00e0rea metropolitana\u2014, la prov\u00edncia de Barcelona compta amb altres sistemes muntanyosos de gran bellesa, com la <strong>Serralada de la Marina<\/strong>, el <strong>Montnegre<\/strong>, el <strong>Parc Natural de Sant Lloren\u00e7 del Munt i l\u2019Obac<\/strong>, el mass\u00eds del <strong>Montseny<\/strong>, les <strong>Guilleries<\/strong>, la <strong>serra de Castelltallat<\/strong>, la famosa muntanya de <strong>Montserrat<\/strong>, el <strong>Prepirineu<\/strong>\u2026 A part del seu encant indubtable, aquests indrets s\u00f3n ideals per gaudir d\u2019estimulants <strong>rutes de senderisme a Barcelona<\/strong>. Tanmateix, si vols combinar els paisatges m\u00e9s fotog\u00e8nics amb l\u2019encant de l\u2019arquitectura rural, et convidem a descobrir els pobles de muntanya m\u00e9s bonics de Barcelona.<\/p>\n\n\n\n<p class=\"\">Tots aquests pobles es troben a una dist\u00e0ncia raonable dels nostres <strong><a href=\"https:\/\/www.lugaris.com\/\">apartaments a la platja de Barcelona<\/a><\/strong>, cosa que els fa una elecci\u00f3 excel\u00b7lent per a una escapada d\u2019un dia. Fes una ullada a les propostes que et portem i tria la teva!<\/p>\n\n\n\n<h2 class=\"wp-block-heading\">BAG\u00c0&nbsp;<\/h2>\n\n\n\n<p class=\"\">Encara que ja ens referim a Bag\u00e0 al nostre <strong>post dedicat als pobles medievals de Barcelona<\/strong>, el seu inter\u00e8s tur\u00edstic i paisatg\u00edstic, aix\u00ed com la seva ubicaci\u00f3 geogr\u00e0fica, fan necessari que hi tornem a parlar. Situat a la vall del riu Bastareny i a 786 m d\u2019altitud, aquest poble de la comarca del Bergued\u00e0 t\u2019encantar\u00e0.<\/p>\n\n\n\n<p class=\"\">Entre els seus principals atractius arquitect\u00f2nics, cal esmentar l\u2019esgl\u00e9sia de Sant Esteve, d\u2019estil g\u00f2tic i del segle XIV, la pla\u00e7a porxada de Galceran de Pin\u00f3s, la torre de la Portella i el pont de la Vila. Tamb\u00e9 val la pena dedicar un temps a con\u00e8ixer el <strong>Centre Medieval i dels C\u00e0tars<\/strong>, que acull l\u2019\u00fanica exposici\u00f3 permanent sobre el catarisme a <strong>Catalunya<\/strong>. No es pot oblidar que aquesta localitat \u00e9s una de les etapes del <strong>Cam\u00ed dels Bons Homes<\/strong>, una ruta que recrea el pas dels seguidors d\u2019aquesta corrent cristiana per terres catalanes.<\/p>\n\n\n\n<p class=\"\">A m\u00e9s, pel fet de trobar-se al <strong>Parc Natural del Cad\u00ed-Moixer\u00f3<\/strong> i molt a prop d\u2019estacions d\u2019esqu\u00ed com <strong>La Molina<\/strong>, <strong>Masella<\/strong> o el <strong>Coll de Pal<\/strong>, Bag\u00e0 rep nombroses visites dels amants de la muntanya i els esports d\u2019hivern (i a la tardor, tamb\u00e9 dels cercadors de bolets).<\/p>\n\n\n\n<figure class=\"wp-block-image\"><img decoding=\"async\" src=\"https:\/\/www.lugaris.com\/wp-content\/uploads\/2019\/03\/Bag%C3%A0.jpg\" alt=\"\"\/><\/figure>\n\n\n\n<h2 class=\"wp-block-heading\">CASTELLAR DE N\u2019HUG&nbsp;<\/h2>\n\n\n\n<p class=\"\">Si ets un\/a enamorat\/da de la natura, fer una excursi\u00f3 a <strong>Castellar de N\u2019Hug<\/strong> des de Barcelona (100 km), tamb\u00e9 al Bergued\u00e0, ser\u00e0 un encert segur. El seu major atractiu s\u00f3n les indescriptibles <strong>fonts del Llobregat<\/strong>, que es nodreixen de la neu i de la pluja. Tamb\u00e9 val la pena dedicar un temps a con\u00e8ixer l\u2019esgl\u00e9sia de <strong>Santa Maria de Castellar de N\u2019Hug<\/strong>, d\u2019estil rom\u00e0nic i amb un campanar singular; l\u2019esgl\u00e9sia de <strong>Sant Vicen\u00e7 de Rus<\/strong>, del segle XI, i l\u2019antiga f\u00e0brica de ciment <strong>Asland<\/strong>, una f\u00e0brica modernista impulsada per l\u2019industrial <strong>Eusebi G\u00fcell<\/strong> \u2014un dels majors promotors de les <strong>obres de Gaud\u00ed a Barcelona<\/strong>\u2014 i que avui acull el <strong>Museu del Ciment<\/strong>.<\/p>\n\n\n\n<p class=\"\">T\u2019apassiona el dol\u00e7? Anima\u2019t a entrar a les fleques del poble, on podr\u00e0s comprar exquisits <strong>croissants gegants<\/strong>.<\/p>\n\n\n\n<figure class=\"wp-block-image\"><img decoding=\"async\" src=\"https:\/\/www.lugaris.com\/wp-content\/uploads\/2019\/03\/castellar_de_n_hug.jpg\" alt=\"\"\/><\/figure>\n\n\n\n<h2 class=\"wp-block-heading\">MONTSENY<\/h2>\n\n\n\n<p class=\"\">En aquesta llista no podia faltar un dels grans atractius tur\u00edstics del cor de Catalunya: <strong>Montseny<\/strong>, a la comarca del Vall\u00e8s Oriental, a 528 m d\u2019altitud i situat al sector meridional del mass\u00eds del Montseny, declarat <strong>Reserva de la Biosfera<\/strong> per la UNESCO el 1978.<\/p>\n\n\n\n<p class=\"\">Aquest municipi, amb nom\u00e9s uns 320 habitants, \u00e9s un veritable parad\u00eds per als aficionats al senderisme, ja que atrau excursionistes, muntanyencs \u2014especialment per la proximitat dels <strong>cims del Matagalls i Les Agudes<\/strong>, d\u2019uns 1.700 m\u2014 i fam\u00edlies que volen gaudir de les fires i festes tradicionals del lloc.<\/p>\n\n\n\n<p class=\"\">Altres llocs que cal visitar s\u00f3n l\u2019<strong>ermita de Sant Mar\u00e7al de Montseny<\/strong>, l\u2019esgl\u00e9sia de <strong>Sant Mart\u00ed<\/strong> i l\u2019esgl\u00e9sia de <strong>Sant Juli\u00e0<\/strong>, tres petits edificis rom\u00e0nics. Visita tamb\u00e9 l\u2019arbre monumental que presideix el centre del poble i la pedra megal\u00edtica coneguda com l\u2019<strong>Estela de la Cama<\/strong> o <strong>Sitja del Llop<\/strong> (\u2018Silo del Llop\u2019), al Pla de la Calma.<\/p>\n\n\n\n<figure class=\"wp-block-image\"><img decoding=\"async\" src=\"https:\/\/www.lugaris.com\/wp-content\/uploads\/2019\/03\/Montseny.jpg\" alt=\"\"\/><\/figure>\n\n\n\n<h2 class=\"wp-block-heading\">MURA<\/h2>\n\n\n\n<p class=\"\">Ens desplacem ara a la comarca del Bages, a la Catalunya central, per visitar un altre poble pintoresc que ja ha aparegut al nostre blog: <strong>Mura<\/strong>. Situat al <strong>Parc Natural de Sant Lloren\u00e7 del Munt i l\u2019Obac<\/strong> i a 454 m sobre el nivell del mar, aquesta encantadora localitat de muntanya sembla haver-se aturat en el temps.<\/p>\n\n\n\n<p class=\"\">Entre les seves atraccions tur\u00edstiques, destaca l\u2019esgl\u00e9sia de <strong>Sant Mart\u00ed<\/strong>, un edifici rom\u00e0nic dels segles XI i XII, embellit amb una espectacular portalada, i el <strong>passeig de Camil Antonietti<\/strong>, ple d\u2019atractives voltes. Als afores, podr\u00e0s refrescar-te en algunes de les 70 fonts que envolten el poble o explorar les curioses tines del segle XVIII, que testimonien la import\u00e0ncia del vi a la zona.<\/p>\n\n\n\n<p class=\"\">Fora del nucli antic, t\u2019espera la <strong>casa-museu Mol\u00ed del Mig<\/strong>, situada en un mol\u00ed del segle XI que va estar en funcionament fins al segle XX i que es va utilitzar com a mol\u00ed fariner, d\u2019oli, de vi i d\u2019electricitat. Aprofita tamb\u00e9 per visitar el <strong>Puig de la Balma<\/strong>, una masia del segle XII constru\u00efda a la roca.<\/p>\n\n\n\n<figure class=\"wp-block-image\"><img decoding=\"async\" src=\"https:\/\/www.lugaris.com\/wp-content\/uploads\/2019\/03\/Mura.jpg\" alt=\"\"\/><\/figure>\n\n\n\n<h2 class=\"wp-block-heading\">PONTONS<\/h2>\n\n\n\n<p class=\"\">Tot i ser menys tur\u00edstic que els anteriors, <strong>Pontons<\/strong> (453 habitants) \u00e9s un altre dels pobles de muntanya de Barcelona que val la pena con\u00e8ixer. Situat a la part nord-occidental de la comarca de l\u2019Alt Pened\u00e8s, es troba molt a prop dels municipis barcelonins de <strong>Torrelles de Foix<\/strong> i <strong>La Llacuna<\/strong>, i dels termes municipals tarragonins de <strong>Montmell<\/strong>, <strong>Querol<\/strong> i <strong>Aiguam\u00farcia<\/strong>, on es pot visitar l\u2019espectacular <strong>monestir de Santes Creus<\/strong>.<\/p>\n\n\n\n<p class=\"\">Dins del municipi de Pontons, \u00e9s recomanable visitar la bonica <strong>esgl\u00e9sia de Santa Magdalena<\/strong>, d\u2019estil rom\u00e0nic. Tot i que va ser reconstru\u00efda al segle XIII, encara conserva una de les fa\u00e7anes originals. Tamb\u00e9 cal fixar-se en l\u2019antic <strong>castell de Pontons<\/strong>, que va quedar integrat en una masia al segle XVII.<\/p>\n\n\n\n<p class=\"\">La <strong>capella de Sant Joan de la Muntanya<\/strong> era el centre de culte del nou castell, els or\u00edgens del qual es remunten al segle XI. D\u2019estil rom\u00e0nic, compta amb una \u00fanica nau coberta amb volta i un absis semicircular embellit amb arquacions llombardes.<\/p>\n\n\n\n<figure class=\"wp-block-image\"><img decoding=\"async\" src=\"https:\/\/www.lugaris.com\/wp-content\/uploads\/2019\/03\/Pontons.jpg\" alt=\"\"\/><\/figure>\n\n\n\n<h2 class=\"wp-block-heading\">SALDES<\/h2>\n\n\n\n<p class=\"\">Tornem al Bergued\u00e0, on a 1.215 m d\u2019altitud s\u2019al\u00e7a el poble de <strong>Saldes<\/strong>. La majoria de les persones que visiten aquest poble s\u00f3n aficionades al <strong>trekking<\/strong>, ja que la zona est\u00e0 envoltada de senders de muntanya de tots els nivells de dificultat.<\/p>\n\n\n\n<p class=\"\">Saldes tamb\u00e9 ofereix al visitant mostres de patrimoni monumental, com l\u2019esgl\u00e9sia de <strong>Sant Mart\u00ed<\/strong>, rom\u00e0nica i amb una imatge de la Mare de D\u00e9u del Gresolet; el <strong>castell<\/strong> i els vestigis de l\u2019antic <strong>monestir de Sant Sebasti\u00e0 de Sull<\/strong>.<\/p>\n\n\n\n<p class=\"\">Tanmateix, els seus majors atractius s\u00f3n els paisatges naturals. No dubtis a passar pel <strong>mirador de Gresolet<\/strong>, tamb\u00e9 anomenat mirador del <strong>Pedraforca<\/strong> (2.445 m), una muntanya amb un perfil singular que \u00e9s un dels icons de la comarca; el <strong>Parc de Palomera<\/strong> i el <strong>Parc Natural del Cad\u00ed-Moixer\u00f3<\/strong>.<\/p>\n\n\n\n<figure class=\"wp-block-image\"><img decoding=\"async\" src=\"https:\/\/www.lugaris.com\/wp-content\/uploads\/2019\/03\/Saldes.jpg\" alt=\"\"\/><\/figure>\n\n\n\n<h2 class=\"wp-block-heading\">TAVERTET<\/h2>\n\n\n\n<p class=\"\">Tanquem el nostre recorregut pels pobles de muntanya de Barcelona a 103 km de la Ciutat Comtal. Aquesta etapa final \u00e9s el poble de muntanya de <strong>Tavertet<\/strong>, situat a la comarca d\u2019Osona, limitant al nord amb la regi\u00f3 natural del <strong>Collsacabra<\/strong> i al sud, amb les <strong>Guilleries<\/strong>.<\/p>\n\n\n\n<p class=\"\">El secular a\u00efllament d\u2019aquesta petita localitat \u2014no va disposar de carretera fins ben entrada la segona meitat del segle XX\u2014, aix\u00ed com els meravellosos paisatges de bosc i cinglera que l\u2019envolten, li confereixen un magnetisme \u00fanic.<\/p>\n\n\n\n<p class=\"\">El seu nucli urb\u00e0 fins fa poc estava format nom\u00e9s per tres carrers, que es diuen de la mateixa manera: <strong>carrer de Dalt<\/strong>, <strong>carrer del Mig<\/strong> i <strong>carrer de Baix<\/strong>. Tamb\u00e9 s\u2019hi han conservat moltes de les seves boniques cases de pedra del segle XIX, que conviuen amb altres de m\u00e9s recents.<\/p>\n\n\n\n<p class=\"\">Als voltants, els torrents que descendeixen del Collsacabra donen lloc a incre\u00efbles cascades, com la del <strong>Noguer<\/strong> i la del <strong>Mol\u00ed Bernat<\/strong>. M\u00e9s enll\u00e0, tamb\u00e9 destaca la <strong>Cua de Cavall<\/strong>, al torrent de la Sima, i el <strong>salt del Sallent<\/strong>, a prop de <strong>Rupit<\/strong>.<\/p>\n\n\n\n<p class=\"\">Per cert: sabies que Tavertet va ser el lloc de resid\u00e8ncia del fil\u00f2sof i te\u00f2leg <strong>Raimon Panikkar<\/strong> durant els seus \u00faltims anys de vida?<\/p>\n\n\n\n<figure class=\"wp-block-image\"><img decoding=\"async\" src=\"https:\/\/www.lugaris.com\/wp-content\/uploads\/2019\/03\/Tavertet.jpg\" alt=\"\"\/><\/figure>\n\n\n\n<p class=\"\">Esperem que aquesta llista de pobles de muntanya de Barcelona t\u2019hagi conven\u00e7ut. I si coneixes alguna altra opci\u00f3 que ens haguem deixat al tinter, no dubtis a completar-la amb les teves recomanacions. Esperem les teves sugger\u00e8ncies!<\/p>\n\n\n<section class=\"blocks__extra-info \" id=\"mes-coses-interessants\">\n    <h3>M\u00c9S COSES INTERESSANTS<\/h3>\n\n    <div class=\"blocks__extra-info__list\">\n            <\/div>\n\n        <div class=\"blocks__extra-info__content__container\">\n            <\/div>\n\n    <span class=\"blocks__extra-info__list__button__left prev\"><\/span>\n    <span class=\"blocks__extra-info__list__button__right next\"><\/span>\n    <\/section>\n","protected":false},"excerpt":{"rendered":"<p>Est\u00e0s dubtant entre organitzar unes vacances de mar o de muntanya? Si \u00e9s aix\u00ed, per qu\u00e8 no triar una destinaci\u00f3 que combini totes dues opcions? Per exemple, Barcelona ciutat i els seus voltants. A m\u00e9s d\u2019oferir-te 5 km de platges urbanes al seu terme municipal i magn\u00edfics pobles costaners a la seva prov\u00edncia, tamb\u00e9 et permet gaudir de serralades i paisatges naturals que et deixaran sense al\u00e8.<\/p>\n","protected":false},"author":4,"featured_media":6562,"comment_status":"open","ping_status":"open","sticky":false,"template":"","format":"standard","meta":{"_uag_custom_page_level_css":"","footnotes":""},"categories":[667,668],"tags":[681,670,671,672,673],"yoast_head":"<!-- This site is optimized with the Yoast SEO plugin v23.1 - https:\/\/yoast.com\/wordpress\/plugins\/seo\/ -->\n<title>Els 7 pobles de muntanya m\u00e9s bonics de Barcelona | Lugaris<\/title>\n<meta name=\"description\" content=\"Descobreix els 7 pobles de muntanya m\u00e9s bonics de Barcelona, plens d\u2019encant i natura, per gaudir d&#039;una escapada tranquil\u00b7la i \u00fanica.\" \/>\n<meta name=\"robots\" content=\"index, follow, max-snippet:-1, max-image-preview:large, max-video-preview:-1\" \/>\n<link rel=\"canonical\" href=\"https:\/\/www.lugaris.com\/ca\/els-7-pobles-de-muntanya-mes-bonics-de-barcelona\/\" \/>\n<meta property=\"og:locale\" content=\"ca_ES\" \/>\n<meta property=\"og:type\" content=\"article\" \/>\n<meta property=\"og:title\" content=\"Els 7 pobles de muntanya m\u00e9s bonics de Barcelona | Lugaris\" \/>\n<meta property=\"og:description\" content=\"Descobreix els 7 pobles de muntanya m\u00e9s bonics de Barcelona, plens d\u2019encant i natura, per gaudir d&#039;una escapada tranquil\u00b7la i \u00fanica.\" \/>\n<meta property=\"og:url\" content=\"https:\/\/www.lugaris.com\/ca\/els-7-pobles-de-muntanya-mes-bonics-de-barcelona\/\" \/>\n<meta property=\"og:site_name\" content=\"Lugaris\" \/>\n<meta property=\"article:published_time\" content=\"2020-05-11T11:04:46+00:00\" \/>\n<meta property=\"article:modified_time\" content=\"2024-10-31T05:42:15+00:00\" \/>\n<meta property=\"og:image\" content=\"https:\/\/www.lugaris.com\/app\/uploads\/2020\/05\/Saldes.jpg\" \/>\n\t<meta property=\"og:image:width\" content=\"640\" \/>\n\t<meta property=\"og:image:height\" content=\"362\" \/>\n\t<meta property=\"og:image:type\" content=\"image\/jpeg\" \/>\n<meta name=\"author\" content=\"Roberto Bordi\" \/>\n<meta name=\"twitter:card\" content=\"summary_large_image\" \/>\n<meta name=\"twitter:label1\" content=\"Written by\" \/>\n\t<meta name=\"twitter:data1\" content=\"Roberto Bordi\" \/>\n\t<meta name=\"twitter:label2\" content=\"Est. reading time\" \/>\n\t<meta name=\"twitter:data2\" content=\"9 minutes\" \/>\n<script type=\"application\/ld+json\" class=\"yoast-schema-graph\">{\"@context\":\"https:\/\/schema.org\",\"@graph\":[{\"@type\":\"Article\",\"@id\":\"https:\/\/www.lugaris.com\/ca\/els-7-pobles-de-muntanya-mes-bonics-de-barcelona\/#article\",\"isPartOf\":{\"@id\":\"https:\/\/www.lugaris.com\/ca\/els-7-pobles-de-muntanya-mes-bonics-de-barcelona\/\"},\"author\":{\"name\":\"Roberto Bordi\",\"@id\":\"https:\/\/www.lugaris.com\/ca\/#\/schema\/person\/fb23f8f2dbb02cd53d6d92029e4ddd57\"},\"headline\":\"Els 7 pobles de muntanya m\u00e9s bonics de Barcelona\",\"datePublished\":\"2020-05-11T11:04:46+00:00\",\"dateModified\":\"2024-10-31T05:42:15+00:00\",\"mainEntityOfPage\":{\"@id\":\"https:\/\/www.lugaris.com\/ca\/els-7-pobles-de-muntanya-mes-bonics-de-barcelona\/\"},\"wordCount\":1543,\"commentCount\":0,\"publisher\":{\"@id\":\"https:\/\/www.lugaris.com\/ca\/#organization\"},\"image\":{\"@id\":\"https:\/\/www.lugaris.com\/ca\/els-7-pobles-de-muntanya-mes-bonics-de-barcelona\/#primaryimage\"},\"thumbnailUrl\":\"https:\/\/www.lugaris.com\/app\/uploads\/2020\/05\/Saldes.jpg\",\"keywords\":[\"Historia de Barcelona\",\"Naturaleza en Barcelona\",\"Alrededores de Barcelona\",\"Excursiones desde Barcelona\",\"Gastronom\u00eda en Barcelona\"],\"articleSection\":[\"Barcelona\",\"Ocio en Barcelona\"],\"inLanguage\":\"ca\",\"potentialAction\":[{\"@type\":\"CommentAction\",\"name\":\"Comment\",\"target\":[\"https:\/\/www.lugaris.com\/ca\/els-7-pobles-de-muntanya-mes-bonics-de-barcelona\/#respond\"]}]},{\"@type\":\"WebPage\",\"@id\":\"https:\/\/www.lugaris.com\/ca\/els-7-pobles-de-muntanya-mes-bonics-de-barcelona\/\",\"url\":\"https:\/\/www.lugaris.com\/ca\/els-7-pobles-de-muntanya-mes-bonics-de-barcelona\/\",\"name\":\"Els 7 pobles de muntanya m\u00e9s bonics de Barcelona | Lugaris\",\"isPartOf\":{\"@id\":\"https:\/\/www.lugaris.com\/ca\/#website\"},\"primaryImageOfPage\":{\"@id\":\"https:\/\/www.lugaris.com\/ca\/els-7-pobles-de-muntanya-mes-bonics-de-barcelona\/#primaryimage\"},\"image\":{\"@id\":\"https:\/\/www.lugaris.com\/ca\/els-7-pobles-de-muntanya-mes-bonics-de-barcelona\/#primaryimage\"},\"thumbnailUrl\":\"https:\/\/www.lugaris.com\/app\/uploads\/2020\/05\/Saldes.jpg\",\"datePublished\":\"2020-05-11T11:04:46+00:00\",\"dateModified\":\"2024-10-31T05:42:15+00:00\",\"description\":\"Descobreix els 7 pobles de muntanya m\u00e9s bonics de Barcelona, plens d\u2019encant i natura, per gaudir d'una escapada tranquil\u00b7la i \u00fanica.\",\"breadcrumb\":{\"@id\":\"https:\/\/www.lugaris.com\/ca\/els-7-pobles-de-muntanya-mes-bonics-de-barcelona\/#breadcrumb\"},\"inLanguage\":\"ca\",\"potentialAction\":[{\"@type\":\"ReadAction\",\"target\":[\"https:\/\/www.lugaris.com\/ca\/els-7-pobles-de-muntanya-mes-bonics-de-barcelona\/\"]}]},{\"@type\":\"ImageObject\",\"inLanguage\":\"ca\",\"@id\":\"https:\/\/www.lugaris.com\/ca\/els-7-pobles-de-muntanya-mes-bonics-de-barcelona\/#primaryimage\",\"url\":\"https:\/\/www.lugaris.com\/app\/uploads\/2020\/05\/Saldes.jpg\",\"contentUrl\":\"https:\/\/www.lugaris.com\/app\/uploads\/2020\/05\/Saldes.jpg\",\"width\":640,\"height\":362},{\"@type\":\"BreadcrumbList\",\"@id\":\"https:\/\/www.lugaris.com\/ca\/els-7-pobles-de-muntanya-mes-bonics-de-barcelona\/#breadcrumb\",\"itemListElement\":[{\"@type\":\"ListItem\",\"position\":1,\"name\":\"Home\",\"item\":\"https:\/\/www.lugaris.com\/ca\/\"},{\"@type\":\"ListItem\",\"position\":2,\"name\":\"Els 7 pobles de muntanya m\u00e9s bonics de Barcelona\"}]},{\"@type\":\"WebSite\",\"@id\":\"https:\/\/www.lugaris.com\/ca\/#website\",\"url\":\"https:\/\/www.lugaris.com\/ca\/\",\"name\":\"Lugaris\",\"description\":\"Apartamentos de vacaciones en Barcelona\",\"publisher\":{\"@id\":\"https:\/\/www.lugaris.com\/ca\/#organization\"},\"potentialAction\":[{\"@type\":\"SearchAction\",\"target\":{\"@type\":\"EntryPoint\",\"urlTemplate\":\"https:\/\/www.lugaris.com\/ca\/?s={search_term_string}\"},\"query-input\":\"required name=search_term_string\"}],\"inLanguage\":\"ca\"},{\"@type\":\"Organization\",\"@id\":\"https:\/\/www.lugaris.com\/ca\/#organization\",\"name\":\"Lugaris Apartments in Barcelona\",\"url\":\"https:\/\/www.lugaris.com\/ca\/\",\"logo\":{\"@type\":\"ImageObject\",\"inLanguage\":\"ca\",\"@id\":\"https:\/\/www.lugaris.com\/ca\/#\/schema\/logo\/image\/\",\"url\":\"https:\/\/www.lugaris.com\/app\/uploads\/2020\/03\/Logo_lugaris_v2.png\",\"contentUrl\":\"https:\/\/www.lugaris.com\/app\/uploads\/2020\/03\/Logo_lugaris_v2.png\",\"width\":285,\"height\":257,\"caption\":\"Lugaris Apartments in Barcelona\"},\"image\":{\"@id\":\"https:\/\/www.lugaris.com\/ca\/#\/schema\/logo\/image\/\"}},{\"@type\":\"Person\",\"@id\":\"https:\/\/www.lugaris.com\/ca\/#\/schema\/person\/fb23f8f2dbb02cd53d6d92029e4ddd57\",\"name\":\"Roberto Bordi\",\"image\":{\"@type\":\"ImageObject\",\"inLanguage\":\"ca\",\"@id\":\"https:\/\/www.lugaris.com\/ca\/#\/schema\/person\/image\/\",\"url\":\"https:\/\/www.lugaris.com\/app\/litespeed\/avatar\/dd7d954dea1d9cebdc71d83b676d531c.jpg?ver=1776865099\",\"contentUrl\":\"https:\/\/www.lugaris.com\/app\/litespeed\/avatar\/dd7d954dea1d9cebdc71d83b676d531c.jpg?ver=1776865099\",\"caption\":\"Roberto Bordi\"}}]}<\/script>\n<!-- \/ Yoast SEO plugin. -->","yoast_head_json":{"title":"Els 7 pobles de muntanya m\u00e9s bonics de Barcelona | Lugaris","description":"Descobreix els 7 pobles de muntanya m\u00e9s bonics de Barcelona, plens d\u2019encant i natura, per gaudir d'una escapada tranquil\u00b7la i \u00fanica.","robots":{"index":"index","follow":"follow","max-snippet":"max-snippet:-1","max-image-preview":"max-image-preview:large","max-video-preview":"max-video-preview:-1"},"canonical":"https:\/\/www.lugaris.com\/ca\/els-7-pobles-de-muntanya-mes-bonics-de-barcelona\/","og_locale":"ca_ES","og_type":"article","og_title":"Els 7 pobles de muntanya m\u00e9s bonics de Barcelona | Lugaris","og_description":"Descobreix els 7 pobles de muntanya m\u00e9s bonics de Barcelona, plens d\u2019encant i natura, per gaudir d'una escapada tranquil\u00b7la i \u00fanica.","og_url":"https:\/\/www.lugaris.com\/ca\/els-7-pobles-de-muntanya-mes-bonics-de-barcelona\/","og_site_name":"Lugaris","article_published_time":"2020-05-11T11:04:46+00:00","article_modified_time":"2024-10-31T05:42:15+00:00","og_image":[{"width":640,"height":362,"url":"https:\/\/www.lugaris.com\/app\/uploads\/2020\/05\/Saldes.jpg","type":"image\/jpeg"}],"author":"Roberto Bordi","twitter_card":"summary_large_image","twitter_misc":{"Written by":"Roberto Bordi","Est. reading time":"9 minutes"},"schema":{"@context":"https:\/\/schema.org","@graph":[{"@type":"Article","@id":"https:\/\/www.lugaris.com\/ca\/els-7-pobles-de-muntanya-mes-bonics-de-barcelona\/#article","isPartOf":{"@id":"https:\/\/www.lugaris.com\/ca\/els-7-pobles-de-muntanya-mes-bonics-de-barcelona\/"},"author":{"name":"Roberto Bordi","@id":"https:\/\/www.lugaris.com\/ca\/#\/schema\/person\/fb23f8f2dbb02cd53d6d92029e4ddd57"},"headline":"Els 7 pobles de muntanya m\u00e9s bonics de Barcelona","datePublished":"2020-05-11T11:04:46+00:00","dateModified":"2024-10-31T05:42:15+00:00","mainEntityOfPage":{"@id":"https:\/\/www.lugaris.com\/ca\/els-7-pobles-de-muntanya-mes-bonics-de-barcelona\/"},"wordCount":1543,"commentCount":0,"publisher":{"@id":"https:\/\/www.lugaris.com\/ca\/#organization"},"image":{"@id":"https:\/\/www.lugaris.com\/ca\/els-7-pobles-de-muntanya-mes-bonics-de-barcelona\/#primaryimage"},"thumbnailUrl":"https:\/\/www.lugaris.com\/app\/uploads\/2020\/05\/Saldes.jpg","keywords":["Historia de Barcelona","Naturaleza en Barcelona","Alrededores de Barcelona","Excursiones desde Barcelona","Gastronom\u00eda en Barcelona"],"articleSection":["Barcelona","Ocio en Barcelona"],"inLanguage":"ca","potentialAction":[{"@type":"CommentAction","name":"Comment","target":["https:\/\/www.lugaris.com\/ca\/els-7-pobles-de-muntanya-mes-bonics-de-barcelona\/#respond"]}]},{"@type":"WebPage","@id":"https:\/\/www.lugaris.com\/ca\/els-7-pobles-de-muntanya-mes-bonics-de-barcelona\/","url":"https:\/\/www.lugaris.com\/ca\/els-7-pobles-de-muntanya-mes-bonics-de-barcelona\/","name":"Els 7 pobles de muntanya m\u00e9s bonics de Barcelona | Lugaris","isPartOf":{"@id":"https:\/\/www.lugaris.com\/ca\/#website"},"primaryImageOfPage":{"@id":"https:\/\/www.lugaris.com\/ca\/els-7-pobles-de-muntanya-mes-bonics-de-barcelona\/#primaryimage"},"image":{"@id":"https:\/\/www.lugaris.com\/ca\/els-7-pobles-de-muntanya-mes-bonics-de-barcelona\/#primaryimage"},"thumbnailUrl":"https:\/\/www.lugaris.com\/app\/uploads\/2020\/05\/Saldes.jpg","datePublished":"2020-05-11T11:04:46+00:00","dateModified":"2024-10-31T05:42:15+00:00","description":"Descobreix els 7 pobles de muntanya m\u00e9s bonics de Barcelona, plens d\u2019encant i natura, per gaudir d'una escapada tranquil\u00b7la i \u00fanica.","breadcrumb":{"@id":"https:\/\/www.lugaris.com\/ca\/els-7-pobles-de-muntanya-mes-bonics-de-barcelona\/#breadcrumb"},"inLanguage":"ca","potentialAction":[{"@type":"ReadAction","target":["https:\/\/www.lugaris.com\/ca\/els-7-pobles-de-muntanya-mes-bonics-de-barcelona\/"]}]},{"@type":"ImageObject","inLanguage":"ca","@id":"https:\/\/www.lugaris.com\/ca\/els-7-pobles-de-muntanya-mes-bonics-de-barcelona\/#primaryimage","url":"https:\/\/www.lugaris.com\/app\/uploads\/2020\/05\/Saldes.jpg","contentUrl":"https:\/\/www.lugaris.com\/app\/uploads\/2020\/05\/Saldes.jpg","width":640,"height":362},{"@type":"BreadcrumbList","@id":"https:\/\/www.lugaris.com\/ca\/els-7-pobles-de-muntanya-mes-bonics-de-barcelona\/#breadcrumb","itemListElement":[{"@type":"ListItem","position":1,"name":"Home","item":"https:\/\/www.lugaris.com\/ca\/"},{"@type":"ListItem","position":2,"name":"Els 7 pobles de muntanya m\u00e9s bonics de Barcelona"}]},{"@type":"WebSite","@id":"https:\/\/www.lugaris.com\/ca\/#website","url":"https:\/\/www.lugaris.com\/ca\/","name":"Lugaris","description":"Apartamentos de vacaciones en Barcelona","publisher":{"@id":"https:\/\/www.lugaris.com\/ca\/#organization"},"potentialAction":[{"@type":"SearchAction","target":{"@type":"EntryPoint","urlTemplate":"https:\/\/www.lugaris.com\/ca\/?s={search_term_string}"},"query-input":"required name=search_term_string"}],"inLanguage":"ca"},{"@type":"Organization","@id":"https:\/\/www.lugaris.com\/ca\/#organization","name":"Lugaris Apartments in Barcelona","url":"https:\/\/www.lugaris.com\/ca\/","logo":{"@type":"ImageObject","inLanguage":"ca","@id":"https:\/\/www.lugaris.com\/ca\/#\/schema\/logo\/image\/","url":"https:\/\/www.lugaris.com\/app\/uploads\/2020\/03\/Logo_lugaris_v2.png","contentUrl":"https:\/\/www.lugaris.com\/app\/uploads\/2020\/03\/Logo_lugaris_v2.png","width":285,"height":257,"caption":"Lugaris Apartments in Barcelona"},"image":{"@id":"https:\/\/www.lugaris.com\/ca\/#\/schema\/logo\/image\/"}},{"@type":"Person","@id":"https:\/\/www.lugaris.com\/ca\/#\/schema\/person\/fb23f8f2dbb02cd53d6d92029e4ddd57","name":"Roberto Bordi","image":{"@type":"ImageObject","inLanguage":"ca","@id":"https:\/\/www.lugaris.com\/ca\/#\/schema\/person\/image\/","url":"https:\/\/www.lugaris.com\/app\/litespeed\/avatar\/dd7d954dea1d9cebdc71d83b676d531c.jpg?ver=1776865099","contentUrl":"https:\/\/www.lugaris.com\/app\/litespeed\/avatar\/dd7d954dea1d9cebdc71d83b676d531c.jpg?ver=1776865099","caption":"Roberto Bordi"}}]}},"uagb_featured_image_src":{"full":["https:\/\/www.lugaris.com\/app\/uploads\/2020\/05\/Saldes.jpg",640,362,false],"thumbnail":["https:\/\/www.lugaris.com\/app\/uploads\/2020\/05\/Saldes-150x150.jpg",150,150,true],"medium":["https:\/\/www.lugaris.com\/app\/uploads\/2020\/05\/Saldes-300x170.jpg",300,170,true],"medium_large":["https:\/\/www.lugaris.com\/app\/uploads\/2020\/05\/Saldes.jpg",640,362,false],"large":["https:\/\/www.lugaris.com\/app\/uploads\/2020\/05\/Saldes.jpg",640,362,false],"1536x1536":["https:\/\/www.lugaris.com\/app\/uploads\/2020\/05\/Saldes.jpg",640,362,false],"2048x2048":["https:\/\/www.lugaris.com\/app\/uploads\/2020\/05\/Saldes.jpg",640,362,false]},"uagb_author_info":{"display_name":"Roberto Bordi","author_link":"https:\/\/www.lugaris.com\/ca\/author\/rbb2-performance-es\/"},"uagb_comment_info":0,"uagb_excerpt":"Est\u00e0s dubtant entre organitzar unes vacances de mar o de muntanya? Si \u00e9s aix\u00ed, per qu\u00e8 no triar una destinaci\u00f3 que combini totes dues opcions? Per exemple, Barcelona ciutat i els seus voltants. A m\u00e9s d\u2019oferir-te 5 km de platges urbanes al seu terme municipal i magn\u00edfics pobles costaners a la seva prov\u00edncia, tamb\u00e9 et&hellip;","_links":{"self":[{"href":"https:\/\/www.lugaris.com\/ca\/wp-json\/wp\/v2\/posts\/24509"}],"collection":[{"href":"https:\/\/www.lugaris.com\/ca\/wp-json\/wp\/v2\/posts"}],"about":[{"href":"https:\/\/www.lugaris.com\/ca\/wp-json\/wp\/v2\/types\/post"}],"author":[{"embeddable":true,"href":"https:\/\/www.lugaris.com\/ca\/wp-json\/wp\/v2\/users\/4"}],"replies":[{"embeddable":true,"href":"https:\/\/www.lugaris.com\/ca\/wp-json\/wp\/v2\/comments?post=24509"}],"version-history":[{"count":2,"href":"https:\/\/www.lugaris.com\/ca\/wp-json\/wp\/v2\/posts\/24509\/revisions"}],"predecessor-version":[{"id":24512,"href":"https:\/\/www.lugaris.com\/ca\/wp-json\/wp\/v2\/posts\/24509\/revisions\/24512"}],"wp:featuredmedia":[{"embeddable":true,"href":"https:\/\/www.lugaris.com\/ca\/wp-json\/wp\/v2\/media\/6562"}],"wp:attachment":[{"href":"https:\/\/www.lugaris.com\/ca\/wp-json\/wp\/v2\/media?parent=24509"}],"wp:term":[{"taxonomy":"category","embeddable":true,"href":"https:\/\/www.lugaris.com\/ca\/wp-json\/wp\/v2\/categories?post=24509"},{"taxonomy":"post_tag","embeddable":true,"href":"https:\/\/www.lugaris.com\/ca\/wp-json\/wp\/v2\/tags?post=24509"}],"curies":[{"name":"wp","href":"https:\/\/api.w.org\/{rel}","templated":true}]}}