{"id":24518,"date":"2020-05-14T15:07:40","date_gmt":"2020-05-14T15:07:40","guid":{"rendered":"https:\/\/www.lugaris.com\/los-10-mejores-lugares-para-ir-de-picnic-en-barcelona\/"},"modified":"2024-10-31T06:03:20","modified_gmt":"2024-10-31T06:03:20","slug":"els-10-millors-llocs-per-anar-de-picnic-a-barcelona","status":"publish","type":"post","link":"https:\/\/www.lugaris.com\/ca\/els-10-millors-llocs-per-anar-de-picnic-a-barcelona\/","title":{"rendered":"Els 10 millors llocs per anar de p\u00edcnic a Barcelona"},"content":{"rendered":"\n<p class=\"\">Sabies que, igual que Roma, Barcelona s\u2019assenta sobre set turons? A m\u00e9s, caldria sumar-hi les dues muntanyes entre les quals s\u2019est\u00e9n la ciutat: <strong>Montju\u00efc<\/strong>, situada al costat del mar, i el <strong>Tibidabo<\/strong>, els 512 m d\u2019altitud del qual el converteixen en el punt m\u00e9s elevat del municipi. Aix\u00f2 ens dona una idea dels nombrosos pulmons verds que t\u00e9 la capital catalana, entre els quals tampoc falten els parcs urbans. Per qu\u00e8 no aprofitar-los per<strong> gaudir d\u2019un delici\u00f3s \u00e0pat a l\u2019aire lliure<\/strong>? Aix\u00f2 s\u00ed: perqu\u00e8 la teva elecci\u00f3 sigui un encert, no et pots perdre <strong>els 10 millors llocs per anar de p\u00edcnic a Barcelona<\/strong>.<\/p>\n\n\n\n<p class=\"\">Totes aquestes propostes et permetran estar en contacte amb la natura sense renunciar a les comoditats, serveis i oportunitats d\u2019oci que ofereix el turisme urb\u00e0. A m\u00e9s, \u00e9s una opci\u00f3 immillorable per a aquells que tenen en ment viatjar a Barcelona amb nens. T\u2019apuntes a aquest pla? Si \u00e9s aix\u00ed, no et perdis aquestes recomanacions.<\/p>\n\n\n\n<h2 class=\"wp-block-heading\">PARC DE LA CIUTADELLA<\/h2>\n\n\n\n<p class=\"\">Situat al districte de <strong>Ciutat Vella<\/strong>, aquest va ser durant molts anys l\u2019\u00fanic parc p\u00fablic de Barcelona. Erigit sobre els terrenys de l\u2019antiga fortalesa militar que li dona nom, i molt similar als jardins de Luxemburg de Par\u00eds, aquest espai va ser constru\u00eft entre 1872 i 1888, seguint el disseny de <strong>Josep Fontser\u00e8<\/strong>. El 1888 va acollir l\u2019<strong>Exposici\u00f3 Universal de Barcelona<\/strong>. Avui, les seves 17,42 hect\u00e0rees de superf\u00edcie \u201431, si s\u2019inclou el zoo de Barcelona\u2014 acullen nombrosos atractius, com una font monumental, una escultura d\u2019un mamut a mida real, un llac on \u00e9s possible fer un agradable passeig en barca, l\u2019antic Museu de Zoologia, l\u2019<strong>Hivernacle<\/strong>, una esgl\u00e9sia castrense, l\u2019antiga seu del Museu de Zoologia i el <strong>Parlament de Catalunya<\/strong>, davant del qual hi ha un llac amb l\u2019escultura <strong>El Desconsol<\/strong>, de <strong>Josep Llimona<\/strong>. A m\u00e9s, es troba molt a prop de l\u2019<strong>Arc de Triomf<\/strong>, un dels icones de Barcelona.<\/p>\n\n\n\n<p class=\"\">Aprofita aquest espai \u00fanic per recuperar forces entre til\u00b7lers, magn\u00f2lies, \u00e0lbers i moltes altres esp\u00e8cies d\u2019arbres i plantes. Per arribar-hi, utilitza el metro \u2014baixant a <strong>Arc de Triomf<\/strong> (L1) o <strong>Barceloneta<\/strong> (L4)\u2014 o el tren, anant fins a les parades d\u2019Arc de Triomf o l\u2019estaci\u00f3 de Fran\u00e7a.<\/p>\n\n\n\n<figure class=\"wp-block-image\"><img decoding=\"async\" src=\"https:\/\/www.lugaris.com\/wp-content\/uploads\/2019\/09\/1_parc-de-la-ciutadella.jpg\" alt=\"\"\/><\/figure>\n\n\n\n<h2 class=\"wp-block-heading\">PARC DE CERVANTES<\/h2>\n\n\n\n<p class=\"\">Ens traslladem ara al districte de <strong>les Corts<\/strong> per convidar-te a dinar envoltat de l\u2019intens aroma de les roses. Per fer-ho, et recomanem que no et perdis el <strong>parc de Cervantes<\/strong>. Dissenyat per <strong>Llu\u00eds Riudor i Carol<\/strong> i inaugurat el 1965, t\u00e9 una extensi\u00f3 de 87.665 m\u00b2 i acull uns 11.000 roserars, amb flors de 245 esp\u00e8cies diferents. La pres\u00e8ncia de p\u00e8rgoles i escultures hi posa el toc final. Tot i el seu encant innegable, aquest espai \u00e9s poc freq\u00fcentat pels turistes, per la qual cosa \u00e9s perfecte si vols submergir-te en la Barcelona m\u00e9s aut\u00e8ntica.<\/p>\n\n\n\n<p class=\"\">Per arribar-hi, el millor \u00e9s agafar el metro fins a la parada de <strong>Palau Reial<\/strong> (L3). El parc obre di\u00e0riament de 10:00 h a 21:00 h i l\u2019acc\u00e9s \u00e9s gratu\u00eft.<\/p>\n\n\n\n<figure class=\"wp-block-image size-large\"><img fetchpriority=\"high\" decoding=\"async\" width=\"759\" height=\"488\" src=\"https:\/\/www.lugaris.com\/app\/uploads\/2020\/06\/2_Parque_Cervantes.jpg\" alt=\"\" class=\"wp-image-7006\" srcset=\"https:\/\/www.lugaris.com\/app\/uploads\/2020\/06\/2_Parque_Cervantes.jpg 759w, https:\/\/www.lugaris.com\/app\/uploads\/2020\/06\/2_Parque_Cervantes-300x193.jpg 300w\" sizes=\"(max-width: 759px) 100vw, 759px\" \/><\/figure>\n\n\n\n<h2 class=\"wp-block-heading\">PARC CENTRAL DEL POBLENOU<\/h2>\n\n\n\n<p class=\"\">Inaugurat a la primavera de 2008, aquest espai singular del barri de <strong>Poblenou<\/strong> combina arquitectura i natura en una gran diversitat d\u2019ambients. T\u00e9 una superf\u00edcie de 55.000 m\u00b2, distribu\u00efts entre els carrers de <strong>Bilbao<\/strong>, <strong>Marruecos<\/strong> i <strong>Bac de Roda<\/strong>, aix\u00ed com l\u2019avinguda <strong>Diagonal<\/strong>. A l\u2019exterior del parc, un gran mur perimetral cobert de vegetaci\u00f3 mediterr\u00e0nia rep els visitants amb accessos de formes gaudinianes. L\u2019objectiu dels seus impulsors era fer d\u2019aquest parc un espai que integr\u00e9s diversos h\u00e0bitats i ofer\u00eds un lloc per desconnectar, objectiu que han aconseguit amb escreix. All\u00e0 podr\u00e0s descansar en c\u00f2modes cadires met\u00e0l\u00b7liques a l\u2019ombra d\u2019una vegetaci\u00f3 espessa i acolorida mentre gaudeixes d\u2019un delici\u00f3s dinar o berenar.<\/p>\n\n\n\n<p class=\"\">La parada de metro m\u00e9s propera \u00e9s <strong>Selva de Mar<\/strong> (L4).<\/p>\n\n\n\n<figure class=\"wp-block-image\"><img decoding=\"async\" src=\"https:\/\/www.lugaris.com\/wp-content\/uploads\/2019\/09\/3_Parc_Central_Poblenou.jpg\" alt=\"\"\/><\/figure>\n\n\n\n<h2 class=\"wp-block-heading\">PARC ESPORTIU URB\u00c0 DE LA MAR BELLA<\/h2>\n\n\n\n<p class=\"\">Si a tu o als teus acompanyants us apassiona l\u2019<strong>skate<\/strong>, no pots deixar de descobrir aquest incre\u00efble rac\u00f3 al costat de les <strong>platges de Barcelona<\/strong>. Aquest parc de la <strong>Mar Bella<\/strong>, d\u2019uns 3.000 m\u00b2, compta amb tot el necessari per descarregar adrenalina sobre el monopat\u00ed, amb rampes preparades perqu\u00e8 els <strong>skaters<\/strong> puguin fer salts, girs i piruetes. Despr\u00e9s de l&#8217;exercici f\u00edsic, una gran extensi\u00f3 de gespa \u00e9s l\u2019excusa ideal per seure i recuperar energia.<\/p>\n\n\n\n<p class=\"\">Aquest parc est\u00e0 a pocs metres dels nostres <strong><a href=\"https:\/\/www.lugaris.com\/ca\/\">apartaments de vacances a Barcelona<\/a><\/strong>, aix\u00ed que hi arribar\u00e0s en q\u00fcesti\u00f3 de minuts si decideixes allotjar-te amb nosaltres. Les parades de metro m\u00e9s properes s\u00f3n <strong>Poblenou<\/strong> i <strong>Selva de Mar<\/strong>, ambdues de la L4.<\/p>\n\n\n\n<figure class=\"wp-block-image is-resized\"><img decoding=\"async\" src=\"https:\/\/www.lugaris.com\/wp-content\/uploads\/2019\/09\/4_Parque_Deportivo_Urbano_Marbella.jpg\" alt=\"\" style=\"width:1344px;height:auto\"\/><\/figure>\n\n\n\n<h2 class=\"wp-block-heading\">VIVER DE CAN BORNI<\/h2>\n\n\n\n<p class=\"\">Dins de la nostra selecci\u00f3 dels 10 millors llocs per anar de p\u00edcnic a Barcelona, aquest \u00e9s potser el menys conegut, fins i tot pels mateixos barcelonins. El <strong>viver de Can Borni<\/strong> es troba al districte d\u2019<strong>Horta-Guinard\u00f3<\/strong> i a la ic\u00f2nica muntanya del <strong>Tibidabo<\/strong>. Constru\u00eft entre 1917 i 1923 i restaurat el 2006, va ser un antic viver de plantes noves de l\u2019Institut de Parcs i Jardins de Barcelona, abans de convertir-se en un dels jardins p\u00fablics de la Ciutat Comtal. El terreny es distribueix en diverses terrasses que reben l\u2019aigua d\u2019una font situada a la muntanya. Les seves plantes mediterr\u00e0nies et faran oblidar que est\u00e0s de vacances en un centre urb\u00e0. T\u2019atreveixes a comprovar-ho in situ?<\/p>\n\n\n\n<p class=\"\">L&#8217;\u00fanic inconvenient \u00e9s que l\u2019acc\u00e9s nom\u00e9s es pot realitzar a trav\u00e9s del <strong>Parc d\u2019Atraccions del Tibidabo<\/strong> (de pagament). Consulta els horaris d\u2019acc\u00e9s segons l\u2019\u00e8poca de l\u2019any en qu\u00e8 facis el teu viatge a Barcelona.<\/p>\n\n\n\n<figure class=\"wp-block-image\"><img decoding=\"async\" src=\"https:\/\/www.lugaris.com\/wp-content\/uploads\/2019\/09\/5_Can_Borni.jpg\" alt=\"\"\/><\/figure>\n\n\n\n<h3 class=\"wp-block-heading\">PARC DEL LABERINT<\/h3>\n\n\n\n<p class=\"\">No marxem encara d\u2019<strong>Horta-Guinard\u00f3<\/strong>, ja que el <strong>jard\u00ed m\u00e9s antic de Barcelona<\/strong> (1794-1808) \u00e9s una opci\u00f3 immillorable per anar de p\u00edcnic. D\u2019estil neocl\u00e0ssic i rom\u00e0ntic i convertit en parc p\u00fablic el 1971, t\u00e9 com a principal atractiu un <strong>laberint vegetal<\/strong> creat amb xiprers retallats. A aix\u00f2 cal afegir-hi nombroses escultures, estanys, fonts, cascades i un canal que travessa la part superior del recinte. Alguns monarques espanyols, com <strong>Carles IV<\/strong>, <strong>Ferran VII<\/strong> i <strong>Alfons XIII<\/strong>, hi han passejat, i ha estat escenari d\u2019obres de teatre i esdeveniments culturals. T\u2019ho perdr\u00e0s?<\/p>\n\n\n\n<p class=\"\">Si vols relaxar-te en aquest marc incomparable, agafa el metro fins a <strong>Vall d\u2019Hebron<\/strong> (L3 i L5).<\/p>\n\n\n\n<figure class=\"wp-block-image\"><img decoding=\"async\" src=\"https:\/\/www.lugaris.com\/wp-content\/uploads\/2019\/09\/6_Parque_del_Laberint.jpg\" alt=\"\"\/><\/figure>\n\n\n\n<h2 class=\"wp-block-heading\">PARC DE L\u2019ORENETA<\/h2>\n\n\n\n<p class=\"\">Aquest parc, inaugurat el 1978 i remodelat el 1993, es troba a les faldilles de la serra de <strong>Collserola<\/strong> i al districte de <strong>Sarri\u00e0-Sant Gervasi<\/strong>, un dels m\u00e9s elegants i tranquils de Barcelona. Amb una vegetaci\u00f3 predominant en alzines, pins i garrofers, aquest va ser el lloc on es trobava el <strong>castell de l\u2019Oreneta<\/strong>, de 1910, destru\u00eft durant la Guerra Civil. Tamb\u00e9 acollia una masia, <strong>Can Bonavista<\/strong>, que va ser adquirida per la Creu Roja per construir-hi un hospital que finalment no es va arribar a materialitzar. Finalment, la titularitat va passar a mans de l\u2019Ajuntament de Barcelona. A la zona alta, hi ha una <strong>zona de jocs infantils<\/strong>, una pista de ponis i un circuit de trens en miniatura que funciona els diumenges i festius de 10:30 h a 13:30 h. Per descomptat, tamb\u00e9 hi trobar\u00e0s taules de p\u00edcnic i instal\u00b7lacions per practicar tennis de taula.<\/p>\n\n\n\n<p class=\"\">Pots arribar-hi amb els <strong>Ferrocarrils de la Generalitat de Catalunya (FGC)<\/strong>, baixant a la parada de <strong>Reina Elisenda<\/strong>, o en cotxe, agafant la <strong>Ronda de Dalt<\/strong> i accedint per la sortida 9 (Sarri\u00e0, Caralleu).<\/p>\n\n\n\n<figure class=\"wp-block-image\"><img decoding=\"async\" src=\"https:\/\/www.lugaris.com\/wp-content\/uploads\/2019\/09\/7_Parc_Oreneta.jpg\" alt=\"\"\/><\/figure>\n\n\n\n<h2 class=\"wp-block-heading\">PARC DEL TUR\u00d3 DE LA PEIRA<\/h2>\n\n\n\n<p class=\"\">Conegut temps enrere com el <strong>Tur\u00f3 del Montarell<\/strong>, aquesta colina de 133 m garanteix ombra als visitants gr\u00e0cies al seu dens bosc de pins. El 1936, va passar a ser un dels primers parcs p\u00fablics de la ciutat i es va utilitzar com a reserva de llenya durant la Guerra Civil. Les seves 7,71 hect\u00e0rees plenes de camins asfaltats s\u00f3n ideals per sortir a c\u00f3rrer a Barcelona. Al parc trobar\u00e0s taules de p\u00edcnic i, a la part m\u00e9s alta, un mirador amb una creu que t\u2019ofereix unes vistes \u00faniques sobre la capital catalana.<\/p>\n\n\n\n<p class=\"\">L&#8217;estaci\u00f3 de metro m\u00e9s propera \u00e9s <strong>Vilapicina<\/strong> (L5).<\/p>\n\n\n\n<figure class=\"wp-block-image\"><img decoding=\"async\" src=\"https:\/\/www.lugaris.com\/wp-content\/uploads\/2019\/09\/8_parc-turo-peira.jpg\" alt=\"\"\/><\/figure>\n\n\n\n<h2 class=\"wp-block-heading\">COLL DEL PORTELL<\/h2>\n\n\n\n<p class=\"\">Encara que ja ens hem referit a aquesta magn\u00edfica colina en parlar dels <strong>millors miradors de Barcelona<\/strong>, val la pena recuperar aquest espai com a zona de p\u00edcnic. Tot i que per arribar-hi haur\u00e0s de fer una llarga ruta a peu des de <strong>Les Planes<\/strong> \u2014un lloc al qual pots arribar amb els <strong>FGC<\/strong>\u2014, assolir\u00e0s el <strong>Coll d\u2019en Portell<\/strong> (351 m), una colina que et permetr\u00e0 menjar amb Barcelona als teus peus. All\u00e0 t\u2019espera un c\u00f2mode banc de fusta per gaudir d\u2019un aperitiu a l\u2019aire lliure amb la ciutat als teus peus. T\u2019ho imagines?<\/p>\n\n\n\n<figure class=\"wp-block-image\"><img decoding=\"async\" src=\"https:\/\/www.lugaris.com\/wp-content\/uploads\/2019\/09\/9_Coll_d_en_Portell.jpg\" alt=\"\"\/><\/figure>\n\n\n\n<h2 class=\"wp-block-heading\">JARDINS DEL MIRADOR DE L\u2019ALCALDE<\/h2>\n\n\n\n<p class=\"\">Tanquem el nostre recorregut en un dels espais m\u00e9s emblem\u00e0tics de la muntanya de <strong>Montju\u00efc<\/strong>: els <strong>jardins del Mirador de l\u2019Alcalde<\/strong> (1962-1969). Prepara\u2019t per gaudir dels seus suggeridors camins, parterres, vegetaci\u00f3, un estany, fonts, zones de descans\u2026 I, com a colof\u00f3, podr\u00e0s gaudir d\u2019una panor\u00e0mica de Barcelona que et deixar\u00e0 sense paraules.<\/p>\n\n\n\n<p class=\"\">Aquests jardins, situats a la <strong>carretera de Montju\u00efc, S\/N<\/strong>, obren cada dia de 10:00 h a 19:00 h. No obstant aix\u00f2, l\u2019horari de tancament \u00e9s aproximat, ja que a l\u2019hivern es tanquen quan cau el sol.<\/p>\n\n\n\n<p class=\"\">Tens algunes idees per ampliar aquesta llista dels 10 millors llocs per anar de p\u00edcnic a Barcelona? En aquest cas, no dubtis a enviar-nos les teves propostes. Estem desitjant con\u00e8ixer-les!<\/p>\n\n\n\n<figure class=\"wp-block-image\"><img decoding=\"async\" src=\"https:\/\/www.lugaris.com\/wp-content\/uploads\/2019\/09\/10_Mirador_Alcalde.jpg\" alt=\"\"\/><\/figure>\n\n\n<section class=\"blocks__extra-info \" id=\"mes-coses-interessants\">\n    <h3>M\u00c9S COSES INTERESSANTS<\/h3>\n\n    <div class=\"blocks__extra-info__list\">\n            <\/div>\n\n        <div class=\"blocks__extra-info__content__container\">\n            <\/div>\n\n    <span class=\"blocks__extra-info__list__button__left prev\"><\/span>\n    <span class=\"blocks__extra-info__list__button__right next\"><\/span>\n    <\/section>\n","protected":false},"excerpt":{"rendered":"<p>Totes aquestes propostes et permetran estar en contacte amb la natura sense renunciar a les comoditats, serveis i oportunitats d\u2019oci que ofereix el turisme urb\u00e0. A m\u00e9s, \u00e9s una opci\u00f3 immillorable per a aquells que tenen en ment viatjar a Barcelona amb nens. T\u2019apuntes a aquest pla? Si \u00e9s aix\u00ed, no et perdis aquestes recomanacions.<\/p>\n","protected":false},"author":4,"featured_media":7013,"comment_status":"open","ping_status":"open","sticky":false,"template":"","format":"standard","meta":{"_uag_custom_page_level_css":"","footnotes":""},"categories":[667,668],"tags":[670,671,672],"yoast_head":"<!-- This site is optimized with the Yoast SEO plugin v23.1 - https:\/\/yoast.com\/wordpress\/plugins\/seo\/ -->\n<title>Els 10 millors llocs per anar de p\u00edcnic a Barcelona | Lugaris<\/title>\n<meta name=\"description\" content=\"Descobreix els 10 millors llocs per anar de p\u00edcnic a Barcelona, ideals per gaudir de la natura i de moments relaxants a l\u2019aire lliure.\" \/>\n<meta name=\"robots\" content=\"index, follow, max-snippet:-1, max-image-preview:large, max-video-preview:-1\" \/>\n<link rel=\"canonical\" href=\"https:\/\/www.lugaris.com\/ca\/els-10-millors-llocs-per-anar-de-picnic-a-barcelona\/\" \/>\n<meta property=\"og:locale\" content=\"ca_ES\" \/>\n<meta property=\"og:type\" content=\"article\" \/>\n<meta property=\"og:title\" content=\"Els 10 millors llocs per anar de p\u00edcnic a Barcelona | Lugaris\" \/>\n<meta property=\"og:description\" content=\"Descobreix els 10 millors llocs per anar de p\u00edcnic a Barcelona, ideals per gaudir de la natura i de moments relaxants a l\u2019aire lliure.\" \/>\n<meta property=\"og:url\" content=\"https:\/\/www.lugaris.com\/ca\/els-10-millors-llocs-per-anar-de-picnic-a-barcelona\/\" \/>\n<meta property=\"og:site_name\" content=\"Lugaris\" \/>\n<meta property=\"article:published_time\" content=\"2020-05-14T15:07:40+00:00\" \/>\n<meta property=\"article:modified_time\" content=\"2024-10-31T06:03:20+00:00\" \/>\n<meta property=\"og:image\" content=\"https:\/\/www.lugaris.com\/app\/uploads\/2020\/05\/5_Can_Borni.jpg\" \/>\n\t<meta property=\"og:image:width\" content=\"678\" \/>\n\t<meta property=\"og:image:height\" content=\"478\" \/>\n\t<meta property=\"og:image:type\" content=\"image\/jpeg\" \/>\n<meta name=\"author\" content=\"Roberto Bordi\" \/>\n<meta name=\"twitter:card\" content=\"summary_large_image\" \/>\n<meta name=\"twitter:label1\" content=\"Written by\" \/>\n\t<meta name=\"twitter:data1\" content=\"Roberto Bordi\" \/>\n\t<meta name=\"twitter:label2\" content=\"Est. reading time\" \/>\n\t<meta name=\"twitter:data2\" content=\"10 minutes\" \/>\n<script type=\"application\/ld+json\" class=\"yoast-schema-graph\">{\"@context\":\"https:\/\/schema.org\",\"@graph\":[{\"@type\":\"Article\",\"@id\":\"https:\/\/www.lugaris.com\/ca\/els-10-millors-llocs-per-anar-de-picnic-a-barcelona\/#article\",\"isPartOf\":{\"@id\":\"https:\/\/www.lugaris.com\/ca\/els-10-millors-llocs-per-anar-de-picnic-a-barcelona\/\"},\"author\":{\"name\":\"Roberto Bordi\",\"@id\":\"https:\/\/www.lugaris.com\/ca\/#\/schema\/person\/fb23f8f2dbb02cd53d6d92029e4ddd57\"},\"headline\":\"Els 10 millors llocs per anar de p\u00edcnic a Barcelona\",\"datePublished\":\"2020-05-14T15:07:40+00:00\",\"dateModified\":\"2024-10-31T06:03:20+00:00\",\"mainEntityOfPage\":{\"@id\":\"https:\/\/www.lugaris.com\/ca\/els-10-millors-llocs-per-anar-de-picnic-a-barcelona\/\"},\"wordCount\":1643,\"commentCount\":0,\"publisher\":{\"@id\":\"https:\/\/www.lugaris.com\/ca\/#organization\"},\"image\":{\"@id\":\"https:\/\/www.lugaris.com\/ca\/els-10-millors-llocs-per-anar-de-picnic-a-barcelona\/#primaryimage\"},\"thumbnailUrl\":\"https:\/\/www.lugaris.com\/app\/uploads\/2020\/05\/5_Can_Borni.jpg\",\"keywords\":[\"Naturaleza en Barcelona\",\"Alrededores de Barcelona\",\"Excursiones desde Barcelona\"],\"articleSection\":[\"Barcelona\",\"Ocio en Barcelona\"],\"inLanguage\":\"ca\",\"potentialAction\":[{\"@type\":\"CommentAction\",\"name\":\"Comment\",\"target\":[\"https:\/\/www.lugaris.com\/ca\/els-10-millors-llocs-per-anar-de-picnic-a-barcelona\/#respond\"]}]},{\"@type\":\"WebPage\",\"@id\":\"https:\/\/www.lugaris.com\/ca\/els-10-millors-llocs-per-anar-de-picnic-a-barcelona\/\",\"url\":\"https:\/\/www.lugaris.com\/ca\/els-10-millors-llocs-per-anar-de-picnic-a-barcelona\/\",\"name\":\"Els 10 millors llocs per anar de p\u00edcnic a Barcelona | Lugaris\",\"isPartOf\":{\"@id\":\"https:\/\/www.lugaris.com\/ca\/#website\"},\"primaryImageOfPage\":{\"@id\":\"https:\/\/www.lugaris.com\/ca\/els-10-millors-llocs-per-anar-de-picnic-a-barcelona\/#primaryimage\"},\"image\":{\"@id\":\"https:\/\/www.lugaris.com\/ca\/els-10-millors-llocs-per-anar-de-picnic-a-barcelona\/#primaryimage\"},\"thumbnailUrl\":\"https:\/\/www.lugaris.com\/app\/uploads\/2020\/05\/5_Can_Borni.jpg\",\"datePublished\":\"2020-05-14T15:07:40+00:00\",\"dateModified\":\"2024-10-31T06:03:20+00:00\",\"description\":\"Descobreix els 10 millors llocs per anar de p\u00edcnic a Barcelona, ideals per gaudir de la natura i de moments relaxants a l\u2019aire lliure.\",\"breadcrumb\":{\"@id\":\"https:\/\/www.lugaris.com\/ca\/els-10-millors-llocs-per-anar-de-picnic-a-barcelona\/#breadcrumb\"},\"inLanguage\":\"ca\",\"potentialAction\":[{\"@type\":\"ReadAction\",\"target\":[\"https:\/\/www.lugaris.com\/ca\/els-10-millors-llocs-per-anar-de-picnic-a-barcelona\/\"]}]},{\"@type\":\"ImageObject\",\"inLanguage\":\"ca\",\"@id\":\"https:\/\/www.lugaris.com\/ca\/els-10-millors-llocs-per-anar-de-picnic-a-barcelona\/#primaryimage\",\"url\":\"https:\/\/www.lugaris.com\/app\/uploads\/2020\/05\/5_Can_Borni.jpg\",\"contentUrl\":\"https:\/\/www.lugaris.com\/app\/uploads\/2020\/05\/5_Can_Borni.jpg\",\"width\":678,\"height\":478},{\"@type\":\"BreadcrumbList\",\"@id\":\"https:\/\/www.lugaris.com\/ca\/els-10-millors-llocs-per-anar-de-picnic-a-barcelona\/#breadcrumb\",\"itemListElement\":[{\"@type\":\"ListItem\",\"position\":1,\"name\":\"Home\",\"item\":\"https:\/\/www.lugaris.com\/ca\/\"},{\"@type\":\"ListItem\",\"position\":2,\"name\":\"Els 10 millors llocs per anar de p\u00edcnic a Barcelona\"}]},{\"@type\":\"WebSite\",\"@id\":\"https:\/\/www.lugaris.com\/ca\/#website\",\"url\":\"https:\/\/www.lugaris.com\/ca\/\",\"name\":\"Lugaris\",\"description\":\"Apartamentos de vacaciones en Barcelona\",\"publisher\":{\"@id\":\"https:\/\/www.lugaris.com\/ca\/#organization\"},\"potentialAction\":[{\"@type\":\"SearchAction\",\"target\":{\"@type\":\"EntryPoint\",\"urlTemplate\":\"https:\/\/www.lugaris.com\/ca\/?s={search_term_string}\"},\"query-input\":\"required name=search_term_string\"}],\"inLanguage\":\"ca\"},{\"@type\":\"Organization\",\"@id\":\"https:\/\/www.lugaris.com\/ca\/#organization\",\"name\":\"Lugaris Apartments in Barcelona\",\"url\":\"https:\/\/www.lugaris.com\/ca\/\",\"logo\":{\"@type\":\"ImageObject\",\"inLanguage\":\"ca\",\"@id\":\"https:\/\/www.lugaris.com\/ca\/#\/schema\/logo\/image\/\",\"url\":\"https:\/\/www.lugaris.com\/app\/uploads\/2020\/03\/Logo_lugaris_v2.png\",\"contentUrl\":\"https:\/\/www.lugaris.com\/app\/uploads\/2020\/03\/Logo_lugaris_v2.png\",\"width\":285,\"height\":257,\"caption\":\"Lugaris Apartments in Barcelona\"},\"image\":{\"@id\":\"https:\/\/www.lugaris.com\/ca\/#\/schema\/logo\/image\/\"}},{\"@type\":\"Person\",\"@id\":\"https:\/\/www.lugaris.com\/ca\/#\/schema\/person\/fb23f8f2dbb02cd53d6d92029e4ddd57\",\"name\":\"Roberto Bordi\",\"image\":{\"@type\":\"ImageObject\",\"inLanguage\":\"ca\",\"@id\":\"https:\/\/www.lugaris.com\/ca\/#\/schema\/person\/image\/\",\"url\":\"https:\/\/www.lugaris.com\/app\/litespeed\/avatar\/dd7d954dea1d9cebdc71d83b676d531c.jpg?ver=1776865099\",\"contentUrl\":\"https:\/\/www.lugaris.com\/app\/litespeed\/avatar\/dd7d954dea1d9cebdc71d83b676d531c.jpg?ver=1776865099\",\"caption\":\"Roberto Bordi\"}}]}<\/script>\n<!-- \/ Yoast SEO plugin. -->","yoast_head_json":{"title":"Els 10 millors llocs per anar de p\u00edcnic a Barcelona | Lugaris","description":"Descobreix els 10 millors llocs per anar de p\u00edcnic a Barcelona, ideals per gaudir de la natura i de moments relaxants a l\u2019aire lliure.","robots":{"index":"index","follow":"follow","max-snippet":"max-snippet:-1","max-image-preview":"max-image-preview:large","max-video-preview":"max-video-preview:-1"},"canonical":"https:\/\/www.lugaris.com\/ca\/els-10-millors-llocs-per-anar-de-picnic-a-barcelona\/","og_locale":"ca_ES","og_type":"article","og_title":"Els 10 millors llocs per anar de p\u00edcnic a Barcelona | Lugaris","og_description":"Descobreix els 10 millors llocs per anar de p\u00edcnic a Barcelona, ideals per gaudir de la natura i de moments relaxants a l\u2019aire lliure.","og_url":"https:\/\/www.lugaris.com\/ca\/els-10-millors-llocs-per-anar-de-picnic-a-barcelona\/","og_site_name":"Lugaris","article_published_time":"2020-05-14T15:07:40+00:00","article_modified_time":"2024-10-31T06:03:20+00:00","og_image":[{"width":678,"height":478,"url":"https:\/\/www.lugaris.com\/app\/uploads\/2020\/05\/5_Can_Borni.jpg","type":"image\/jpeg"}],"author":"Roberto Bordi","twitter_card":"summary_large_image","twitter_misc":{"Written by":"Roberto Bordi","Est. reading time":"10 minutes"},"schema":{"@context":"https:\/\/schema.org","@graph":[{"@type":"Article","@id":"https:\/\/www.lugaris.com\/ca\/els-10-millors-llocs-per-anar-de-picnic-a-barcelona\/#article","isPartOf":{"@id":"https:\/\/www.lugaris.com\/ca\/els-10-millors-llocs-per-anar-de-picnic-a-barcelona\/"},"author":{"name":"Roberto Bordi","@id":"https:\/\/www.lugaris.com\/ca\/#\/schema\/person\/fb23f8f2dbb02cd53d6d92029e4ddd57"},"headline":"Els 10 millors llocs per anar de p\u00edcnic a Barcelona","datePublished":"2020-05-14T15:07:40+00:00","dateModified":"2024-10-31T06:03:20+00:00","mainEntityOfPage":{"@id":"https:\/\/www.lugaris.com\/ca\/els-10-millors-llocs-per-anar-de-picnic-a-barcelona\/"},"wordCount":1643,"commentCount":0,"publisher":{"@id":"https:\/\/www.lugaris.com\/ca\/#organization"},"image":{"@id":"https:\/\/www.lugaris.com\/ca\/els-10-millors-llocs-per-anar-de-picnic-a-barcelona\/#primaryimage"},"thumbnailUrl":"https:\/\/www.lugaris.com\/app\/uploads\/2020\/05\/5_Can_Borni.jpg","keywords":["Naturaleza en Barcelona","Alrededores de Barcelona","Excursiones desde Barcelona"],"articleSection":["Barcelona","Ocio en Barcelona"],"inLanguage":"ca","potentialAction":[{"@type":"CommentAction","name":"Comment","target":["https:\/\/www.lugaris.com\/ca\/els-10-millors-llocs-per-anar-de-picnic-a-barcelona\/#respond"]}]},{"@type":"WebPage","@id":"https:\/\/www.lugaris.com\/ca\/els-10-millors-llocs-per-anar-de-picnic-a-barcelona\/","url":"https:\/\/www.lugaris.com\/ca\/els-10-millors-llocs-per-anar-de-picnic-a-barcelona\/","name":"Els 10 millors llocs per anar de p\u00edcnic a Barcelona | Lugaris","isPartOf":{"@id":"https:\/\/www.lugaris.com\/ca\/#website"},"primaryImageOfPage":{"@id":"https:\/\/www.lugaris.com\/ca\/els-10-millors-llocs-per-anar-de-picnic-a-barcelona\/#primaryimage"},"image":{"@id":"https:\/\/www.lugaris.com\/ca\/els-10-millors-llocs-per-anar-de-picnic-a-barcelona\/#primaryimage"},"thumbnailUrl":"https:\/\/www.lugaris.com\/app\/uploads\/2020\/05\/5_Can_Borni.jpg","datePublished":"2020-05-14T15:07:40+00:00","dateModified":"2024-10-31T06:03:20+00:00","description":"Descobreix els 10 millors llocs per anar de p\u00edcnic a Barcelona, ideals per gaudir de la natura i de moments relaxants a l\u2019aire lliure.","breadcrumb":{"@id":"https:\/\/www.lugaris.com\/ca\/els-10-millors-llocs-per-anar-de-picnic-a-barcelona\/#breadcrumb"},"inLanguage":"ca","potentialAction":[{"@type":"ReadAction","target":["https:\/\/www.lugaris.com\/ca\/els-10-millors-llocs-per-anar-de-picnic-a-barcelona\/"]}]},{"@type":"ImageObject","inLanguage":"ca","@id":"https:\/\/www.lugaris.com\/ca\/els-10-millors-llocs-per-anar-de-picnic-a-barcelona\/#primaryimage","url":"https:\/\/www.lugaris.com\/app\/uploads\/2020\/05\/5_Can_Borni.jpg","contentUrl":"https:\/\/www.lugaris.com\/app\/uploads\/2020\/05\/5_Can_Borni.jpg","width":678,"height":478},{"@type":"BreadcrumbList","@id":"https:\/\/www.lugaris.com\/ca\/els-10-millors-llocs-per-anar-de-picnic-a-barcelona\/#breadcrumb","itemListElement":[{"@type":"ListItem","position":1,"name":"Home","item":"https:\/\/www.lugaris.com\/ca\/"},{"@type":"ListItem","position":2,"name":"Els 10 millors llocs per anar de p\u00edcnic a Barcelona"}]},{"@type":"WebSite","@id":"https:\/\/www.lugaris.com\/ca\/#website","url":"https:\/\/www.lugaris.com\/ca\/","name":"Lugaris","description":"Apartamentos de vacaciones en Barcelona","publisher":{"@id":"https:\/\/www.lugaris.com\/ca\/#organization"},"potentialAction":[{"@type":"SearchAction","target":{"@type":"EntryPoint","urlTemplate":"https:\/\/www.lugaris.com\/ca\/?s={search_term_string}"},"query-input":"required name=search_term_string"}],"inLanguage":"ca"},{"@type":"Organization","@id":"https:\/\/www.lugaris.com\/ca\/#organization","name":"Lugaris Apartments in Barcelona","url":"https:\/\/www.lugaris.com\/ca\/","logo":{"@type":"ImageObject","inLanguage":"ca","@id":"https:\/\/www.lugaris.com\/ca\/#\/schema\/logo\/image\/","url":"https:\/\/www.lugaris.com\/app\/uploads\/2020\/03\/Logo_lugaris_v2.png","contentUrl":"https:\/\/www.lugaris.com\/app\/uploads\/2020\/03\/Logo_lugaris_v2.png","width":285,"height":257,"caption":"Lugaris Apartments in Barcelona"},"image":{"@id":"https:\/\/www.lugaris.com\/ca\/#\/schema\/logo\/image\/"}},{"@type":"Person","@id":"https:\/\/www.lugaris.com\/ca\/#\/schema\/person\/fb23f8f2dbb02cd53d6d92029e4ddd57","name":"Roberto Bordi","image":{"@type":"ImageObject","inLanguage":"ca","@id":"https:\/\/www.lugaris.com\/ca\/#\/schema\/person\/image\/","url":"https:\/\/www.lugaris.com\/app\/litespeed\/avatar\/dd7d954dea1d9cebdc71d83b676d531c.jpg?ver=1776865099","contentUrl":"https:\/\/www.lugaris.com\/app\/litespeed\/avatar\/dd7d954dea1d9cebdc71d83b676d531c.jpg?ver=1776865099","caption":"Roberto Bordi"}}]}},"uagb_featured_image_src":{"full":["https:\/\/www.lugaris.com\/app\/uploads\/2020\/05\/5_Can_Borni.jpg",678,478,false],"thumbnail":["https:\/\/www.lugaris.com\/app\/uploads\/2020\/05\/5_Can_Borni-150x150.jpg",150,150,true],"medium":["https:\/\/www.lugaris.com\/app\/uploads\/2020\/05\/5_Can_Borni-300x212.jpg",300,212,true],"medium_large":["https:\/\/www.lugaris.com\/app\/uploads\/2020\/05\/5_Can_Borni.jpg",678,478,false],"large":["https:\/\/www.lugaris.com\/app\/uploads\/2020\/05\/5_Can_Borni.jpg",678,478,false],"1536x1536":["https:\/\/www.lugaris.com\/app\/uploads\/2020\/05\/5_Can_Borni.jpg",678,478,false],"2048x2048":["https:\/\/www.lugaris.com\/app\/uploads\/2020\/05\/5_Can_Borni.jpg",678,478,false]},"uagb_author_info":{"display_name":"Roberto Bordi","author_link":"https:\/\/www.lugaris.com\/ca\/author\/rbb2-performance-es\/"},"uagb_comment_info":0,"uagb_excerpt":"Totes aquestes propostes et permetran estar en contacte amb la natura sense renunciar a les comoditats, serveis i oportunitats d\u2019oci que ofereix el turisme urb\u00e0. A m\u00e9s, \u00e9s una opci\u00f3 immillorable per a aquells que tenen en ment viatjar a Barcelona amb nens. T\u2019apuntes a aquest pla? Si \u00e9s aix\u00ed, no et perdis aquestes recomanacions.","_links":{"self":[{"href":"https:\/\/www.lugaris.com\/ca\/wp-json\/wp\/v2\/posts\/24518"}],"collection":[{"href":"https:\/\/www.lugaris.com\/ca\/wp-json\/wp\/v2\/posts"}],"about":[{"href":"https:\/\/www.lugaris.com\/ca\/wp-json\/wp\/v2\/types\/post"}],"author":[{"embeddable":true,"href":"https:\/\/www.lugaris.com\/ca\/wp-json\/wp\/v2\/users\/4"}],"replies":[{"embeddable":true,"href":"https:\/\/www.lugaris.com\/ca\/wp-json\/wp\/v2\/comments?post=24518"}],"version-history":[{"count":1,"href":"https:\/\/www.lugaris.com\/ca\/wp-json\/wp\/v2\/posts\/24518\/revisions"}],"predecessor-version":[{"id":24520,"href":"https:\/\/www.lugaris.com\/ca\/wp-json\/wp\/v2\/posts\/24518\/revisions\/24520"}],"wp:featuredmedia":[{"embeddable":true,"href":"https:\/\/www.lugaris.com\/ca\/wp-json\/wp\/v2\/media\/7013"}],"wp:attachment":[{"href":"https:\/\/www.lugaris.com\/ca\/wp-json\/wp\/v2\/media?parent=24518"}],"wp:term":[{"taxonomy":"category","embeddable":true,"href":"https:\/\/www.lugaris.com\/ca\/wp-json\/wp\/v2\/categories?post=24518"},{"taxonomy":"post_tag","embeddable":true,"href":"https:\/\/www.lugaris.com\/ca\/wp-json\/wp\/v2\/tags?post=24518"}],"curies":[{"name":"wp","href":"https:\/\/api.w.org\/{rel}","templated":true}]}}