{"id":24522,"date":"2020-05-14T14:59:44","date_gmt":"2020-05-14T14:59:44","guid":{"rendered":"https:\/\/www.lugaris.com\/10-bares-con-patio-o-jardin-en-barcelona-que-te-enamoraran\/"},"modified":"2024-10-31T06:36:15","modified_gmt":"2024-10-31T06:36:15","slug":"10-bars-amb-pati-o-jardi-a-barcelona-que-tenamoraran","status":"publish","type":"post","link":"https:\/\/www.lugaris.com\/ca\/10-bars-amb-pati-o-jardi-a-barcelona-que-tenamoraran\/","title":{"rendered":"10 bars amb pati o jard\u00ed a Barcelona que t\u2019enamoraran"},"content":{"rendered":"\n<p class=\"\">Parlar de turisme urb\u00e0 no sempre \u00e9s sin\u00f2nim de rutes maratonianes, visites llampec <strong>a museus i monuments<\/strong> o intenses tardes de compres en uns grans magatzems. Fins i tot a les ciutats m\u00e9s bullicioses \u00e9s possible trobar petits oasis on aparcar les preocupacions, relaxar-se amb una copa a la m\u00e0&#8230; i envoltar-se de natura (s\u00ed, ho has llegit b\u00e9). Aquest \u00e9s el cas de la capital catalana, on t\u2019esperen llocs que s\u00f3n una invitaci\u00f3 a la calma. I perqu\u00e8 en formin part de les teves pr\u00f2ximes vacances, volem descobrir-te <strong>10 bars amb pati o jard\u00ed a Barcelona que no et deixaran indiferent.<\/strong><\/p>\n\n\n\n<p class=\"\">Tot i que els nostres<a href=\"https:\/\/www.lugaris.com\/ca\/\"> <strong>apartaments a la platja de Barcelona<\/strong><\/a> s\u00f3n perfectes per descansar, \u00e9s possible que et vingui de gust fer un <strong>break<\/strong> mentre recorres els carrers i avingudes de la Ciutat Comtal. En aquest cas, no et pots perdre aquestes recomanacions. Pren-ne nota!<\/p>\n\n\n\n<h2 class=\"wp-block-heading\">CENTRE C\u00cdVIC CAN DEU<\/h2>\n\n\n\n<p class=\"\">Comencem aquest itinerari pels bars amb pati o jard\u00ed a Barcelona amb un centre c\u00edvic. Sorpr\u00e8s\/a? Tot i que pot resultar sorprenent, t\u00e9 la seva explicaci\u00f3, ja que el <strong>Centre C\u00edvic Can Deu<\/strong> obre les seves portes en una casa singular. Es tracta d\u2019una bonica finca modernista que durant d\u00e8cades va ser la resid\u00e8ncia de la fam\u00edlia Deu. Projectada el 1898 per l\u2019arquitecte <strong>Eduard Mercader i Sacanella<\/strong>, aquesta finca destaca per una torre o mirador de planta quadrada i per un jard\u00ed presidit per un pavell\u00f3 o templet, on se serveixen esmorzars i refrescos. Per accedir a aquest espai, cal creuar un passad\u00eds decorat amb vidrieres. El 1986, l\u2019immoble es va convertir en el centre cultural que avui coneixem, sent la primera casa que es va recuperar com a equipament al districte de les Corts.<\/p>\n\n\n\n<p class=\"\">El bar, situat a la <strong>pla\u00e7a de la Conc\u00f2rdia, 13<\/strong>, funciona de dilluns a dissabte de 09:00 h a 21:00 h, i els diumenges, de 10:00 a 14:00 h.<\/p>\n\n\n\n<figure class=\"wp-block-image\"><img decoding=\"async\" src=\"https:\/\/www.lugaris.com\/wp-content\/uploads\/2019\/08\/1_centre_civic_can_deu.jpg\" alt=\"\"\/><\/figure>\n\n\n\n<h2 class=\"wp-block-heading\">EL CAF\u00c8 D\u2019ESTIU<\/h2>\n\n\n\n<p class=\"\">Sens dubte, el <strong>Museu Frederic Mar\u00e8s<\/strong> \u00e9s un referent dins dels <strong>museus de Barcelona<\/strong>. A m\u00e9s d\u2019exhibir tot tipus de col\u00b7leccions d\u2019obres d\u2019art i objectes \u2014incloent-hi bitllets de metro o tramvia, ventalls, ulleres o pipes\u2014, el recinte tamb\u00e9 acull un dels bars amb pati o jard\u00ed a Barcelona m\u00e9s encantadors: <strong>El Caf\u00e8 d\u2019Estiu<\/strong>, un dels <strong>secrets del barri G\u00f2tic<\/strong> millor guardats. All\u00e0 podr\u00e0s fer un par\u00e8ntesi en una tranquil\u00b7la terrassa de c\u00f2ctels i refrescos, envoltada de tarongers i impregnada d\u2019hist\u00f2ria. Es pot demanar m\u00e9s?<\/p>\n\n\n\n<p class=\"\">El trobar\u00e0s a la <strong>pla\u00e7a de Sant Iu, 5<\/strong>, i l\u2019horari d\u2019obertura \u00e9s de 10:00 h a 22:00 h. Per con\u00e8ixer els dies de la setmana en qu\u00e8 d\u00f3na servei, es recomana consultar el lloc web de l\u2019establiment, ja que varien en funci\u00f3 de la temporada.<\/p>\n\n\n\n<figure class=\"wp-block-image\"><img decoding=\"async\" src=\"https:\/\/www.lugaris.com\/wp-content\/uploads\/2019\/08\/2_caf%C3%A8_estiu.jpg\" alt=\"\"\/><\/figure>\n\n\n\n<h2 class=\"wp-block-heading\">EL JARD\u00cd<\/h2>\n\n\n\n<p class=\"\">No exagerem si diem que <strong>El Jard\u00ed<\/strong> \u00e9s un dels racons m\u00e9s id\u00edl\u00b7lics del Raval. Tamb\u00e9 \u00e9s un dels m\u00e9s antics del barri, ja que es troba al costat dels murs de pedra de l\u2019antic <strong>hospital de la Santa Creu<\/strong>, el primer de la ciutat, que va ser substitu\u00eft a principis del segle XX per l\u2019actual hospital de Sant Pau. I \u00e9s en aquest rac\u00f3 on es va posar en marxa el <strong>primer teatre de Barcelona<\/strong>, a finals del segle XVI.<\/p>\n\n\n\n<p class=\"\">La proposta culin\u00e0ria d\u2019aquest bar es basa en la cuina de mercat i \u00e9s ideal per a un sopar rom\u00e0ntic. <strong>El Jard\u00ed<\/strong> es troba al carrer de l\u2019Hospital, 56, i obre de 10:00 h a 00:00 h, de dilluns a divendres, i de 12:00 h a 00:00 h, els dissabtes i diumenges.<\/p>\n\n\n\n<figure class=\"wp-block-image\"><img decoding=\"async\" src=\"https:\/\/www.lugaris.com\/wp-content\/uploads\/2019\/08\/3_el_jard%C3%AD.jpg\" alt=\"\"\/><\/figure>\n\n\n\n<h2 class=\"wp-block-heading\">JARDINS DE LA CASA DE LA MISERIC\u00d2RDIA<\/h2>\n\n\n\n<p class=\"\">Despr\u00e9s d\u2019haver estat tancada durant d\u00e8cades, aquesta antiga capella ha reobert recentment les seves portes, reconvertida en un espai on la cultura i l\u2019oci van de la m\u00e0. Es tracta del bar de la llibreria <strong>La Central<\/strong> i compta amb un jard\u00ed. Aquest es divideix en dues zones: un pati principal d\u2019inspiraci\u00f3 g\u00f2tica, amb palmeres i tarongers, i un segon pati que limita amb el que va ser l\u2019orfenat de les Germanetes de la Caritat. Al costat del bar, tamb\u00e9 hi ha una sala de lectura i un petit menjador.<\/p>\n\n\n\n<p class=\"\">Es troba al carrer d\u2019Elisabets, 6, i l\u2019horari \u00e9s de 10:30 h a 21:00 h, de dilluns a divendres, i de 10:30 h a 21:00 h els dissabtes. Tanca els diumenges.<\/p>\n\n\n\n<figure class=\"wp-block-image\"><img decoding=\"async\" src=\"https:\/\/www.lugaris.com\/wp-content\/uploads\/2019\/08\/4_Casa_Miseric%C3%B2rdia.jpg\" alt=\"\"\/><\/figure>\n\n\n\n<h2 class=\"wp-block-heading\">L\u2019ANTIC TEATRE<\/h2>\n\n\n\n<p class=\"\">A pocs passos del <strong>Palau de la M\u00fasica Catalana<\/strong>, un dels monuments <strong>Patrimoni de la Humanitat a Barcelona<\/strong>, trobem aquest preci\u00f3s bar amb jard\u00ed, que \u00e9s la principal font d\u2019ingressos del centre social i cultural <strong>L\u2019Antic Teatre<\/strong>. No importa que hagis d\u2019anar a demanar les begudes o l\u2019aperitiu i portar la comanda a la taula. En aquest rac\u00f3 del barri G\u00f2tic, al centre d\u2019un pati d\u2019illa i a l\u2019ombra d\u2019alguns arbres centenaris, podr\u00e0s fer un par\u00e8ntesi en bona companyia. A l\u2019interior, tens l\u2019opci\u00f3 d\u2019estudiar o llegir i, amb una mica de sort, podr\u00e0s seure en un petit balc\u00f3 amb vistes a l\u2019exterior.<\/p>\n\n\n\n<p class=\"\">La terrassa de <strong>L\u2019Antic Teatre<\/strong> est\u00e0 al carrer de Verdaguer i Call\u00eds, 12. Obre de dilluns a dijous, de 10:00 a 23:30 h; els divendres, de 10:00 h a 00:00 h; els dissabtes, de 17:00 h a 00:00 h, i els diumenges, de 17:00 h a 23:30 h. Aix\u00f2 s\u00ed: no es poden reservar taules i gaireb\u00e9 sempre est\u00e0 ple.<\/p>\n\n\n\n<figure class=\"wp-block-image\"><img decoding=\"async\" src=\"https:\/\/www.lugaris.com\/wp-content\/uploads\/2019\/08\/5_antic_teatre.jpg\" alt=\"\"\/><\/figure>\n\n\n\n<h2 class=\"wp-block-heading\">ATENEU BARCELON\u00c8S<\/h2>\n\n\n\n<p class=\"\">Aquesta instituci\u00f3 cultural, una de les m\u00e9s prestigioses de Barcelona, pot presumir d\u2019un jard\u00ed rom\u00e0ntic que deixa sense paraules els visitants. Al n\u00famero 6 del carrer de la Canuda, hi trobar\u00e0s un estany amb peixos, alt\u00edssimes palmeres i taules on prendre un refrigeri sense presses. La mala not\u00edcia? Que \u00e9s nom\u00e9s per als socis, aix\u00ed que haur\u00e0s d\u2019esperar als dies de portes obertes, com el 23 d\u2019abril, dia de <strong>Sant Jordi<\/strong>, o el dia de <strong>Corpus Christi<\/strong>, per gaudir d\u2019un exquisit caf\u00e8 en aquest marc \u00fanic.<\/p>\n\n\n\n<figure class=\"wp-block-image\"><img decoding=\"async\" src=\"https:\/\/www.lugaris.com\/wp-content\/uploads\/2019\/08\/6_l_ateneu.jpg\" alt=\"\"\/><\/figure>\n\n\n\n<h2 class=\"wp-block-heading\">LA TORRE ROSA<\/h2>\n\n\n\n<p class=\"\">Aquesta cocteleria s\u2019ha guanyat amb escreix un espai al <strong>r\u00e0nquing de llocs amb encant poc coneguts de Barcelona<\/strong>. Situada al barri del <strong>Congr\u00e9s i els Indians<\/strong>, al districte de <strong>Sant Andreu<\/strong>, t\u00e9 el seu origen a <strong>Villa Jazmines<\/strong>, una torre indiana de 1920 que va ser una propietat privada fins als anys cinquanta. M\u00e9s tard, va acollir una acad\u00e8mia, una escola i, des de 1987, \u00e9s un bar de copes que s\u2019ha convertit en tot un referent de les nits barcelonines. El seu punt fort \u00e9s un agradable jard\u00ed parcialment cobert, a l\u2019ombra de pins i palmeres, amb una carta de combinats de primera.<\/p>\n\n\n\n<p class=\"\">Es troba al carrer de Francesc T\u00e0rrega, 22, i obre de dilluns a dijous, de 19:00 h a 02:30 h; els divendres, de 19:00 h a 03:00 h; els dissabtes, de 17:00 h a 03:00 h, i els diumenges, de 17:00 h a 02:30 h. Et recomanem consultar al lloc web l\u2019horari del vermut, que nom\u00e9s s\u2019ofereix durant alguns mesos.<\/p>\n\n\n\n<figure class=\"wp-block-image\"><img decoding=\"async\" src=\"https:\/\/www.lugaris.com\/wp-content\/uploads\/2019\/08\/7_la_torre_rosa.jpg\" alt=\"\"\/><\/figure>\n\n\n\n<p class=\"\">Aquest bar, que compta amb una de les <strong>millors terrasses del Poblenou<\/strong>, \u00e9s el local social de l\u2019<strong>Esportiu Monopol<\/strong>, una entitat amb gran arrelament en aquest barri barcelon\u00ed. Al seu interior, decorat amb trofeus i altres objectes relacionats amb el m\u00f3n de l\u2019esport, podr\u00e0s gaudir d\u2019un petit pati amb un hort urb\u00e0 i d\u2019una carta de plats del dia i tapes, aix\u00ed com d\u2019un gran nombre de plats per a vegetarians.<\/p>\n\n\n\n<p class=\"\">El <strong>Monopol<\/strong> es troba a la rambla del Poblenou, 74 \u2014\u00e9s a dir, al mateix carrer que els <strong><a href=\"https:\/\/www.lugaris.com\/ca\/lugaris-rambla-ca\/\">apartaments Lugaris Rambla<\/a><\/strong>\u2014, i obre cada dia d\u201911:00 h a 00:00 h.<\/p>\n\n\n\n<figure class=\"wp-block-image\"><img decoding=\"async\" src=\"https:\/\/www.lugaris.com\/wp-content\/uploads\/2019\/08\/8_monopol.jpg\" alt=\"\"\/><\/figure>\n\n\n\n<h2 class=\"wp-block-heading\">OLOKUTI GR\u00c0CIA<\/h2>\n\n\n\n<p class=\"\">Aquesta botiga de comer\u00e7 just, amb sostres alts i terres hidr\u00e0ulics, et t\u00e9 reservada una sorpresa: un evocador jard\u00ed interior, ple de vegetaci\u00f3 i amb taules de forja. No hi ha cambrers, i les \u00faniques begudes s\u00f3n refrescos que es poden adquirir en una m\u00e0quina d\u2019autoservei, per\u00f2 t\u2019assegurem que aix\u00f2 ser\u00e0 el de menys. En aquest oasis de pau, podr\u00e0s oblidar-te de les preocupacions di\u00e0ries, degustant una beguda ecol\u00f2gica i deixant-te arraulir pel cant dels ocells i una calma indescriptible.<\/p>\n\n\n\n<p class=\"\">La botiga es troba al carrer d\u2019Ast\u00faries, 38, i obre de dilluns a dissabte, de 10:00 h a 21:00 h. Tanca els diumenges.<\/p>\n\n\n\n<figure class=\"wp-block-image\"><img decoding=\"async\" src=\"https:\/\/www.lugaris.com\/wp-content\/uploads\/2019\/08\/9_Olokuti.jpg\" alt=\"\"\/><\/figure>\n\n\n\n<h2 class=\"wp-block-heading\">SAMBA BRASIL<\/h2>\n\n\n\n<p class=\"\">Classes de samba i altres ritmes llatins, un espai per als amants de la cultura brasilera\u2026 \u00c9s possible que aquesta sigui la principal carta de presentaci\u00f3 d\u2019aquest bar al barri d\u2019<strong>Horta<\/strong>. Tanmateix, el que ens interessa en aquest cas \u00e9s el seu jard\u00ed tropical, un lloc ideal per assaborir sucs ex\u00f2tics i combinats originals. Al caure la nit, la seva il\u00b7luminaci\u00f3 acurada li confereix una atmosfera m\u00e0gica.<\/p>\n\n\n\n<p class=\"\"><strong>Samba Brasil<\/strong> es troba a la pla\u00e7a de Santes Creus, 20. Obre els diumenges i de dimarts a dijous de 18:30 h a 02:00 h, i els divendres i dissabtes, de 18:30 h a 03:00 h. Tanca els dilluns.<\/p>\n\n\n\n<p class=\"\">Amb aquesta selecci\u00f3 de bars amb pati o jard\u00ed a Barcelona, estem segurs que traur\u00e0s molt m\u00e9s partit a la teva estada als nostres <strong><a href=\"https:\/\/www.lugaris.com\/ca\/\">apartaments de vacances a Barcelona<\/a><\/strong>. I si vols ajudar-nos a ampliar aquesta llista, no dubtis a enviar-nos els teus comentaris. Anima\u2019t: estarem encantats de llegir les teves sugger\u00e8ncies!<\/p>\n\n\n\n<figure class=\"wp-block-image\"><img decoding=\"async\" src=\"https:\/\/www.lugaris.com\/wp-content\/uploads\/2019\/08\/10_Samba_Brasil.jpg\" alt=\"\"\/><\/figure>\n","protected":false},"excerpt":{"rendered":"<p>Parlar de turisme urb\u00e0 no sempre \u00e9s sin\u00f2nim de rutes maratonianes, visites llampec a museus i monuments o intenses tardes de compres en uns grans magatzems. Fins i tot a les ciutats m\u00e9s bullicioses \u00e9s possible trobar petits oasis on aparcar les preocupacions, relaxar-se amb una copa a la m\u00e0&#8230; i envoltar-se de natura (s\u00ed, ho has llegit b\u00e9). Aquest \u00e9s el cas de la capital catalana, on t\u2019esperen llocs que s\u00f3n una invitaci\u00f3 a la calma. I perqu\u00e8 en formin part de les teves pr\u00f2ximes vacances, volem descobrir-te 10 bars amb pati o jard\u00ed a Barcelona que no et deixaran indiferent.<\/p>\n","protected":false},"author":4,"featured_media":6989,"comment_status":"open","ping_status":"open","sticky":false,"template":"","format":"standard","meta":{"_uag_custom_page_level_css":"","footnotes":""},"categories":[667,668],"tags":[681,682,669,670,673],"yoast_head":"<!-- This site is optimized with the Yoast SEO plugin v23.1 - https:\/\/yoast.com\/wordpress\/plugins\/seo\/ -->\n<title>10 bars amb pati o jard\u00ed a Barcelona que t\u2019enamoraran | Lugaris<\/title>\n<meta name=\"description\" content=\"Descobreix 10 bars amb pati o jard\u00ed a Barcelona que et captivar\u00e0n, ideals per relaxar-te a l\u2019aire lliure mentre gaudeixes de la ciutat\" \/>\n<meta name=\"robots\" content=\"index, follow, max-snippet:-1, max-image-preview:large, max-video-preview:-1\" \/>\n<link rel=\"canonical\" href=\"https:\/\/www.lugaris.com\/ca\/10-bars-amb-pati-o-jardi-a-barcelona-que-tenamoraran\/\" \/>\n<meta property=\"og:locale\" content=\"ca_ES\" \/>\n<meta property=\"og:type\" content=\"article\" \/>\n<meta property=\"og:title\" content=\"10 bars amb pati o jard\u00ed a Barcelona que t\u2019enamoraran | Lugaris\" \/>\n<meta property=\"og:description\" content=\"Descobreix 10 bars amb pati o jard\u00ed a Barcelona que et captivar\u00e0n, ideals per relaxar-te a l\u2019aire lliure mentre gaudeixes de la ciutat\" \/>\n<meta property=\"og:url\" content=\"https:\/\/www.lugaris.com\/ca\/10-bars-amb-pati-o-jardi-a-barcelona-que-tenamoraran\/\" \/>\n<meta property=\"og:site_name\" content=\"Lugaris\" \/>\n<meta property=\"article:published_time\" content=\"2020-05-14T14:59:44+00:00\" \/>\n<meta property=\"article:modified_time\" content=\"2024-10-31T06:36:15+00:00\" \/>\n<meta property=\"og:image\" content=\"https:\/\/www.lugaris.com\/app\/uploads\/2020\/05\/6_l_ateneu.jpg\" \/>\n\t<meta property=\"og:image:width\" content=\"699\" \/>\n\t<meta property=\"og:image:height\" content=\"482\" \/>\n\t<meta property=\"og:image:type\" content=\"image\/jpeg\" \/>\n<meta name=\"author\" content=\"Roberto Bordi\" \/>\n<meta name=\"twitter:card\" content=\"summary_large_image\" \/>\n<meta name=\"twitter:label1\" content=\"Written by\" \/>\n\t<meta name=\"twitter:data1\" content=\"Roberto Bordi\" \/>\n\t<meta name=\"twitter:label2\" content=\"Est. reading time\" \/>\n\t<meta name=\"twitter:data2\" content=\"10 minutes\" \/>\n<script type=\"application\/ld+json\" class=\"yoast-schema-graph\">{\"@context\":\"https:\/\/schema.org\",\"@graph\":[{\"@type\":\"Article\",\"@id\":\"https:\/\/www.lugaris.com\/ca\/10-bars-amb-pati-o-jardi-a-barcelona-que-tenamoraran\/#article\",\"isPartOf\":{\"@id\":\"https:\/\/www.lugaris.com\/ca\/10-bars-amb-pati-o-jardi-a-barcelona-que-tenamoraran\/\"},\"author\":{\"name\":\"Roberto Bordi\",\"@id\":\"https:\/\/www.lugaris.com\/ca\/#\/schema\/person\/fb23f8f2dbb02cd53d6d92029e4ddd57\"},\"headline\":\"10 bars amb pati o jard\u00ed a Barcelona que t\u2019enamoraran\",\"datePublished\":\"2020-05-14T14:59:44+00:00\",\"dateModified\":\"2024-10-31T06:36:15+00:00\",\"mainEntityOfPage\":{\"@id\":\"https:\/\/www.lugaris.com\/ca\/10-bars-amb-pati-o-jardi-a-barcelona-que-tenamoraran\/\"},\"wordCount\":1592,\"commentCount\":0,\"publisher\":{\"@id\":\"https:\/\/www.lugaris.com\/ca\/#organization\"},\"image\":{\"@id\":\"https:\/\/www.lugaris.com\/ca\/10-bars-amb-pati-o-jardi-a-barcelona-que-tenamoraran\/#primaryimage\"},\"thumbnailUrl\":\"https:\/\/www.lugaris.com\/app\/uploads\/2020\/05\/6_l_ateneu.jpg\",\"keywords\":[\"Historia de Barcelona\",\"Cultura en Barcelona\",\"Barrios de Barcelona\",\"Naturaleza en Barcelona\",\"Gastronom\u00eda en Barcelona\"],\"articleSection\":[\"Barcelona\",\"Ocio en Barcelona\"],\"inLanguage\":\"ca\",\"potentialAction\":[{\"@type\":\"CommentAction\",\"name\":\"Comment\",\"target\":[\"https:\/\/www.lugaris.com\/ca\/10-bars-amb-pati-o-jardi-a-barcelona-que-tenamoraran\/#respond\"]}]},{\"@type\":\"WebPage\",\"@id\":\"https:\/\/www.lugaris.com\/ca\/10-bars-amb-pati-o-jardi-a-barcelona-que-tenamoraran\/\",\"url\":\"https:\/\/www.lugaris.com\/ca\/10-bars-amb-pati-o-jardi-a-barcelona-que-tenamoraran\/\",\"name\":\"10 bars amb pati o jard\u00ed a Barcelona que t\u2019enamoraran | Lugaris\",\"isPartOf\":{\"@id\":\"https:\/\/www.lugaris.com\/ca\/#website\"},\"primaryImageOfPage\":{\"@id\":\"https:\/\/www.lugaris.com\/ca\/10-bars-amb-pati-o-jardi-a-barcelona-que-tenamoraran\/#primaryimage\"},\"image\":{\"@id\":\"https:\/\/www.lugaris.com\/ca\/10-bars-amb-pati-o-jardi-a-barcelona-que-tenamoraran\/#primaryimage\"},\"thumbnailUrl\":\"https:\/\/www.lugaris.com\/app\/uploads\/2020\/05\/6_l_ateneu.jpg\",\"datePublished\":\"2020-05-14T14:59:44+00:00\",\"dateModified\":\"2024-10-31T06:36:15+00:00\",\"description\":\"Descobreix 10 bars amb pati o jard\u00ed a Barcelona que et captivar\u00e0n, ideals per relaxar-te a l\u2019aire lliure mentre gaudeixes de la ciutat\",\"breadcrumb\":{\"@id\":\"https:\/\/www.lugaris.com\/ca\/10-bars-amb-pati-o-jardi-a-barcelona-que-tenamoraran\/#breadcrumb\"},\"inLanguage\":\"ca\",\"potentialAction\":[{\"@type\":\"ReadAction\",\"target\":[\"https:\/\/www.lugaris.com\/ca\/10-bars-amb-pati-o-jardi-a-barcelona-que-tenamoraran\/\"]}]},{\"@type\":\"ImageObject\",\"inLanguage\":\"ca\",\"@id\":\"https:\/\/www.lugaris.com\/ca\/10-bars-amb-pati-o-jardi-a-barcelona-que-tenamoraran\/#primaryimage\",\"url\":\"https:\/\/www.lugaris.com\/app\/uploads\/2020\/05\/6_l_ateneu.jpg\",\"contentUrl\":\"https:\/\/www.lugaris.com\/app\/uploads\/2020\/05\/6_l_ateneu.jpg\",\"width\":699,\"height\":482},{\"@type\":\"BreadcrumbList\",\"@id\":\"https:\/\/www.lugaris.com\/ca\/10-bars-amb-pati-o-jardi-a-barcelona-que-tenamoraran\/#breadcrumb\",\"itemListElement\":[{\"@type\":\"ListItem\",\"position\":1,\"name\":\"Home\",\"item\":\"https:\/\/www.lugaris.com\/ca\/\"},{\"@type\":\"ListItem\",\"position\":2,\"name\":\"10 bars amb pati o jard\u00ed a Barcelona que t\u2019enamoraran\"}]},{\"@type\":\"WebSite\",\"@id\":\"https:\/\/www.lugaris.com\/ca\/#website\",\"url\":\"https:\/\/www.lugaris.com\/ca\/\",\"name\":\"Lugaris\",\"description\":\"Apartamentos de vacaciones en Barcelona\",\"publisher\":{\"@id\":\"https:\/\/www.lugaris.com\/ca\/#organization\"},\"potentialAction\":[{\"@type\":\"SearchAction\",\"target\":{\"@type\":\"EntryPoint\",\"urlTemplate\":\"https:\/\/www.lugaris.com\/ca\/?s={search_term_string}\"},\"query-input\":\"required name=search_term_string\"}],\"inLanguage\":\"ca\"},{\"@type\":\"Organization\",\"@id\":\"https:\/\/www.lugaris.com\/ca\/#organization\",\"name\":\"Lugaris Apartments in Barcelona\",\"url\":\"https:\/\/www.lugaris.com\/ca\/\",\"logo\":{\"@type\":\"ImageObject\",\"inLanguage\":\"ca\",\"@id\":\"https:\/\/www.lugaris.com\/ca\/#\/schema\/logo\/image\/\",\"url\":\"https:\/\/www.lugaris.com\/app\/uploads\/2020\/03\/Logo_lugaris_v2.png\",\"contentUrl\":\"https:\/\/www.lugaris.com\/app\/uploads\/2020\/03\/Logo_lugaris_v2.png\",\"width\":285,\"height\":257,\"caption\":\"Lugaris Apartments in Barcelona\"},\"image\":{\"@id\":\"https:\/\/www.lugaris.com\/ca\/#\/schema\/logo\/image\/\"}},{\"@type\":\"Person\",\"@id\":\"https:\/\/www.lugaris.com\/ca\/#\/schema\/person\/fb23f8f2dbb02cd53d6d92029e4ddd57\",\"name\":\"Roberto Bordi\",\"image\":{\"@type\":\"ImageObject\",\"inLanguage\":\"ca\",\"@id\":\"https:\/\/www.lugaris.com\/ca\/#\/schema\/person\/image\/\",\"url\":\"https:\/\/www.lugaris.com\/app\/litespeed\/avatar\/dd7d954dea1d9cebdc71d83b676d531c.jpg?ver=1776865099\",\"contentUrl\":\"https:\/\/www.lugaris.com\/app\/litespeed\/avatar\/dd7d954dea1d9cebdc71d83b676d531c.jpg?ver=1776865099\",\"caption\":\"Roberto Bordi\"}}]}<\/script>\n<!-- \/ Yoast SEO plugin. -->","yoast_head_json":{"title":"10 bars amb pati o jard\u00ed a Barcelona que t\u2019enamoraran | Lugaris","description":"Descobreix 10 bars amb pati o jard\u00ed a Barcelona que et captivar\u00e0n, ideals per relaxar-te a l\u2019aire lliure mentre gaudeixes de la ciutat","robots":{"index":"index","follow":"follow","max-snippet":"max-snippet:-1","max-image-preview":"max-image-preview:large","max-video-preview":"max-video-preview:-1"},"canonical":"https:\/\/www.lugaris.com\/ca\/10-bars-amb-pati-o-jardi-a-barcelona-que-tenamoraran\/","og_locale":"ca_ES","og_type":"article","og_title":"10 bars amb pati o jard\u00ed a Barcelona que t\u2019enamoraran | Lugaris","og_description":"Descobreix 10 bars amb pati o jard\u00ed a Barcelona que et captivar\u00e0n, ideals per relaxar-te a l\u2019aire lliure mentre gaudeixes de la ciutat","og_url":"https:\/\/www.lugaris.com\/ca\/10-bars-amb-pati-o-jardi-a-barcelona-que-tenamoraran\/","og_site_name":"Lugaris","article_published_time":"2020-05-14T14:59:44+00:00","article_modified_time":"2024-10-31T06:36:15+00:00","og_image":[{"width":699,"height":482,"url":"https:\/\/www.lugaris.com\/app\/uploads\/2020\/05\/6_l_ateneu.jpg","type":"image\/jpeg"}],"author":"Roberto Bordi","twitter_card":"summary_large_image","twitter_misc":{"Written by":"Roberto Bordi","Est. reading time":"10 minutes"},"schema":{"@context":"https:\/\/schema.org","@graph":[{"@type":"Article","@id":"https:\/\/www.lugaris.com\/ca\/10-bars-amb-pati-o-jardi-a-barcelona-que-tenamoraran\/#article","isPartOf":{"@id":"https:\/\/www.lugaris.com\/ca\/10-bars-amb-pati-o-jardi-a-barcelona-que-tenamoraran\/"},"author":{"name":"Roberto Bordi","@id":"https:\/\/www.lugaris.com\/ca\/#\/schema\/person\/fb23f8f2dbb02cd53d6d92029e4ddd57"},"headline":"10 bars amb pati o jard\u00ed a Barcelona que t\u2019enamoraran","datePublished":"2020-05-14T14:59:44+00:00","dateModified":"2024-10-31T06:36:15+00:00","mainEntityOfPage":{"@id":"https:\/\/www.lugaris.com\/ca\/10-bars-amb-pati-o-jardi-a-barcelona-que-tenamoraran\/"},"wordCount":1592,"commentCount":0,"publisher":{"@id":"https:\/\/www.lugaris.com\/ca\/#organization"},"image":{"@id":"https:\/\/www.lugaris.com\/ca\/10-bars-amb-pati-o-jardi-a-barcelona-que-tenamoraran\/#primaryimage"},"thumbnailUrl":"https:\/\/www.lugaris.com\/app\/uploads\/2020\/05\/6_l_ateneu.jpg","keywords":["Historia de Barcelona","Cultura en Barcelona","Barrios de Barcelona","Naturaleza en Barcelona","Gastronom\u00eda en Barcelona"],"articleSection":["Barcelona","Ocio en Barcelona"],"inLanguage":"ca","potentialAction":[{"@type":"CommentAction","name":"Comment","target":["https:\/\/www.lugaris.com\/ca\/10-bars-amb-pati-o-jardi-a-barcelona-que-tenamoraran\/#respond"]}]},{"@type":"WebPage","@id":"https:\/\/www.lugaris.com\/ca\/10-bars-amb-pati-o-jardi-a-barcelona-que-tenamoraran\/","url":"https:\/\/www.lugaris.com\/ca\/10-bars-amb-pati-o-jardi-a-barcelona-que-tenamoraran\/","name":"10 bars amb pati o jard\u00ed a Barcelona que t\u2019enamoraran | Lugaris","isPartOf":{"@id":"https:\/\/www.lugaris.com\/ca\/#website"},"primaryImageOfPage":{"@id":"https:\/\/www.lugaris.com\/ca\/10-bars-amb-pati-o-jardi-a-barcelona-que-tenamoraran\/#primaryimage"},"image":{"@id":"https:\/\/www.lugaris.com\/ca\/10-bars-amb-pati-o-jardi-a-barcelona-que-tenamoraran\/#primaryimage"},"thumbnailUrl":"https:\/\/www.lugaris.com\/app\/uploads\/2020\/05\/6_l_ateneu.jpg","datePublished":"2020-05-14T14:59:44+00:00","dateModified":"2024-10-31T06:36:15+00:00","description":"Descobreix 10 bars amb pati o jard\u00ed a Barcelona que et captivar\u00e0n, ideals per relaxar-te a l\u2019aire lliure mentre gaudeixes de la ciutat","breadcrumb":{"@id":"https:\/\/www.lugaris.com\/ca\/10-bars-amb-pati-o-jardi-a-barcelona-que-tenamoraran\/#breadcrumb"},"inLanguage":"ca","potentialAction":[{"@type":"ReadAction","target":["https:\/\/www.lugaris.com\/ca\/10-bars-amb-pati-o-jardi-a-barcelona-que-tenamoraran\/"]}]},{"@type":"ImageObject","inLanguage":"ca","@id":"https:\/\/www.lugaris.com\/ca\/10-bars-amb-pati-o-jardi-a-barcelona-que-tenamoraran\/#primaryimage","url":"https:\/\/www.lugaris.com\/app\/uploads\/2020\/05\/6_l_ateneu.jpg","contentUrl":"https:\/\/www.lugaris.com\/app\/uploads\/2020\/05\/6_l_ateneu.jpg","width":699,"height":482},{"@type":"BreadcrumbList","@id":"https:\/\/www.lugaris.com\/ca\/10-bars-amb-pati-o-jardi-a-barcelona-que-tenamoraran\/#breadcrumb","itemListElement":[{"@type":"ListItem","position":1,"name":"Home","item":"https:\/\/www.lugaris.com\/ca\/"},{"@type":"ListItem","position":2,"name":"10 bars amb pati o jard\u00ed a Barcelona que t\u2019enamoraran"}]},{"@type":"WebSite","@id":"https:\/\/www.lugaris.com\/ca\/#website","url":"https:\/\/www.lugaris.com\/ca\/","name":"Lugaris","description":"Apartamentos de vacaciones en Barcelona","publisher":{"@id":"https:\/\/www.lugaris.com\/ca\/#organization"},"potentialAction":[{"@type":"SearchAction","target":{"@type":"EntryPoint","urlTemplate":"https:\/\/www.lugaris.com\/ca\/?s={search_term_string}"},"query-input":"required name=search_term_string"}],"inLanguage":"ca"},{"@type":"Organization","@id":"https:\/\/www.lugaris.com\/ca\/#organization","name":"Lugaris Apartments in Barcelona","url":"https:\/\/www.lugaris.com\/ca\/","logo":{"@type":"ImageObject","inLanguage":"ca","@id":"https:\/\/www.lugaris.com\/ca\/#\/schema\/logo\/image\/","url":"https:\/\/www.lugaris.com\/app\/uploads\/2020\/03\/Logo_lugaris_v2.png","contentUrl":"https:\/\/www.lugaris.com\/app\/uploads\/2020\/03\/Logo_lugaris_v2.png","width":285,"height":257,"caption":"Lugaris Apartments in Barcelona"},"image":{"@id":"https:\/\/www.lugaris.com\/ca\/#\/schema\/logo\/image\/"}},{"@type":"Person","@id":"https:\/\/www.lugaris.com\/ca\/#\/schema\/person\/fb23f8f2dbb02cd53d6d92029e4ddd57","name":"Roberto Bordi","image":{"@type":"ImageObject","inLanguage":"ca","@id":"https:\/\/www.lugaris.com\/ca\/#\/schema\/person\/image\/","url":"https:\/\/www.lugaris.com\/app\/litespeed\/avatar\/dd7d954dea1d9cebdc71d83b676d531c.jpg?ver=1776865099","contentUrl":"https:\/\/www.lugaris.com\/app\/litespeed\/avatar\/dd7d954dea1d9cebdc71d83b676d531c.jpg?ver=1776865099","caption":"Roberto Bordi"}}]}},"uagb_featured_image_src":{"full":["https:\/\/www.lugaris.com\/app\/uploads\/2020\/05\/6_l_ateneu.jpg",699,482,false],"thumbnail":["https:\/\/www.lugaris.com\/app\/uploads\/2020\/05\/6_l_ateneu-150x150.jpg",150,150,true],"medium":["https:\/\/www.lugaris.com\/app\/uploads\/2020\/05\/6_l_ateneu-300x207.jpg",300,207,true],"medium_large":["https:\/\/www.lugaris.com\/app\/uploads\/2020\/05\/6_l_ateneu.jpg",699,482,false],"large":["https:\/\/www.lugaris.com\/app\/uploads\/2020\/05\/6_l_ateneu.jpg",699,482,false],"1536x1536":["https:\/\/www.lugaris.com\/app\/uploads\/2020\/05\/6_l_ateneu.jpg",699,482,false],"2048x2048":["https:\/\/www.lugaris.com\/app\/uploads\/2020\/05\/6_l_ateneu.jpg",699,482,false]},"uagb_author_info":{"display_name":"Roberto Bordi","author_link":"https:\/\/www.lugaris.com\/ca\/author\/rbb2-performance-es\/"},"uagb_comment_info":0,"uagb_excerpt":"Parlar de turisme urb\u00e0 no sempre \u00e9s sin\u00f2nim de rutes maratonianes, visites llampec a museus i monuments o intenses tardes de compres en uns grans magatzems. Fins i tot a les ciutats m\u00e9s bullicioses \u00e9s possible trobar petits oasis on aparcar les preocupacions, relaxar-se amb una copa a la m\u00e0... i envoltar-se de natura (s\u00ed,&hellip;","_links":{"self":[{"href":"https:\/\/www.lugaris.com\/ca\/wp-json\/wp\/v2\/posts\/24522"}],"collection":[{"href":"https:\/\/www.lugaris.com\/ca\/wp-json\/wp\/v2\/posts"}],"about":[{"href":"https:\/\/www.lugaris.com\/ca\/wp-json\/wp\/v2\/types\/post"}],"author":[{"embeddable":true,"href":"https:\/\/www.lugaris.com\/ca\/wp-json\/wp\/v2\/users\/4"}],"replies":[{"embeddable":true,"href":"https:\/\/www.lugaris.com\/ca\/wp-json\/wp\/v2\/comments?post=24522"}],"version-history":[{"count":3,"href":"https:\/\/www.lugaris.com\/ca\/wp-json\/wp\/v2\/posts\/24522\/revisions"}],"predecessor-version":[{"id":24541,"href":"https:\/\/www.lugaris.com\/ca\/wp-json\/wp\/v2\/posts\/24522\/revisions\/24541"}],"wp:featuredmedia":[{"embeddable":true,"href":"https:\/\/www.lugaris.com\/ca\/wp-json\/wp\/v2\/media\/6989"}],"wp:attachment":[{"href":"https:\/\/www.lugaris.com\/ca\/wp-json\/wp\/v2\/media?parent=24522"}],"wp:term":[{"taxonomy":"category","embeddable":true,"href":"https:\/\/www.lugaris.com\/ca\/wp-json\/wp\/v2\/categories?post=24522"},{"taxonomy":"post_tag","embeddable":true,"href":"https:\/\/www.lugaris.com\/ca\/wp-json\/wp\/v2\/tags?post=24522"}],"curies":[{"name":"wp","href":"https:\/\/api.w.org\/{rel}","templated":true}]}}