{"id":24557,"date":"2020-05-07T12:01:54","date_gmt":"2020-05-07T12:01:54","guid":{"rendered":"https:\/\/www.lugaris.com\/todas-las-obras-de-gaudi-en-barcelona\/"},"modified":"2024-10-31T08:25:51","modified_gmt":"2024-10-31T08:25:51","slug":"totes-les-obres-de-gaudi-a-barcelona","status":"publish","type":"post","link":"https:\/\/www.lugaris.com\/ca\/totes-les-obres-de-gaudi-a-barcelona\/","title":{"rendered":"Totes les obres de Gaud\u00ed a Barcelona"},"content":{"rendered":"\n<p class=\"\">Un dels grans reclams de la ciutat de Barcelona \u00e9s, sens dubte, el seu arquitecte m\u00e9s conegut a nivell mundial: <strong>Antoni Gaud\u00ed<\/strong>. Nascut a la ciutat catalana de <strong>Reus<\/strong> l&#8217;any 1852, va ser un dels artistes m\u00e9s prol\u00edfics del moviment arquitect\u00f2nic modernista.<\/p>\n\n\n\n<p class=\"\">Encara que potser coneixes algunes de les seves obres m\u00e9s famoses a la ciutat, com la <strong>Sagrada Fam\u00edlia<\/strong> o el <strong>Park G\u00fcell<\/strong>, la veritat \u00e9s que hi ha molts m\u00e9s edificis i monuments que aquest geni va deixar com a llegat al patrimoni barcelon\u00ed. Descobreix amb nosaltres totes les <strong>obres de Gaud\u00ed a Barcelona<\/strong> juntament amb algunes sugger\u00e8ncies per trobar-les.<\/p>\n\n\n\n<h3 class=\"wp-block-heading\">CASA MIL\u00c0 (LA PEDRERA)<\/h3>\n\n\n\n<p class=\"\">Tamb\u00e9 coneguda com La Pedrera, aquesta \u00e9s una de les obres m\u00e9s famoses i alhora pol\u00e8miques de l&#8217;arquitecte. Antoni Gaud\u00ed la va projectar al fam\u00f3s quadrat d&#8217;or del passeig de Gr\u00e0cia l&#8217;any 1906, sent l&#8217;\u00faltim edifici d&#8217;obra civil dissenyat per ell. Un dels majors reclams per visitar la Casa Mil\u00e0 \u00e9s la seva estupenda azotea, flanquejada per les seves xemeneies amb aires capadocios i la seva coberta d&#8217;arc parab\u00f2lic. Si est\u00e0s planejant fer la visita a l&#8217;estiu, has de saber que la Fundaci\u00f3 La Pedrera organitza concerts a l&#8217;aire lliure a l&#8217;azotea de l&#8217;edifici. Informa&#8217;t sobre les dates si vols gaudir d&#8217;aquest monument d&#8217;una forma diferent!<\/p>\n\n\n\n<p class=\"\">Si desitges visitar la Casa Mil\u00e0 des dels nostres <a href=\"https:\/\/www.lugaris.com\/ca\/lugaris-beach\/\">apartaments a la platja de Barcelona<\/a>, nom\u00e9s haur\u00e0s de prendre el metro (l\u00ednies L2, L3 i L4) fins a Passeig de Gr\u00e0cia. La veur\u00e0s just davant. Recorda que \u00e9s recomanable comprar la teva entrada per anticipat per no fer cua a la taquilla.<\/p>\n\n\n\n<figure class=\"wp-block-image size-large\"><img fetchpriority=\"high\" decoding=\"async\" width=\"1000\" height=\"600\" src=\"https:\/\/www.lugaris.com\/app\/uploads\/2020\/06\/spain-pedrera.jpg\" alt=\"\" class=\"wp-image-5953\" srcset=\"https:\/\/www.lugaris.com\/app\/uploads\/2020\/06\/spain-pedrera.jpg 1000w, https:\/\/www.lugaris.com\/app\/uploads\/2020\/06\/spain-pedrera-300x180.jpg 300w, https:\/\/www.lugaris.com\/app\/uploads\/2020\/06\/spain-pedrera-768x461.jpg 768w\" sizes=\"(max-width: 1000px) 100vw, 1000px\" \/><\/figure>\n\n\n\n<h2 class=\"wp-block-heading\">CASA BATLL\u00d3<\/h2>\n\n\n\n<p class=\"\">Un dels edificis m\u00e9s bonics constru\u00efts per Gaud\u00ed per a molts, la <strong>Casa Batll\u00f3<\/strong> \u00e9s una altra parada imprescindible en aquesta ruta de Gaud\u00ed per Barcelona. Encara que molt m\u00e9s discreta que la Pedrera, \u00e9s una de les grans joies del <strong>Paseo de Gr\u00e0cia<\/strong>. Constru\u00efda entre 1904 i 1907, en aquest edifici trobar\u00e0s innombrables refer\u00e8ncies a la natura: des de les seves finestres en forma de ratpenat, passant per l&#8217;escala que evoca una columna vertebral, fins a la part superior de la seva fa\u00e7ana, que ens recorda les escates d&#8217;un drac. A m\u00e9s del seu colorit fa\u00e7ana, la visita al seu interior val la pena pel bon estat de conservaci\u00f3 en qu\u00e8 es troba. Aix\u00ed, si accedeixes a la Casa Batll\u00f3, tindr\u00e0s l&#8217;oportunitat de con\u00e8ixer l&#8217;enginy de Gaud\u00ed en tot el seu esplendor.<\/p>\n\n\n\n<p class=\"\">Visitar aquest edifici gaudini\u00e0 \u00e9s una bona idea si tamb\u00e9 vols visitar la <strong>Casa Mil\u00e0<\/strong>, ja que es troben molt a prop (parada de metro de <strong>Diagonal<\/strong>, L3). L&#8217;edifici est\u00e0 obert al p\u00fablic tots els dies de l&#8217;any des de les 09:00 h del mat\u00ed fins a les 21:00 h de la nit.<\/p>\n\n\n\n<figure class=\"wp-block-image size-large\"><img decoding=\"async\" width=\"1000\" height=\"600\" src=\"https:\/\/www.lugaris.com\/app\/uploads\/2020\/06\/casa-batllo-1710590_1920.jpg\" alt=\"\" class=\"wp-image-5981\" srcset=\"https:\/\/www.lugaris.com\/app\/uploads\/2020\/06\/casa-batllo-1710590_1920.jpg 1000w, https:\/\/www.lugaris.com\/app\/uploads\/2020\/06\/casa-batllo-1710590_1920-300x180.jpg 300w, https:\/\/www.lugaris.com\/app\/uploads\/2020\/06\/casa-batllo-1710590_1920-768x461.jpg 768w\" sizes=\"(max-width: 1000px) 100vw, 1000px\" \/><\/figure>\n\n\n\n<h2 class=\"wp-block-heading\">LA SAGRADA FAMILIA&nbsp;<\/h2>\n\n\n\n<p class=\"\">Sense discussi\u00f3, la construcci\u00f3 de l&#8217;arquitecte m\u00e9s coneguda a nivell mundial \u00e9s la <strong>Sagrada Fam\u00edlia<\/strong>. Aquest imponent temple expiatori que avui dia continua en construcci\u00f3 \u00e9s un dels monuments m\u00e9s visitats de la ciutat de Barcelona i, evidentment, un dels m\u00e9s espectaculars. No nom\u00e9s \u00e9s impressionant observar els detalls de les seves aclaparadores fa\u00e7anes, sin\u00f3 que la visita a l&#8217;interior del temple d&#8217;<strong>Antoni Gaud\u00ed<\/strong> et deixar\u00e0 amb la boca oberta. Les seves gruixudes i infinites columnes et transportaran a un bosc il\u00b7luminat a la perfecci\u00f3 per les seves precioses i detallades cristalleres, mentre que la visita a la seva cripta et portar\u00e0 a con\u00e8ixer l&#8217;obra de Gaud\u00ed a fons gr\u00e0cies al museu que es troba all\u00e0. Tamb\u00e9 tens l&#8217;opci\u00f3 de pujar a les torres que coronen l&#8217;edifici, amb les seves estretes escales de cargol, que et proporcionaran unes vistes de la ciutat que et deixaran sense al\u00e8.<\/p>\n\n\n\n<p class=\"\">Per arribar-hi, haur\u00e0s de prendre el metro fins a la parada de <strong>Sagrada Fam\u00edlia<\/strong> (L5 de metro). Recomanem llogar l&#8217;audioguia per con\u00e8ixer tota la simbologia que amaga aquesta obra i no perdre&#8217;t ni un detall.<\/p>\n\n\n\n<figure class=\"wp-block-image size-large\"><img decoding=\"async\" width=\"1000\" height=\"600\" src=\"https:\/\/www.lugaris.com\/app\/uploads\/2020\/06\/sagrada-int.jpg\" alt=\"\" class=\"wp-image-5988\" srcset=\"https:\/\/www.lugaris.com\/app\/uploads\/2020\/06\/sagrada-int.jpg 1000w, https:\/\/www.lugaris.com\/app\/uploads\/2020\/06\/sagrada-int-300x180.jpg 300w, https:\/\/www.lugaris.com\/app\/uploads\/2020\/06\/sagrada-int-768x461.jpg 768w\" sizes=\"(max-width: 1000px) 100vw, 1000px\" \/><\/figure>\n\n\n\n<h2 class=\"wp-block-heading\">PARK G\u00dcELL<\/h2>\n\n\n\n<p class=\"\">En les altures de Barcelona trobem el parc m\u00e9s fam\u00f3s de la ciutat i una de les obres m\u00e9s m\u00e0giques de l&#8217;arquitecte modernista. Situat a la colina del <strong>Carmel<\/strong>, el <strong>Park G\u00fcell<\/strong> va ser pensat com una urbanitzaci\u00f3 privada per a fam\u00edlies benestants de la capital catalana, encara que finalment es va inaugurar com a parc p\u00fablic el 1926, despr\u00e9s que la idea original fracass\u00e9s per diverses causes. Encara que gaireb\u00e9 no es van construir cases (entre elles, la vivenda de Gaud\u00ed), s\u00ed que queden els elements monumentals i escult\u00f2rics que l&#8217;arquitecte va projectar per al Park G\u00fcell, precisament els que l&#8217;han convertit en un dels llocs m\u00e9s fotografiats: la preciosa <strong>font de la salamandra<\/strong> a les escales i els bancs del mirador, decorats amb el seu fam\u00f3s <strong>trencad\u00eds<\/strong>. Tots ells ja s\u00f3n un s\u00edmbol de la <strong>Ciutat Condal<\/strong>.<\/p>\n\n\n\n<p class=\"\">Encara que l&#8217;entrada general al conjunt monumental del Park G\u00fcell \u00e9s de pagament, cal saber que la resta del parc es pot visitar de manera gratu\u00efta. Per arribar-hi, agafa la l\u00ednia de metro <strong>L3<\/strong>, aturant-te a <strong>Lesseps<\/strong> o <strong>Vallcarca<\/strong>. Has de saber que, si vas en metro, cal caminar uns 20 minuts fins al parc, per la qual cosa recomanem agafar el bus <strong>24<\/strong>, que surt de <strong>Pla\u00e7a Catalunya<\/strong> i et deixa just davant del parc.<\/p>\n\n\n\n<figure class=\"wp-block-image size-large\"><img loading=\"lazy\" decoding=\"async\" width=\"1000\" height=\"600\" src=\"https:\/\/www.lugaris.com\/app\/uploads\/2020\/06\/gaudi-1160379_1920.jpg\" alt=\"\" class=\"wp-image-5974\" srcset=\"https:\/\/www.lugaris.com\/app\/uploads\/2020\/06\/gaudi-1160379_1920.jpg 1000w, https:\/\/www.lugaris.com\/app\/uploads\/2020\/06\/gaudi-1160379_1920-300x180.jpg 300w, https:\/\/www.lugaris.com\/app\/uploads\/2020\/06\/gaudi-1160379_1920-768x461.jpg 768w\" sizes=\"(max-width: 1000px) 100vw, 1000px\" \/><\/figure>\n\n\n\n<h2 class=\"wp-block-heading\">TORRE BELLESGUARD O CASA FIGUERAS<\/h2>\n\n\n\n<p class=\"\">Declarada <strong>B\u00e9 d&#8217;Inter\u00e8s Cultural<\/strong>, aquesta obra de Gaud\u00ed est\u00e0 situada als peus de <strong>Collserola<\/strong> i \u00e9s una de les <strong>cases de Gaud\u00ed<\/strong> menys conegudes de Barcelona. Enmarcada en el que es denomina l&#8217;\u00e8poca g\u00f2tica de l&#8217;arquitecte, aquesta obra nom\u00e9s est\u00e0 oberta al p\u00fablic des del 2013. La <strong>buhardilla<\/strong> segueix la l\u00ednia de <strong>volta catalana<\/strong> i destaquen sobretot les colorides <strong>cristaleres<\/strong> de l&#8217;edifici.<\/p>\n\n\n\n<p class=\"\">Si vols visitar la <strong>Torre Bellesguard<\/strong>, que podria formar part de la nostra llista de <strong>llocs amb encant a Barcelona poc coneguts<\/strong>, haur\u00e0s d&#8217;agafar els <strong>Ferrocarrils Catalans<\/strong> (L7 de FGC) a <strong>Pla\u00e7a Catalunya<\/strong>, baixar a l&#8217;aturada <strong>Avinguda Tibidabo<\/strong> i agafar el bus <strong>123<\/strong> o <strong>197<\/strong>. Pots comprar una entrada amb audioguia o b\u00e9 fer la visita guiada. La casa est\u00e0 oberta al p\u00fablic de <strong>dimarts a diumenge<\/strong> de les <strong>10:00 h a les 15:00 h<\/strong>.<\/p>\n\n\n\n<figure class=\"wp-block-image size-large\"><img loading=\"lazy\" decoding=\"async\" width=\"1024\" height=\"680\" src=\"https:\/\/www.lugaris.com\/app\/uploads\/2020\/06\/torrebellesguard.jpg\" alt=\"\" class=\"wp-image-5946\" srcset=\"https:\/\/www.lugaris.com\/app\/uploads\/2020\/06\/torrebellesguard.jpg 1024w, https:\/\/www.lugaris.com\/app\/uploads\/2020\/06\/torrebellesguard-300x199.jpg 300w, https:\/\/www.lugaris.com\/app\/uploads\/2020\/06\/torrebellesguard-768x510.jpg 768w\" sizes=\"(max-width: 1024px) 100vw, 1024px\" \/><\/figure>\n\n\n\n<h2 class=\"wp-block-heading\">CASA VICENS<\/h2>\n\n\n\n<p class=\"\">Aquesta casa d&#8217;estiueig va ser el primer gran enc\u00e0rrec d&#8217;un jove Antoni Gaud\u00ed en 1883. Situada en el barri de Gr\u00e0cia, aquesta construcci\u00f3 combina els elements m\u00e9s importants de l&#8217;estil modernista, i transmet cert aire\u00a0neomud\u00e9jar. M\u00e9s de 130 anys despr\u00e9s de la seva construcci\u00f3,<strong> la\u00a0Casa Vicens obre les seves portes al p\u00fablic<\/strong>, que podr\u00e0 veure una de les primeres obres de Gaud\u00ed i com va influir en les seves creacions posteriors.<\/p>\n\n\n\n<p class=\"\">Per a arribar a Casa Vicens, agafa el metre (L3) i baixa a Fontana o Lesseps. La casa es troba al carrer dels\u00a0Carolines, a menys de 300 m de totes dues parades. Es pot visitar de dilluns a diumenge, de les 10.00 h del mat\u00ed a les 20.00 h de la tarda.<\/p>\n\n\n\n<figure class=\"wp-block-image size-large\"><img loading=\"lazy\" decoding=\"async\" width=\"1000\" height=\"600\" src=\"https:\/\/www.lugaris.com\/app\/uploads\/2020\/06\/casavicens.jpg\" alt=\"\" class=\"wp-image-5967\" srcset=\"https:\/\/www.lugaris.com\/app\/uploads\/2020\/06\/casavicens.jpg 1000w, https:\/\/www.lugaris.com\/app\/uploads\/2020\/06\/casavicens-300x180.jpg 300w, https:\/\/www.lugaris.com\/app\/uploads\/2020\/06\/casavicens-768x461.jpg 768w\" sizes=\"(max-width: 1000px) 100vw, 1000px\" \/><\/figure>\n\n\n\n<h2 class=\"wp-block-heading\">PALAU G\u00dcELL&nbsp;<\/h2>\n\n\n\n<p class=\"\">Una altra de les obres de Gaud\u00ed a Barcelona que moltes vegades passa desapercebuda \u00e9s aquesta meravella de ferro forjat, que es troba en ple barri del\u00a0Raval. L&#8217;edifici va ser un enc\u00e0rrec de l&#8217;empresari\u00a0Eusebi\u00a0G\u00fcell, que va voler que l&#8217;arquitecte catal\u00e0 li constru\u00eds el seu habitatge habitual en les zones confrontants a la seva resid\u00e8ncia familiar. Aquesta \u00e9s una altra de les creacions d&#8217;inspiraci\u00f3 \u00e0rab de l&#8217;arquitecte, i destaca, entre altres coses, per les magn\u00edfiques xemeneies de la teulada, que va concebre com a escultures. Si vols saber m\u00e9s sobre els seus diferents estils, no et perdis el nostre article sobre la<strong>\u00a0inspiraci\u00f3 de Gaud\u00ed.<\/strong><\/p>\n\n\n\n<p class=\"\">L&#8217;interior de l&#8217;edifici est\u00e0 obert al p\u00fablic de les 10.00 h a les 20.00 h a l&#8217;estiu, i de les 10.00 h a les 16.30 h a l&#8217;hivern. Pots arribar f\u00e0cilment agafant la l\u00ednia verda del metre, baixant en la parada de\u00a0Liceu\u00a0(L3).<\/p>\n\n\n\n<figure class=\"wp-block-image size-large\"><img loading=\"lazy\" decoding=\"async\" width=\"1024\" height=\"681\" src=\"https:\/\/www.lugaris.com\/app\/uploads\/2020\/06\/palau_guell.jpg\" alt=\"\" class=\"wp-image-5926\" srcset=\"https:\/\/www.lugaris.com\/app\/uploads\/2020\/06\/palau_guell.jpg 1024w, https:\/\/www.lugaris.com\/app\/uploads\/2020\/06\/palau_guell-300x200.jpg 300w, https:\/\/www.lugaris.com\/app\/uploads\/2020\/06\/palau_guell-768x511.jpg 768w\" sizes=\"(max-width: 1024px) 100vw, 1024px\" \/><\/figure>\n\n\n\n<h2 class=\"wp-block-heading\">COL\u00b7LEGI DE LES TERESIANES<\/h2>\n\n\n\n<p class=\"\">Aquest antic convent va ser constru\u00eft per Antoni Gaud\u00ed en 1890, i creat com a convent per a la Congregaci\u00f3 de Religioses Teresianes. Inspirat en el g\u00f2tic catal\u00e0, l&#8217;arquitecte va ser auster en la seva construcci\u00f3 per a reflectir el vot de pobresa de la congregaci\u00f3, per la qual cosa est\u00e0 realitzat principalment en ma\u00f3. Aix\u00ed i tot, podem veure en els seus passadissos alguns\u00a0elements caracter\u00edstics de la seva obra com els<strong> arcs parab\u00f2lics<\/strong>\u00a0o el seu <strong>pinacle en forma de creu de quatre puntes.<\/strong><\/p>\n\n\n\n<p class=\"\">Actualment \u00e9s un col\u00b7legi privat, per la qual cosa el seu interior no est\u00e0 obert al p\u00fablic. Malgrat aix\u00f2, si vols contemplar la seva fa\u00e7ana pots arribar fins al col\u00b7legi agafant la L6 dels FGC en pla\u00e7a de Catalunya i baixar en la parada de La Bonanova. Tamb\u00e9 pots arribar amb les l\u00ednies de bus 14, 58, 64 i 70.<a href=\"https:\/\/www.lugaris.com\/?utm_source=blog_es&amp;utm_medium=banner&amp;utm_campaign=728x90_obras_Gaud%C3%AD\" target=\"_blank\" rel=\"noreferrer noopener\"><\/a><\/p>\n\n\n\n<h2 class=\"wp-block-heading\">CASA CALVET<\/h2>\n\n\n\n<p class=\"\">Una de les obres que passa m\u00e9s desapercebuda a Barcelona \u00e9s la Casa Calvet, una de les m\u00e9s austeres de l&#8217;arquitecte. Encara que ja entra dins de la seva etapa naturalista, \u00e9s de les m\u00e9s s\u00f2bries i equilibrades.<\/p>\n\n\n\n<p class=\"\">Ja que actualment aquest edifici consta d&#8217;un local i resid\u00e8ncies privades, el seu interior no es pot visitar. Si vols descobrir tots els petits elements que conformen la seva fa\u00e7ana, et pots acostar al carrer de *Casp, 48 amb la L1 del metre (parada de *Urquinaona).<\/p>\n\n\n\n<h2 class=\"wp-block-heading\">FAROLAS DE LA PLAZA REIAL&nbsp;<\/h2>\n\n\n\n<p class=\"\">Una vegada ja hem acabat amb les cases de Gaud\u00ed a Barcelona i els seus edificis m\u00e9s importants, parlem ara de la resta d&#8217;obres seves que podem trobar a la Ciutat Comtal. Aquests fanals van ser el primer enc\u00e0rrec al jove arquitecte per part de l&#8217;ajuntament. Estan creades en ferro forjat i tenen sis bra\u00e7os. Encara que Gaud\u00ed tamb\u00e9 va dissenyar unes de tres bra\u00e7os, aquestes es troben davant de l&#8217;edifici del Govern Civil.<\/p>\n\n\n\n<h2 class=\"wp-block-heading\">PABELLONES DE LA FINCA G\u00dcELL&nbsp;<\/h2>\n\n\n\n<p class=\"\">El mestre de Gaud\u00ed, Joan Martorell i *Montells, va rebre l&#8217;enc\u00e0rrec de construir una finca per a la fam\u00edlia G\u00fcell. Va ser ell mateix el que va encarregar a l&#8217;arquitecte la construcci\u00f3 de dos pavellons i l&#8217;entrada a la finca de la fam\u00edlia. Destaca la seva magn\u00edfica tanca de ferro forjat, on es troba un majestu\u00f3s drac guardi\u00e0 que vigila la porta d&#8217;entrada.<\/p>\n\n\n\n<p class=\"\">Pots veure els pavellons acostant-te a Pedralbes a trav\u00e9s de la L3, parant a Palau *Reial. Nom\u00e9s estan disponibles les visites guiades als edificis baix reserva telef\u00f2nica, els dissabtes i els diumenges al mat\u00ed.<\/p>\n\n\n\n<h2 class=\"wp-block-heading\">FONT D&#8217;H\u00c8RCULES (PALAU DE PEDRALBES)<\/h2>\n\n\n\n<p class=\"\">En el mateix recinte on la fam\u00edlia\u00a0G\u00fcell\u00a0tenia antigament la seva finca es troba la font d&#8217;H\u00e8rcules, ara el centre dels jardins del Palau Real de Pedralbes. Es tracta d&#8217;una obra menor per\u00f2 que ja reflecteix el car\u00e0cter de l&#8217;artista. Igual que els pavellons, pots arribar a la font amb la L3 del metre, parant a Palau\u00a0Reial. Els jardins reals es poden visitar de les 10.00 h a les 19.00 h a l&#8217;hivern i de les 10.00 h a les 21.00 h a l&#8217;estiu, exceptuant els dies en qu\u00e8 el recinte acull actes institucionals.<\/p>\n\n\n\n<figure class=\"wp-block-image size-large\"><img loading=\"lazy\" decoding=\"async\" width=\"1000\" height=\"600\" src=\"https:\/\/www.lugaris.com\/app\/uploads\/2020\/06\/fontdhercules_gaudi.jpg\" alt=\"\" class=\"wp-image-5960\" srcset=\"https:\/\/www.lugaris.com\/app\/uploads\/2020\/06\/fontdhercules_gaudi.jpg 1000w, https:\/\/www.lugaris.com\/app\/uploads\/2020\/06\/fontdhercules_gaudi-300x180.jpg 300w, https:\/\/www.lugaris.com\/app\/uploads\/2020\/06\/fontdhercules_gaudi-768x461.jpg 768w\" sizes=\"(max-width: 1000px) 100vw, 1000px\" \/><\/figure>\n\n\n\n<h2 class=\"wp-block-heading\">PORTAL MIRALLES<\/h2>\n\n\n\n<p class=\"\">Aquesta porta d&#8217;acc\u00e9s va ser constru\u00efda per Gaud\u00ed poc despr\u00e9s de finalitzar la Casa Calvet. Un empresari de la construcci\u00f3 que havia col\u00b7laborat amb Gaud\u00ed en diverses de les seves obres li va demanar la construcci\u00f3 de la seva casa. Comen\u00e7ant pel portal de forma ondulada i decorada amb trencad\u00eds, la seva aportaci\u00f3 a l&#8217;obra finalment no va anar m\u00e9s enll\u00e0 de l&#8217;entrada.<\/p>\n\n\n\n<p class=\"\">Pots visitar el portal en el passeig Manuel Girona 55, baixant en la parada Maria Cristina de la L3 del metre.<\/p>\n\n\n\n<h2 class=\"wp-block-heading\">MOSAIC DE L&#8217;ESGL\u00c9SIA DE\u00a0SANT\u00a0PACI\u00c0<\/h2>\n\n\n\n<p class=\"\">Molts no saben que un dels primers treballs de Gaud\u00ed va ser en aquesta esgl\u00e9sia del districte de\u00a0Sant\u00a0Andreu. Es tracta d&#8217;un mosaic d&#8217;estil neocl\u00e0ssic, molt distant a les seves obres posteriors, que l&#8217;arquitecte va crear per a l&#8217;esgl\u00e9sia al costat d&#8217;altres elements. Per desgr\u00e0cia, avui dia nom\u00e9s sobreviu aquest mosaic, ja que la resta dels elements creats pel Gaud\u00ed estudiant es van perdre durant la Setmana Tr\u00e0gica de 1909.<\/p>\n\n\n\n<p class=\"\">La parr\u00f2quia es troba en el\u00a0carrer\u00a0dels\u00a0Monges\u00a027, i podr\u00e0s arribar amb metro baixant-te en la parada de Fabra i Puig (L1).<a href=\"https:\/\/www.lugaris.com\/?utm_source=blog_es&amp;utm_medium=banner&amp;utm_campaign=300x250_obras_Gaud%C3%AD\" target=\"_blank\" rel=\"noreferrer noopener\"><\/a><\/p>\n\n\n\n<h2 class=\"wp-block-heading\">ALTRES OBRES DE GAUD\u00cd PROP DE BARCELONA<\/h2>\n\n\n\n<p class=\"\">Altres\u00a0<strong>obres de Gaud\u00ed a Catalunya<\/strong>\u00a0que es troben en la rodalia de Barcelona s\u00f3n la cripta\u00a0G\u00fcell\u00a0(a Santa Coloma de Cervell\u00f3, monument declarat patrimoni de la humanitat per la UNESCO), la cooperativa Obrera\u00a0Mataronense\u00a0(Matar\u00f3) i els Cellers\u00a0G\u00fcell\u00a0(Sitges).<\/p>\n\n\n\n<p class=\"\">Si has visitat una o totes les obres esmentades en aquest article, no dubtis a deixar-nos un comentari explicant-nos com va ser la teva experi\u00e8ncia. Volem saber quina \u00e9s la teva favorita!<\/p>\n\n\n\n<figure class=\"wp-block-embed is-type-video is-provider-youtube wp-block-embed-youtube wp-embed-aspect-16-9 wp-has-aspect-ratio\"><div class=\"wp-block-embed__wrapper\">\n<iframe title=\"Lugaris Views\" width=\"500\" height=\"281\" src=\"https:\/\/www.youtube.com\/embed\/8_vVGgxREZk?feature=oembed\" frameborder=\"0\" allow=\"accelerometer; autoplay; clipboard-write; encrypted-media; gyroscope; picture-in-picture; web-share\" referrerpolicy=\"strict-origin-when-cross-origin\" allowfullscreen><\/iframe>\n<\/div><\/figure>\n","protected":false},"excerpt":{"rendered":"<p>Un dels grans reclams de la ciutat de Barcelona \u00e9s, sens dubte, el seu arquitecte m\u00e9s conegut a nivell mundial: Antoni Gaud\u00ed. Nascut a la ciutat catalana de Reus l&#8217;any 1852, va ser un dels artistes m\u00e9s prol\u00edfics del moviment arquitect\u00f2nic modernista.<\/p>\n","protected":false},"author":4,"featured_media":5975,"comment_status":"open","ping_status":"open","sticky":false,"template":"","format":"standard","meta":{"_uag_custom_page_level_css":"","footnotes":""},"categories":[667,668],"tags":[686,681,682,669],"yoast_head":"<!-- This site is optimized with the Yoast SEO plugin v23.1 - https:\/\/yoast.com\/wordpress\/plugins\/seo\/ -->\n<title>Totes les obres de Gaud\u00ed a Barcelona | Lugaris<\/title>\n<meta name=\"description\" content=\"Descobreix totes les obres de Gaud\u00ed a Barcelona i meravella&#039;t amb la seva arquitectura \u00fanica i innovadora que defineix la ciutat.\" \/>\n<meta name=\"robots\" content=\"index, follow, max-snippet:-1, max-image-preview:large, max-video-preview:-1\" \/>\n<link rel=\"canonical\" href=\"https:\/\/www.lugaris.com\/ca\/totes-les-obres-de-gaudi-a-barcelona\/\" \/>\n<meta property=\"og:locale\" content=\"ca_ES\" \/>\n<meta property=\"og:type\" content=\"article\" \/>\n<meta property=\"og:title\" content=\"Totes les obres de Gaud\u00ed a Barcelona | Lugaris\" \/>\n<meta property=\"og:description\" content=\"Descobreix totes les obres de Gaud\u00ed a Barcelona i meravella&#039;t amb la seva arquitectura \u00fanica i innovadora que defineix la ciutat.\" \/>\n<meta property=\"og:url\" content=\"https:\/\/www.lugaris.com\/ca\/totes-les-obres-de-gaudi-a-barcelona\/\" \/>\n<meta property=\"og:site_name\" content=\"Lugaris\" \/>\n<meta property=\"article:published_time\" content=\"2020-05-07T12:01:54+00:00\" \/>\n<meta property=\"article:modified_time\" content=\"2024-10-31T08:25:51+00:00\" \/>\n<meta property=\"og:image\" content=\"https:\/\/www.lugaris.com\/app\/uploads\/2020\/06\/gaudi-1160379_1920.jpg\" \/>\n\t<meta property=\"og:image:width\" content=\"1000\" \/>\n\t<meta property=\"og:image:height\" content=\"600\" \/>\n\t<meta property=\"og:image:type\" content=\"image\/jpeg\" \/>\n<meta name=\"author\" content=\"Roberto Bordi\" \/>\n<meta name=\"twitter:card\" content=\"summary_large_image\" \/>\n<meta name=\"twitter:label1\" content=\"Written by\" \/>\n\t<meta name=\"twitter:data1\" content=\"Roberto Bordi\" \/>\n\t<meta name=\"twitter:label2\" content=\"Est. reading time\" \/>\n\t<meta name=\"twitter:data2\" content=\"12 minutes\" \/>\n<script type=\"application\/ld+json\" class=\"yoast-schema-graph\">{\"@context\":\"https:\/\/schema.org\",\"@graph\":[{\"@type\":\"Article\",\"@id\":\"https:\/\/www.lugaris.com\/ca\/totes-les-obres-de-gaudi-a-barcelona\/#article\",\"isPartOf\":{\"@id\":\"https:\/\/www.lugaris.com\/ca\/totes-les-obres-de-gaudi-a-barcelona\/\"},\"author\":{\"name\":\"Roberto Bordi\",\"@id\":\"https:\/\/www.lugaris.com\/ca\/#\/schema\/person\/fb23f8f2dbb02cd53d6d92029e4ddd57\"},\"headline\":\"Totes les obres de Gaud\u00ed a Barcelona\",\"datePublished\":\"2020-05-07T12:01:54+00:00\",\"dateModified\":\"2024-10-31T08:25:51+00:00\",\"mainEntityOfPage\":{\"@id\":\"https:\/\/www.lugaris.com\/ca\/totes-les-obres-de-gaudi-a-barcelona\/\"},\"wordCount\":2198,\"commentCount\":0,\"publisher\":{\"@id\":\"https:\/\/www.lugaris.com\/ca\/#organization\"},\"image\":{\"@id\":\"https:\/\/www.lugaris.com\/ca\/totes-les-obres-de-gaudi-a-barcelona\/#primaryimage\"},\"thumbnailUrl\":\"https:\/\/www.lugaris.com\/app\/uploads\/2020\/06\/gaudi-1160379_1920.jpg\",\"keywords\":[\"Monumentos de Barcelona\",\"Historia de Barcelona\",\"Cultura en Barcelona\",\"Barrios de Barcelona\"],\"articleSection\":[\"Barcelona\",\"Ocio en Barcelona\"],\"inLanguage\":\"ca\",\"potentialAction\":[{\"@type\":\"CommentAction\",\"name\":\"Comment\",\"target\":[\"https:\/\/www.lugaris.com\/ca\/totes-les-obres-de-gaudi-a-barcelona\/#respond\"]}]},{\"@type\":\"WebPage\",\"@id\":\"https:\/\/www.lugaris.com\/ca\/totes-les-obres-de-gaudi-a-barcelona\/\",\"url\":\"https:\/\/www.lugaris.com\/ca\/totes-les-obres-de-gaudi-a-barcelona\/\",\"name\":\"Totes les obres de Gaud\u00ed a Barcelona | Lugaris\",\"isPartOf\":{\"@id\":\"https:\/\/www.lugaris.com\/ca\/#website\"},\"primaryImageOfPage\":{\"@id\":\"https:\/\/www.lugaris.com\/ca\/totes-les-obres-de-gaudi-a-barcelona\/#primaryimage\"},\"image\":{\"@id\":\"https:\/\/www.lugaris.com\/ca\/totes-les-obres-de-gaudi-a-barcelona\/#primaryimage\"},\"thumbnailUrl\":\"https:\/\/www.lugaris.com\/app\/uploads\/2020\/06\/gaudi-1160379_1920.jpg\",\"datePublished\":\"2020-05-07T12:01:54+00:00\",\"dateModified\":\"2024-10-31T08:25:51+00:00\",\"description\":\"Descobreix totes les obres de Gaud\u00ed a Barcelona i meravella't amb la seva arquitectura \u00fanica i innovadora que defineix la ciutat.\",\"breadcrumb\":{\"@id\":\"https:\/\/www.lugaris.com\/ca\/totes-les-obres-de-gaudi-a-barcelona\/#breadcrumb\"},\"inLanguage\":\"ca\",\"potentialAction\":[{\"@type\":\"ReadAction\",\"target\":[\"https:\/\/www.lugaris.com\/ca\/totes-les-obres-de-gaudi-a-barcelona\/\"]}]},{\"@type\":\"ImageObject\",\"inLanguage\":\"ca\",\"@id\":\"https:\/\/www.lugaris.com\/ca\/totes-les-obres-de-gaudi-a-barcelona\/#primaryimage\",\"url\":\"https:\/\/www.lugaris.com\/app\/uploads\/2020\/06\/gaudi-1160379_1920.jpg\",\"contentUrl\":\"https:\/\/www.lugaris.com\/app\/uploads\/2020\/06\/gaudi-1160379_1920.jpg\",\"width\":1000,\"height\":600},{\"@type\":\"BreadcrumbList\",\"@id\":\"https:\/\/www.lugaris.com\/ca\/totes-les-obres-de-gaudi-a-barcelona\/#breadcrumb\",\"itemListElement\":[{\"@type\":\"ListItem\",\"position\":1,\"name\":\"Home\",\"item\":\"https:\/\/www.lugaris.com\/ca\/\"},{\"@type\":\"ListItem\",\"position\":2,\"name\":\"Totes les obres de Gaud\u00ed a Barcelona\"}]},{\"@type\":\"WebSite\",\"@id\":\"https:\/\/www.lugaris.com\/ca\/#website\",\"url\":\"https:\/\/www.lugaris.com\/ca\/\",\"name\":\"Lugaris\",\"description\":\"Apartamentos de vacaciones en Barcelona\",\"publisher\":{\"@id\":\"https:\/\/www.lugaris.com\/ca\/#organization\"},\"potentialAction\":[{\"@type\":\"SearchAction\",\"target\":{\"@type\":\"EntryPoint\",\"urlTemplate\":\"https:\/\/www.lugaris.com\/ca\/?s={search_term_string}\"},\"query-input\":\"required name=search_term_string\"}],\"inLanguage\":\"ca\"},{\"@type\":\"Organization\",\"@id\":\"https:\/\/www.lugaris.com\/ca\/#organization\",\"name\":\"Lugaris Apartments in Barcelona\",\"url\":\"https:\/\/www.lugaris.com\/ca\/\",\"logo\":{\"@type\":\"ImageObject\",\"inLanguage\":\"ca\",\"@id\":\"https:\/\/www.lugaris.com\/ca\/#\/schema\/logo\/image\/\",\"url\":\"https:\/\/www.lugaris.com\/app\/uploads\/2020\/03\/Logo_lugaris_v2.png\",\"contentUrl\":\"https:\/\/www.lugaris.com\/app\/uploads\/2020\/03\/Logo_lugaris_v2.png\",\"width\":285,\"height\":257,\"caption\":\"Lugaris Apartments in Barcelona\"},\"image\":{\"@id\":\"https:\/\/www.lugaris.com\/ca\/#\/schema\/logo\/image\/\"}},{\"@type\":\"Person\",\"@id\":\"https:\/\/www.lugaris.com\/ca\/#\/schema\/person\/fb23f8f2dbb02cd53d6d92029e4ddd57\",\"name\":\"Roberto Bordi\",\"image\":{\"@type\":\"ImageObject\",\"inLanguage\":\"ca\",\"@id\":\"https:\/\/www.lugaris.com\/ca\/#\/schema\/person\/image\/\",\"url\":\"https:\/\/www.lugaris.com\/app\/litespeed\/avatar\/dd7d954dea1d9cebdc71d83b676d531c.jpg?ver=1776865099\",\"contentUrl\":\"https:\/\/www.lugaris.com\/app\/litespeed\/avatar\/dd7d954dea1d9cebdc71d83b676d531c.jpg?ver=1776865099\",\"caption\":\"Roberto Bordi\"}}]}<\/script>\n<!-- \/ Yoast SEO plugin. -->","yoast_head_json":{"title":"Totes les obres de Gaud\u00ed a Barcelona | Lugaris","description":"Descobreix totes les obres de Gaud\u00ed a Barcelona i meravella't amb la seva arquitectura \u00fanica i innovadora que defineix la ciutat.","robots":{"index":"index","follow":"follow","max-snippet":"max-snippet:-1","max-image-preview":"max-image-preview:large","max-video-preview":"max-video-preview:-1"},"canonical":"https:\/\/www.lugaris.com\/ca\/totes-les-obres-de-gaudi-a-barcelona\/","og_locale":"ca_ES","og_type":"article","og_title":"Totes les obres de Gaud\u00ed a Barcelona | Lugaris","og_description":"Descobreix totes les obres de Gaud\u00ed a Barcelona i meravella't amb la seva arquitectura \u00fanica i innovadora que defineix la ciutat.","og_url":"https:\/\/www.lugaris.com\/ca\/totes-les-obres-de-gaudi-a-barcelona\/","og_site_name":"Lugaris","article_published_time":"2020-05-07T12:01:54+00:00","article_modified_time":"2024-10-31T08:25:51+00:00","og_image":[{"width":1000,"height":600,"url":"https:\/\/www.lugaris.com\/app\/uploads\/2020\/06\/gaudi-1160379_1920.jpg","type":"image\/jpeg"}],"author":"Roberto Bordi","twitter_card":"summary_large_image","twitter_misc":{"Written by":"Roberto Bordi","Est. reading time":"12 minutes"},"schema":{"@context":"https:\/\/schema.org","@graph":[{"@type":"Article","@id":"https:\/\/www.lugaris.com\/ca\/totes-les-obres-de-gaudi-a-barcelona\/#article","isPartOf":{"@id":"https:\/\/www.lugaris.com\/ca\/totes-les-obres-de-gaudi-a-barcelona\/"},"author":{"name":"Roberto Bordi","@id":"https:\/\/www.lugaris.com\/ca\/#\/schema\/person\/fb23f8f2dbb02cd53d6d92029e4ddd57"},"headline":"Totes les obres de Gaud\u00ed a Barcelona","datePublished":"2020-05-07T12:01:54+00:00","dateModified":"2024-10-31T08:25:51+00:00","mainEntityOfPage":{"@id":"https:\/\/www.lugaris.com\/ca\/totes-les-obres-de-gaudi-a-barcelona\/"},"wordCount":2198,"commentCount":0,"publisher":{"@id":"https:\/\/www.lugaris.com\/ca\/#organization"},"image":{"@id":"https:\/\/www.lugaris.com\/ca\/totes-les-obres-de-gaudi-a-barcelona\/#primaryimage"},"thumbnailUrl":"https:\/\/www.lugaris.com\/app\/uploads\/2020\/06\/gaudi-1160379_1920.jpg","keywords":["Monumentos de Barcelona","Historia de Barcelona","Cultura en Barcelona","Barrios de Barcelona"],"articleSection":["Barcelona","Ocio en Barcelona"],"inLanguage":"ca","potentialAction":[{"@type":"CommentAction","name":"Comment","target":["https:\/\/www.lugaris.com\/ca\/totes-les-obres-de-gaudi-a-barcelona\/#respond"]}]},{"@type":"WebPage","@id":"https:\/\/www.lugaris.com\/ca\/totes-les-obres-de-gaudi-a-barcelona\/","url":"https:\/\/www.lugaris.com\/ca\/totes-les-obres-de-gaudi-a-barcelona\/","name":"Totes les obres de Gaud\u00ed a Barcelona | Lugaris","isPartOf":{"@id":"https:\/\/www.lugaris.com\/ca\/#website"},"primaryImageOfPage":{"@id":"https:\/\/www.lugaris.com\/ca\/totes-les-obres-de-gaudi-a-barcelona\/#primaryimage"},"image":{"@id":"https:\/\/www.lugaris.com\/ca\/totes-les-obres-de-gaudi-a-barcelona\/#primaryimage"},"thumbnailUrl":"https:\/\/www.lugaris.com\/app\/uploads\/2020\/06\/gaudi-1160379_1920.jpg","datePublished":"2020-05-07T12:01:54+00:00","dateModified":"2024-10-31T08:25:51+00:00","description":"Descobreix totes les obres de Gaud\u00ed a Barcelona i meravella't amb la seva arquitectura \u00fanica i innovadora que defineix la ciutat.","breadcrumb":{"@id":"https:\/\/www.lugaris.com\/ca\/totes-les-obres-de-gaudi-a-barcelona\/#breadcrumb"},"inLanguage":"ca","potentialAction":[{"@type":"ReadAction","target":["https:\/\/www.lugaris.com\/ca\/totes-les-obres-de-gaudi-a-barcelona\/"]}]},{"@type":"ImageObject","inLanguage":"ca","@id":"https:\/\/www.lugaris.com\/ca\/totes-les-obres-de-gaudi-a-barcelona\/#primaryimage","url":"https:\/\/www.lugaris.com\/app\/uploads\/2020\/06\/gaudi-1160379_1920.jpg","contentUrl":"https:\/\/www.lugaris.com\/app\/uploads\/2020\/06\/gaudi-1160379_1920.jpg","width":1000,"height":600},{"@type":"BreadcrumbList","@id":"https:\/\/www.lugaris.com\/ca\/totes-les-obres-de-gaudi-a-barcelona\/#breadcrumb","itemListElement":[{"@type":"ListItem","position":1,"name":"Home","item":"https:\/\/www.lugaris.com\/ca\/"},{"@type":"ListItem","position":2,"name":"Totes les obres de Gaud\u00ed a Barcelona"}]},{"@type":"WebSite","@id":"https:\/\/www.lugaris.com\/ca\/#website","url":"https:\/\/www.lugaris.com\/ca\/","name":"Lugaris","description":"Apartamentos de vacaciones en Barcelona","publisher":{"@id":"https:\/\/www.lugaris.com\/ca\/#organization"},"potentialAction":[{"@type":"SearchAction","target":{"@type":"EntryPoint","urlTemplate":"https:\/\/www.lugaris.com\/ca\/?s={search_term_string}"},"query-input":"required name=search_term_string"}],"inLanguage":"ca"},{"@type":"Organization","@id":"https:\/\/www.lugaris.com\/ca\/#organization","name":"Lugaris Apartments in Barcelona","url":"https:\/\/www.lugaris.com\/ca\/","logo":{"@type":"ImageObject","inLanguage":"ca","@id":"https:\/\/www.lugaris.com\/ca\/#\/schema\/logo\/image\/","url":"https:\/\/www.lugaris.com\/app\/uploads\/2020\/03\/Logo_lugaris_v2.png","contentUrl":"https:\/\/www.lugaris.com\/app\/uploads\/2020\/03\/Logo_lugaris_v2.png","width":285,"height":257,"caption":"Lugaris Apartments in Barcelona"},"image":{"@id":"https:\/\/www.lugaris.com\/ca\/#\/schema\/logo\/image\/"}},{"@type":"Person","@id":"https:\/\/www.lugaris.com\/ca\/#\/schema\/person\/fb23f8f2dbb02cd53d6d92029e4ddd57","name":"Roberto Bordi","image":{"@type":"ImageObject","inLanguage":"ca","@id":"https:\/\/www.lugaris.com\/ca\/#\/schema\/person\/image\/","url":"https:\/\/www.lugaris.com\/app\/litespeed\/avatar\/dd7d954dea1d9cebdc71d83b676d531c.jpg?ver=1776865099","contentUrl":"https:\/\/www.lugaris.com\/app\/litespeed\/avatar\/dd7d954dea1d9cebdc71d83b676d531c.jpg?ver=1776865099","caption":"Roberto Bordi"}}]}},"uagb_featured_image_src":{"full":["https:\/\/www.lugaris.com\/app\/uploads\/2020\/06\/gaudi-1160379_1920.jpg",1000,600,false],"thumbnail":["https:\/\/www.lugaris.com\/app\/uploads\/2020\/06\/gaudi-1160379_1920-150x150.jpg",150,150,true],"medium":["https:\/\/www.lugaris.com\/app\/uploads\/2020\/06\/gaudi-1160379_1920-300x180.jpg",300,180,true],"medium_large":["https:\/\/www.lugaris.com\/app\/uploads\/2020\/06\/gaudi-1160379_1920-768x461.jpg",768,461,true],"large":["https:\/\/www.lugaris.com\/app\/uploads\/2020\/06\/gaudi-1160379_1920.jpg",1000,600,false],"1536x1536":["https:\/\/www.lugaris.com\/app\/uploads\/2020\/06\/gaudi-1160379_1920.jpg",1000,600,false],"2048x2048":["https:\/\/www.lugaris.com\/app\/uploads\/2020\/06\/gaudi-1160379_1920.jpg",1000,600,false]},"uagb_author_info":{"display_name":"Roberto Bordi","author_link":"https:\/\/www.lugaris.com\/ca\/author\/rbb2-performance-es\/"},"uagb_comment_info":0,"uagb_excerpt":"Un dels grans reclams de la ciutat de Barcelona \u00e9s, sens dubte, el seu arquitecte m\u00e9s conegut a nivell mundial: Antoni Gaud\u00ed. Nascut a la ciutat catalana de Reus l'any 1852, va ser un dels artistes m\u00e9s prol\u00edfics del moviment arquitect\u00f2nic modernista.","_links":{"self":[{"href":"https:\/\/www.lugaris.com\/ca\/wp-json\/wp\/v2\/posts\/24557"}],"collection":[{"href":"https:\/\/www.lugaris.com\/ca\/wp-json\/wp\/v2\/posts"}],"about":[{"href":"https:\/\/www.lugaris.com\/ca\/wp-json\/wp\/v2\/types\/post"}],"author":[{"embeddable":true,"href":"https:\/\/www.lugaris.com\/ca\/wp-json\/wp\/v2\/users\/4"}],"replies":[{"embeddable":true,"href":"https:\/\/www.lugaris.com\/ca\/wp-json\/wp\/v2\/comments?post=24557"}],"version-history":[{"count":2,"href":"https:\/\/www.lugaris.com\/ca\/wp-json\/wp\/v2\/posts\/24557\/revisions"}],"predecessor-version":[{"id":24562,"href":"https:\/\/www.lugaris.com\/ca\/wp-json\/wp\/v2\/posts\/24557\/revisions\/24562"}],"wp:featuredmedia":[{"embeddable":true,"href":"https:\/\/www.lugaris.com\/ca\/wp-json\/wp\/v2\/media\/5975"}],"wp:attachment":[{"href":"https:\/\/www.lugaris.com\/ca\/wp-json\/wp\/v2\/media?parent=24557"}],"wp:term":[{"taxonomy":"category","embeddable":true,"href":"https:\/\/www.lugaris.com\/ca\/wp-json\/wp\/v2\/categories?post=24557"},{"taxonomy":"post_tag","embeddable":true,"href":"https:\/\/www.lugaris.com\/ca\/wp-json\/wp\/v2\/tags?post=24557"}],"curies":[{"name":"wp","href":"https:\/\/api.w.org\/{rel}","templated":true}]}}