{"id":24576,"date":"2020-05-07T11:57:41","date_gmt":"2020-05-07T11:57:41","guid":{"rendered":"https:\/\/www.lugaris.com\/12-casas-historicas-de-barcelona-abiertas-al-publico\/"},"modified":"2024-10-31T08:52:13","modified_gmt":"2024-10-31T08:52:13","slug":"12-casas-historicas-de-barcelona-abiertas-al-publico","status":"publish","type":"post","link":"https:\/\/www.lugaris.com\/ca\/12-casas-historicas-de-barcelona-abiertas-al-publico\/","title":{"rendered":"12 casas hist\u00f3ricas de Barcelona abiertas al p\u00fablico"},"content":{"rendered":"\n<p class=\"\">Quan es visita Barcelona per primera vegada, \u00e9s inevitable dedicar la major part del temps a con\u00e8ixer els seus edificis m\u00e9s emblem\u00e0tics, com la <strong>Sagrada Fam\u00edlia<\/strong>, la catedral o la bas\u00edlica de Santa Maria del Mar. I, tot i que qualsevol d&#8217;ells et deixar\u00e0 sense al\u00e8, aix\u00f2 implica passar per alt un aspecte no menys interessant: descobrir com ha evolucionat el dia a dia dels habitants de la Ciutat Condal. Per tal de posar-hi remei, t\u2019invitem a endinsar-te en <strong>12 cases hist\u00f2riques de Barcelona<\/strong> que estan obertes al p\u00fablic.<\/p>\n\n\n\n<p class=\"\">Des dels nostres <strong><a href=\"https:\/\/www.lugaris.com\/ca\/lugaris-beach\/\">apartaments a la platja de Barcelona<\/a><\/strong>, t resultar\u00e0 molt senzill apropar-te a les construccions que et proposem a continuaci\u00f3. Totes elles et faran viatjar en el temps, des de l&#8217;\u00e8poca romana fins al modernisme, i t&#8217;ajudaran a familiaritzar-te amb la vida quotidiana dels antics barcelonins. <strong>Ens acompanyes?<\/strong><\/p>\n\n\n\n<h3 class=\"wp-block-heading\">CASA AMATLLER<\/h3>\n\n\n\n<p class=\"\">Situada al n\u00famero <strong>41<\/strong> del <strong>passeig de Gr\u00e0cia<\/strong>, la <strong>Casa Amatller<\/strong> \u00e9s un dels treballs m\u00e9s notables de <strong>Josep Puig i Cadafalch<\/strong>, qui es va ocupar del projecte de <strong>1898<\/strong> a <strong>1900<\/strong> (en realitat, es tracta de la reforma d&#8217;una finca de <strong>1875<\/strong>). La casa va ser un enc\u00e0rrec de l&#8217;industrial del <strong>xocolata<\/strong> Antoni Amatller, qui utilitzaria aquest palau modernista com a resid\u00e8ncia. Una vegada all\u00e0, et recomanem que no et perdis la deliciosa decoraci\u00f3 escult\u00f2rica de la fa\u00e7ana, obra d&#8217;<strong>Eusebi Arnau<\/strong>, on destaquen dues portes asim\u00e8triques enlla\u00e7ades per un <strong>Sant Jordi<\/strong>, ni els elements de forja. Des de <strong>1960<\/strong>, la casa dep\u00e8n de l&#8217;<strong>Institut Amatller d&#8217;Art Hisp\u00e0nic<\/strong>, i va ser declarada monument hist\u00f2ric-art\u00edstic el <strong>9 de gener de 1976<\/strong>. Des de <strong>2015<\/strong>, la casa es pot visitar per dins.<\/p>\n\n\n\n<figure class=\"wp-block-image\"><img decoding=\"async\" src=\"https:\/\/www.lugaris.com\/wp-content\/uploads\/2018\/07\/Casa-Amatller.jpg\" alt=\"\"\/><\/figure>\n\n\n\n<h2 class=\"wp-block-heading\">CASA BATLL\u00d3<\/h2>\n\n\n\n<p class=\"\">Ubicada al passeig de Gr\u00e0cia, 43, al costat de la Casa Amatller, aquest espectacular edifici modernista \u00e9s el resultat d&#8217;una reforma realitzada per Gaud\u00ed entre 1904 i 1907 a un anod\u00ed bloc de vivendes. El projecte, que \u00e9s B\u00e9 d&#8217;Inter\u00e8s Cultural des de 1969, va ser impulsat per Josep Batll\u00f3 i Casanovas, un empresari t\u00e8xtil vinculat amb la fam\u00edlia God\u00f3 per matrimoni. La seva part m\u00e9s coneguda \u00e9s la fa\u00e7ana, considerada com una de les m\u00e9s creatives i originals dels treballs del geni de Reus. En ella es combinen la pedra, el ferro forjat, el mosaic i la cer\u00e0mica policromada. Una curiositat: la peculiar forma de les columnes que decoren els finestrals del pis principal, amb forma d&#8217;os, li ha valgut el sobrenom de la <strong>Casa dels Ossos<\/strong>. Si vols saber m\u00e9s, tamb\u00e9 pots consultar el nostre article sobre totes les <strong>obres de Gaud\u00ed a Barcelona.<\/strong><\/p>\n\n\n\n<figure class=\"wp-block-image\"><img decoding=\"async\" src=\"https:\/\/www.lugaris.com\/wp-content\/uploads\/2018\/07\/Casa_Batll%C3%B3.jpg\" alt=\"\"\/><\/figure>\n\n\n\n<h2 class=\"wp-block-heading\">CASA DE LA SEDA<\/h2>\n\n\n\n<p class=\"\">El n\u00famero 1 de la calle de Sant Pere m\u00e9s Alt, en ple centre hist\u00f2ric de Barcelona, acull<strong> l&#8217;antiga seu del Gremi de Veleros de Barcelona, <\/strong>un col\u00b7lectiu que va adoptar mesures importants per al sector t\u00e8xtil catal\u00e0 fa tres segles. El 1919, la Casa de la Seda va ser declarada Monument d&#8217;Inter\u00e8s Nacional i el 1929 va guanyar la Medalla d&#8217;Or de la Ciutat de Barcelona. L&#8217;elegant interior de l&#8217;edifici, en el qual destaca la Sala Magna, es pot visitar mitjan\u00e7ant visites guiades, algunes d&#8217;elles teatralitzades. \u00bfA\u00fan no ho has vist?<\/p>\n\n\n\n<figure class=\"wp-block-image\"><img decoding=\"async\" src=\"https:\/\/www.lugaris.com\/wp-content\/uploads\/2018\/07\/Casa-de-la-Seda.jpg\" alt=\"\"\/><\/figure>\n\n\n\n<h2 class=\"wp-block-heading\">CASA ELIZALDE<\/h2>\n\n\n\n<p class=\"\">Ubicada al n\u00famero 302 del carrer de Val\u00e8ncia, \u00e9s un palacete projectat el 1888 per l&#8217;arquitecte Emili Sala i Cort\u00e9s com a domicili particular. No obstant aix\u00f2, no tardaria a convertir-se en<strong> la seu de les oficines d&#8217;Elizalde, S.A<\/strong>., una de<strong> les principals empreses automobil\u00edstiques espanyoles de principis del segle XX.<\/strong> El 1978, l&#8217;Ajuntament de Barcelona va intentar salvar de la ru\u00efna l&#8217;edifici, incloent-lo en el Cat\u00e0leg del Patrimoni Arquitect\u00f2nic i adquirint-lo tres anys despr\u00e9s. Actualment, la Casa Elizalde d\u00f3na cabuda a un centre cultural.<\/p>\n\n\n\n<figure class=\"wp-block-image\"><img decoding=\"async\" src=\"https:\/\/www.lugaris.com\/wp-content\/uploads\/2018\/07\/Casa_Elizalde.jpg\" alt=\"\"\/><\/figure>\n\n\n\n<h2 class=\"wp-block-heading\">CASA VICENS<\/h2>\n\n\n\n<p class=\"\">El carrer de les Carolines, 18-24, acull un dels majors tresors del modernisme catal\u00e0: el<strong> primer projecte d&#8217;import\u00e0ncia de l&#8217;arquitecte<\/strong> despr\u00e9s de llicenciar-se com a arquitecte el 1878. La inspiraci\u00f3 de Gaud\u00ed per aquesta obra va ser l&#8217;estil neomud\u00e8jar, constru\u00efda entre 1883 i 1888. Aquesta vivenda destaca per la seva delicada decoraci\u00f3 a base de motius florals de cer\u00e0mica. El 2005, va entrar a formar part del <strong>Patrimoni de la Humanitat de la UNESCO <\/strong>i est\u00e0 oberta al p\u00fablic des de la tardor de 2017.<\/p>\n\n\n\n<figure class=\"wp-block-image\"><img decoding=\"async\" src=\"https:\/\/www.lugaris.com\/wp-content\/uploads\/2018\/07\/casa_vicens.jpg\" alt=\"\"\/><\/figure>\n\n\n\n<h2 class=\"wp-block-heading\">CASA MIL\u00c0 (LA PEDRERA)<\/h2>\n\n\n\n<p class=\"\">Al n\u00famero 261-265 del carrer de Proven\u00e7a, asomant-se al passeig de Gr\u00e0cia, obre les portes La Pedrera, declarada <strong>Patrimoni de la Humanitat per la UNESCO el 1984<\/strong> i una de les obres mestres de Gaud\u00ed. La casa, que es va construir entre 1906 i 1912, va ser un enc\u00e0rrec de l&#8217;empresari Pere Mil\u00e0 i Camps i de la seva esposa, Roser Segimon. La seva fa\u00e7ana ondulant, els seus bonics balcons de forja i les impressionants xemeneies que rematen la terrassa fan d&#8217;aquest lloc un <strong>must<\/strong> durant la teva visita a Barcelona.<\/p>\n\n\n\n<figure class=\"wp-block-image\"><img decoding=\"async\" src=\"https:\/\/www.lugaris.com\/wp-content\/uploads\/2018\/07\/Casa_Mil%C3%A0_La_Pedrera.jpg\" alt=\"\"\/><\/figure>\n\n\n\n<h2 class=\"wp-block-heading\">CASA TERRADAS (O CASA DE LES PUNXES)&nbsp;<\/h2>\n\n\n\n<p class=\"\">\u00c9sta \u00e9s una de les obres m\u00e9s famoses de Josep Puig i Cadafalch. Situada a l&#8217;avinguda Diagonal, 416-420, aquest castell d&#8217;aire neog\u00f2tic i modernista (1905) va ser un enc\u00e0rrec de Bartomeu Terradas i Brutau per a les seves tres germanes: \u00c0ngela, Josefa i Rosa. Sens dubte, el seu element m\u00e9s representatiu s\u00f3n les seves <strong>sis torres punxegudes<\/strong>, rematades per agulles de forma c\u00f2nica. Tot i que l&#8217;interior no conserva decoraci\u00f3 de l&#8217;\u00e8poca, la visita ofereix material audiovisual sobre la llegenda de Sant Jordi. Tamb\u00e9 es pot pujar a la terrassa.<\/p>\n\n\n\n<figure class=\"wp-block-image size-large\"><img fetchpriority=\"high\" decoding=\"async\" width=\"1000\" height=\"600\" src=\"https:\/\/www.lugaris.com\/app\/uploads\/2020\/06\/Casa_Punxes-1.jpg\" alt=\"\" class=\"wp-image-5933\" srcset=\"https:\/\/www.lugaris.com\/app\/uploads\/2020\/06\/Casa_Punxes-1.jpg 1000w, https:\/\/www.lugaris.com\/app\/uploads\/2020\/06\/Casa_Punxes-1-300x180.jpg 300w, https:\/\/www.lugaris.com\/app\/uploads\/2020\/06\/Casa_Punxes-1-768x461.jpg 768w\" sizes=\"(max-width: 1000px) 100vw, 1000px\" \/><\/figure>\n\n\n\n<h2 class=\"wp-block-heading\">DOMUS AVINY\u00d3<\/h2>\n\n\n\n<p class=\"\">Oberta al p\u00fablic a la primavera de 2015, aquesta antiga casa romana est\u00e0 ubicada al costat de l&#8217;antiga muralla de Barcino, datada entre els segles I i IV d.C. El seu element m\u00e9s remarcable \u00e9s el<strong> ric conjunt de pintures que exhibeixen els seus murs i les seves parets.<\/strong> De fet, \u00e9s aqu\u00ed on s&#8217;ha recuperat el mosaic m\u00e9s impressionant de l&#8217;antiga urbs fundada en temps de C\u00e8sar August. La trobar\u00e0s al carrer d&#8217;Aviny\u00f3, 15, en ple barri G\u00f2tic.<\/p>\n\n\n\n<figure class=\"wp-block-image size-large\"><img decoding=\"async\" width=\"1024\" height=\"768\" src=\"https:\/\/www.lugaris.com\/app\/uploads\/2020\/06\/Domus_Aviny\u00f3.jpg\" alt=\"\" class=\"wp-image-5913\" srcset=\"https:\/\/www.lugaris.com\/app\/uploads\/2020\/06\/Domus_Aviny\u00f3.jpg 1024w, https:\/\/www.lugaris.com\/app\/uploads\/2020\/06\/Domus_Aviny\u00f3-300x225.jpg 300w, https:\/\/www.lugaris.com\/app\/uploads\/2020\/06\/Domus_Aviny\u00f3-768x576.jpg 768w\" sizes=\"(max-width: 1024px) 100vw, 1024px\" \/><\/figure>\n\n\n\n<h2 class=\"wp-block-heading\">DOMUS DE SANT HONORAT<\/h2>\n\n\n\n<p class=\"\">En aquest espai arqueol\u00f2gic conviuen, en un mateix jaciment, vestigis de la Barcino romana del segle IV i restes dels segles XIII i XIV d&#8217;una casa del Call, el barri jueu de la Barcelona medieval. A l&#8217;interior encara es distingeixen alguns <strong>silos medievals<\/strong>, destinats a l&#8217;emmagatzematge del gra, aix\u00ed com mosaics de l&#8217;\u00e8poca romana. Toma nota de la direcci\u00f3: carrer de la Fruita, 2.<\/p>\n\n\n\n<figure class=\"wp-block-image\"><img decoding=\"async\" src=\"https:\/\/www.lugaris.com\/wp-content\/uploads\/2018\/07\/Domus_Sant_Honorat.jpg\" alt=\"\"\/><\/figure>\n\n\n\n<h2 class=\"wp-block-heading\">PALAU G\u00dcELL<\/h2>\n\n\n\n<p class=\"\">Situat al carrer Nou de la Rambla, 3-5, aquest palau creat entre 1886 i 1890 \u00e9s una de les majors joies del barri del Raval. El seu promotor va ser l&#8217;empresari i mecenes barcelon\u00ed Eusebi G\u00fcell, qui va confiar al seu amic Gaud\u00ed una resid\u00e8ncia familiar que havia de ser tamb\u00e9 un punt de trobada de la burgesia. \u00c9s la <strong>primera obra de gran envergadura que G\u00fcell va encarregar a Gaud\u00ed<\/strong>, i destaca per com l&#8217;arquitecte va concebre l&#8217;espai i la llum. El 1984, el palau va ser incl\u00f2s a la llista del <strong>Patrimoni de la Humanitat de la UNESCO.<\/strong><\/p>\n\n\n\n<figure class=\"wp-block-image\"><img decoding=\"async\" src=\"https:\/\/www.lugaris.com\/wp-content\/uploads\/2018\/07\/Palau_Guell.jpg\" alt=\"\"\/><\/figure>\n\n\n\n<h2 class=\"wp-block-heading\">PALAU RECASENS<\/h2>\n\n\n\n<p class=\"\">Declarat B\u00e9 d&#8217;Inter\u00e8s Cultural, el Palau Requesens es troba situat al costat de l&#8217;esgl\u00e9sia de Sant Just, al barri G\u00f2tic. Tamb\u00e9 conegut com el palau de la Comtessa de Palam\u00f3s, va arribar a ser el <strong>palau privat m\u00e9s gran de la Barcelona medieval. <\/strong>Avui \u00e9s seu de la Real Acad\u00e8mia de Bones Lletres i es pot visitar. Aquesta meravella obre les seves portes al carrer del Bisbe Ca\u00e7ador, 3.<\/p>\n\n\n\n<figure class=\"wp-block-image\"><img decoding=\"async\" src=\"https:\/\/www.lugaris.com\/wp-content\/uploads\/2018\/07\/Palau_Recasens.jpg\" alt=\"\"\/><\/figure>\n\n\n\n<h2 class=\"wp-block-heading\">TORRE DE BELLESGUARD O CASA FIGUERAS<\/h2>\n\n\n\n<p class=\"\">Malgrat el seu innegable atractiu, aquesta torre \u00e9s una de les obres m\u00e9s desconegudes<strong> d&#8217;Antoni Gaud\u00ed, <\/strong>qui la va aixecar entre 1900 i 1909 al peu de la muntanya del Tibidabo (c\/ Bellesguard, 16-20). Declarada B\u00e9 Cultural d&#8217;Inter\u00e8s Nacional el 1969, la torre de Bellesguard combina elements g\u00f2tics i modernistes, distribu\u00efts en un edifici de planta quadrada, amb planta baixa, tres pisos i una buhardilla. El 1909, Gaud\u00ed va abandonar el projecte, que va ser completat el 1917 per Dom\u00e8nec Sugra\u00f1es, autor del disseny de la porta, els bancs de cer\u00e0mica i els mosaics de pedra natural.<strong> La casa s&#8217;al\u00e7a en el lloc que va albergar el castell del rei Mart\u00ed I el Hum\u00e0<\/strong> (1356-1410). Actualment, \u00e9s una propietat privada que admet visites guiades des de setembre de 2013.<\/p>\n\n\n\n<figure class=\"wp-block-image\"><img decoding=\"async\" src=\"https:\/\/www.lugaris.com\/wp-content\/uploads\/2018\/07\/Torre_Bellesguard.jpg\" alt=\"\"\/><\/figure>\n\n\n\n<p class=\"\"><strong>Qu\u00e8 et sembla aquesta selecci\u00f3?<\/strong> Si desitges ampliar la llista, no dubtis a fer la teva aportaci\u00f3. <strong>Ens encantar\u00e0 con\u00e8ixer-la!<\/strong><\/p>\n\n\n<section class=\"blocks__extra-info \" id=\"nuestros-apartamentos-en-barcelona\">\n    <h3>NUESTROS APARTAMENTOS EN BARCELONA<\/h3>\n\n    <div class=\"blocks__extra-info__list\">\n            <\/div>\n\n        <div class=\"blocks__extra-info__content__container\">\n            <\/div>\n\n    <span class=\"blocks__extra-info__list__button__left prev\"><\/span>\n    <span class=\"blocks__extra-info__list__button__right next\"><\/span>\n    <\/section>\n","protected":false},"excerpt":{"rendered":"<p>Quan es visita Barcelona per primera vegada, \u00e9s inevitable dedicar la major part del temps a con\u00e8ixer els seus edificis m\u00e9s emblem\u00e0tics, com la Sagrada Fam\u00edlia, la catedral o la bas\u00edlica de Santa Maria del Mar. I, tot i que qualsevol d&#8217;ells et deixar\u00e0 sense al\u00e8, aix\u00f2 implica passar per alt un aspecte no menys interessant: descobrir com ha evolucionat el dia a dia dels habitants de la Ciutat Condal. Per tal de posar-hi remei, t\u2019invitem a endinsar-te en 12 cases hist\u00f2riques de Barcelona que estan obertes al p\u00fablic.<\/p>\n","protected":false},"author":4,"featured_media":5940,"comment_status":"open","ping_status":"open","sticky":false,"template":"","format":"standard","meta":{"_uag_custom_page_level_css":"","footnotes":""},"categories":[667,668],"tags":[686,681,682,671],"yoast_head":"<!-- This site is optimized with the Yoast SEO plugin v23.1 - https:\/\/yoast.com\/wordpress\/plugins\/seo\/ -->\n<title>12 casas hist\u00f3ricas de Barcelona abiertas al p\u00fablico | Lugaris<\/title>\n<meta name=\"description\" content=\"Descobreix les cases hist\u00f2riques de Barcelona m\u00e9s boniques. Horaris, preus i punts d&#039;inter\u00e8s. Tot el que necessites saber!\" \/>\n<meta name=\"robots\" content=\"index, follow, max-snippet:-1, max-image-preview:large, max-video-preview:-1\" \/>\n<link rel=\"canonical\" href=\"https:\/\/www.lugaris.com\/ca\/12-casas-historicas-de-barcelona-abiertas-al-publico\/\" \/>\n<meta property=\"og:locale\" content=\"ca_ES\" \/>\n<meta property=\"og:type\" content=\"article\" \/>\n<meta property=\"og:title\" content=\"12 casas hist\u00f3ricas de Barcelona abiertas al p\u00fablico | Lugaris\" \/>\n<meta property=\"og:description\" content=\"Descobreix les cases hist\u00f2riques de Barcelona m\u00e9s boniques. Horaris, preus i punts d&#039;inter\u00e8s. Tot el que necessites saber!\" \/>\n<meta property=\"og:url\" content=\"https:\/\/www.lugaris.com\/ca\/12-casas-historicas-de-barcelona-abiertas-al-publico\/\" \/>\n<meta property=\"og:site_name\" content=\"Lugaris\" \/>\n<meta property=\"article:published_time\" content=\"2020-05-07T11:57:41+00:00\" \/>\n<meta property=\"article:modified_time\" content=\"2024-10-31T08:52:13+00:00\" \/>\n<meta property=\"og:image\" content=\"https:\/\/www.lugaris.com\/app\/uploads\/2020\/05\/Casa_Punxes.jpg\" \/>\n\t<meta property=\"og:image:width\" content=\"1000\" \/>\n\t<meta property=\"og:image:height\" content=\"600\" \/>\n\t<meta property=\"og:image:type\" content=\"image\/jpeg\" \/>\n<meta name=\"author\" content=\"Roberto Bordi\" \/>\n<meta name=\"twitter:card\" content=\"summary_large_image\" \/>\n<meta name=\"twitter:label1\" content=\"Written by\" \/>\n\t<meta name=\"twitter:data1\" content=\"Roberto Bordi\" \/>\n\t<meta name=\"twitter:label2\" content=\"Est. reading time\" \/>\n\t<meta name=\"twitter:data2\" content=\"9 minutes\" \/>\n<script type=\"application\/ld+json\" class=\"yoast-schema-graph\">{\"@context\":\"https:\/\/schema.org\",\"@graph\":[{\"@type\":\"Article\",\"@id\":\"https:\/\/www.lugaris.com\/ca\/12-casas-historicas-de-barcelona-abiertas-al-publico\/#article\",\"isPartOf\":{\"@id\":\"https:\/\/www.lugaris.com\/ca\/12-casas-historicas-de-barcelona-abiertas-al-publico\/\"},\"author\":{\"name\":\"Roberto Bordi\",\"@id\":\"https:\/\/www.lugaris.com\/ca\/#\/schema\/person\/fb23f8f2dbb02cd53d6d92029e4ddd57\"},\"headline\":\"12 casas hist\u00f3ricas de Barcelona abiertas al p\u00fablico\",\"datePublished\":\"2020-05-07T11:57:41+00:00\",\"dateModified\":\"2024-10-31T08:52:13+00:00\",\"mainEntityOfPage\":{\"@id\":\"https:\/\/www.lugaris.com\/ca\/12-casas-historicas-de-barcelona-abiertas-al-publico\/\"},\"wordCount\":1424,\"commentCount\":0,\"publisher\":{\"@id\":\"https:\/\/www.lugaris.com\/ca\/#organization\"},\"image\":{\"@id\":\"https:\/\/www.lugaris.com\/ca\/12-casas-historicas-de-barcelona-abiertas-al-publico\/#primaryimage\"},\"thumbnailUrl\":\"https:\/\/www.lugaris.com\/app\/uploads\/2020\/05\/Casa_Punxes.jpg\",\"keywords\":[\"Monumentos de Barcelona\",\"Historia de Barcelona\",\"Cultura en Barcelona\",\"Alrededores de Barcelona\"],\"articleSection\":[\"Barcelona\",\"Ocio en Barcelona\"],\"inLanguage\":\"ca\",\"potentialAction\":[{\"@type\":\"CommentAction\",\"name\":\"Comment\",\"target\":[\"https:\/\/www.lugaris.com\/ca\/12-casas-historicas-de-barcelona-abiertas-al-publico\/#respond\"]}]},{\"@type\":\"WebPage\",\"@id\":\"https:\/\/www.lugaris.com\/ca\/12-casas-historicas-de-barcelona-abiertas-al-publico\/\",\"url\":\"https:\/\/www.lugaris.com\/ca\/12-casas-historicas-de-barcelona-abiertas-al-publico\/\",\"name\":\"12 casas hist\u00f3ricas de Barcelona abiertas al p\u00fablico | Lugaris\",\"isPartOf\":{\"@id\":\"https:\/\/www.lugaris.com\/ca\/#website\"},\"primaryImageOfPage\":{\"@id\":\"https:\/\/www.lugaris.com\/ca\/12-casas-historicas-de-barcelona-abiertas-al-publico\/#primaryimage\"},\"image\":{\"@id\":\"https:\/\/www.lugaris.com\/ca\/12-casas-historicas-de-barcelona-abiertas-al-publico\/#primaryimage\"},\"thumbnailUrl\":\"https:\/\/www.lugaris.com\/app\/uploads\/2020\/05\/Casa_Punxes.jpg\",\"datePublished\":\"2020-05-07T11:57:41+00:00\",\"dateModified\":\"2024-10-31T08:52:13+00:00\",\"description\":\"Descobreix les cases hist\u00f2riques de Barcelona m\u00e9s boniques. Horaris, preus i punts d'inter\u00e8s. Tot el que necessites saber!\",\"breadcrumb\":{\"@id\":\"https:\/\/www.lugaris.com\/ca\/12-casas-historicas-de-barcelona-abiertas-al-publico\/#breadcrumb\"},\"inLanguage\":\"ca\",\"potentialAction\":[{\"@type\":\"ReadAction\",\"target\":[\"https:\/\/www.lugaris.com\/ca\/12-casas-historicas-de-barcelona-abiertas-al-publico\/\"]}]},{\"@type\":\"ImageObject\",\"inLanguage\":\"ca\",\"@id\":\"https:\/\/www.lugaris.com\/ca\/12-casas-historicas-de-barcelona-abiertas-al-publico\/#primaryimage\",\"url\":\"https:\/\/www.lugaris.com\/app\/uploads\/2020\/05\/Casa_Punxes.jpg\",\"contentUrl\":\"https:\/\/www.lugaris.com\/app\/uploads\/2020\/05\/Casa_Punxes.jpg\",\"width\":1000,\"height\":600},{\"@type\":\"BreadcrumbList\",\"@id\":\"https:\/\/www.lugaris.com\/ca\/12-casas-historicas-de-barcelona-abiertas-al-publico\/#breadcrumb\",\"itemListElement\":[{\"@type\":\"ListItem\",\"position\":1,\"name\":\"Home\",\"item\":\"https:\/\/www.lugaris.com\/ca\/\"},{\"@type\":\"ListItem\",\"position\":2,\"name\":\"12 casas hist\u00f3ricas de Barcelona abiertas al p\u00fablico\"}]},{\"@type\":\"WebSite\",\"@id\":\"https:\/\/www.lugaris.com\/ca\/#website\",\"url\":\"https:\/\/www.lugaris.com\/ca\/\",\"name\":\"Lugaris\",\"description\":\"Apartamentos de vacaciones en Barcelona\",\"publisher\":{\"@id\":\"https:\/\/www.lugaris.com\/ca\/#organization\"},\"potentialAction\":[{\"@type\":\"SearchAction\",\"target\":{\"@type\":\"EntryPoint\",\"urlTemplate\":\"https:\/\/www.lugaris.com\/ca\/?s={search_term_string}\"},\"query-input\":\"required name=search_term_string\"}],\"inLanguage\":\"ca\"},{\"@type\":\"Organization\",\"@id\":\"https:\/\/www.lugaris.com\/ca\/#organization\",\"name\":\"Lugaris Apartments in Barcelona\",\"url\":\"https:\/\/www.lugaris.com\/ca\/\",\"logo\":{\"@type\":\"ImageObject\",\"inLanguage\":\"ca\",\"@id\":\"https:\/\/www.lugaris.com\/ca\/#\/schema\/logo\/image\/\",\"url\":\"https:\/\/www.lugaris.com\/app\/uploads\/2020\/03\/Logo_lugaris_v2.png\",\"contentUrl\":\"https:\/\/www.lugaris.com\/app\/uploads\/2020\/03\/Logo_lugaris_v2.png\",\"width\":285,\"height\":257,\"caption\":\"Lugaris Apartments in Barcelona\"},\"image\":{\"@id\":\"https:\/\/www.lugaris.com\/ca\/#\/schema\/logo\/image\/\"}},{\"@type\":\"Person\",\"@id\":\"https:\/\/www.lugaris.com\/ca\/#\/schema\/person\/fb23f8f2dbb02cd53d6d92029e4ddd57\",\"name\":\"Roberto Bordi\",\"image\":{\"@type\":\"ImageObject\",\"inLanguage\":\"ca\",\"@id\":\"https:\/\/www.lugaris.com\/ca\/#\/schema\/person\/image\/\",\"url\":\"https:\/\/www.lugaris.com\/app\/litespeed\/avatar\/dd7d954dea1d9cebdc71d83b676d531c.jpg?ver=1777470838\",\"contentUrl\":\"https:\/\/www.lugaris.com\/app\/litespeed\/avatar\/dd7d954dea1d9cebdc71d83b676d531c.jpg?ver=1777470838\",\"caption\":\"Roberto Bordi\"}}]}<\/script>\n<!-- \/ Yoast SEO plugin. -->","yoast_head_json":{"title":"12 casas hist\u00f3ricas de Barcelona abiertas al p\u00fablico | Lugaris","description":"Descobreix les cases hist\u00f2riques de Barcelona m\u00e9s boniques. Horaris, preus i punts d'inter\u00e8s. Tot el que necessites saber!","robots":{"index":"index","follow":"follow","max-snippet":"max-snippet:-1","max-image-preview":"max-image-preview:large","max-video-preview":"max-video-preview:-1"},"canonical":"https:\/\/www.lugaris.com\/ca\/12-casas-historicas-de-barcelona-abiertas-al-publico\/","og_locale":"ca_ES","og_type":"article","og_title":"12 casas hist\u00f3ricas de Barcelona abiertas al p\u00fablico | Lugaris","og_description":"Descobreix les cases hist\u00f2riques de Barcelona m\u00e9s boniques. Horaris, preus i punts d'inter\u00e8s. Tot el que necessites saber!","og_url":"https:\/\/www.lugaris.com\/ca\/12-casas-historicas-de-barcelona-abiertas-al-publico\/","og_site_name":"Lugaris","article_published_time":"2020-05-07T11:57:41+00:00","article_modified_time":"2024-10-31T08:52:13+00:00","og_image":[{"width":1000,"height":600,"url":"https:\/\/www.lugaris.com\/app\/uploads\/2020\/05\/Casa_Punxes.jpg","type":"image\/jpeg"}],"author":"Roberto Bordi","twitter_card":"summary_large_image","twitter_misc":{"Written by":"Roberto Bordi","Est. reading time":"9 minutes"},"schema":{"@context":"https:\/\/schema.org","@graph":[{"@type":"Article","@id":"https:\/\/www.lugaris.com\/ca\/12-casas-historicas-de-barcelona-abiertas-al-publico\/#article","isPartOf":{"@id":"https:\/\/www.lugaris.com\/ca\/12-casas-historicas-de-barcelona-abiertas-al-publico\/"},"author":{"name":"Roberto Bordi","@id":"https:\/\/www.lugaris.com\/ca\/#\/schema\/person\/fb23f8f2dbb02cd53d6d92029e4ddd57"},"headline":"12 casas hist\u00f3ricas de Barcelona abiertas al p\u00fablico","datePublished":"2020-05-07T11:57:41+00:00","dateModified":"2024-10-31T08:52:13+00:00","mainEntityOfPage":{"@id":"https:\/\/www.lugaris.com\/ca\/12-casas-historicas-de-barcelona-abiertas-al-publico\/"},"wordCount":1424,"commentCount":0,"publisher":{"@id":"https:\/\/www.lugaris.com\/ca\/#organization"},"image":{"@id":"https:\/\/www.lugaris.com\/ca\/12-casas-historicas-de-barcelona-abiertas-al-publico\/#primaryimage"},"thumbnailUrl":"https:\/\/www.lugaris.com\/app\/uploads\/2020\/05\/Casa_Punxes.jpg","keywords":["Monumentos de Barcelona","Historia de Barcelona","Cultura en Barcelona","Alrededores de Barcelona"],"articleSection":["Barcelona","Ocio en Barcelona"],"inLanguage":"ca","potentialAction":[{"@type":"CommentAction","name":"Comment","target":["https:\/\/www.lugaris.com\/ca\/12-casas-historicas-de-barcelona-abiertas-al-publico\/#respond"]}]},{"@type":"WebPage","@id":"https:\/\/www.lugaris.com\/ca\/12-casas-historicas-de-barcelona-abiertas-al-publico\/","url":"https:\/\/www.lugaris.com\/ca\/12-casas-historicas-de-barcelona-abiertas-al-publico\/","name":"12 casas hist\u00f3ricas de Barcelona abiertas al p\u00fablico | Lugaris","isPartOf":{"@id":"https:\/\/www.lugaris.com\/ca\/#website"},"primaryImageOfPage":{"@id":"https:\/\/www.lugaris.com\/ca\/12-casas-historicas-de-barcelona-abiertas-al-publico\/#primaryimage"},"image":{"@id":"https:\/\/www.lugaris.com\/ca\/12-casas-historicas-de-barcelona-abiertas-al-publico\/#primaryimage"},"thumbnailUrl":"https:\/\/www.lugaris.com\/app\/uploads\/2020\/05\/Casa_Punxes.jpg","datePublished":"2020-05-07T11:57:41+00:00","dateModified":"2024-10-31T08:52:13+00:00","description":"Descobreix les cases hist\u00f2riques de Barcelona m\u00e9s boniques. Horaris, preus i punts d'inter\u00e8s. Tot el que necessites saber!","breadcrumb":{"@id":"https:\/\/www.lugaris.com\/ca\/12-casas-historicas-de-barcelona-abiertas-al-publico\/#breadcrumb"},"inLanguage":"ca","potentialAction":[{"@type":"ReadAction","target":["https:\/\/www.lugaris.com\/ca\/12-casas-historicas-de-barcelona-abiertas-al-publico\/"]}]},{"@type":"ImageObject","inLanguage":"ca","@id":"https:\/\/www.lugaris.com\/ca\/12-casas-historicas-de-barcelona-abiertas-al-publico\/#primaryimage","url":"https:\/\/www.lugaris.com\/app\/uploads\/2020\/05\/Casa_Punxes.jpg","contentUrl":"https:\/\/www.lugaris.com\/app\/uploads\/2020\/05\/Casa_Punxes.jpg","width":1000,"height":600},{"@type":"BreadcrumbList","@id":"https:\/\/www.lugaris.com\/ca\/12-casas-historicas-de-barcelona-abiertas-al-publico\/#breadcrumb","itemListElement":[{"@type":"ListItem","position":1,"name":"Home","item":"https:\/\/www.lugaris.com\/ca\/"},{"@type":"ListItem","position":2,"name":"12 casas hist\u00f3ricas de Barcelona abiertas al p\u00fablico"}]},{"@type":"WebSite","@id":"https:\/\/www.lugaris.com\/ca\/#website","url":"https:\/\/www.lugaris.com\/ca\/","name":"Lugaris","description":"Apartamentos de vacaciones en Barcelona","publisher":{"@id":"https:\/\/www.lugaris.com\/ca\/#organization"},"potentialAction":[{"@type":"SearchAction","target":{"@type":"EntryPoint","urlTemplate":"https:\/\/www.lugaris.com\/ca\/?s={search_term_string}"},"query-input":"required name=search_term_string"}],"inLanguage":"ca"},{"@type":"Organization","@id":"https:\/\/www.lugaris.com\/ca\/#organization","name":"Lugaris Apartments in Barcelona","url":"https:\/\/www.lugaris.com\/ca\/","logo":{"@type":"ImageObject","inLanguage":"ca","@id":"https:\/\/www.lugaris.com\/ca\/#\/schema\/logo\/image\/","url":"https:\/\/www.lugaris.com\/app\/uploads\/2020\/03\/Logo_lugaris_v2.png","contentUrl":"https:\/\/www.lugaris.com\/app\/uploads\/2020\/03\/Logo_lugaris_v2.png","width":285,"height":257,"caption":"Lugaris Apartments in Barcelona"},"image":{"@id":"https:\/\/www.lugaris.com\/ca\/#\/schema\/logo\/image\/"}},{"@type":"Person","@id":"https:\/\/www.lugaris.com\/ca\/#\/schema\/person\/fb23f8f2dbb02cd53d6d92029e4ddd57","name":"Roberto Bordi","image":{"@type":"ImageObject","inLanguage":"ca","@id":"https:\/\/www.lugaris.com\/ca\/#\/schema\/person\/image\/","url":"https:\/\/www.lugaris.com\/app\/litespeed\/avatar\/dd7d954dea1d9cebdc71d83b676d531c.jpg?ver=1777470838","contentUrl":"https:\/\/www.lugaris.com\/app\/litespeed\/avatar\/dd7d954dea1d9cebdc71d83b676d531c.jpg?ver=1777470838","caption":"Roberto Bordi"}}]}},"uagb_featured_image_src":{"full":["https:\/\/www.lugaris.com\/app\/uploads\/2020\/05\/Casa_Punxes.jpg",1000,600,false],"thumbnail":["https:\/\/www.lugaris.com\/app\/uploads\/2020\/05\/Casa_Punxes-150x150.jpg",150,150,true],"medium":["https:\/\/www.lugaris.com\/app\/uploads\/2020\/05\/Casa_Punxes-300x180.jpg",300,180,true],"medium_large":["https:\/\/www.lugaris.com\/app\/uploads\/2020\/05\/Casa_Punxes-768x461.jpg",768,461,true],"large":["https:\/\/www.lugaris.com\/app\/uploads\/2020\/05\/Casa_Punxes.jpg",1000,600,false],"1536x1536":["https:\/\/www.lugaris.com\/app\/uploads\/2020\/05\/Casa_Punxes.jpg",1000,600,false],"2048x2048":["https:\/\/www.lugaris.com\/app\/uploads\/2020\/05\/Casa_Punxes.jpg",1000,600,false]},"uagb_author_info":{"display_name":"Roberto Bordi","author_link":"https:\/\/www.lugaris.com\/ca\/author\/rbb2-performance-es\/"},"uagb_comment_info":0,"uagb_excerpt":"Quan es visita Barcelona per primera vegada, \u00e9s inevitable dedicar la major part del temps a con\u00e8ixer els seus edificis m\u00e9s emblem\u00e0tics, com la Sagrada Fam\u00edlia, la catedral o la bas\u00edlica de Santa Maria del Mar. I, tot i que qualsevol d'ells et deixar\u00e0 sense al\u00e8, aix\u00f2 implica passar per alt un aspecte no menys&hellip;","_links":{"self":[{"href":"https:\/\/www.lugaris.com\/ca\/wp-json\/wp\/v2\/posts\/24576"}],"collection":[{"href":"https:\/\/www.lugaris.com\/ca\/wp-json\/wp\/v2\/posts"}],"about":[{"href":"https:\/\/www.lugaris.com\/ca\/wp-json\/wp\/v2\/types\/post"}],"author":[{"embeddable":true,"href":"https:\/\/www.lugaris.com\/ca\/wp-json\/wp\/v2\/users\/4"}],"replies":[{"embeddable":true,"href":"https:\/\/www.lugaris.com\/ca\/wp-json\/wp\/v2\/comments?post=24576"}],"version-history":[{"count":2,"href":"https:\/\/www.lugaris.com\/ca\/wp-json\/wp\/v2\/posts\/24576\/revisions"}],"predecessor-version":[{"id":24581,"href":"https:\/\/www.lugaris.com\/ca\/wp-json\/wp\/v2\/posts\/24576\/revisions\/24581"}],"wp:featuredmedia":[{"embeddable":true,"href":"https:\/\/www.lugaris.com\/ca\/wp-json\/wp\/v2\/media\/5940"}],"wp:attachment":[{"href":"https:\/\/www.lugaris.com\/ca\/wp-json\/wp\/v2\/media?parent=24576"}],"wp:term":[{"taxonomy":"category","embeddable":true,"href":"https:\/\/www.lugaris.com\/ca\/wp-json\/wp\/v2\/categories?post=24576"},{"taxonomy":"post_tag","embeddable":true,"href":"https:\/\/www.lugaris.com\/ca\/wp-json\/wp\/v2\/tags?post=24576"}],"curies":[{"name":"wp","href":"https:\/\/api.w.org\/{rel}","templated":true}]}}