{"id":24578,"date":"2020-05-14T16:17:02","date_gmt":"2020-05-14T16:17:02","guid":{"rendered":"https:\/\/www.lugaris.com\/mejores-mercadillos-navidad-cataluna\/"},"modified":"2024-11-06T23:11:48","modified_gmt":"2024-11-06T23:11:48","slug":"visitez-les-meilleurs-marches-de-noel-en-catalogne","status":"publish","type":"post","link":"https:\/\/www.lugaris.com\/ca\/visitez-les-meilleurs-marches-de-noel-en-catalogne\/","title":{"rendered":"Visitez les meilleurs march\u00e9s de No\u00ebl en Catalogne"},"content":{"rendered":"\n<p class=\"\">Si vous envisagez une escapade dans la <strong>capitale catalane<\/strong> dans les prochaines semaines, nous ne pouvons que vous f\u00e9liciter pour votre choix. En plus de tout ce qu&#8217;il y a \u00e0 faire \u00e0 Barcelone pendant No\u00ebl, le reste de la province et de la r\u00e9gion n\u2019a rien \u00e0 envier en termes d&#8217;activit\u00e9s en plein air. Parmi elles, se distinguent les <strong>meilleurs march\u00e9s de No\u00ebl en Catalogne<\/strong> : une magnifique opportunit\u00e9 de d\u00e9couvrir les traditions locales et la d\u00e9licieuse gastronomie r\u00e9gionale, avec des recettes transmises de g\u00e9n\u00e9ration en g\u00e9n\u00e9ration, o\u00f9 ne manquent pas les <strong>douceurs<\/strong> et <strong>plats typiques de No\u00ebl<\/strong>.<\/p>\n\n\n\n<p class=\"\">Depuis nos <strong>appartements en bord de mer \u00e0 Barcelone<\/strong>, vous pouvez prendre un train ou louer une voiture pour explorer la Catalogne et d\u00e9couvrir des march\u00e9s de No\u00ebl qui vous enchanteront. Bien qu&#8217;ils n&#8217;aient pas la renomm\u00e9e de ceux de <strong>Colmar<\/strong>, <strong>Strasbourg<\/strong>, <strong>Prague<\/strong>, <strong>Vienne<\/strong>, <strong>Budapest<\/strong> ou <strong>Nuremberg<\/strong>, nous vous assurons que les parcourir \u00e0 votre rythme sera une exp\u00e9rience unique. Promenez-vous parmi les sapins, les figurines de cr\u00e8che, les objets de d\u00e9coration et bien d\u2019autres surprises (sans probablement avoir \u00e0 affronter la neige).<\/p>\n\n\n\n<p class=\"\">Voici une s\u00e9lection des <strong>10 meilleurs march\u00e9s de No\u00ebl en Catalogne<\/strong>. Ne les manquez pas lors de vos vacances \u00e0 Barcelone !<\/p>\n\n\n\n<h2 class=\"wp-block-heading\">LA FOIRE DU SAPIN D&#8217;ESPINELVES<\/h2>\n\n\n\n<p class=\"\">Le petit village d&#8217;<strong>Espinelves<\/strong>, d&#8217;\u00e0 peine 200 habitants et situ\u00e9 dans la <strong>comarque d&#8217;Osona<\/strong> en province de Barcelone, doit sa renomm\u00e9e \u00e0 sa <strong>Foire du Sapin<\/strong>, qui attire chaque ann\u00e9e environ 80 000 visiteurs. Depuis 1981, les familles de la r\u00e9gion s&#8217;y retrouvent entre la fin novembre et les huit ou neuf premiers jours de d\u00e9cembre pour acheter leur <strong>sapin de No\u00ebl<\/strong>. Les vari\u00e9t\u00e9s de sapins <strong>Masjoanis<\/strong> et <strong>Picea excelsa<\/strong> \u2014les plus plant\u00e9es dans les environs\u2014 sont les plus recherch\u00e9es. Ce march\u00e9 rassemble \u00e9galement des stands de vente d\u2019<strong>artisanat<\/strong> et de produits <strong>alimentaires de qualit\u00e9<\/strong>, tandis que l&#8217;\u00e9glise du village organise souvent des expositions. Il y a \u00e9galement des spectacles pour toute la famille et des d\u00e9monstrations de m\u00e9tiers traditionnels. <strong>Ne le manquez pas !<\/strong><\/p>\n\n\n\n<figure class=\"wp-block-image\"><img decoding=\"async\" src=\"https:\/\/www.lugaris.com\/wp-content\/uploads\/2019\/12\/1_Espinelves.jpg\" alt=\"\"\/><\/figure>\n\n\n\n<h2 class=\"wp-block-heading\">MARCH\u00c9 M\u00c9DI\u00c9VAL DE VIC<\/h2>\n\n\n\n<p class=\"\">Nous restons dans la comarque d\u2019Osona, o\u00f9 nous attend un autre des <strong>meilleurs march\u00e9s de No\u00ebl de Catalogne<\/strong> : le March\u00e9 M\u00e9di\u00e9val de <strong>Vic<\/strong>. Entre le 6 et le 9 d\u00e9cembre \u2014environ, car les dates exactes peuvent varier d\u2019une ann\u00e9e \u00e0 l\u2019autre\u2014, les rues du centre historique de cette ville se transforment en une sc\u00e8ne de l\u2019\u00e2ge m\u00e9di\u00e9val avec un march\u00e9 anim\u00e9 en plein air. Sur les \u00e9tals, vous trouverez des bijoux, des articles de d\u00e9coration, des cr\u00e8mes et des rem\u00e8des \u00e0 base de plantes m\u00e9dicinales, des v\u00eatements, des charcuteries, des fromages, des p\u00e2tisseries, des conserves et du chocolat, entre autres produits et cadeaux typiques de la r\u00e9gion. <\/p>\n\n\n\n<p class=\"\">Il ne faut pas non plus manquer les stands de nourriture de rue, ni la repr\u00e9sentation de la pi\u00e8ce <strong>L\u2019assaut de l\u2019Altarriba<\/strong>, o\u00f9 quelque 40 acteurs recr\u00e9ent une histoire inspir\u00e9e du Vic du XVe si\u00e8cle. Avec cette programmation compl\u00e8te, entre autres raisons, ce march\u00e9 fait partie des lieux \u00e0 visiter \u00e0 moins de 80 km de Barcelone.<\/p>\n\n\n\n<figure class=\"wp-block-image\"><img decoding=\"async\" src=\"https:\/\/www.lugaris.com\/wp-content\/uploads\/2019\/12\/2_Vic.jpg\" alt=\"\"\/><\/figure>\n\n\n\n<h2 class=\"wp-block-heading\">FOIRE DU COQ \u00c0 VILAFRANCA DEL PENED\u00c8S<\/h2>\n\n\n\n<p class=\"\">Bien que <strong>Vilafranca del Pened\u00e8s<\/strong> soit surtout connue pour sa tradition des <strong>castells<\/strong> (tours humaines) et pour sa production de vin dans les environs \u2014parmi les meilleures de la province de Barcelone\u2014, elle est aussi c\u00e9l\u00e8bre en cette saison pour sa <strong>Foire du Coq<\/strong>. Il s\u2019agit d\u2019un march\u00e9 traditionnel de volailles qui se tient depuis plus de 350 ans, durant un week-end peu avant No\u00ebl.<\/p>\n\n\n\n<p class=\"\"> C\u2019est une occasion unique d\u2019acheter et de go\u00fbter le c\u00e9l\u00e8bre <strong>coq du Pened\u00e8s<\/strong>, une vari\u00e9t\u00e9 de volaille locale tr\u00e8s pris\u00e9e pour sa couleur et la qualit\u00e9 de sa viande. Cet \u00e9v\u00e9nement comprend \u00e9galement une grande exposition de <strong>cuisine de volaille<\/strong> avec des recettes traditionnelles et modernes, accompagn\u00e9es de vins de la D\u00e9nomination d&#8217;Origine Pened\u00e8s.<\/p>\n\n\n\n<figure class=\"wp-block-image\"><img decoding=\"async\" src=\"https:\/\/www.lugaris.com\/wp-content\/uploads\/2019\/12\/3_Fira_Gall.jpg\" alt=\"\"\/><\/figure>\n\n\n\n<h3 class=\"wp-block-heading\">FOIRE DE NO\u00cbL DE CALDES DE MONTBUI<\/h3>\n\n\n\n<p class=\"\">Vous aimeriez go\u00fbter un <strong>bouillon de No\u00ebl<\/strong> cuisin\u00e9 avec de l\u2019eau thermale dans la plus grande marmite de Catalogne ? Si oui, rendez-vous dans la localit\u00e9 barcelonaise de <strong>Caldes de Montbui<\/strong>, dans le Vall\u00e8s Oriental, durant la premi\u00e8re semaine de d\u00e9cembre. Vous y trouverez une centaine d\u2019\u00e9tals d\u2019artisanat, d\u2019antiquit\u00e9s et de produits alimentaires, ainsi que deux marmites g\u00e9antes de 1,5 m\u00e8tre de diam\u00e8tre contenant 1 600 litres de soupe. En tout, environ 3 000 litres de bouillon de No\u00ebl sont distribu\u00e9s aux visiteurs. Et si vous voyagez avec des enfants \u00e0 Barcelone, vous pourrez vous initier \u00e0 la tradition de frapper le <strong>Ti\u00f3<\/strong> (une b\u00fbche d\u00e9cor\u00e9e), participer \u00e0 des ateliers de No\u00ebl, danser la sardane ou admirer de magnifiques tapis de fleurs.<\/p>\n\n\n\n<figure class=\"wp-block-image\"><img decoding=\"async\" src=\"https:\/\/www.lugaris.com\/wp-content\/uploads\/2019\/12\/4_Caldes_Montbui.jpg\" alt=\"\"\/><\/figure>\n\n\n\n<h2 class=\"wp-block-heading\">FOIRE DE NO\u00cbL ET DU TURR\u00d3N ARTISANAL DE CARDEDEU<\/h2>\n\n\n\n<p class=\"\">Toujours dans le <strong>Vall\u00e8s Oriental<\/strong>, le centre historique de <strong>Cardedeu<\/strong> se pr\u00e9pare \u00e0 accueillir ce march\u00e9 le deuxi\u00e8me week-end de d\u00e9cembre, pendant trois jours. Plus de 150 commer\u00e7ants proposent une large gamme de produits et d\u2019aliments. Dans ce domaine, la star est le <strong>turr\u00f3n artisanal de Cardedeu<\/strong>, pr\u00e9par\u00e9 par des ma\u00eetres p\u00e2tissiers locaux. Cette douceur partage la vedette avec les <strong>borreguets de Cardedeu<\/strong>, un d\u00e9lice du XVIIIe si\u00e8cle typique de Barcelone et de sa province, qui m\u00e9rite d\u2019\u00eatre go\u00fbt\u00e9. En plus, ce sont de parfaits cadeaux pour vos proches.<\/p>\n\n\n\n<figure class=\"wp-block-image\"><img decoding=\"async\" src=\"https:\/\/www.lugaris.com\/wp-content\/uploads\/2019\/12\/5_Cardedeu.jpg\" alt=\"\"\/><\/figure>\n\n\n\n<h3 class=\"wp-block-heading\">FOIRE DE SAINTE LUCIE \u00c0 CANYELLES<\/h3>\n\n\n\n<p class=\"\">Cette fois, direction une autre comarque de la province de Barcelone : le <strong>Garraf<\/strong>. Bien que le village de <strong>Canyelles<\/strong> ne rivalise pas avec des localit\u00e9s voisines beaucoup plus touristiques comme Cubelles ou Sitges, il m\u00e9rite bien une visite en cette p\u00e9riode de l\u2019ann\u00e9e. Le premier week-end de d\u00e9cembre \u2014ou les 30 novembre et 1er d\u00e9cembre\u2014, il accueille un <strong>march\u00e9 de No\u00ebl<\/strong> \u00e0 caract\u00e8re familial, avec des stands de produits de No\u00ebl, des espaces inspir\u00e9s de personnages pour enfants, des activit\u00e9s et ateliers pour petits et grands, des expositions, des d\u00e9monstrations de m\u00e9tiers traditionnels, des d\u00e9gustations de pot-au-feu de No\u00ebl et un feu d\u2019artifice qui couronne cet \u00e9v\u00e9nement festif.<\/p>\n\n\n\n<figure class=\"wp-block-image\"><img decoding=\"async\" src=\"https:\/\/www.lugaris.com\/wp-content\/uploads\/2019\/12\/6_Canyelles.jpg\" alt=\"\"\/><\/figure>\n\n\n\n<h2 class=\"wp-block-heading\">MARCH\u00c9 DE NO\u00cbL DE REUS<\/h2>\n\n\n\n<p class=\"\">Nous quittons maintenant la province de Barcelone pour rejoindre celle de <strong>Tarragone<\/strong>. Destination : <strong>Reus<\/strong>, capitale de la comarque du Baix Camp et v\u00e9ritable r\u00e9f\u00e9rence en mati\u00e8re de modernisme catalan authentique. Entre le 1er et le 23 d\u00e9cembre, la ville natale d\u2019<strong>Antoni Gaud\u00ed<\/strong> cl\u00f4t l\u2019ann\u00e9e avec une gamme vari\u00e9e d\u2019activit\u00e9s, concentr\u00e9es principalement sur la <strong>place du Mercadal<\/strong>. Parmi elles, un <strong>sapin de No\u00ebl g\u00e9ant<\/strong>, un <strong>march\u00e9 d\u2019artisanat<\/strong>, des spectacles de No\u00ebl chaque samedi, des activit\u00e9s pour enfants et m\u00eame une patinoire. Essayez-le : ce programme ne vous laissera pas indiff\u00e9rent.<\/p>\n\n\n\n<figure class=\"wp-block-image\"><img decoding=\"async\" src=\"https:\/\/www.lugaris.com\/wp-content\/uploads\/2019\/12\/7_Reus.jpg\" alt=\"\"\/><\/figure>\n\n\n\n<h2 class=\"wp-block-heading\">MARCH\u00c9 DE NO\u00cbL DE VALLS<\/h2>\n\n\n\n<p class=\"\">Nous ne nous \u00e9loignons pas trop de Reus, car \u00e0 seulement 22 km se trouve la capitale de l\u2019Alt Camp : <strong>Valls<\/strong>. C\u2019est ici que, vers le troisi\u00e8me week-end de d\u00e9cembre, a lieu un <strong>march\u00e9 de volailles vivantes<\/strong>, \u00e9lev\u00e9es \u00e0 l\u2019ancienne. Cette tradition cohabite avec des stands de vente de sapins de No\u00ebl, de figurines de cr\u00e8che, d\u2019articles de d\u00e9coration pour la maison, d\u2019artisanat, de vins et de cavas, de douceurs, de miel\u2026 Toute l\u2019ambiance pr\u00e9-natale se concentre sur la <strong>place du Blat<\/strong>, ainsi que dans d\u2019autres rues du centre de la ville. Le march\u00e9 est ouvert de 10h \u00e0 21h, sauf le dimanche, jour o\u00f9 la fermeture est \u00e0 20h. Au fait : saviez-vous que Valls organise un march\u00e9 hebdomadaire depuis pr\u00e8s de huit si\u00e8cles ?<\/p>\n\n\n\n<figure class=\"wp-block-image\"><img decoding=\"async\" src=\"https:\/\/www.lugaris.com\/wp-content\/uploads\/2019\/12\/8_Valls.jpg\" alt=\"\"\/><\/figure>\n\n\n\n<h2 class=\"wp-block-heading\">MARCH\u00c9 DE NO\u00cbL DE SOLSONA<\/h2>\n\n\n\n<p class=\"\">La province de <strong>Lleida<\/strong> abrite \u00e9galement l&#8217;un des <strong>meilleurs march\u00e9s de No\u00ebl de Catalogne<\/strong> : le march\u00e9 de No\u00ebl de <strong>Solsona<\/strong>, qui se tient l\u2019un des premiers samedis de d\u00e9cembre. Sur les stands d\u2019artisanat, vous pourrez acheter des b\u00e2tons de berger faits main, ainsi que l\u2019incontournable <strong>Ti\u00f3<\/strong>. Les \u00e9tals de rue partagent l\u2019espace avec une exposition de cr\u00e8ches, des jeux pour enfants, un concert sur la place de la Cath\u00e9drale, et bien plus encore. Venez profiter de l\u2019un des march\u00e9s de No\u00ebl les plus populaires de Lleida !<\/p>\n\n\n\n<figure class=\"wp-block-image\"><img decoding=\"async\" src=\"https:\/\/www.lugaris.com\/wp-content\/uploads\/2019\/12\/9_Solsona.jpg\" alt=\"\"\/><\/figure>\n\n\n\n<h2 class=\"wp-block-heading\">FOIRE DE LA CR\u00c8CHE \u00c0 OLOT<\/h2>\n\n\n\n<p class=\"\">Nous terminons notre parcours dans la Catalogne la plus festive dans la province de <strong>G\u00e9rone<\/strong>. Bien que la <strong>Costa Brava<\/strong> soit l\u2019attraction touristique principale, nous vous invitons \u00e0 d\u00e9couvrir la comarque de la <strong>Garrotxa<\/strong> et sa capitale, <strong>Olot<\/strong>. L\u00e0, pendant le pont de d\u00e9cembre, une foire de No\u00ebl est organis\u00e9e avec plusieurs espaces. Le march\u00e9 de No\u00ebl, situ\u00e9 dans les rues les plus centrales, offre aux visiteurs des sapins de No\u00ebl, des figurines et des accessoires pour la cr\u00e8che, ainsi que toutes sortes de d\u00e9corations de No\u00ebl. En outre, l\u2019initiative <strong>Nadal Km 0<\/strong>, sur la place Major, propose des produits artisanaux d\u2019Olot. Ne manquez pas non plus la <strong>Foire de la Cr\u00e8che<\/strong> et le <strong>March\u00e9 d\u2019Artisanat<\/strong>, qui abritent des chalets en bois o\u00f9 sont expos\u00e9s et vendus des articles faits main et des \u00e9l\u00e9ments pour les cr\u00e8ches. \u00c0 seulement 9 km, vous pourrez \u00e9galement admirer la cr\u00e8che vivante de <strong>Santa Pau<\/strong>, l&#8217;un des plus beaux villages m\u00e9di\u00e9vaux de la r\u00e9gion.<\/p>\n\n\n\n<p class=\"\">Que pensez-vous de cette visite des meilleurs march\u00e9s de No\u00ebl de Catalogne ? Bien que nous ayons laiss\u00e9 de c\u00f4t\u00e9 certains march\u00e9s \u00e9galement int\u00e9ressants, nous serions ravis de conna\u00eetre vos recommandations !<\/p>\n\n\n\n<figure class=\"wp-block-image\"><img decoding=\"async\" src=\"https:\/\/www.lugaris.com\/wp-content\/uploads\/2019\/12\/10_Olot.jpg\" alt=\"\"\/><\/figure>\n","protected":false},"excerpt":{"rendered":"<p>Si t&#8217;est\u00e0s plantejant una escapada a la capital catalana en les properes setmanes, no podem fer altra cosa que felicitar-te per la teva elecci\u00f3. A m\u00e9s de tot el que hi ha per fer a Barcelona durant Nadal, la resta de la prov\u00edncia i de la regi\u00f3 no t\u00e9 res a envejar en quant a activitats a l&#8217;aire lliure. Entre elles, destaquen els millors mercats de Nadal a Catalunya: una magn\u00edfica oportunitat per apropar-te a les tradicions i a l&#8217;exquisida gastronomia local, amb receptes transmeses de generaci\u00f3 en generaci\u00f3 on no hi falten deliciosos dol\u00e7os i plats nadalencs.<\/p>\n","protected":false},"author":4,"featured_media":7168,"comment_status":"open","ping_status":"open","sticky":false,"template":"","format":"standard","meta":{"_uag_custom_page_level_css":"","footnotes":""},"categories":[683,667,668],"tags":[680,682,671,672,673],"yoast_head":"<!-- This site is optimized with the Yoast SEO plugin v23.1 - https:\/\/yoast.com\/wordpress\/plugins\/seo\/ -->\n<title>Visitez les meilleurs march\u00e9s de No\u00ebl en Catalogne | Lugaris<\/title>\n<meta name=\"description\" content=\"Descobreix els mercats a l&#039;aire lliure m\u00e9s tradicionals de Catalunya : Espinelves, Vic, Cardedeu, Vilafranca del Pened\u00e8s... !\" \/>\n<meta name=\"robots\" content=\"index, follow, max-snippet:-1, max-image-preview:large, max-video-preview:-1\" \/>\n<link rel=\"canonical\" href=\"https:\/\/www.lugaris.com\/ca\/visitez-les-meilleurs-marches-de-noel-en-catalogne\/\" \/>\n<meta property=\"og:locale\" content=\"ca_ES\" \/>\n<meta property=\"og:type\" content=\"article\" \/>\n<meta property=\"og:title\" content=\"Visitez les meilleurs march\u00e9s de No\u00ebl en Catalogne | Lugaris\" \/>\n<meta property=\"og:description\" content=\"Descobreix els mercats a l&#039;aire lliure m\u00e9s tradicionals de Catalunya : Espinelves, Vic, Cardedeu, Vilafranca del Pened\u00e8s... !\" \/>\n<meta property=\"og:url\" content=\"https:\/\/www.lugaris.com\/ca\/visitez-les-meilleurs-marches-de-noel-en-catalogne\/\" \/>\n<meta property=\"og:site_name\" content=\"Lugaris\" \/>\n<meta property=\"article:published_time\" content=\"2020-05-14T16:17:02+00:00\" \/>\n<meta property=\"article:modified_time\" content=\"2024-11-06T23:11:48+00:00\" \/>\n<meta property=\"og:image\" content=\"https:\/\/www.lugaris.com\/app\/uploads\/2020\/05\/christmas-3015776__340.jpg\" \/>\n\t<meta property=\"og:image:width\" content=\"519\" \/>\n\t<meta property=\"og:image:height\" content=\"340\" \/>\n\t<meta property=\"og:image:type\" content=\"image\/jpeg\" \/>\n<meta name=\"author\" content=\"Roberto Bordi\" \/>\n<meta name=\"twitter:card\" content=\"summary_large_image\" \/>\n<meta name=\"twitter:label1\" content=\"Written by\" \/>\n\t<meta name=\"twitter:data1\" content=\"Roberto Bordi\" \/>\n\t<meta name=\"twitter:label2\" content=\"Est. reading time\" \/>\n\t<meta name=\"twitter:data2\" content=\"9 minutes\" \/>\n<script type=\"application\/ld+json\" class=\"yoast-schema-graph\">{\"@context\":\"https:\/\/schema.org\",\"@graph\":[{\"@type\":\"Article\",\"@id\":\"https:\/\/www.lugaris.com\/ca\/visitez-les-meilleurs-marches-de-noel-en-catalogne\/#article\",\"isPartOf\":{\"@id\":\"https:\/\/www.lugaris.com\/ca\/visitez-les-meilleurs-marches-de-noel-en-catalogne\/\"},\"author\":{\"name\":\"Roberto Bordi\",\"@id\":\"https:\/\/www.lugaris.com\/ca\/#\/schema\/person\/fb23f8f2dbb02cd53d6d92029e4ddd57\"},\"headline\":\"Visitez les meilleurs march\u00e9s de No\u00ebl en Catalogne\",\"datePublished\":\"2020-05-14T16:17:02+00:00\",\"dateModified\":\"2024-11-06T23:11:48+00:00\",\"mainEntityOfPage\":{\"@id\":\"https:\/\/www.lugaris.com\/ca\/visitez-les-meilleurs-marches-de-noel-en-catalogne\/\"},\"wordCount\":1663,\"commentCount\":0,\"publisher\":{\"@id\":\"https:\/\/www.lugaris.com\/ca\/#organization\"},\"image\":{\"@id\":\"https:\/\/www.lugaris.com\/ca\/visitez-les-meilleurs-marches-de-noel-en-catalogne\/#primaryimage\"},\"thumbnailUrl\":\"https:\/\/www.lugaris.com\/app\/uploads\/2020\/05\/christmas-3015776__340.jpg\",\"keywords\":[\"Compras en Barcelona\",\"Cultura en Barcelona\",\"Alrededores de Barcelona\",\"Excursiones desde Barcelona\",\"Gastronom\u00eda en Barcelona\"],\"articleSection\":[\"Eventos en Barcelona\",\"Barcelona\",\"Ocio en Barcelona\"],\"inLanguage\":\"ca\",\"potentialAction\":[{\"@type\":\"CommentAction\",\"name\":\"Comment\",\"target\":[\"https:\/\/www.lugaris.com\/ca\/visitez-les-meilleurs-marches-de-noel-en-catalogne\/#respond\"]}]},{\"@type\":\"WebPage\",\"@id\":\"https:\/\/www.lugaris.com\/ca\/visitez-les-meilleurs-marches-de-noel-en-catalogne\/\",\"url\":\"https:\/\/www.lugaris.com\/ca\/visitez-les-meilleurs-marches-de-noel-en-catalogne\/\",\"name\":\"Visitez les meilleurs march\u00e9s de No\u00ebl en Catalogne | Lugaris\",\"isPartOf\":{\"@id\":\"https:\/\/www.lugaris.com\/ca\/#website\"},\"primaryImageOfPage\":{\"@id\":\"https:\/\/www.lugaris.com\/ca\/visitez-les-meilleurs-marches-de-noel-en-catalogne\/#primaryimage\"},\"image\":{\"@id\":\"https:\/\/www.lugaris.com\/ca\/visitez-les-meilleurs-marches-de-noel-en-catalogne\/#primaryimage\"},\"thumbnailUrl\":\"https:\/\/www.lugaris.com\/app\/uploads\/2020\/05\/christmas-3015776__340.jpg\",\"datePublished\":\"2020-05-14T16:17:02+00:00\",\"dateModified\":\"2024-11-06T23:11:48+00:00\",\"description\":\"Descobreix els mercats a l'aire lliure m\u00e9s tradicionals de Catalunya : Espinelves, Vic, Cardedeu, Vilafranca del Pened\u00e8s... !\",\"breadcrumb\":{\"@id\":\"https:\/\/www.lugaris.com\/ca\/visitez-les-meilleurs-marches-de-noel-en-catalogne\/#breadcrumb\"},\"inLanguage\":\"ca\",\"potentialAction\":[{\"@type\":\"ReadAction\",\"target\":[\"https:\/\/www.lugaris.com\/ca\/visitez-les-meilleurs-marches-de-noel-en-catalogne\/\"]}]},{\"@type\":\"ImageObject\",\"inLanguage\":\"ca\",\"@id\":\"https:\/\/www.lugaris.com\/ca\/visitez-les-meilleurs-marches-de-noel-en-catalogne\/#primaryimage\",\"url\":\"https:\/\/www.lugaris.com\/app\/uploads\/2020\/05\/christmas-3015776__340.jpg\",\"contentUrl\":\"https:\/\/www.lugaris.com\/app\/uploads\/2020\/05\/christmas-3015776__340.jpg\",\"width\":519,\"height\":340},{\"@type\":\"BreadcrumbList\",\"@id\":\"https:\/\/www.lugaris.com\/ca\/visitez-les-meilleurs-marches-de-noel-en-catalogne\/#breadcrumb\",\"itemListElement\":[{\"@type\":\"ListItem\",\"position\":1,\"name\":\"Home\",\"item\":\"https:\/\/www.lugaris.com\/ca\/\"},{\"@type\":\"ListItem\",\"position\":2,\"name\":\"Visitez les meilleurs march\u00e9s de No\u00ebl en Catalogne\"}]},{\"@type\":\"WebSite\",\"@id\":\"https:\/\/www.lugaris.com\/ca\/#website\",\"url\":\"https:\/\/www.lugaris.com\/ca\/\",\"name\":\"Lugaris\",\"description\":\"Apartamentos de vacaciones en Barcelona\",\"publisher\":{\"@id\":\"https:\/\/www.lugaris.com\/ca\/#organization\"},\"potentialAction\":[{\"@type\":\"SearchAction\",\"target\":{\"@type\":\"EntryPoint\",\"urlTemplate\":\"https:\/\/www.lugaris.com\/ca\/?s={search_term_string}\"},\"query-input\":\"required name=search_term_string\"}],\"inLanguage\":\"ca\"},{\"@type\":\"Organization\",\"@id\":\"https:\/\/www.lugaris.com\/ca\/#organization\",\"name\":\"Lugaris Apartments in Barcelona\",\"url\":\"https:\/\/www.lugaris.com\/ca\/\",\"logo\":{\"@type\":\"ImageObject\",\"inLanguage\":\"ca\",\"@id\":\"https:\/\/www.lugaris.com\/ca\/#\/schema\/logo\/image\/\",\"url\":\"https:\/\/www.lugaris.com\/app\/uploads\/2020\/03\/Logo_lugaris_v2.png\",\"contentUrl\":\"https:\/\/www.lugaris.com\/app\/uploads\/2020\/03\/Logo_lugaris_v2.png\",\"width\":285,\"height\":257,\"caption\":\"Lugaris Apartments in Barcelona\"},\"image\":{\"@id\":\"https:\/\/www.lugaris.com\/ca\/#\/schema\/logo\/image\/\"}},{\"@type\":\"Person\",\"@id\":\"https:\/\/www.lugaris.com\/ca\/#\/schema\/person\/fb23f8f2dbb02cd53d6d92029e4ddd57\",\"name\":\"Roberto Bordi\",\"image\":{\"@type\":\"ImageObject\",\"inLanguage\":\"ca\",\"@id\":\"https:\/\/www.lugaris.com\/ca\/#\/schema\/person\/image\/\",\"url\":\"https:\/\/www.lugaris.com\/app\/litespeed\/avatar\/dd7d954dea1d9cebdc71d83b676d531c.jpg?ver=1776865099\",\"contentUrl\":\"https:\/\/www.lugaris.com\/app\/litespeed\/avatar\/dd7d954dea1d9cebdc71d83b676d531c.jpg?ver=1776865099\",\"caption\":\"Roberto Bordi\"}}]}<\/script>\n<!-- \/ Yoast SEO plugin. -->","yoast_head_json":{"title":"Visitez les meilleurs march\u00e9s de No\u00ebl en Catalogne | Lugaris","description":"Descobreix els mercats a l'aire lliure m\u00e9s tradicionals de Catalunya : Espinelves, Vic, Cardedeu, Vilafranca del Pened\u00e8s... !","robots":{"index":"index","follow":"follow","max-snippet":"max-snippet:-1","max-image-preview":"max-image-preview:large","max-video-preview":"max-video-preview:-1"},"canonical":"https:\/\/www.lugaris.com\/ca\/visitez-les-meilleurs-marches-de-noel-en-catalogne\/","og_locale":"ca_ES","og_type":"article","og_title":"Visitez les meilleurs march\u00e9s de No\u00ebl en Catalogne | Lugaris","og_description":"Descobreix els mercats a l'aire lliure m\u00e9s tradicionals de Catalunya : Espinelves, Vic, Cardedeu, Vilafranca del Pened\u00e8s... !","og_url":"https:\/\/www.lugaris.com\/ca\/visitez-les-meilleurs-marches-de-noel-en-catalogne\/","og_site_name":"Lugaris","article_published_time":"2020-05-14T16:17:02+00:00","article_modified_time":"2024-11-06T23:11:48+00:00","og_image":[{"width":519,"height":340,"url":"https:\/\/www.lugaris.com\/app\/uploads\/2020\/05\/christmas-3015776__340.jpg","type":"image\/jpeg"}],"author":"Roberto Bordi","twitter_card":"summary_large_image","twitter_misc":{"Written by":"Roberto Bordi","Est. reading time":"9 minutes"},"schema":{"@context":"https:\/\/schema.org","@graph":[{"@type":"Article","@id":"https:\/\/www.lugaris.com\/ca\/visitez-les-meilleurs-marches-de-noel-en-catalogne\/#article","isPartOf":{"@id":"https:\/\/www.lugaris.com\/ca\/visitez-les-meilleurs-marches-de-noel-en-catalogne\/"},"author":{"name":"Roberto Bordi","@id":"https:\/\/www.lugaris.com\/ca\/#\/schema\/person\/fb23f8f2dbb02cd53d6d92029e4ddd57"},"headline":"Visitez les meilleurs march\u00e9s de No\u00ebl en Catalogne","datePublished":"2020-05-14T16:17:02+00:00","dateModified":"2024-11-06T23:11:48+00:00","mainEntityOfPage":{"@id":"https:\/\/www.lugaris.com\/ca\/visitez-les-meilleurs-marches-de-noel-en-catalogne\/"},"wordCount":1663,"commentCount":0,"publisher":{"@id":"https:\/\/www.lugaris.com\/ca\/#organization"},"image":{"@id":"https:\/\/www.lugaris.com\/ca\/visitez-les-meilleurs-marches-de-noel-en-catalogne\/#primaryimage"},"thumbnailUrl":"https:\/\/www.lugaris.com\/app\/uploads\/2020\/05\/christmas-3015776__340.jpg","keywords":["Compras en Barcelona","Cultura en Barcelona","Alrededores de Barcelona","Excursiones desde Barcelona","Gastronom\u00eda en Barcelona"],"articleSection":["Eventos en Barcelona","Barcelona","Ocio en Barcelona"],"inLanguage":"ca","potentialAction":[{"@type":"CommentAction","name":"Comment","target":["https:\/\/www.lugaris.com\/ca\/visitez-les-meilleurs-marches-de-noel-en-catalogne\/#respond"]}]},{"@type":"WebPage","@id":"https:\/\/www.lugaris.com\/ca\/visitez-les-meilleurs-marches-de-noel-en-catalogne\/","url":"https:\/\/www.lugaris.com\/ca\/visitez-les-meilleurs-marches-de-noel-en-catalogne\/","name":"Visitez les meilleurs march\u00e9s de No\u00ebl en Catalogne | Lugaris","isPartOf":{"@id":"https:\/\/www.lugaris.com\/ca\/#website"},"primaryImageOfPage":{"@id":"https:\/\/www.lugaris.com\/ca\/visitez-les-meilleurs-marches-de-noel-en-catalogne\/#primaryimage"},"image":{"@id":"https:\/\/www.lugaris.com\/ca\/visitez-les-meilleurs-marches-de-noel-en-catalogne\/#primaryimage"},"thumbnailUrl":"https:\/\/www.lugaris.com\/app\/uploads\/2020\/05\/christmas-3015776__340.jpg","datePublished":"2020-05-14T16:17:02+00:00","dateModified":"2024-11-06T23:11:48+00:00","description":"Descobreix els mercats a l'aire lliure m\u00e9s tradicionals de Catalunya : Espinelves, Vic, Cardedeu, Vilafranca del Pened\u00e8s... !","breadcrumb":{"@id":"https:\/\/www.lugaris.com\/ca\/visitez-les-meilleurs-marches-de-noel-en-catalogne\/#breadcrumb"},"inLanguage":"ca","potentialAction":[{"@type":"ReadAction","target":["https:\/\/www.lugaris.com\/ca\/visitez-les-meilleurs-marches-de-noel-en-catalogne\/"]}]},{"@type":"ImageObject","inLanguage":"ca","@id":"https:\/\/www.lugaris.com\/ca\/visitez-les-meilleurs-marches-de-noel-en-catalogne\/#primaryimage","url":"https:\/\/www.lugaris.com\/app\/uploads\/2020\/05\/christmas-3015776__340.jpg","contentUrl":"https:\/\/www.lugaris.com\/app\/uploads\/2020\/05\/christmas-3015776__340.jpg","width":519,"height":340},{"@type":"BreadcrumbList","@id":"https:\/\/www.lugaris.com\/ca\/visitez-les-meilleurs-marches-de-noel-en-catalogne\/#breadcrumb","itemListElement":[{"@type":"ListItem","position":1,"name":"Home","item":"https:\/\/www.lugaris.com\/ca\/"},{"@type":"ListItem","position":2,"name":"Visitez les meilleurs march\u00e9s de No\u00ebl en Catalogne"}]},{"@type":"WebSite","@id":"https:\/\/www.lugaris.com\/ca\/#website","url":"https:\/\/www.lugaris.com\/ca\/","name":"Lugaris","description":"Apartamentos de vacaciones en Barcelona","publisher":{"@id":"https:\/\/www.lugaris.com\/ca\/#organization"},"potentialAction":[{"@type":"SearchAction","target":{"@type":"EntryPoint","urlTemplate":"https:\/\/www.lugaris.com\/ca\/?s={search_term_string}"},"query-input":"required name=search_term_string"}],"inLanguage":"ca"},{"@type":"Organization","@id":"https:\/\/www.lugaris.com\/ca\/#organization","name":"Lugaris Apartments in Barcelona","url":"https:\/\/www.lugaris.com\/ca\/","logo":{"@type":"ImageObject","inLanguage":"ca","@id":"https:\/\/www.lugaris.com\/ca\/#\/schema\/logo\/image\/","url":"https:\/\/www.lugaris.com\/app\/uploads\/2020\/03\/Logo_lugaris_v2.png","contentUrl":"https:\/\/www.lugaris.com\/app\/uploads\/2020\/03\/Logo_lugaris_v2.png","width":285,"height":257,"caption":"Lugaris Apartments in Barcelona"},"image":{"@id":"https:\/\/www.lugaris.com\/ca\/#\/schema\/logo\/image\/"}},{"@type":"Person","@id":"https:\/\/www.lugaris.com\/ca\/#\/schema\/person\/fb23f8f2dbb02cd53d6d92029e4ddd57","name":"Roberto Bordi","image":{"@type":"ImageObject","inLanguage":"ca","@id":"https:\/\/www.lugaris.com\/ca\/#\/schema\/person\/image\/","url":"https:\/\/www.lugaris.com\/app\/litespeed\/avatar\/dd7d954dea1d9cebdc71d83b676d531c.jpg?ver=1776865099","contentUrl":"https:\/\/www.lugaris.com\/app\/litespeed\/avatar\/dd7d954dea1d9cebdc71d83b676d531c.jpg?ver=1776865099","caption":"Roberto Bordi"}}]}},"uagb_featured_image_src":{"full":["https:\/\/www.lugaris.com\/app\/uploads\/2020\/05\/christmas-3015776__340.jpg",519,340,false],"thumbnail":["https:\/\/www.lugaris.com\/app\/uploads\/2020\/05\/christmas-3015776__340-150x150.jpg",150,150,true],"medium":["https:\/\/www.lugaris.com\/app\/uploads\/2020\/05\/christmas-3015776__340-300x197.jpg",300,197,true],"medium_large":["https:\/\/www.lugaris.com\/app\/uploads\/2020\/05\/christmas-3015776__340.jpg",519,340,false],"large":["https:\/\/www.lugaris.com\/app\/uploads\/2020\/05\/christmas-3015776__340.jpg",519,340,false],"1536x1536":["https:\/\/www.lugaris.com\/app\/uploads\/2020\/05\/christmas-3015776__340.jpg",519,340,false],"2048x2048":["https:\/\/www.lugaris.com\/app\/uploads\/2020\/05\/christmas-3015776__340.jpg",519,340,false]},"uagb_author_info":{"display_name":"Roberto Bordi","author_link":"https:\/\/www.lugaris.com\/ca\/author\/rbb2-performance-es\/"},"uagb_comment_info":0,"uagb_excerpt":"Si t'est\u00e0s plantejant una escapada a la capital catalana en les properes setmanes, no podem fer altra cosa que felicitar-te per la teva elecci\u00f3. A m\u00e9s de tot el que hi ha per fer a Barcelona durant Nadal, la resta de la prov\u00edncia i de la regi\u00f3 no t\u00e9 res a envejar en quant a&hellip;","_links":{"self":[{"href":"https:\/\/www.lugaris.com\/ca\/wp-json\/wp\/v2\/posts\/24578"}],"collection":[{"href":"https:\/\/www.lugaris.com\/ca\/wp-json\/wp\/v2\/posts"}],"about":[{"href":"https:\/\/www.lugaris.com\/ca\/wp-json\/wp\/v2\/types\/post"}],"author":[{"embeddable":true,"href":"https:\/\/www.lugaris.com\/ca\/wp-json\/wp\/v2\/users\/4"}],"replies":[{"embeddable":true,"href":"https:\/\/www.lugaris.com\/ca\/wp-json\/wp\/v2\/comments?post=24578"}],"version-history":[{"count":3,"href":"https:\/\/www.lugaris.com\/ca\/wp-json\/wp\/v2\/posts\/24578\/revisions"}],"predecessor-version":[{"id":24616,"href":"https:\/\/www.lugaris.com\/ca\/wp-json\/wp\/v2\/posts\/24578\/revisions\/24616"}],"wp:featuredmedia":[{"embeddable":true,"href":"https:\/\/www.lugaris.com\/ca\/wp-json\/wp\/v2\/media\/7168"}],"wp:attachment":[{"href":"https:\/\/www.lugaris.com\/ca\/wp-json\/wp\/v2\/media?parent=24578"}],"wp:term":[{"taxonomy":"category","embeddable":true,"href":"https:\/\/www.lugaris.com\/ca\/wp-json\/wp\/v2\/categories?post=24578"},{"taxonomy":"post_tag","embeddable":true,"href":"https:\/\/www.lugaris.com\/ca\/wp-json\/wp\/v2\/tags?post=24578"}],"curies":[{"name":"wp","href":"https:\/\/api.w.org\/{rel}","templated":true}]}}