{"id":16574,"date":"2021-07-14T09:50:11","date_gmt":"2021-07-14T09:50:11","guid":{"rendered":"https:\/\/www.lugaris.com\/el-parque-del-laberinto-de-horta-todo-lo-que-debes-saber\/"},"modified":"2024-03-21T11:38:46","modified_gmt":"2024-03-21T11:38:46","slug":"der-parc-del-laberint-dhorta-alles-was-sie-wissen-mussen","status":"publish","type":"post","link":"https:\/\/www.lugaris.com\/de\/der-parc-del-laberint-dhorta-alles-was-sie-wissen-mussen\/","title":{"rendered":"Der Parc del Laberint d\u2019Horta: Alles, was Sie wissen m\u00fcssen"},"content":{"rendered":"\n<p class=\"\">El Laberinto de Horta es uno de <a href=\"https:\/\/www.lugaris.com\/el-top-10-de-los-parques-mas-bonitos-de-barcelona\/\">los jardines m\u00e1s encantadores de Barcelona<\/a>, conocido por cautivar a los turistas con su ambiente rom\u00e1ntico y su arquitectura \u00fanica. Este espacio natural excepcional es perfecto para una <a href=\"https:\/\/www.lugaris.com\/que-hacer-en-pareja-en-barcelona\/\">escapada en pareja<\/a> y ofrece una experiencia inolvidable en plena Ciudad Condal.<\/p>\n\n\n\n<p class=\"\">Situado en la sierra de Collserola, este jard\u00edn ocupa el terreno que en su d\u00eda perteneci\u00f3 a la influyente familia Desvalls. Su nombre proviene del impresionante laberinto de cipreses perfectamente recortados que puedes explorar y disfrutar en un entorno tranquilo y apacible.<\/p>\n\n\n\n<p class=\"\">Este jard\u00edn es, de hecho, el m\u00e1s antiguo de Barcelona y te transportar\u00e1 a la \u00e9poca de la Antigua Grecia con su dise\u00f1o neocl\u00e1sico del siglo XVIII. Para que puedas planificar tu visita durante tu estancia en <a href=\"https:\/\/www.lugaris.com\/apartamentos-barcelona\/\">nuestros apartamentos vacacionales en Barcelona<\/a>, aqu\u00ed te proporcionamos informaci\u00f3n sobre los horarios y c\u00f3mo llegar a este rinc\u00f3n \u00fanico. \u00a1Comencemos tu aventura en el Laberinto de Horta!<\/p>\n\n\n\n<h2 class=\"wp-block-heading\"><strong>Historia del laberinto de Horta&nbsp;<\/strong><\/h2>\n\n\n\n<p class=\"\">El Laberint d&#8217;Horta, situado en Barcelona, es una joya hist\u00f3rica que se remonta a 1781, cuando fue encargado por el Marqu\u00e9s de Alfarr\u00e1s, Antoni Desvalls. A mediados del siglo XIX, el arquitecto Elies Rogent realiz\u00f3 una expansi\u00f3n significativa de este jard\u00edn antes de que pasara a manos del Ayuntamiento de Barcelona en la d\u00e9cada de 1970.<\/p>\n\n\n\n<p class=\"\">Este maravilloso jard\u00edn consta de varias zonas fascinantes que te invitamos a explorar:<\/p>\n\n\n\n<ol class=\"\">\n<li class=\"\"><strong>1.<\/strong> <strong>Casa y Jard\u00edn Dom\u00e9stico:<\/strong> La casa, con ra\u00edces en una torre de defensa del siglo XII, presenta un estilo neomud\u00e9jar con arcos lobulados y de herradura. El jard\u00edn, que data del siglo XIX, es ecl\u00e9ctico y alberga bustos, escaleras, una reja y dos leones guardianes.<\/li>\n\n\n\n<li class=\"\"><strong>2.<\/strong> <strong>Jard\u00edn Italiano:<\/strong> Esta es la secci\u00f3n m\u00e1s antigua del Laberint de Horta. Aqu\u00ed encontrar\u00e1s un eje central con terrazas superpuestas y figuras que representan escenas mitol\u00f3gicas, como el Rapto de Europa por Zeus.<\/li>\n\n\n\n<li class=\"\"><strong>3. La Gruta de Egeria<\/strong>: Esta zona tiene varios niveles con estanques circulares y escaleras a ambos lados. Una estatua de m\u00e1rmol blanco de una ninfa simboliza el renacimiento y el conocimiento.<\/li>\n\n\n\n<li class=\"\"><strong>4. Primera Terraza:<\/strong> En esta \u00e1rea, descubrir\u00e1s lugares como la Plaza de las Columnas, el Jard\u00edn de los Musgos, el Peque\u00f1o Laberinto, la Gruta del Minotauro y el Laberinto de cipreses.<\/li>\n\n\n\n<li class=\"\"><strong>5. Segunda Terraza:<\/strong> Aqu\u00ed encontrar\u00e1s una balaustrada con relieves de Deucali\u00f3n y Pirra, dos templetes dedicados a D\u00e1nae y Ariadna, y bustos que representan a Baco y Ariadna.<\/li>\n\n\n\n<li class=\"\"><strong>6.<\/strong> <strong>Tercera Terraza: <\/strong>En esta terraza, un pabell\u00f3n neocl\u00e1sico rodeado de p\u00f3rticos alberga relieves que celebran las artes y las ciencias. Adem\u00e1s, encontrar\u00e1s una gruta dedicada a la ninfa Egeria.<\/li>\n\n\n\n<li class=\"\"><strong>7. Jard\u00edn Rom\u00e1ntico del Siglo XIX: <\/strong>Este jard\u00edn se sit\u00faa en una colina natural y destaca por su caracter\u00edstica cascada. El agua es protagonista, y hay elementos como canales, puentes, una caba\u00f1a de ermita\u00f1o y m\u00e1s, que crean un escenario natural inigualable.<\/li>\n<\/ol>\n\n\n\n<p class=\"\"><br>El Laberint d&#8217;Horta es un lugar \u00fanico que combina historia, arquitectura y naturaleza, perfecto para una experiencia rom\u00e1ntica en Barcelona o para disfrutar de un d\u00eda agradable acompa\u00f1ado de la familia<\/p>\n\n\n\n<figure class=\"wp-block-image size-large is-resized\"><img fetchpriority=\"high\" decoding=\"async\" src=\"https:\/\/www.lugaris.com\/app\/uploads\/2021\/07\/laverinto-de-horta-1280x699.jpg\" alt=\"\" class=\"wp-image-16539\" width=\"1236\" height=\"675\" srcset=\"https:\/\/www.lugaris.com\/app\/uploads\/2021\/07\/laverinto-de-horta-1280x699.jpg 1280w, https:\/\/www.lugaris.com\/app\/uploads\/2021\/07\/laverinto-de-horta-1024x559.jpg 1024w, https:\/\/www.lugaris.com\/app\/uploads\/2021\/07\/laverinto-de-horta-640x349.jpg 640w, https:\/\/www.lugaris.com\/app\/uploads\/2021\/07\/laverinto-de-horta-768x419.jpg 768w, https:\/\/www.lugaris.com\/app\/uploads\/2021\/07\/laverinto-de-horta.jpg 1299w\" sizes=\"(max-width: 1236px) 100vw, 1236px\" \/><\/figure>\n\n\n\n<h2 class=\"wp-block-heading\"><strong>La mitolog\u00eda del Laberint d\u2019Horta<\/strong><\/h2>\n\n\n\n<ul class=\"\">\n<li class=\"\"><\/li>\n<\/ul>\n\n\n\n<p class=\"\">El Laberint d&#8217;Horta en Barcelona no solo es un espect\u00e1culo arquitect\u00f3nico y bot\u00e1nico, sino que tambi\u00e9n alberga fascinantes mitos de la antigua Grecia. Cuando explores este maravilloso jard\u00edn, encontrar\u00e1s v\u00ednculos con la mitolog\u00eda que enriquecer\u00e1n tu visita.<\/p>\n\n\n\n<p class=\"\">Al entrar, te recibir\u00e1 una inscripci\u00f3n que hace referencia al famoso laberinto de Creta, construido para encerrar al temible Minotauro. La inscripci\u00f3n reza as\u00ed:<\/p>\n\n\n\n<p class=\"has-text-align-center\"><em>Entra, saldr\u00e1s sin rodeo,<\/em><\/p>\n\n\n\n<p class=\"has-text-align-center\"><em>el laberinto es sencillo,&nbsp;<\/em><\/p>\n\n\n\n<p class=\"has-text-align-center\"><em>no es menester el ovillo&nbsp;<\/em><\/p>\n\n\n\n<p class=\"has-text-align-center\"><em>que dio Ariadna a Teseo.<\/em><\/p>\n\n\n\n<p class=\"\">Este mito narra c\u00f3mo el valiente Teseo de Atenas utiliz\u00f3 un ovillo de hilo proporcionado por Ariadna, la hija de Minos, para encontrar la salida del laberinto despu\u00e9s de vencer al Minotauro.<\/p>\n\n\n\n<p class=\"\">En el coraz\u00f3n del Laberint d&#8217;Horta, descubrir\u00e1s una estatua de Eros, el dios griego del amor, ubicada sobre un pedestal. Puedes acceder a Eros a trav\u00e9s de ocho entradas marcadas por cipreses en forma de arcos.<\/p>\n\n\n\n<p class=\"\">Al salir del laberinto, llegar\u00e1s a la Gruta de Eco y Narciso, que lleva la inscripci\u00f3n: &#8220;De un ardiente frenes\u00ed, Eco y Narciso abrazados, fallecen enamorados, ella de \u00e9l y \u00e9l de s\u00ed&#8221;. Esta terraza de estilo neocl\u00e1sico cuenta con un peque\u00f1o estanque circular. En su interior, encontrar\u00e1s la figura de una ninfa de terracota que custodia el estanque. Este lugar evoca el mito de Narciso, quien se enamor\u00f3 de su propio reflejo en el agua y se ahog\u00f3.<\/p>\n\n\n\n<p class=\"\">En los extremos de la terraza del Jard\u00edn Horta, descubrir\u00e1s dos templetes dedicados a figuras mitol\u00f3gicas griegas. Uno de ellos, con columnas toscanas, alberga una hermosa estatua de Ariadna, mientras que en el extremo opuesto se encuentra el templete de Danae. Entre ambos, hay fuentes y escalinatas que conducen al palacio neocl\u00e1sico y al propio laberinto.<\/p>\n\n\n\n<p class=\"\">El Laberint d&#8217;Horta es, sin duda, un lugar donde la historia y la mitolog\u00eda se entrelazan con la belleza natural, creando una experiencia \u00fanica que no querr\u00e1s perderte.<\/p>\n\n\n\n<figure class=\"wp-block-image size-large is-resized\"><img decoding=\"async\" src=\"https:\/\/www.lugaris.com\/app\/uploads\/2021\/07\/laverinto-de-horta02-1280x852.jpg\" alt=\"\" class=\"wp-image-16546\" width=\"1231\" height=\"820\" srcset=\"https:\/\/www.lugaris.com\/app\/uploads\/2021\/07\/laverinto-de-horta02-1280x852.jpg 1280w, https:\/\/www.lugaris.com\/app\/uploads\/2021\/07\/laverinto-de-horta02-1024x681.jpg 1024w, https:\/\/www.lugaris.com\/app\/uploads\/2021\/07\/laverinto-de-horta02-640x426.jpg 640w, https:\/\/www.lugaris.com\/app\/uploads\/2021\/07\/laverinto-de-horta02-768x511.jpg 768w, https:\/\/www.lugaris.com\/app\/uploads\/2021\/07\/laverinto-de-horta02.jpg 1378w\" sizes=\"(max-width: 1231px) 100vw, 1231px\" \/><\/figure>\n\n\n\n<h2 class=\"wp-block-heading\"><strong>Curiosidad: El laberinto de Horta, el Perfume y otras pel\u00edculas rodadas aqu\u00ed<\/strong><\/h2>\n\n\n\n<p class=\"\">El Laberint d&#8217;Horta, uno de los parques m\u00e1s rom\u00e1nticos de Barcelona, ha deslumbrado en la gran pantalla como escenario de varias pel\u00edculas ic\u00f3nicas. La Ciudad Condal es hogar de diversas <a href=\"https:\/\/www.lugaris.com\/localizaciones-de-peliculas-rodadas-en-barcelona\/\">locaciones cinematogr\u00e1ficas<\/a>, y este pintoresco laberinto figura entre las m\u00e1s destacadas.<\/p>\n\n\n\n<p class=\"\">El Laberint d&#8217;Horta fue elegido para dar vida a cautivadoras escenas, incluida una cena entre arist\u00f3cratas ambientada en el Par\u00eds del filme &#8220;El Perfume: Historia de un Asesino&#8221;. Adem\u00e1s, el director Pere Portabella seleccion\u00f3 este entorno como escenario principal para su pel\u00edcula &#8220;Nocturno 29&#8221;, dot\u00e1ndola de una atm\u00f3sfera \u00fanica.<\/p>\n\n\n\n<p class=\"\">Este parque tambi\u00e9n se convirti\u00f3 en el tel\u00f3n de fondo perfecto para adaptaciones cinematogr\u00e1ficas de novelas de Eduardo Mendoza, como &#8220;La Ciudad de los Prodigios&#8221; y &#8220;La Verdad sobre el Caso Savolta&#8221;. Estas pel\u00edculas capturan la esencia de Barcelona y le dan vida a trav\u00e9s de su belleza natural y su atm\u00f3sfera \u00fanica.<\/p>\n\n\n\n<figure class=\"wp-block-image size-large is-resized\"><img decoding=\"async\" src=\"https:\/\/www.lugaris.com\/app\/uploads\/2021\/07\/peli-laverinto.jpg\" alt=\"\" class=\"wp-image-16553\" width=\"1224\" height=\"679\" srcset=\"https:\/\/www.lugaris.com\/app\/uploads\/2021\/07\/peli-laverinto.jpg 1000w, https:\/\/www.lugaris.com\/app\/uploads\/2021\/07\/peli-laverinto-640x355.jpg 640w, https:\/\/www.lugaris.com\/app\/uploads\/2021\/07\/peli-laverinto-768x426.jpg 768w\" sizes=\"(max-width: 1224px) 100vw, 1224px\" \/><\/figure>\n\n\n\n<h2 class=\"wp-block-heading\"><strong><strong>C\u00f3mo llegar al Laberinto de Horta<\/strong><\/strong><\/h2>\n\n\n\n<p class=\"\">El Parque del Laberinto de Horta se encuentra en la zona norte de Barcelona. Pertenece al <a href=\"https:\/\/www.lugaris.com\/que-hacer-en-horta-barcelona\/\"><strong>barrio de Horta<\/strong><\/a> y se encuentra justo encima de la <strong>Ronda de Dalt<\/strong>, una zona con <strong>viviendas modernas <\/strong>y pisos de obra nueva. Pese a no estar situado en una zona c\u00e9ntrica, resulta bastante sencillo llegar hasta \u00e9l.<\/p>\n\n\n\n<p class=\"\">El parque m\u00e1s antiguo de la Ciudad Condal se encuentra muy cerca del <strong>Vel\u00f3dromo de Horta<\/strong>. Lo cierto es que este edificio es una buena referencia para encontrarlo al ser bastante visible. Pues bien, el parque se encuentra detr\u00e1s.&nbsp;<\/p>\n\n\n\n<p class=\"\">Si tu idea es ir hasta all\u00ed en coche, ve hacia la Ronda de Dalt y toma la calle que va al vel\u00f3dromo. El Parque del Laberinto se encuentra muy bien se\u00f1alizada y no tendr\u00e1s ning\u00fan problema. Basta con subir esa calle y a la altura del vel\u00f3dromo, justo a mano derecha, dispones de unos aparcamientos al aire libre para que puedas dejar aparcado el coche.<\/p>\n\n\n\n<p class=\"\">Si, por el contrario, deseas llegar hasta all\u00ed en transporte p\u00fablico. La opci\u00f3n m\u00e1s f\u00e1cil es utilizar el metro. Simplemente coge la <strong>l\u00ednea 3<\/strong>, de color verde, y b\u00e1jate en la <strong>parada Mundet<\/strong>. Se encuentra muy cerca del vel\u00f3dromo y del parque. No tiene p\u00e9rdida. Nada m\u00e1s salir del metro, encontrar\u00e1s unos campos de f\u00fatbol y justo detr\u00e1s se encuentra tu destino.<\/p>\n\n\n\n<p class=\"\">Los <strong>autobuses 27 y 76<\/strong> tambi\u00e9n pasan bastante cerca del Parque del Laberinto de Horta. Tambi\u00e9n puedes coger el <strong>autob\u00fas de la l\u00ednea V21<\/strong>, aunque est\u00e1 un poco m\u00e1s alejado. Sea como sea, cuentas con varias alternativas y cualquier autob\u00fas que recorra el lateral de la Ronda de Dalt y pare cerca del vel\u00f3dromo te servir\u00e1. &nbsp;<\/p>\n\n\n\n<h2 class=\"wp-block-heading\"><strong><strong>Horarios del Laberinto de Horta<\/strong><\/strong><\/h2>\n\n\n\n<p class=\"\">Los <strong>horarios del Laberinto de Horta<\/strong> son los siguientes:<\/p>\n\n\n\n<p class=\"\">De lunes a domingo, en horario de invierno: de 10:00 a 18:00 horas<\/p>\n\n\n\n<p class=\"\">En horario de verano (del 1 de abril al 31 de octubre): de 10:00 a 20:00 horas<\/p>\n\n\n\n<p class=\"\">El 25 de diciembre: de 09:00 a 14:00 horas<\/p>\n\n\n\n<p class=\"\">En cuanto a los <strong>precios del Laberinto de Horta<\/strong>, la entrada general cuesta 2,23\u20ac y la reducida 1,42\u20ac, con las siguientes excepciones:<\/p>\n\n\n\n<p class=\"\">Todos los mi\u00e9rcoles y domingos, jornadas de puertas abiertas.<\/p>\n\n\n\n<p class=\"\">El 24 de septiembre, festividad de la Merced, tambi\u00e9n hay acceso libre.<\/p>\n\n\n\n<p class=\"\">Tambi\u00e9n estar\u00e1n exentos de pagar entrada los jubilados, parados, ni\u00f1os menores de 5 a\u00f1os y los vecinos del parque.<\/p>\n\n\n\n<p class=\"\">Existen <strong>visitas guiadas para grupos<\/strong>, aunque el aforo est\u00e1 limitado a 750 visitantes. Durante la visita est\u00e1 prohibido comer y recorrer el lugar con bicicletas y patines. No est\u00e1 permitida la entrada de animales y no se puede entrar con veh\u00edculos.<\/p>\n\n\n<section class=\"blocks__extra-info \" id=\"nuestros-apartamentos-en-barcelona\">\n    <h3>NUESTROS APARTAMENTOS EN BARCELONA<\/h3>\n\n    <div class=\"blocks__extra-info__list\">\n                    <div class=\"blocks__extra-info__item\" id=\"nuestros-apartamentos-en-barcelona-ferienwohnungen-am-strand-von-barcelona\">\n            <article class=\"blocks__extra-info__item__container\">\n            <img decoding=\"async\" src=\"https:\/\/www.lugaris.com\/app\/uploads\/2020\/08\/DSC4180_R.jpg.jpg\" class=\"blocks__extra-info__item__thumbnail\"><\/img>\n            <div  class=\"blocks__extra-info__item__content\">\n                <header>\n                    <h4 class=\"blocks__extra-info__item__title\">\n                        FERIENWOHNUNGEN AM STRAND VON BARCELONA\n                    <\/h4>\n                <\/header>\n                <section>\n                    <p class=\"blocks__extra-info__item__excerpt\">\n                        \n<p class=\"has-background has-gray-background-color\">Seit 2010 bietet Lugaris Apartaments <a href=\"https:\/\/www.lugaris.com\/de\/apartments-in-barcelona\/\">die besten Ferienwohnungen in Barcelona<\/a> f\u00fcr\u00a0 perfekte Urlaubstage mit der Familie, mit Freunden oder f\u00fcr Paare.<\/p>\n\n\n\n<p class=\"has-background has-gray-background-color\">Sie haben die Wahl. Herrliche <a href=\"https:\/\/www.lugaris.com\/de\/lugaris-beach\/\">Appartments ganz in der N\u00e4he des Strandes von Barcelona<\/a>, am Lugaris Beach mit Panoramablick auf das Mittelmeer, zwei Swimmingpools (einer f\u00fcr Erwachsene und ein sicherer Pool f\u00fcr Kinder) mit Platz f\u00fcr bis zu sechs Personen <a href=\"https:\/\/www.lugaris.com\/de\/lugaris-rambla\/\">oder Lugaris Rambla Appartments<\/a> direkt an der Rambla de Poblenou, nur 300 m vom Bogatell-Strand entfernt. Diese Appartments sind mit einem Balkon\/Terrasse bis zu 22 m2 ausgestattet und sind ideal f\u00fcr Paare oder Familien und Gruppen von bis zu f\u00fcnf Personen.<\/p>\n\n\n\n<p class=\"has-background has-gray-background-color\">Alle unsere Luxuswohnungen in Barcelona sind klimatisiert und mit allen Haushaltsger\u00e4ten, M\u00f6beln und Bettw\u00e4sche versehen, die Sie w\u00e4hrend Ihres Aufenthalts ben\u00f6tigen. Sie verf\u00fcgen au\u00dferdem \u00fcber Satellitenfernsehen und kostenlosen High-Speed-Wi-Fi-Anschluss, sowie einen Safe und einen privaten 24-Stunden-Sicherheitsdienst.<\/p>\n\n\n\n<p class=\"has-background has-gray-background-color\"><br>Dar\u00fcber hinaus k\u00f6nnen Sie bei Ihrer Buchung viele <a href=\"https:\/\/www.lugaris.com\/de\/service\/\">weitere Zusatzleistungen<\/a> reservieren: internationale Presse in Ihrer Wohnung, Parkplatz, Transferservice zum und vom Flughafen Barcelona, Fahrradverleih, Einkaufen im Supermarkt, Eintrittskarten f\u00fcr Museen, Sportveranstaltungen und Shows, Babysitter-Service und vieles mehr.<\/p>\n\n\n\n<p class=\"has-background has-gray-background-color\">F\u00fcr weitere Informationen steht Ihnen der <a href=\"https:\/\/www.lugaris.com\/de\/kontakt\/\">Kundenservice von Lugaris Apartments<\/a> gerne zur Verf\u00fcgung.<\/p>\n\n\n\n<p class=\"\"><\/p>\n\n                    <\/p>\n                    \n                                    <\/section>\n            <\/div>\n        <\/article>\n    <\/div>\n                        <\/div>\n\n        <div class=\"blocks__extra-info__content__container\">\n                                <\/div>\n\n    <span class=\"blocks__extra-info__list__button__left prev\"><\/span>\n    <span class=\"blocks__extra-info__list__button__right next\"><\/span>\n    <\/section>\n","protected":false},"excerpt":{"rendered":"<p>Der Parc del Laberint im Stadtteil Horta-Guinard\u00f3 ist der \u00e4lteste Park in Barcelona und hinterl\u00e4sst Spuren bei seinen Besuchern. Die Rede ist von einem au\u00dfergew\u00f6hnlichen Garten, voller Romantik und faszinierender Architektur, perfekt f\u00fcr einen Ausflug f\u00fcr Paare in Barcelona.<\/p>\n","protected":false},"author":8,"featured_media":16543,"comment_status":"open","ping_status":"open","sticky":false,"template":"","format":"standard","meta":{"_uag_custom_page_level_css":"","footnotes":""},"categories":[118,117,116],"tags":[154,149],"yoast_head":"<!-- This site is optimized with the Yoast SEO plugin v23.1 - https:\/\/yoast.com\/wordpress\/plugins\/seo\/ -->\n<title>Parc del Laberint d\u2019Horta: Alles, was Sie wissen m\u00fcssen | Lugaris<\/title>\n<meta name=\"description\" content=\"Entdecke den verzauberten Parc del Laberint d&#039;Horta in Barcelona! \ud83c\udf33 Erfahre alles \u00fcber drn ber\u00fchmten Labyrinthgarten und vieles mehr! \ud83c\udfde\ufe0f\" \/>\n<meta name=\"robots\" content=\"index, follow, max-snippet:-1, max-image-preview:large, max-video-preview:-1\" \/>\n<link rel=\"canonical\" href=\"https:\/\/www.lugaris.com\/de\/der-parc-del-laberint-dhorta-alles-was-sie-wissen-mussen\/\" \/>\n<meta property=\"og:locale\" content=\"de_DE\" \/>\n<meta property=\"og:type\" content=\"article\" \/>\n<meta property=\"og:title\" content=\"Parc del Laberint d\u2019Horta: Alles, was Sie wissen m\u00fcssen | Lugaris\" \/>\n<meta property=\"og:description\" content=\"Entdecke den verzauberten Parc del Laberint d&#039;Horta in Barcelona! \ud83c\udf33 Erfahre alles \u00fcber drn ber\u00fchmten Labyrinthgarten und vieles mehr! \ud83c\udfde\ufe0f\" \/>\n<meta property=\"og:url\" content=\"https:\/\/www.lugaris.com\/de\/der-parc-del-laberint-dhorta-alles-was-sie-wissen-mussen\/\" \/>\n<meta property=\"og:site_name\" content=\"Lugaris\" \/>\n<meta property=\"article:published_time\" content=\"2021-07-14T09:50:11+00:00\" \/>\n<meta property=\"article:modified_time\" content=\"2024-03-21T11:38:46+00:00\" \/>\n<meta property=\"og:image\" content=\"https:\/\/www.lugaris.com\/app\/uploads\/2021\/07\/laverinto-de-horta.jpg\" \/>\n\t<meta property=\"og:image:width\" content=\"1299\" \/>\n\t<meta property=\"og:image:height\" content=\"709\" \/>\n\t<meta property=\"og:image:type\" content=\"image\/jpeg\" \/>\n<meta name=\"author\" content=\"Lugaris Reservas\" \/>\n<meta name=\"twitter:card\" content=\"summary_large_image\" \/>\n<meta name=\"twitter:label1\" content=\"Written by\" \/>\n\t<meta name=\"twitter:data1\" content=\"Lugaris Reservas\" \/>\n\t<meta name=\"twitter:label2\" content=\"Est. reading time\" \/>\n\t<meta name=\"twitter:data2\" content=\"8 minutes\" \/>\n<script type=\"application\/ld+json\" class=\"yoast-schema-graph\">{\"@context\":\"https:\/\/schema.org\",\"@graph\":[{\"@type\":\"Article\",\"@id\":\"https:\/\/www.lugaris.com\/de\/der-parc-del-laberint-dhorta-alles-was-sie-wissen-mussen\/#article\",\"isPartOf\":{\"@id\":\"https:\/\/www.lugaris.com\/de\/der-parc-del-laberint-dhorta-alles-was-sie-wissen-mussen\/\"},\"author\":{\"name\":\"Lugaris Reservas\",\"@id\":\"https:\/\/www.lugaris.com\/de\/#\/schema\/person\/d331d1664afd39e5f4a62edea3455729\"},\"headline\":\"Der Parc del Laberint d\u2019Horta: Alles, was Sie wissen m\u00fcssen\",\"datePublished\":\"2021-07-14T09:50:11+00:00\",\"dateModified\":\"2024-03-21T11:38:46+00:00\",\"mainEntityOfPage\":{\"@id\":\"https:\/\/www.lugaris.com\/de\/der-parc-del-laberint-dhorta-alles-was-sie-wissen-mussen\/\"},\"wordCount\":1537,\"commentCount\":0,\"publisher\":{\"@id\":\"https:\/\/www.lugaris.com\/de\/#organization\"},\"image\":{\"@id\":\"https:\/\/www.lugaris.com\/de\/der-parc-del-laberint-dhorta-alles-was-sie-wissen-mussen\/#primaryimage\"},\"thumbnailUrl\":\"https:\/\/www.lugaris.com\/app\/uploads\/2021\/07\/laverinto-de-horta.jpg\",\"keywords\":[\"Kultur in Barcelona\",\"Barcelona's Stadtteile\"],\"articleSection\":[\"Veranstaltungen in Barcelona\",\"Freizeit in Barcelona\",\"Barcelona\"],\"inLanguage\":\"de-DE\",\"potentialAction\":[{\"@type\":\"CommentAction\",\"name\":\"Comment\",\"target\":[\"https:\/\/www.lugaris.com\/de\/der-parc-del-laberint-dhorta-alles-was-sie-wissen-mussen\/#respond\"]}]},{\"@type\":\"WebPage\",\"@id\":\"https:\/\/www.lugaris.com\/de\/der-parc-del-laberint-dhorta-alles-was-sie-wissen-mussen\/\",\"url\":\"https:\/\/www.lugaris.com\/de\/der-parc-del-laberint-dhorta-alles-was-sie-wissen-mussen\/\",\"name\":\"Parc del Laberint d\u2019Horta: Alles, was Sie wissen m\u00fcssen | Lugaris\",\"isPartOf\":{\"@id\":\"https:\/\/www.lugaris.com\/de\/#website\"},\"primaryImageOfPage\":{\"@id\":\"https:\/\/www.lugaris.com\/de\/der-parc-del-laberint-dhorta-alles-was-sie-wissen-mussen\/#primaryimage\"},\"image\":{\"@id\":\"https:\/\/www.lugaris.com\/de\/der-parc-del-laberint-dhorta-alles-was-sie-wissen-mussen\/#primaryimage\"},\"thumbnailUrl\":\"https:\/\/www.lugaris.com\/app\/uploads\/2021\/07\/laverinto-de-horta.jpg\",\"datePublished\":\"2021-07-14T09:50:11+00:00\",\"dateModified\":\"2024-03-21T11:38:46+00:00\",\"description\":\"Entdecke den verzauberten Parc del Laberint d'Horta in Barcelona! \ud83c\udf33 Erfahre alles \u00fcber drn ber\u00fchmten Labyrinthgarten und vieles mehr! \ud83c\udfde\ufe0f\",\"breadcrumb\":{\"@id\":\"https:\/\/www.lugaris.com\/de\/der-parc-del-laberint-dhorta-alles-was-sie-wissen-mussen\/#breadcrumb\"},\"inLanguage\":\"de-DE\",\"potentialAction\":[{\"@type\":\"ReadAction\",\"target\":[\"https:\/\/www.lugaris.com\/de\/der-parc-del-laberint-dhorta-alles-was-sie-wissen-mussen\/\"]}]},{\"@type\":\"ImageObject\",\"inLanguage\":\"de-DE\",\"@id\":\"https:\/\/www.lugaris.com\/de\/der-parc-del-laberint-dhorta-alles-was-sie-wissen-mussen\/#primaryimage\",\"url\":\"https:\/\/www.lugaris.com\/app\/uploads\/2021\/07\/laverinto-de-horta.jpg\",\"contentUrl\":\"https:\/\/www.lugaris.com\/app\/uploads\/2021\/07\/laverinto-de-horta.jpg\",\"width\":1299,\"height\":709},{\"@type\":\"BreadcrumbList\",\"@id\":\"https:\/\/www.lugaris.com\/de\/der-parc-del-laberint-dhorta-alles-was-sie-wissen-mussen\/#breadcrumb\",\"itemListElement\":[{\"@type\":\"ListItem\",\"position\":1,\"name\":\"Home\",\"item\":\"https:\/\/www.lugaris.com\/de\/\"},{\"@type\":\"ListItem\",\"position\":2,\"name\":\"Der Parc del Laberint d\u2019Horta: Alles, was Sie wissen m\u00fcssen\"}]},{\"@type\":\"WebSite\",\"@id\":\"https:\/\/www.lugaris.com\/de\/#website\",\"url\":\"https:\/\/www.lugaris.com\/de\/\",\"name\":\"Lugaris\",\"description\":\"Apartamentos de vacaciones en Barcelona\",\"publisher\":{\"@id\":\"https:\/\/www.lugaris.com\/de\/#organization\"},\"potentialAction\":[{\"@type\":\"SearchAction\",\"target\":{\"@type\":\"EntryPoint\",\"urlTemplate\":\"https:\/\/www.lugaris.com\/de\/?s={search_term_string}\"},\"query-input\":\"required name=search_term_string\"}],\"inLanguage\":\"de-DE\"},{\"@type\":\"Organization\",\"@id\":\"https:\/\/www.lugaris.com\/de\/#organization\",\"name\":\"Lugaris Apartments in Barcelona\",\"url\":\"https:\/\/www.lugaris.com\/de\/\",\"logo\":{\"@type\":\"ImageObject\",\"inLanguage\":\"de-DE\",\"@id\":\"https:\/\/www.lugaris.com\/de\/#\/schema\/logo\/image\/\",\"url\":\"https:\/\/www.lugaris.com\/app\/uploads\/2020\/03\/Logo_lugaris_v2.png\",\"contentUrl\":\"https:\/\/www.lugaris.com\/app\/uploads\/2020\/03\/Logo_lugaris_v2.png\",\"width\":285,\"height\":257,\"caption\":\"Lugaris Apartments in Barcelona\"},\"image\":{\"@id\":\"https:\/\/www.lugaris.com\/de\/#\/schema\/logo\/image\/\"}},{\"@type\":\"Person\",\"@id\":\"https:\/\/www.lugaris.com\/de\/#\/schema\/person\/d331d1664afd39e5f4a62edea3455729\",\"name\":\"Lugaris Reservas\",\"image\":{\"@type\":\"ImageObject\",\"inLanguage\":\"de-DE\",\"@id\":\"https:\/\/www.lugaris.com\/de\/#\/schema\/person\/image\/\",\"url\":\"https:\/\/www.lugaris.com\/app\/litespeed\/avatar\/75caeadca424e791d40a099d0fda7cee.jpg?ver=1777494156\",\"contentUrl\":\"https:\/\/www.lugaris.com\/app\/litespeed\/avatar\/75caeadca424e791d40a099d0fda7cee.jpg?ver=1777494156\",\"caption\":\"Lugaris Reservas\"}}]}<\/script>\n<!-- \/ Yoast SEO plugin. -->","yoast_head_json":{"title":"Parc del Laberint d\u2019Horta: Alles, was Sie wissen m\u00fcssen | Lugaris","description":"Entdecke den verzauberten Parc del Laberint d'Horta in Barcelona! \ud83c\udf33 Erfahre alles \u00fcber drn ber\u00fchmten Labyrinthgarten und vieles mehr! \ud83c\udfde\ufe0f","robots":{"index":"index","follow":"follow","max-snippet":"max-snippet:-1","max-image-preview":"max-image-preview:large","max-video-preview":"max-video-preview:-1"},"canonical":"https:\/\/www.lugaris.com\/de\/der-parc-del-laberint-dhorta-alles-was-sie-wissen-mussen\/","og_locale":"de_DE","og_type":"article","og_title":"Parc del Laberint d\u2019Horta: Alles, was Sie wissen m\u00fcssen | Lugaris","og_description":"Entdecke den verzauberten Parc del Laberint d'Horta in Barcelona! \ud83c\udf33 Erfahre alles \u00fcber drn ber\u00fchmten Labyrinthgarten und vieles mehr! \ud83c\udfde\ufe0f","og_url":"https:\/\/www.lugaris.com\/de\/der-parc-del-laberint-dhorta-alles-was-sie-wissen-mussen\/","og_site_name":"Lugaris","article_published_time":"2021-07-14T09:50:11+00:00","article_modified_time":"2024-03-21T11:38:46+00:00","og_image":[{"width":1299,"height":709,"url":"https:\/\/www.lugaris.com\/app\/uploads\/2021\/07\/laverinto-de-horta.jpg","type":"image\/jpeg"}],"author":"Lugaris Reservas","twitter_card":"summary_large_image","twitter_misc":{"Written by":"Lugaris Reservas","Est. reading time":"8 minutes"},"schema":{"@context":"https:\/\/schema.org","@graph":[{"@type":"Article","@id":"https:\/\/www.lugaris.com\/de\/der-parc-del-laberint-dhorta-alles-was-sie-wissen-mussen\/#article","isPartOf":{"@id":"https:\/\/www.lugaris.com\/de\/der-parc-del-laberint-dhorta-alles-was-sie-wissen-mussen\/"},"author":{"name":"Lugaris Reservas","@id":"https:\/\/www.lugaris.com\/de\/#\/schema\/person\/d331d1664afd39e5f4a62edea3455729"},"headline":"Der Parc del Laberint d\u2019Horta: Alles, was Sie wissen m\u00fcssen","datePublished":"2021-07-14T09:50:11+00:00","dateModified":"2024-03-21T11:38:46+00:00","mainEntityOfPage":{"@id":"https:\/\/www.lugaris.com\/de\/der-parc-del-laberint-dhorta-alles-was-sie-wissen-mussen\/"},"wordCount":1537,"commentCount":0,"publisher":{"@id":"https:\/\/www.lugaris.com\/de\/#organization"},"image":{"@id":"https:\/\/www.lugaris.com\/de\/der-parc-del-laberint-dhorta-alles-was-sie-wissen-mussen\/#primaryimage"},"thumbnailUrl":"https:\/\/www.lugaris.com\/app\/uploads\/2021\/07\/laverinto-de-horta.jpg","keywords":["Kultur in Barcelona","Barcelona's Stadtteile"],"articleSection":["Veranstaltungen in Barcelona","Freizeit in Barcelona","Barcelona"],"inLanguage":"de-DE","potentialAction":[{"@type":"CommentAction","name":"Comment","target":["https:\/\/www.lugaris.com\/de\/der-parc-del-laberint-dhorta-alles-was-sie-wissen-mussen\/#respond"]}]},{"@type":"WebPage","@id":"https:\/\/www.lugaris.com\/de\/der-parc-del-laberint-dhorta-alles-was-sie-wissen-mussen\/","url":"https:\/\/www.lugaris.com\/de\/der-parc-del-laberint-dhorta-alles-was-sie-wissen-mussen\/","name":"Parc del Laberint d\u2019Horta: Alles, was Sie wissen m\u00fcssen | Lugaris","isPartOf":{"@id":"https:\/\/www.lugaris.com\/de\/#website"},"primaryImageOfPage":{"@id":"https:\/\/www.lugaris.com\/de\/der-parc-del-laberint-dhorta-alles-was-sie-wissen-mussen\/#primaryimage"},"image":{"@id":"https:\/\/www.lugaris.com\/de\/der-parc-del-laberint-dhorta-alles-was-sie-wissen-mussen\/#primaryimage"},"thumbnailUrl":"https:\/\/www.lugaris.com\/app\/uploads\/2021\/07\/laverinto-de-horta.jpg","datePublished":"2021-07-14T09:50:11+00:00","dateModified":"2024-03-21T11:38:46+00:00","description":"Entdecke den verzauberten Parc del Laberint d'Horta in Barcelona! \ud83c\udf33 Erfahre alles \u00fcber drn ber\u00fchmten Labyrinthgarten und vieles mehr! \ud83c\udfde\ufe0f","breadcrumb":{"@id":"https:\/\/www.lugaris.com\/de\/der-parc-del-laberint-dhorta-alles-was-sie-wissen-mussen\/#breadcrumb"},"inLanguage":"de-DE","potentialAction":[{"@type":"ReadAction","target":["https:\/\/www.lugaris.com\/de\/der-parc-del-laberint-dhorta-alles-was-sie-wissen-mussen\/"]}]},{"@type":"ImageObject","inLanguage":"de-DE","@id":"https:\/\/www.lugaris.com\/de\/der-parc-del-laberint-dhorta-alles-was-sie-wissen-mussen\/#primaryimage","url":"https:\/\/www.lugaris.com\/app\/uploads\/2021\/07\/laverinto-de-horta.jpg","contentUrl":"https:\/\/www.lugaris.com\/app\/uploads\/2021\/07\/laverinto-de-horta.jpg","width":1299,"height":709},{"@type":"BreadcrumbList","@id":"https:\/\/www.lugaris.com\/de\/der-parc-del-laberint-dhorta-alles-was-sie-wissen-mussen\/#breadcrumb","itemListElement":[{"@type":"ListItem","position":1,"name":"Home","item":"https:\/\/www.lugaris.com\/de\/"},{"@type":"ListItem","position":2,"name":"Der Parc del Laberint d\u2019Horta: Alles, was Sie wissen m\u00fcssen"}]},{"@type":"WebSite","@id":"https:\/\/www.lugaris.com\/de\/#website","url":"https:\/\/www.lugaris.com\/de\/","name":"Lugaris","description":"Apartamentos de vacaciones en Barcelona","publisher":{"@id":"https:\/\/www.lugaris.com\/de\/#organization"},"potentialAction":[{"@type":"SearchAction","target":{"@type":"EntryPoint","urlTemplate":"https:\/\/www.lugaris.com\/de\/?s={search_term_string}"},"query-input":"required name=search_term_string"}],"inLanguage":"de-DE"},{"@type":"Organization","@id":"https:\/\/www.lugaris.com\/de\/#organization","name":"Lugaris Apartments in Barcelona","url":"https:\/\/www.lugaris.com\/de\/","logo":{"@type":"ImageObject","inLanguage":"de-DE","@id":"https:\/\/www.lugaris.com\/de\/#\/schema\/logo\/image\/","url":"https:\/\/www.lugaris.com\/app\/uploads\/2020\/03\/Logo_lugaris_v2.png","contentUrl":"https:\/\/www.lugaris.com\/app\/uploads\/2020\/03\/Logo_lugaris_v2.png","width":285,"height":257,"caption":"Lugaris Apartments in Barcelona"},"image":{"@id":"https:\/\/www.lugaris.com\/de\/#\/schema\/logo\/image\/"}},{"@type":"Person","@id":"https:\/\/www.lugaris.com\/de\/#\/schema\/person\/d331d1664afd39e5f4a62edea3455729","name":"Lugaris Reservas","image":{"@type":"ImageObject","inLanguage":"de-DE","@id":"https:\/\/www.lugaris.com\/de\/#\/schema\/person\/image\/","url":"https:\/\/www.lugaris.com\/app\/litespeed\/avatar\/75caeadca424e791d40a099d0fda7cee.jpg?ver=1777494156","contentUrl":"https:\/\/www.lugaris.com\/app\/litespeed\/avatar\/75caeadca424e791d40a099d0fda7cee.jpg?ver=1777494156","caption":"Lugaris Reservas"}}]}},"uagb_featured_image_src":{"full":["https:\/\/www.lugaris.com\/app\/uploads\/2021\/07\/laverinto-de-horta.jpg",1299,709,false],"thumbnail":["https:\/\/www.lugaris.com\/app\/uploads\/2021\/07\/laverinto-de-horta-640x349.jpg",640,349,true],"medium":["https:\/\/www.lugaris.com\/app\/uploads\/2021\/07\/laverinto-de-horta-1024x559.jpg",1024,559,true],"medium_large":["https:\/\/www.lugaris.com\/app\/uploads\/2021\/07\/laverinto-de-horta-768x419.jpg",768,419,true],"large":["https:\/\/www.lugaris.com\/app\/uploads\/2021\/07\/laverinto-de-horta-1280x699.jpg",1280,699,true],"1536x1536":["https:\/\/www.lugaris.com\/app\/uploads\/2021\/07\/laverinto-de-horta.jpg",1299,709,false],"2048x2048":["https:\/\/www.lugaris.com\/app\/uploads\/2021\/07\/laverinto-de-horta.jpg",1299,709,false]},"uagb_author_info":{"display_name":"Lugaris Reservas","author_link":"https:\/\/www.lugaris.com\/de\/author\/lugaris\/"},"uagb_comment_info":3,"uagb_excerpt":"Der Parc del Laberint im Stadtteil Horta-Guinard\u00f3 ist der \u00e4lteste Park in Barcelona und hinterl\u00e4sst Spuren bei seinen Besuchern. Die Rede ist von einem au\u00dfergew\u00f6hnlichen Garten, voller Romantik und faszinierender Architektur, perfekt f\u00fcr einen Ausflug f\u00fcr Paare in Barcelona.","_links":{"self":[{"href":"https:\/\/www.lugaris.com\/de\/wp-json\/wp\/v2\/posts\/16574"}],"collection":[{"href":"https:\/\/www.lugaris.com\/de\/wp-json\/wp\/v2\/posts"}],"about":[{"href":"https:\/\/www.lugaris.com\/de\/wp-json\/wp\/v2\/types\/post"}],"author":[{"embeddable":true,"href":"https:\/\/www.lugaris.com\/de\/wp-json\/wp\/v2\/users\/8"}],"replies":[{"embeddable":true,"href":"https:\/\/www.lugaris.com\/de\/wp-json\/wp\/v2\/comments?post=16574"}],"version-history":[{"count":6,"href":"https:\/\/www.lugaris.com\/de\/wp-json\/wp\/v2\/posts\/16574\/revisions"}],"predecessor-version":[{"id":22860,"href":"https:\/\/www.lugaris.com\/de\/wp-json\/wp\/v2\/posts\/16574\/revisions\/22860"}],"wp:featuredmedia":[{"embeddable":true,"href":"https:\/\/www.lugaris.com\/de\/wp-json\/wp\/v2\/media\/16543"}],"wp:attachment":[{"href":"https:\/\/www.lugaris.com\/de\/wp-json\/wp\/v2\/media?parent=16574"}],"wp:term":[{"taxonomy":"category","embeddable":true,"href":"https:\/\/www.lugaris.com\/de\/wp-json\/wp\/v2\/categories?post=16574"},{"taxonomy":"post_tag","embeddable":true,"href":"https:\/\/www.lugaris.com\/de\/wp-json\/wp\/v2\/tags?post=16574"}],"curies":[{"name":"wp","href":"https:\/\/api.w.org\/{rel}","templated":true}]}}