{"id":24672,"date":"2024-04-19T07:30:33","date_gmt":"2024-04-19T07:30:33","guid":{"rendered":"https:\/\/www.lugaris.com\/las-mejores-recomendaciones-para-el-primavera-sound-2024\/"},"modified":"2025-10-13T07:44:19","modified_gmt":"2025-10-13T07:44:19","slug":"die-besten-empfehlungen-fur-das-primavera-sound-2025","status":"publish","type":"post","link":"https:\/\/www.lugaris.com\/de\/die-besten-empfehlungen-fur-das-primavera-sound-2025\/","title":{"rendered":"Die besten Empfehlungen f\u00fcr das Primavera Sound 2026"},"content":{"rendered":"\n<p class=\"\">Alle Infos zum Primavera Sound 2026 sind da! Jahr f\u00fcr Jahr zieht dieses Festival Musikliebhaber aus aller Welt in den Parc del F\u00f2rum, um drei Tage voller Konzerte, Atmosph\u00e4re und musikalischer Entdeckungen zu erleben.<\/p>\n\n\n\n<p class=\"\">Wenn Du planst, nach Barcelona zu reisen, um das Primavera Sound 2026 zu genie\u00dfen, findest Du in diesem Artikel von Lugaris alles, was Du wissen musst: best\u00e4tigte Daten, das offizielle Line-up, Ticketarten und Tipps, um Deine Festivalerfahrung bis ins Detail zu planen. Wir sehen uns beim Festival! \ud83d\ude09<\/p>\n\n\n\n<div class=\"wp-block-uagb-image uagb-block-19dde43b wp-block-uagb-image--layout-default wp-block-uagb-image--effect-static wp-block-uagb-image--align-none\"><figure class=\"wp-block-uagb-image__figure\"><img loading=\"lazy\" decoding=\"async\" srcset=\"https:\/\/www.lugaris.com\/app\/uploads\/2022\/11\/primavera-sound.jpg ,https:\/\/www.lugaris.com\/app\/uploads\/2022\/11\/primavera-sound.jpg 780w, https:\/\/www.lugaris.com\/app\/uploads\/2022\/11\/primavera-sound.jpg 360w\" sizes=\"(max-width: 480px) 150px\" src=\"https:\/\/www.lugaris.com\/app\/uploads\/2022\/11\/primavera-sound.jpg\" alt=\"\" class=\"uag-image-18924\" width=\"6016\" height=\"4016\" title=\"primavera-sound\" loading=\"lazy\" role=\"img\"\/><\/figure><\/div>\n\n\n\n<p class=\"\"><\/p>\n\n\n\n<h2 class=\"wp-block-heading\"><strong>Wann findet das Primavera Sound 2026 in Barcelona statt?<\/strong><\/h2>\n\n\n\n<p class=\"\">Es ist offiziell: <strong>Das Primavera Sound 2026 findet vom<\/strong> <strong>4. bis 6. Juni<\/strong> wie gewohnt im <strong>Parc del F\u00f2rum in Barcelona<\/strong> statt.<\/p>\n\n\n\n<p class=\"\">Doch wie immer beschr\u00e4nkt sich das Festival nicht nur auf diese drei Tage.<strong> In der Woche davor<\/strong> \u2013 bekannt als <strong>Primavera Week<\/strong> \u2013 verwandelt sich die Stadt in ein pulsierendes Zentrum mit Konzerten in lokalen Venues, Willkommenspartys und besonderen Events, die die Vorfreude auf das Hauptwochenende anheizen.<\/p>\n\n\n\n<p class=\"\">Die <strong>beste Gegend zum \u00dcbernachten w\u00e4hrend des Primavera Sound ist<\/strong> <strong>Poblenou<\/strong>. Sie liegt nicht nur in der N\u00e4he des F\u00f2rum, sondern bietet auch ein multikulturelles Flair, zahlreiche Restaurants und Bars \u2013 und nat\u00fcrlich den Strand. Bei <strong>Lugaris<\/strong> finden Sie <a href=\"https:\/\/www.lugaris.com\/de\/\">Apartments in Barcelona<\/a>, die Komfort, Stil und N\u00e4he zum Geschehen vereinen. Wir bieten sowohl <a href=\"https:\/\/www.lugaris.com\/de\/lugaris-beach\/\">Strandapartments<\/a> als auch <a href=\"https:\/\/www.lugaris.com\/de\/lugaris-rambla\/\">Apartments in Poblenou<\/a>, sodass Sie bequem zum Festival laufen k\u00f6nnen \u2013 praktischer geht\u2019s kaum! \ud83d\ude09<\/p>\n\n\n\n<p class=\"\">Und wenn Sie einen l\u00e4ngeren Aufenthalt planen, bietet Lugaris auch <a href=\"https:\/\/www.lugaris.com\/de\/lugaris-stay\/\">Langzeitapartments in Barcelona<\/a>, damit Sie das Beste aus allem herausholen k\u00f6nnen, was die <strong>Ciudad Condal<\/strong> zu bieten hat.<\/p>\n\n\n\n<h2 class=\"wp-block-heading\"><strong>Line-up des Primavera Sound 2026<\/strong><\/h2>\n\n\n\n<p class=\"\">Gespannt auf das Line-Up f\u00fcr das Primavera Sound 2026? Wie immer ist es eine Mischung aus gro\u00dfen Legenden, aktuellen Stars und spannenden Neuentdeckungen. Wenn Du noch nicht alle Namen kennst, stellen wir sie Dir hier vor, damit Du Deinen Zeitplan schon mal planen kannst.<\/p>\n\n\n\n<h3 class=\"wp-block-heading\">The Cure<\/h3>\n\n\n\n<p class=\"\">Die Ikonen des Post-Punk und Alternative Rock seit den 80ern kehren mit ihrem melancholischen Sound nach Barcelona zur\u00fcck. Klassiker wie <em>\u201cJust Like Heaven\u201d<\/em> oder <em>\u201cBoys Don\u2019t Cry\u201d<\/em> werden aktueller klingen denn je.<br><\/p>\n\n\n\n<h3 class=\"wp-block-heading\">Doja Cat<\/h3>\n\n\n\n<p class=\"\">Einer der gr\u00f6\u00dften Pop-Rap-Stars unserer Zeit darf im Primavera Sound 2026 nicht fehlen. Kreativ, provokant und mit viralen Hits wie <em>\u201cWoman\u201d<\/em> oder <em>\u201cSay So\u201d<\/em> verspricht sie eine der beeindruckendsten Shows des Festivals.<br><\/p>\n\n\n\n<h3 class=\"wp-block-heading\">The xx<\/h3>\n\n\n\n<p class=\"\">Die britische Indie-Pop-Band kehrt mit ihrem atmosph\u00e4rischen, minimalistischen Sound zur\u00fcck. Beim Primavera Sound 2026 erwarten uns sowohl Klassiker als auch neue Songs.<br><\/p>\n\n\n\n<h3 class=\"wp-block-heading\">Gorillaz<\/h3>\n\n\n\n<p class=\"\">Die ber\u00fchmteste animierte Band der Welt, angef\u00fchrt von Damon Albarn, verbindet Rock, Hip-Hop und Elektronik. Ihre Konzerte bieten spektakul\u00e4re Visuals, \u00dcberraschungsmomente und pure Live-Energie.<br><\/p>\n\n\n\n<h3 class=\"wp-block-heading\">Massive Attack<\/h3>\n\n\n\n<p class=\"\">Pioniere des Trip-Hop und ewige Referenzen f\u00fcr dunkle, raffinierte Elektronik. Ihr Auftritt ist ein multisensorisches Erlebnis aus Musik, Kunst und Gesellschaftskritik.<br><\/p>\n\n\n\n<h3 class=\"wp-block-heading\">My Bloody Valentine<\/h3>\n\n\n\n<p class=\"\">Shoegaze-Legenden mit hypnotischem Sound. Beim Primavera Sound 2026 hast Du die einmalige Chance, ihr Kultalbum <em>\u201cLoveless\u201d<\/em> in voller Lautst\u00e4rke zu erleben.<br><\/p>\n\n\n\n<h3 class=\"wp-block-heading\">Addison Rae<\/h3>\n\n\n\n<p class=\"\">Influencerin und Popk\u00fcnstlerin \u2013 ja, sie. Und sie meint es ernst: Ihr Konzert kombiniert Choreografie, 2000er-\u00c4sthetik und pures Entertainment. Eine der meist erwarteten Shows des Festivals.<br><\/p>\n\n\n\n<h3 class=\"wp-block-heading\">Skrillex<\/h3>\n\n\n\n<p class=\"\">Der Meister des Dubstep kehrt mit einem neuen Konzept zur\u00fcck: kraftvolle Beats, aggressive Elektronik und jede Menge Party. Perfekt, um die Nacht mit Adrenalin ausklingen zu lassen.<br><\/p>\n\n\n\n<h3 class=\"wp-block-heading\">Bad Gyal<\/h3>\n\n\n\n<p class=\"\">Die katalanische K\u00fcnstlerin mit internationalem Erfolg steht f\u00fcr Dancehall und alternativen Reggaeton. Urbane Sounds, elektronische Beats und eine kompromisslose Attit\u00fcde.<br><\/p>\n\n\n\n<h3 class=\"wp-block-heading\">Little Simz<\/h3>\n\n\n\n<p class=\"\">Britischer Rap auf h\u00f6chstem Niveau: intelligente Texte, durchdachte Beats und eine B\u00fchnenpr\u00e4senz, die niemanden kaltl\u00e4sst.<br><\/p>\n\n\n\n<h3 class=\"wp-block-heading\">Mac DeMarco<\/h3>\n\n\n\n<p class=\"\">Der K\u00f6nig des \u201cSlacker Rock\u201d ist zur\u00fcck \u2013 mit l\u00e4ssigem Stil, trockenem Humor und Songs, die sofort ins Ohr gehen. Ideal f\u00fcr einen Fr\u00fchlingsnachmittag mit Bier in der Hand.<br><\/p>\n\n\n\n<h3 class=\"wp-block-heading\">PinkPantheress<\/h3>\n\n\n\n<p class=\"\">Ein Name, der den alternativen Pop neu definiert, mit nostalgischen 2000er-Sounds, sanftem Drum\u2019n\u2019Bass und Tumblr-\u00c4sthetik. Ihr Auftritt wird pure Energie.<br><\/p>\n\n\n\n<h3 class=\"wp-block-heading\">Wet Leg<\/h3>\n\n\n\n<p class=\"\">Das britische Duo \u00fcberzeugt mit ironischen Texten, Punk-Attit\u00fcde und eing\u00e4ngigen Melodien. Ihr Deb\u00fctalbum wurde gefeiert, ihre Live-Energie ist ansteckend.<\/p>\n\n\n\n<p class=\"\">Dies sind nur einige der K\u00fcnstler des Primavera Sound 2026, aber es gibt noch viele mehr! Das komplette Line-up findest Du online, damit Du Deinen Favoriten entdecken kannst.<\/p>\n\n\n\n<p class=\"\"><\/p>\n\n\n\n<p class=\"\"><img fetchpriority=\"high\" decoding=\"async\" src=\"blob:https:\/\/www.lugaris.com\/f98d5b5c-59d5-4d8c-a8bc-6c1a0e71264d\" width=\"602\" height=\"803\"><\/p>\n\n\n\n<h2 class=\"wp-block-heading\"><strong>Tickets f\u00fcr das Primavera Sound 2026<\/strong><\/h2>\n\n\n\n<p class=\"\">Der Ticketverkauf f\u00fcr das Primavera Sound 2026 ist bereits gestartet. Wie jedes Jahr gibt es verschiedene M\u00f6glichkeiten, das Festival zu erleben, passend zu Deinem Plan, Budget und Energielevel.<\/p>\n\n\n\n<h3 class=\"wp-block-heading\">Einen Festivalpass f\u00fcr alle drei Tage kaufen<\/h3>\n\n\n\n<p class=\"\">Wenn Du nichts verpassen willst, ist der 3-Tage-Pass die beste Wahl. Er erm\u00f6glicht Dir den Zugang zum gesamten Festival an den Tagen 4., 5. und 6. Juni.<\/p>\n\n\n\n<ul class=\"\">\n<li class=\"\">Fan-Sale-Preis: <strong>295 \u20ac + Geb\u00fchren<\/strong><\/li>\n\n\n\n<li class=\"\">Regul\u00e4rer Verkaufspreis: <strong>350 \u20ac + Geb\u00fchren<\/strong><\/li>\n<\/ul>\n\n\n\n<p class=\"\">Beachte, dass die Preise stufenweise steigen, je fr\u00fcher Du Deinen Pass&nbsp; kaufst, desto besser.<br><\/p>\n\n\n\n<h3 class=\"wp-block-heading\">VIP-Erlebnis<\/h3>\n\n\n\n<p class=\"\">F\u00fcr mehr Komfort und bevorzugten Zugang gibt es den <strong>VIP-Pass<\/strong>, inklusive:<\/p>\n\n\n\n<ul class=\"\">\n<li class=\"\">Exklusive Zonen mit bester Sicht<\/li>\n\n\n\n<li class=\"\">VIP-Toiletten<\/li>\n\n\n\n<li class=\"\">Schnellere Zug\u00e4nge<\/li>\n\n\n\n<li class=\"\">Entspannungsbereiche<\/li>\n<\/ul>\n\n\n\n<p class=\"\">&nbsp;Preis des VIP-Abos: <strong>545 \u20ac + Geb\u00fchren<\/strong><strong><br><\/strong><\/p>\n\n\n\n<h3 class=\"wp-block-heading\">Tagestickets<\/h3>\n\n\n\n<p class=\"\">Nur an einem Tag dabei? Kein Problem. Einzelne Tagestickets werden einige Wochen nach den Festivalp\u00e4ssen angeboten. Wenn Du wei\u00dft, welcher Tag Dein Favorit ist, sei schnell, sie sind rasch ausverkauft.<br><\/p>\n\n\n\n<h3 class=\"wp-block-heading\">Sonderrabatte<\/h3>\n\n\n\n<p class=\"\">Vor dem Kauf lohnt es sich, die Rabattoptionen zu pr\u00fcfen:<\/p>\n\n\n\n<ul class=\"\">\n<li class=\"\">Einwohner der Metropolregion Barcelona erhalten <strong>10 % Rabatt<\/strong> mit Nachweis.<\/li>\n\n\n\n<li class=\"\"><strong>Revolut-Kunden<\/strong> sparen <strong>15 \u20ac<\/strong> beim Kauf \u00fcber Fever.<\/li>\n\n\n\n<li class=\"\">Wer sich vor der regul\u00e4ren Verkaufsphase auf der offiziellen Plattform registriert, erh\u00e4lt Zugang zur <strong>Fan Sale-Phase <\/strong>mit verg\u00fcnstigten Preisen und Early Access.<br><\/li>\n<\/ul>\n\n\n\n<h2 class=\"wp-block-heading\"><strong>Erlebe das Primavera Sound 2026 in vollen Z\u00fcgen!<\/strong><\/h2>\n\n\n\n<p class=\"\"><strong>Sichere Dir Dein Ticket, buche Deine Unterkunft bei Lugaris<\/strong> und mach Dich bereit f\u00fcr drei unvergessliche Tage, die Musikgeschichte schreiben k\u00f6nnten.<\/p>\n\n\n\n<p class=\"\">Und wenn Du Hilfe bei der Flugbuchung, Freizeitplanung oder beim Sightseeing in Barcelona brauchst\u2026lies weiter in unserem Blog! \ud83d\ude09<\/p>\n\n\n\n\n<section class=\"blocks__extra-info \" id=\"nuestros-apartamentos-en-barcelona\">\n    <h3>NUESTROS APARTAMENTOS EN BARCELONA<\/h3>\n\n    <div class=\"blocks__extra-info__list\">\n                    <div class=\"blocks__extra-info__item\" id=\"nuestros-apartamentos-en-barcelona-ferienwohnungen-am-strand-von-barcelona\">\n        <a\n                    href=\"#\" \n            class=\"toggleable__extra-info \"\n            data-target=\"#extra-info-16755\"\n            data-scope=\".blocks__extra-info .toggleable__extra-info, .blocks__extra-info .blocks__extra-info__content\"\n        \n        \n    >\n            <article class=\"blocks__extra-info__item__container\">\n            <img decoding=\"async\" src=\"https:\/\/www.lugaris.com\/app\/uploads\/2020\/08\/DSC4180_R.jpg.jpg\" class=\"blocks__extra-info__item__thumbnail\"><\/img>\n            <div  class=\"blocks__extra-info__item__content\">\n                <header>\n                    <h4 class=\"blocks__extra-info__item__title\">\n                        FERIENWOHNUNGEN AM STRAND VON BARCELONA\n                    <\/h4>\n                <\/header>\n                <section>\n                    <p class=\"blocks__extra-info__item__excerpt\">\n                        Seit 2010 bietet Lugaris Apartaments die besten Ferienwohnungen in Barcelona f\u00fcr\u00a0 perfekte Urlaubstage mit der Familie, mit Freunden oder f\u00fcr Paare. Sie haben die Wahl. Herrliche Appartments ganz in der N\u00e4he des Strandes von Barcelona, &hellip;\n                    <\/p>\n                    \n                                        <span class=\"blocks__extra-info__item__read-more\">Mehr lesen<\/span>\n                    <span class=\"blocks__extra-info__item__read-less\">Weniger lesen<\/span>\n                                    <\/section>\n            <\/div>\n        <\/article>\n        <\/a>\n    <\/div>\n                        <\/div>\n\n        <div class=\"blocks__extra-info__content__container\">\n                                <div id=\"extra-info-16755\"\n                class=\"blocks__extra-info__content toggleable__target \">\n                \n<p class=\"has-background has-gray-background-color\">Seit 2010 bietet Lugaris Apartaments <a href=\"https:\/\/www.lugaris.com\/de\/apartments-in-barcelona\/\">die besten Ferienwohnungen in Barcelona<\/a> f\u00fcr\u00a0 perfekte Urlaubstage mit der Familie, mit Freunden oder f\u00fcr Paare.<\/p>\n\n\n\n<p class=\"has-background has-gray-background-color\">Sie haben die Wahl. Herrliche <a href=\"https:\/\/www.lugaris.com\/de\/lugaris-beach\/\">Appartments ganz in der N\u00e4he des Strandes von Barcelona<\/a>, am Lugaris Beach mit Panoramablick auf das Mittelmeer, zwei Swimmingpools (einer f\u00fcr Erwachsene und ein sicherer Pool f\u00fcr Kinder) mit Platz f\u00fcr bis zu sechs Personen <a href=\"https:\/\/www.lugaris.com\/de\/lugaris-rambla\/\">oder Lugaris Rambla Appartments<\/a> direkt an der Rambla de Poblenou, nur 300 m vom Bogatell-Strand entfernt. Diese Appartments sind mit einem Balkon\/Terrasse bis zu 22 m2 ausgestattet und sind ideal f\u00fcr Paare oder Familien und Gruppen von bis zu f\u00fcnf Personen.<\/p>\n\n\n\n<p class=\"has-background has-gray-background-color\">Alle unsere Luxuswohnungen in Barcelona sind klimatisiert und mit allen Haushaltsger\u00e4ten, M\u00f6beln und Bettw\u00e4sche versehen, die Sie w\u00e4hrend Ihres Aufenthalts ben\u00f6tigen. Sie verf\u00fcgen au\u00dferdem \u00fcber Satellitenfernsehen und kostenlosen High-Speed-Wi-Fi-Anschluss, sowie einen Safe und einen privaten 24-Stunden-Sicherheitsdienst.<\/p>\n\n\n\n<p class=\"has-background has-gray-background-color\"><br>Dar\u00fcber hinaus k\u00f6nnen Sie bei Ihrer Buchung viele <a href=\"https:\/\/www.lugaris.com\/de\/service\/\">weitere Zusatzleistungen<\/a> reservieren: internationale Presse in Ihrer Wohnung, Parkplatz, Transferservice zum und vom Flughafen Barcelona, Fahrradverleih, Einkaufen im Supermarkt, Eintrittskarten f\u00fcr Museen, Sportveranstaltungen und Shows, Babysitter-Service und vieles mehr.<\/p>\n\n\n\n<p class=\"has-background has-gray-background-color\">F\u00fcr weitere Informationen steht Ihnen der <a href=\"https:\/\/www.lugaris.com\/de\/kontakt\/\">Kundenservice von Lugaris Apartments<\/a> gerne zur Verf\u00fcgung.<\/p>\n\n\n\n<p class=\"\"><\/p>\n\n            <\/div>\n                        <\/div>\n\n    <span class=\"blocks__extra-info__list__button__left prev\"><\/span>\n    <span class=\"blocks__extra-info__list__button__right next\"><\/span>\n    <\/section>\n","protected":false},"excerpt":{"rendered":"<p>Wenn Du planst, nach Barcelona zu reisen, um das Primavera Sound 2026 zu genie\u00dfen, findest Du in diesem Artikel von Lugaris alles<\/p>\n","protected":false},"author":7,"featured_media":18928,"comment_status":"open","ping_status":"open","sticky":false,"template":"","format":"standard","meta":{"_uag_custom_page_level_css":"","footnotes":""},"categories":[117,116],"tags":[],"yoast_head":"<!-- This site is optimized with the Yoast SEO plugin v23.1 - https:\/\/yoast.com\/wordpress\/plugins\/seo\/ -->\n<title>Die besten Empfehlungen f\u00fcr das Primavera Sound 2026<\/title>\n<meta name=\"description\" content=\"Wenn Du planst, nach Barcelona zu reisen, um das Primavera Sound 2026 zu genie\u00dfen, findest Du in diesem Artikel von Lugaris alles\" \/>\n<meta name=\"robots\" content=\"index, follow, max-snippet:-1, max-image-preview:large, max-video-preview:-1\" \/>\n<link rel=\"canonical\" href=\"https:\/\/www.lugaris.com\/de\/die-besten-empfehlungen-fur-das-primavera-sound-2025\/\" \/>\n<meta property=\"og:locale\" content=\"de_DE\" \/>\n<meta property=\"og:type\" content=\"article\" \/>\n<meta property=\"og:title\" content=\"Die besten Empfehlungen f\u00fcr das Primavera Sound 2026\" \/>\n<meta property=\"og:description\" content=\"Wenn Du planst, nach Barcelona zu reisen, um das Primavera Sound 2026 zu genie\u00dfen, findest Du in diesem Artikel von Lugaris alles\" \/>\n<meta property=\"og:url\" content=\"https:\/\/www.lugaris.com\/de\/die-besten-empfehlungen-fur-das-primavera-sound-2025\/\" \/>\n<meta property=\"og:site_name\" content=\"Lugaris\" \/>\n<meta property=\"article:published_time\" content=\"2024-04-19T07:30:33+00:00\" \/>\n<meta property=\"article:modified_time\" content=\"2025-10-13T07:44:19+00:00\" \/>\n<meta property=\"og:image\" content=\"https:\/\/www.lugaris.com\/app\/uploads\/2022\/11\/primavera-sound.jpg\" \/>\n\t<meta property=\"og:image:width\" content=\"817\" \/>\n\t<meta property=\"og:image:height\" content=\"544\" \/>\n\t<meta property=\"og:image:type\" content=\"image\/jpeg\" \/>\n<meta name=\"author\" content=\"Carol\" \/>\n<meta name=\"twitter:card\" content=\"summary_large_image\" \/>\n<meta name=\"twitter:label1\" content=\"Written by\" \/>\n\t<meta name=\"twitter:data1\" content=\"Carol\" \/>\n\t<meta name=\"twitter:label2\" content=\"Est. reading time\" \/>\n\t<meta name=\"twitter:data2\" content=\"5 minutes\" \/>\n<script type=\"application\/ld+json\" class=\"yoast-schema-graph\">{\"@context\":\"https:\/\/schema.org\",\"@graph\":[{\"@type\":\"Article\",\"@id\":\"https:\/\/www.lugaris.com\/de\/die-besten-empfehlungen-fur-das-primavera-sound-2025\/#article\",\"isPartOf\":{\"@id\":\"https:\/\/www.lugaris.com\/de\/die-besten-empfehlungen-fur-das-primavera-sound-2025\/\"},\"author\":{\"name\":\"Carol\",\"@id\":\"https:\/\/www.lugaris.com\/de\/#\/schema\/person\/a4b4909e5e26e647f8ee92b809f52077\"},\"headline\":\"Die besten Empfehlungen f\u00fcr das Primavera Sound 2026\",\"datePublished\":\"2024-04-19T07:30:33+00:00\",\"dateModified\":\"2025-10-13T07:44:19+00:00\",\"mainEntityOfPage\":{\"@id\":\"https:\/\/www.lugaris.com\/de\/die-besten-empfehlungen-fur-das-primavera-sound-2025\/\"},\"wordCount\":961,\"commentCount\":0,\"publisher\":{\"@id\":\"https:\/\/www.lugaris.com\/de\/#organization\"},\"image\":{\"@id\":\"https:\/\/www.lugaris.com\/de\/die-besten-empfehlungen-fur-das-primavera-sound-2025\/#primaryimage\"},\"thumbnailUrl\":\"https:\/\/www.lugaris.com\/app\/uploads\/2022\/11\/primavera-sound.jpg\",\"articleSection\":[\"Freizeit in Barcelona\",\"Barcelona\"],\"inLanguage\":\"de-DE\",\"potentialAction\":[{\"@type\":\"CommentAction\",\"name\":\"Comment\",\"target\":[\"https:\/\/www.lugaris.com\/de\/die-besten-empfehlungen-fur-das-primavera-sound-2025\/#respond\"]}]},{\"@type\":\"WebPage\",\"@id\":\"https:\/\/www.lugaris.com\/de\/die-besten-empfehlungen-fur-das-primavera-sound-2025\/\",\"url\":\"https:\/\/www.lugaris.com\/de\/die-besten-empfehlungen-fur-das-primavera-sound-2025\/\",\"name\":\"Die besten Empfehlungen f\u00fcr das Primavera Sound 2026\",\"isPartOf\":{\"@id\":\"https:\/\/www.lugaris.com\/de\/#website\"},\"primaryImageOfPage\":{\"@id\":\"https:\/\/www.lugaris.com\/de\/die-besten-empfehlungen-fur-das-primavera-sound-2025\/#primaryimage\"},\"image\":{\"@id\":\"https:\/\/www.lugaris.com\/de\/die-besten-empfehlungen-fur-das-primavera-sound-2025\/#primaryimage\"},\"thumbnailUrl\":\"https:\/\/www.lugaris.com\/app\/uploads\/2022\/11\/primavera-sound.jpg\",\"datePublished\":\"2024-04-19T07:30:33+00:00\",\"dateModified\":\"2025-10-13T07:44:19+00:00\",\"description\":\"Wenn Du planst, nach Barcelona zu reisen, um das Primavera Sound 2026 zu genie\u00dfen, findest Du in diesem Artikel von Lugaris alles\",\"breadcrumb\":{\"@id\":\"https:\/\/www.lugaris.com\/de\/die-besten-empfehlungen-fur-das-primavera-sound-2025\/#breadcrumb\"},\"inLanguage\":\"de-DE\",\"potentialAction\":[{\"@type\":\"ReadAction\",\"target\":[\"https:\/\/www.lugaris.com\/de\/die-besten-empfehlungen-fur-das-primavera-sound-2025\/\"]}]},{\"@type\":\"ImageObject\",\"inLanguage\":\"de-DE\",\"@id\":\"https:\/\/www.lugaris.com\/de\/die-besten-empfehlungen-fur-das-primavera-sound-2025\/#primaryimage\",\"url\":\"https:\/\/www.lugaris.com\/app\/uploads\/2022\/11\/primavera-sound.jpg\",\"contentUrl\":\"https:\/\/www.lugaris.com\/app\/uploads\/2022\/11\/primavera-sound.jpg\",\"width\":817,\"height\":544},{\"@type\":\"BreadcrumbList\",\"@id\":\"https:\/\/www.lugaris.com\/de\/die-besten-empfehlungen-fur-das-primavera-sound-2025\/#breadcrumb\",\"itemListElement\":[{\"@type\":\"ListItem\",\"position\":1,\"name\":\"Home\",\"item\":\"https:\/\/www.lugaris.com\/de\/\"},{\"@type\":\"ListItem\",\"position\":2,\"name\":\"Die besten Empfehlungen f\u00fcr das Primavera Sound 2026\"}]},{\"@type\":\"WebSite\",\"@id\":\"https:\/\/www.lugaris.com\/de\/#website\",\"url\":\"https:\/\/www.lugaris.com\/de\/\",\"name\":\"Lugaris\",\"description\":\"Apartamentos de vacaciones en Barcelona\",\"publisher\":{\"@id\":\"https:\/\/www.lugaris.com\/de\/#organization\"},\"potentialAction\":[{\"@type\":\"SearchAction\",\"target\":{\"@type\":\"EntryPoint\",\"urlTemplate\":\"https:\/\/www.lugaris.com\/de\/?s={search_term_string}\"},\"query-input\":\"required name=search_term_string\"}],\"inLanguage\":\"de-DE\"},{\"@type\":\"Organization\",\"@id\":\"https:\/\/www.lugaris.com\/de\/#organization\",\"name\":\"Lugaris Apartments in Barcelona\",\"url\":\"https:\/\/www.lugaris.com\/de\/\",\"logo\":{\"@type\":\"ImageObject\",\"inLanguage\":\"de-DE\",\"@id\":\"https:\/\/www.lugaris.com\/de\/#\/schema\/logo\/image\/\",\"url\":\"https:\/\/www.lugaris.com\/app\/uploads\/2020\/03\/Logo_lugaris_v2.png\",\"contentUrl\":\"https:\/\/www.lugaris.com\/app\/uploads\/2020\/03\/Logo_lugaris_v2.png\",\"width\":285,\"height\":257,\"caption\":\"Lugaris Apartments in Barcelona\"},\"image\":{\"@id\":\"https:\/\/www.lugaris.com\/de\/#\/schema\/logo\/image\/\"}},{\"@type\":\"Person\",\"@id\":\"https:\/\/www.lugaris.com\/de\/#\/schema\/person\/a4b4909e5e26e647f8ee92b809f52077\",\"name\":\"Carol\",\"image\":{\"@type\":\"ImageObject\",\"inLanguage\":\"de-DE\",\"@id\":\"https:\/\/www.lugaris.com\/de\/#\/schema\/person\/image\/\",\"url\":\"https:\/\/www.lugaris.com\/app\/litespeed\/avatar\/838ee79dab26d1d7647e49a172bc7c36.jpg?ver=1777478302\",\"contentUrl\":\"https:\/\/www.lugaris.com\/app\/litespeed\/avatar\/838ee79dab26d1d7647e49a172bc7c36.jpg?ver=1777478302\",\"caption\":\"Carol\"}}]}<\/script>\n<!-- \/ Yoast SEO plugin. -->","yoast_head_json":{"title":"Die besten Empfehlungen f\u00fcr das Primavera Sound 2026","description":"Wenn Du planst, nach Barcelona zu reisen, um das Primavera Sound 2026 zu genie\u00dfen, findest Du in diesem Artikel von Lugaris alles","robots":{"index":"index","follow":"follow","max-snippet":"max-snippet:-1","max-image-preview":"max-image-preview:large","max-video-preview":"max-video-preview:-1"},"canonical":"https:\/\/www.lugaris.com\/de\/die-besten-empfehlungen-fur-das-primavera-sound-2025\/","og_locale":"de_DE","og_type":"article","og_title":"Die besten Empfehlungen f\u00fcr das Primavera Sound 2026","og_description":"Wenn Du planst, nach Barcelona zu reisen, um das Primavera Sound 2026 zu genie\u00dfen, findest Du in diesem Artikel von Lugaris alles","og_url":"https:\/\/www.lugaris.com\/de\/die-besten-empfehlungen-fur-das-primavera-sound-2025\/","og_site_name":"Lugaris","article_published_time":"2024-04-19T07:30:33+00:00","article_modified_time":"2025-10-13T07:44:19+00:00","og_image":[{"width":817,"height":544,"url":"https:\/\/www.lugaris.com\/app\/uploads\/2022\/11\/primavera-sound.jpg","type":"image\/jpeg"}],"author":"Carol","twitter_card":"summary_large_image","twitter_misc":{"Written by":"Carol","Est. reading time":"5 minutes"},"schema":{"@context":"https:\/\/schema.org","@graph":[{"@type":"Article","@id":"https:\/\/www.lugaris.com\/de\/die-besten-empfehlungen-fur-das-primavera-sound-2025\/#article","isPartOf":{"@id":"https:\/\/www.lugaris.com\/de\/die-besten-empfehlungen-fur-das-primavera-sound-2025\/"},"author":{"name":"Carol","@id":"https:\/\/www.lugaris.com\/de\/#\/schema\/person\/a4b4909e5e26e647f8ee92b809f52077"},"headline":"Die besten Empfehlungen f\u00fcr das Primavera Sound 2026","datePublished":"2024-04-19T07:30:33+00:00","dateModified":"2025-10-13T07:44:19+00:00","mainEntityOfPage":{"@id":"https:\/\/www.lugaris.com\/de\/die-besten-empfehlungen-fur-das-primavera-sound-2025\/"},"wordCount":961,"commentCount":0,"publisher":{"@id":"https:\/\/www.lugaris.com\/de\/#organization"},"image":{"@id":"https:\/\/www.lugaris.com\/de\/die-besten-empfehlungen-fur-das-primavera-sound-2025\/#primaryimage"},"thumbnailUrl":"https:\/\/www.lugaris.com\/app\/uploads\/2022\/11\/primavera-sound.jpg","articleSection":["Freizeit in Barcelona","Barcelona"],"inLanguage":"de-DE","potentialAction":[{"@type":"CommentAction","name":"Comment","target":["https:\/\/www.lugaris.com\/de\/die-besten-empfehlungen-fur-das-primavera-sound-2025\/#respond"]}]},{"@type":"WebPage","@id":"https:\/\/www.lugaris.com\/de\/die-besten-empfehlungen-fur-das-primavera-sound-2025\/","url":"https:\/\/www.lugaris.com\/de\/die-besten-empfehlungen-fur-das-primavera-sound-2025\/","name":"Die besten Empfehlungen f\u00fcr das Primavera Sound 2026","isPartOf":{"@id":"https:\/\/www.lugaris.com\/de\/#website"},"primaryImageOfPage":{"@id":"https:\/\/www.lugaris.com\/de\/die-besten-empfehlungen-fur-das-primavera-sound-2025\/#primaryimage"},"image":{"@id":"https:\/\/www.lugaris.com\/de\/die-besten-empfehlungen-fur-das-primavera-sound-2025\/#primaryimage"},"thumbnailUrl":"https:\/\/www.lugaris.com\/app\/uploads\/2022\/11\/primavera-sound.jpg","datePublished":"2024-04-19T07:30:33+00:00","dateModified":"2025-10-13T07:44:19+00:00","description":"Wenn Du planst, nach Barcelona zu reisen, um das Primavera Sound 2026 zu genie\u00dfen, findest Du in diesem Artikel von Lugaris alles","breadcrumb":{"@id":"https:\/\/www.lugaris.com\/de\/die-besten-empfehlungen-fur-das-primavera-sound-2025\/#breadcrumb"},"inLanguage":"de-DE","potentialAction":[{"@type":"ReadAction","target":["https:\/\/www.lugaris.com\/de\/die-besten-empfehlungen-fur-das-primavera-sound-2025\/"]}]},{"@type":"ImageObject","inLanguage":"de-DE","@id":"https:\/\/www.lugaris.com\/de\/die-besten-empfehlungen-fur-das-primavera-sound-2025\/#primaryimage","url":"https:\/\/www.lugaris.com\/app\/uploads\/2022\/11\/primavera-sound.jpg","contentUrl":"https:\/\/www.lugaris.com\/app\/uploads\/2022\/11\/primavera-sound.jpg","width":817,"height":544},{"@type":"BreadcrumbList","@id":"https:\/\/www.lugaris.com\/de\/die-besten-empfehlungen-fur-das-primavera-sound-2025\/#breadcrumb","itemListElement":[{"@type":"ListItem","position":1,"name":"Home","item":"https:\/\/www.lugaris.com\/de\/"},{"@type":"ListItem","position":2,"name":"Die besten Empfehlungen f\u00fcr das Primavera Sound 2026"}]},{"@type":"WebSite","@id":"https:\/\/www.lugaris.com\/de\/#website","url":"https:\/\/www.lugaris.com\/de\/","name":"Lugaris","description":"Apartamentos de vacaciones en Barcelona","publisher":{"@id":"https:\/\/www.lugaris.com\/de\/#organization"},"potentialAction":[{"@type":"SearchAction","target":{"@type":"EntryPoint","urlTemplate":"https:\/\/www.lugaris.com\/de\/?s={search_term_string}"},"query-input":"required name=search_term_string"}],"inLanguage":"de-DE"},{"@type":"Organization","@id":"https:\/\/www.lugaris.com\/de\/#organization","name":"Lugaris Apartments in Barcelona","url":"https:\/\/www.lugaris.com\/de\/","logo":{"@type":"ImageObject","inLanguage":"de-DE","@id":"https:\/\/www.lugaris.com\/de\/#\/schema\/logo\/image\/","url":"https:\/\/www.lugaris.com\/app\/uploads\/2020\/03\/Logo_lugaris_v2.png","contentUrl":"https:\/\/www.lugaris.com\/app\/uploads\/2020\/03\/Logo_lugaris_v2.png","width":285,"height":257,"caption":"Lugaris Apartments in Barcelona"},"image":{"@id":"https:\/\/www.lugaris.com\/de\/#\/schema\/logo\/image\/"}},{"@type":"Person","@id":"https:\/\/www.lugaris.com\/de\/#\/schema\/person\/a4b4909e5e26e647f8ee92b809f52077","name":"Carol","image":{"@type":"ImageObject","inLanguage":"de-DE","@id":"https:\/\/www.lugaris.com\/de\/#\/schema\/person\/image\/","url":"https:\/\/www.lugaris.com\/app\/litespeed\/avatar\/838ee79dab26d1d7647e49a172bc7c36.jpg?ver=1777478302","contentUrl":"https:\/\/www.lugaris.com\/app\/litespeed\/avatar\/838ee79dab26d1d7647e49a172bc7c36.jpg?ver=1777478302","caption":"Carol"}}]}},"uagb_featured_image_src":{"full":["https:\/\/www.lugaris.com\/app\/uploads\/2022\/11\/primavera-sound.jpg",817,544,false],"thumbnail":["https:\/\/www.lugaris.com\/app\/uploads\/2022\/11\/primavera-sound-640x426.jpg",640,426,true],"medium":["https:\/\/www.lugaris.com\/app\/uploads\/2022\/11\/primavera-sound.jpg",817,544,false],"medium_large":["https:\/\/www.lugaris.com\/app\/uploads\/2022\/11\/primavera-sound-768x511.jpg",768,511,true],"large":["https:\/\/www.lugaris.com\/app\/uploads\/2022\/11\/primavera-sound.jpg",817,544,false],"1536x1536":["https:\/\/www.lugaris.com\/app\/uploads\/2022\/11\/primavera-sound.jpg",817,544,false],"2048x2048":["https:\/\/www.lugaris.com\/app\/uploads\/2022\/11\/primavera-sound.jpg",817,544,false]},"uagb_author_info":{"display_name":"Carol","author_link":"https:\/\/www.lugaris.com\/de\/author\/cvb2-performance-es\/"},"uagb_comment_info":0,"uagb_excerpt":"Wenn Du planst, nach Barcelona zu reisen, um das Primavera Sound 2026 zu genie\u00dfen, findest Du in diesem Artikel von Lugaris alles","_links":{"self":[{"href":"https:\/\/www.lugaris.com\/de\/wp-json\/wp\/v2\/posts\/24672"}],"collection":[{"href":"https:\/\/www.lugaris.com\/de\/wp-json\/wp\/v2\/posts"}],"about":[{"href":"https:\/\/www.lugaris.com\/de\/wp-json\/wp\/v2\/types\/post"}],"author":[{"embeddable":true,"href":"https:\/\/www.lugaris.com\/de\/wp-json\/wp\/v2\/users\/7"}],"replies":[{"embeddable":true,"href":"https:\/\/www.lugaris.com\/de\/wp-json\/wp\/v2\/comments?post=24672"}],"version-history":[{"count":4,"href":"https:\/\/www.lugaris.com\/de\/wp-json\/wp\/v2\/posts\/24672\/revisions"}],"predecessor-version":[{"id":29680,"href":"https:\/\/www.lugaris.com\/de\/wp-json\/wp\/v2\/posts\/24672\/revisions\/29680"}],"wp:featuredmedia":[{"embeddable":true,"href":"https:\/\/www.lugaris.com\/de\/wp-json\/wp\/v2\/media\/18928"}],"wp:attachment":[{"href":"https:\/\/www.lugaris.com\/de\/wp-json\/wp\/v2\/media?parent=24672"}],"wp:term":[{"taxonomy":"category","embeddable":true,"href":"https:\/\/www.lugaris.com\/de\/wp-json\/wp\/v2\/categories?post=24672"},{"taxonomy":"post_tag","embeddable":true,"href":"https:\/\/www.lugaris.com\/de\/wp-json\/wp\/v2\/tags?post=24672"}],"curies":[{"name":"wp","href":"https:\/\/api.w.org\/{rel}","templated":true}]}}