{"id":30487,"date":"2026-01-30T08:47:21","date_gmt":"2026-01-30T08:47:21","guid":{"rendered":"https:\/\/www.lugaris.com\/barcelona-kicks-off-2026-key-events-in-the-first-quarter\/"},"modified":"2026-01-30T08:52:50","modified_gmt":"2026-01-30T08:52:50","slug":"barcelona-startet-ins-jahr-2026-die-wichtigsten-events-des-ersten-quartals","status":"publish","type":"post","link":"https:\/\/www.lugaris.com\/de\/barcelona-startet-ins-jahr-2026-die-wichtigsten-events-des-ersten-quartals\/","title":{"rendered":"Barcelona startet ins Jahr 2026: die wichtigsten Events des ersten Quartals"},"content":{"rendered":"\n<p class=\"\"><strong>Sp\u00fcrst du diese Energie des Neuanfangs?<\/strong> 2026 ist da, und bei Lugaris m\u00f6chten wir, dass du <strong>die besten Events in Barcelona 2026<\/strong> des ersten Quartals kennenlernst. Wenn du eine Auszeit planst, um das Jahr geb\u00fchrend zu beginnen, k\u00f6nnen wir dir jetzt schon sagen: Die katalanische Hauptstadt hat keine Zeit verloren. Der Veranstaltungskalender ist prall gef\u00fcllt mit Terminen, die dich am liebsten alles sofort buchen lassen.<\/p>\n\n\n\n<p class=\"\">Bei <strong>Lugaris<\/strong> wissen wir, dass die Unterkunft die Seele jeder Reise ist. Deshalb sind <a href=\"https:\/\/www.lugaris.com\/de\/\"><strong>unsere Apartments in Barcelona<\/strong><\/a> <strong>mit Meerblick oder mitten im technologischen Zentrum<\/strong> genau der richtige Ort, egal ob du gesch\u00e4ftlich unterwegs bist oder durch die Stra\u00dfen von Poblenou schlendern m\u00f6chtest. Hier kannst du nach einem erlebnisreichen Tag perfekt abschalten. Also Kalender raus und mitschreiben.<\/p>\n\n\n\n<h2 class=\"wp-block-heading\">Januar 2026: Das Jahr beginnt mit besonderen Events in Barcelona<\/h2>\n\n\n\n<p class=\"\"><strong>Der Januar in Barcelona ist ein Monat der Gegens\u00e4tze:<\/strong> die milde K\u00e4lte des Mittelmeers, blauer Himmel und eine Ruhe, die es erlaubt, die Stadt ohne die Hektik des Sommers zu genie\u00dfen. Au\u00dferdem gibt es einige Events im Januar in Barcelona, die man unbedingt kennen sollte. Und zwar wirklich.<\/p>\n\n\n\n<h3 class=\"wp-block-heading\">Feste und Neujahrsfeiern in Barcelona<\/h3>\n\n\n\n<p class=\"\">Wenn du das Gl\u00fcck hattest, hier die Trauben zu essen, wei\u00dft du, dass die Feierlichkeiten nicht am 1. Januar enden. Das Highlight des Monats ist ohne Zweifel die <strong>Parade der Heiligen Drei K\u00f6nige<\/strong>. Am 5. Januar verwandelt sich Barcelona in eine Fantasiewelt. Die Heiligen Drei K\u00f6nige kommen \u00fcber den Seeweg im Port Vell an, und der anschlie\u00dfende Umzug z\u00e4hlt zu den sch\u00f6nsten in ganz Europa.<\/p>\n\n\n\n<p class=\"\">F\u00fcr die Mutigen ist das \u201e<strong>Primer Bany de l\u2019Any<\/strong>\u201c, also das erste Bad des Jahres, am 1. Januar am Strand der Barceloneta eine Tradition, die man nicht verpassen sollte. Und das Beste daran: Wenn du in unseren <a href=\"https:\/\/www.lugaris.com\/de\/lugaris-beach\/\"><strong>Apartments am Strand von Barcelona<\/strong><\/a> wohnst, ist die hei\u00dfe Dusche nur ein paar Schritte entfernt, um dich danach wieder aufzuw\u00e4rmen.<\/p>\n\n\n\n<h3 class=\"wp-block-heading\">Winteraktivit\u00e4ten, um Barcelona zu genie\u00dfen<\/h3>\n\n\n\n<p class=\"\">Was w\u00e4re der Winter ohne eine gute Tasse hei\u00dfe Schokolade mit Churros? Der Januar ist der ideale Monat, um die<strong> traditionellen Schokoladencaf\u00e9s in der Petritxol-Stra\u00dfe<\/strong> zu besuchen. Wenn du es lieber etwas aktiver magst, sind die <strong>Winterschlussverk\u00e4ufe, die am 7. Januar beginnen<\/strong>, der perfekte Anreiz. Vom Passeig de Gr\u00e0cia bis zum Einkaufszentrum Gl\u00f2ries, ganz in der N\u00e4he unserer Apartments, findest du die besten Marken, um deinen Kleiderschrank aufzufrischen.<\/p>\n\n\n\n<p class=\"\">Au\u00dferdem finden im Januar die <strong>Tres Tombs<\/strong> im Viertel Sant Antoni statt, ein Umzug mit Kutschen und Tieren, der auf eine jahrhundertealte Tradition zur\u00fcckblickt und dir die authentischste und urspr\u00fcnglichste Seite der Stadt zeigt.<\/p>\n\n\n\n<h2 class=\"wp-block-heading\">Februar 2026: Der Monat des Karnevals und der gro\u00dfen Ausstellungen<\/h2>\n\n\n\n<p class=\"\">Wir setzen unsere Entdeckungsreise durch die besten Events in Barcelona 2026 fort und kommen <strong>im Februar an, dem Monat des Karnevals und der Kultur<\/strong>. Es ist der Monat, in dem Barcelona zeigt, dass Kultur hier niemals stillsteht.<\/p>\n\n\n\n<h3 class=\"wp-block-heading\">Karneval in Barcelona: Termine, Umz\u00fcge und die wichtigsten Feste<\/h3>\n\n\n\n<p class=\"\">Kost\u00fcm raus. <strong>Vom 12. bis zum 18. Februar 2026 wird in den Stra\u00dfen Barcelonas Karneval gefeiert<\/strong>. Auch wenn der Karneval von Sitges, nur 30 Minuten mit dem Zug entfernt, weltweit f\u00fcr seine Extravaganz bekannt ist, hat der Karneval in Barcelona einen ganz eigenen Charme in den einzelnen Stadtvierteln. Die Ankunft des <strong>Karnevalsk\u00f6nigs<\/strong> und die ber\u00fchmte \u201e<strong>Taronjada<\/strong>\u201c, eine symbolische Schlacht mit orangefarbenem Konfetti, im historischen Zentrum sind absolute Highlights.<\/p>\n\n\n\n<p class=\"\">Es ist eine fantastische Zeit, um in der Gruppe zu reisen. Unsere Empfehlung, wo man in Barcelona \u00fcbernachten sollte? Miete eines unserer <strong>ger\u00e4umigen Apartments<\/strong>. Hier gibt es genug Platz, um die Kost\u00fcme vorzubereiten und ein gemeinsames Abendessen zu genie\u00dfen, bevor es zum Tanzen ins Born oder nach Gr\u00e0cia geht.<\/p>\n\n\n\n<h3 class=\"wp-block-heading\">Kunst und Kulturausstellungen im Februar<\/h3>\n\n\n\n<p class=\"\">2026 ist ein Schl\u00fcsseljahr f\u00fcr den Modernismus, und der Februar ist der perfekte Monat, um Museen ganz ohne Warteschlangen zu besuchen. Das <strong>MNAC, das Museu Nacional d\u2019Art de Catalunya<\/strong>, er\u00f6ffnet zu dieser Zeit h\u00e4ufig seine gro\u00dfen Retrospektiven.<\/p>\n\n\n\n<p class=\"\">Au\u00dferdem verwandelt<strong> das Festival Llum BCN vom 6. bis 8. Februar das Viertel Poblenou<\/strong>, in dem sich unsere Apartments befinden, in ein Freiluftmuseum aus Licht. Internationale K\u00fcnstler schaffen Lichtinstallationen, die garantiert beeindrucken. Deshalb bedeutet ein Aufenthalt in unseren <a href=\"https:\/\/www.lugaris.com\/de\/lugaris-rambla\/\"><strong>Apartments in Poblenou<\/strong><\/a>, dass du dich buchst\u00e4blich im Herzen dieses spektakul\u00e4ren Lichtfestivals befindest.<\/p>\n\n\n\n<h3 class=\"wp-block-heading\">Musik und Gastronomiefestivals in Barcelona<\/h3>\n\n\n\n<p class=\"\"><strong>Am 12. Februar wird Santa Eul\u00e0lia gefeiert<\/strong>, das Winterstadtfest von Barcelona. Dabei kannst du die ber\u00fchmten Castellers, also menschliche T\u00fcrme, Riesenfiguren und den traditionellen Sardana Tanz erleben.<\/p>\n\n\n\n<p class=\"\">Kulinarisch ist der Februar der offizielle Monat der <strong>Cal\u00e7otada<\/strong>. Obwohl diese Tradition urspr\u00fcnglich vom Land stammt, bieten viele Restaurants in Barcelona spezielle <strong>Men\u00fcs mit Cal\u00e7ots<\/strong> und Romesco Sauce an. Es ist eine klebrige, lustige und k\u00f6stliche Erfahrung, die jede Reisende und jeder Reisende mindestens einmal gemacht haben sollte.<\/p>\n\n\n\n<h3 class=\"wp-block-heading\">Messen und Kongresse im ersten Monat des Jahres<\/h3>\n\n\n\n<p class=\"\">Wenn es in diesem Monat ein Event gibt, das alle Blicke auf sich zieht, dann ist es die Verleihung der <strong>40. Premios Goya<\/strong>. Am <strong>27. und 28. Februar<\/strong> wird sich Barcelona in Schale werfen, um das gro\u00dfe Fest des spanischen Films auszurichten, und das an einem erstklassigen Veranstaltungsort, dem CCIB, dem Centre de Convencions Internacional de Barcelona.<\/p>\n\n\n\n<p class=\"\"><strong>Es ist ein historischer Moment<\/strong>, denn die Goya Awards feiern ihr 40 j\u00e4hriges Jubil\u00e4um im Herzen des technologischen und k\u00fcstennahen Stadtteils. Wenn du die Atmosph\u00e4re des roten Teppichs aus n\u00e4chster N\u00e4he erleben, deine Lieblingsschauspieler sehen oder einfach den kulturellen Trubel rund um dieses Ereignis genie\u00dfen m\u00f6chtest, wirst du kein besseres Event finden.<\/p>\n\n\n\n<div class=\"wp-block-uagb-image uagb-block-f45c7384 wp-block-uagb-image--layout-default wp-block-uagb-image--effect-static wp-block-uagb-image--align-none\"><figure class=\"wp-block-uagb-image__figure\"><img loading=\"lazy\" decoding=\"async\" srcset=\"https:\/\/www.lugaris.com\/app\/uploads\/2026\/01\/correfoc-catalan-folklore-2026-01-06-09-27-13-utc-1280x854.webp ,https:\/\/www.lugaris.com\/app\/uploads\/2026\/01\/correfoc-catalan-folklore-2026-01-06-09-27-13-utc-scaled.webp 780w, https:\/\/www.lugaris.com\/app\/uploads\/2026\/01\/correfoc-catalan-folklore-2026-01-06-09-27-13-utc-scaled.webp 360w\" sizes=\"(max-width: 480px) 150px\" src=\"https:\/\/www.lugaris.com\/app\/uploads\/2026\/01\/correfoc-catalan-folklore-2026-01-06-09-27-13-utc-1280x854.webp\" alt=\"\" class=\"uag-image-30476\" width=\"2000\" height=\"1333\" title=\"correfoc-catalan-folklore-2026-01-06-09-27-13-utc\" loading=\"lazy\" role=\"img\"\/><\/figure><\/div>\n\n\n\n<p class=\"\"><\/p>\n\n\n\n<h2 class=\"wp-block-heading\">M\u00e4rz 2026: Kunst, Kultur und Sport auf Barcelonas Agenda<\/h2>\n\n\n\n<p class=\"\">Mit dem Beginn des Fr\u00fchlings erwacht die Stadt endg\u00fcltig zum Leben. Die Tage werden l\u00e4nger, und das Licht am Nachmittag l\u00e4dt dazu ein, an der Strandpromenade spazieren zu gehen und die wichtigsten Events in Barcelona zu genie\u00dfen. Hier sind einige davon.<\/p>\n\n\n\n<h3 class=\"wp-block-heading\">Das Fr\u00fchlingsmusikfestival: Konzerte und Aktivit\u00e4ten<\/h3>\n\n\n\n<p class=\"\">Der M\u00e4rz 2026 wird ein echtes musikalisches Highlight. Die Konzertreihe <strong>Guitar BCN <\/strong>befindet sich auf ihrem H\u00f6hepunkt und bringt internationale K\u00fcnstler in legend\u00e4re Veranstaltungsorte wie den Palau de la M\u00fasica Catalana oder L\u2019Auditori. In 2026 kannst du dich auf Auftritte von <strong>Andr\u00e9s Su\u00e1rez, El Kanka, Silvia P\u00e9rez Cruz oder Ludovico Einaudi<\/strong> freuen.<\/p>\n\n\n\n<p class=\"\">Wenn du es lieber etwas intimer magst, bieten <strong>die Jazzclubs der Stadt<\/strong> t\u00e4glich Konzerte an. Der perfekte Plan, um einen Abend entspannt ausklingen zu lassen, bevor es zur\u00fcck in den Komfort deines Apartments geht.<\/p>\n\n\n\n<h3 class=\"wp-block-heading\">Kunst und Designmessen in Barcelona<\/h3>\n\n\n\n<p class=\"\"><strong>Barcelona atmet Design<\/strong>. Im M\u00e4rz sind Events wie die Messe f\u00fcr zeitgen\u00f6ssische Kunst oder M\u00e4rkte lokaler Designer wie der <strong>Palo Alto Market<\/strong>, nur f\u00fcnf Gehminuten von Lugaris entfernt, feste Pflichttermine.<\/p>\n\n\n\n<p class=\"\">Hier kannst du <strong>einzigartige St\u00fccke kaufen, Food Trucks genie\u00dfen und Live Musik in einem liebevoll restaurierten Industrieareal h\u00f6ren<\/strong>. Der ideale Ort, um ein Souvenir aus Barcelona mitzunehmen, das nicht der klassische K\u00fchlschrankmagnet ist.<\/p>\n\n\n\n<h3 class=\"wp-block-heading\">Wichtige Sportveranstaltungen: Marathon, Fu\u00dfball und mehr<\/h3>\n\n\n\n<p class=\"\">F\u00fcr Sportbegeisterte ist der M\u00e4rz im Kalender rot markiert, denn dann findet der <strong>Zurich Marat\u00f3 Barcelona<\/strong> statt. In diesem Jahr wird er am <strong>15. M\u00e4rz<\/strong> ausgetragen, und du l\u00e4ufst durch die Stra\u00dfen der Stadt, vorbei an der Sagrada Familia und dem Arc de Triomf. Eine absolut beeindruckende Erfahrung. Wenn du selbst l\u00e4ufst, sind unsere Apartments ideal. Du kannst deine spezielle Ern\u00e4hrung in der eigenen K\u00fcche vorbereiten und dich nach dem Zieleinlauf in einer Hydromassage Badewanne entspannen.<\/p>\n\n\n\n<p class=\"\">Und nat\u00fcrlich darf der Fu\u00dfball nicht fehlen. Mit dem neuen <strong>Spotify Camp Nou<\/strong> in vollem Betrieb ist <strong>ein Bar\u00e7a Spiel<\/strong> im M\u00e4rz, bei bereits fr\u00fchlingshaftem Wetter, ein Erlebnis, das weit \u00fcber den Sport hinausgeht.<\/p>\n\n\n\n<h2 class=\"wp-block-heading\">Internationale Events in Barcelona im ersten Quartal 2026<\/h2>\n\n\n\n<p class=\"\">Barcelona ist ein Hub, der sich jedes Jahr zum Mittelpunkt der internationalen Aufmerksamkeit entwickelt. Wenn du dort sein m\u00f6chtest, wo das Geschehen stattfindet, bietet das erste Quartal 2026 Termine, die den Takt der Welt vorgeben.<\/p>\n\n\n\n<h3 class=\"wp-block-heading\">Weltweit bedeutende Kongresse und Konferenzen<\/h3>\n\n\n\n<p class=\"\">Es ist unm\u00f6glich, \u00fcber Events in Barcelona 2026 zu sprechen, ohne den Giganten zu erw\u00e4hnen: den <strong>Mobile World Congress, kurz MWC 2026<\/strong>. Vom <strong>2. bis 5. M\u00e4rz<\/strong>, vorbehaltlich der finalen Best\u00e4tigung, verwandelt sich die Stadt vollst\u00e4ndig. Es ist nicht nur ein Technologiekongress, sondern der Ort, an dem entschieden wird, wie wir uns in Zukunft vernetzen und kommunizieren. Auch wenn das Geschehen offiziell auf dem Messegel\u00e4nde der Fira Gran Via stattfindet, ist die besondere Atmosph\u00e4re in jeder Bar, jedem Caf\u00e9 und auf jeder Terrasse der Stadt sp\u00fcrbar.<\/p>\n\n\n\n<p class=\"\">Ein weiteres gro\u00dfes Event findet vom 3. bis 6. Februar 2026 statt, die <strong>ISE, Integrated Systems Europe<\/strong>. Es ist die weltweit gr\u00f6\u00dfte Veranstaltung f\u00fcr die<strong> audiovisuelle Branche und die Systemintegration<\/strong>.<\/p>\n\n\n\n<p class=\"\">Wenn du gesch\u00e4ftlich unterwegs bist, vergiss anonyme Hotels. Ein Apartment bei <strong>Lugaris<\/strong> bietet dir dein eigenes Arbeitsumfeld mit Highspeed WLAN und die n\u00f6tige Privatsph\u00e4re, um dich in Ruhe auf Meetings vorzubereiten.<\/p>\n\n\n\n<h3 class=\"wp-block-heading\">Internationale Film und Theaterfestivals in der Stadt<\/h3>\n\n\n\n<p class=\"\">F\u00fcr Liebhaber gro\u00dfer Kultur bringt das erste Quartal 2026 Angebote, die Grenzen \u00fcberschreiten. Das <strong>Internationale J\u00fcdische Filmfestival Barcelona<\/strong> findet im April 2026 statt und er\u00f6ffnet intensive Perspektiven durch die Sprache des Films.<\/p>\n\n\n\n<p class=\"\">Im Bereich der darstellenden K\u00fcnste pr\u00e4sentieren das <strong>Gran Teatre del Liceu<\/strong> und das <strong>Teatre Nacional de Catalunya<\/strong>, kurz <strong>TNC<\/strong>, im M\u00e4rz ihre ambitioniertesten internationalen Produktionen. Jetzt ist der ideale Moment, um Opern und Inszenierungen zu sehen, die direkt aus London, Berlin oder New York nach Barcelona kommen.<\/p>\n\n\n\n<p class=\"\">Einen glamour\u00f6sen Abend zu genie\u00dfen und anschlie\u00dfend unter Palmen zu deinem Apartment zur\u00fcckzuspazieren, ist schlichtweg der perfekte Plan.<\/p>\n\n\n\n<h2 class=\"wp-block-heading\">Tipps, um die Events in Barcelona 2026 entspannt zu genie\u00dfen<\/h2>\n\n\n\n<p class=\"\">Wir wissen, dass gro\u00dfe St\u00e4dte \u00fcberw\u00e4ltigend wirken k\u00f6nnen, wenn viele Veranstaltungen gleichzeitig stattfinden. Deshalb m\u00f6chten wir dir jene Tipps mitgeben, die nur Menschen kennen, die hier leben, damit deine Erfahrung reibungslos und stressfrei verl\u00e4uft.<\/p>\n\n\n\n<h3 class=\"wp-block-heading\">Fortbewegung in Barcelona w\u00e4hrend gro\u00dfer Events<\/h3>\n\n\n\n<p class=\"\">W\u00e4hrend der Goya Awards, des MWC oder der ISE kann der Verkehr in Barcelona kompliziert sein. Unser goldener Tipp: <strong>Nutze die \u00f6ffentlichen Verkehrsmittel<\/strong>. Die Metro in Barcelona ist zuverl\u00e4ssig, schnell und sicher.<\/p>\n\n\n\n<ul class=\"\">\n<li class=\"\"><strong>Die Linie L9 Sud <\/strong>bringt dich direkt zum Flughafen und zur Fira Gran Via.<\/li>\n\n\n\n<li class=\"\"><strong>Bicing und E-Scooter<\/strong> sind eine hervorragende Option, wenn das Wetter mitspielt, was im M\u00e4rz meist der Fall ist. Entlang des K\u00fcstenradwegs unterwegs zu sein, ist ein echtes Vergn\u00fcgen.<\/li>\n\n\n\n<li class=\"\"><strong>Mobilit\u00e4ts-Apps<\/strong> wie AMB Mobilitat oder Citymapper solltest du immer griffbereit haben, um in Echtzeit die schnellste Route zu finden.<\/li>\n<\/ul>\n\n\n\n<h3 class=\"wp-block-heading\">Die besten Wohngegenden in der N\u00e4he der wichtigsten Events<\/h3>\n\n\n\n<p class=\"\">Wenn du zu einem gro\u00dfen Event anreist, ist die Versuchung gro\u00df, direkt neben dem Messegel\u00e4nde zu \u00fcbernachten. Aber ein freundschaftlicher Tipp lautet: <strong>Wohne im Poblenou<\/strong>. Warum? Weil es das ausgewogenste Viertel Barcelonas ist.<\/p>\n\n\n\n<p class=\"\">Du befindest dich im Technologiebezirk <strong>22@<\/strong>, umgeben von Innovation, und bist gleichzeitig in <strong>nur zwei Gehminuten am Strand<\/strong>. Es ist ein ruhiges Viertel mit einem hervorragenden gastronomischen Angebot, die Rambla del Poblenou gilt hier als echtes Herzst\u00fcck, und ohne die Menschenmassen des historischen Zentrums.<\/p>\n\n\n\n<p class=\"\">Bei <strong>Lugaris<\/strong> bieten dir unsere Apartments in <strong>Lugaris Beach<\/strong> und<strong> Lugaris Rambla<\/strong> genau das. Die Ruhe eines Zuhauses kombiniert mit luxuri\u00f6sen Services. Wenn du l\u00e4nger bleiben m\u00f6chtest, solltest du au\u00dferdem <a href=\"https:\/\/www.lugaris.com\/de\/lugaris-stay\/\"><strong>unsere Apartments f\u00fcr Langzeitaufenthalte in Barcelona<\/strong><\/a> kennenlernen. So kannst du nach einem intensiven Tag auf einem internationalen Kongress noch eine Runde am Strand laufen oder auf deiner eigenen Terrasse mit Blick aufs Meer zu Abend essen. <strong>Das ist unbezahlbar<\/strong>.<\/p>\n\n\n\n<p class=\"\">Dar\u00fcber hinaus sind wir hervorragend mit Metro und Stra\u00dfenbahn an alle Punkte der Stadt angebunden. So erreichst du die Events in wenigen Minuten und kannst vor allem wirklich abschalten, sobald der Tag endet.<\/p>\n\n\n\n<h2 class=\"wp-block-heading\">Warum Lugaris f\u00fcr Barcelona 2026 w\u00e4hlen?<\/h2>\n\n\n\n<p class=\"\">Barcelona ist eine Stadt der Viertel, und um sie wirklich zu erleben, musst du dich wie ein Einheimischer f\u00fchlen. <strong>Bei Lugaris bieten wir dir ein Zuhause, das genau daf\u00fcr gemacht ist, damit deine einzige Sorge darin besteht<\/strong>, den von uns zusammengestellten Eventkalender zu genie\u00dfen.<\/p>\n\n\n\n<ul class=\"\">\n<li class=\"\"><strong>Gute Anbindung:<\/strong> In Strandn\u00e4he, um abzuschalten, und gleichzeitig perfekt mit dem Zentrum verbunden, damit du kein einziges Event verpasst.<\/li>\n\n\n\n<li class=\"\"><strong>Maximaler Komfort:<\/strong> Voll ausgestattete K\u00fcchen, ideal f\u00fcr entspannte Fr\u00fchst\u00fccke, hochwertige Betten und Balkone, um den Sonnenaufgang \u00fcber dem Mittelmeer zu genie\u00dfen.<\/li>\n\n\n\n<li class=\"\"><strong>Flexibilit\u00e4t:<\/strong> Ob du allein reist, zu zweit, gesch\u00e4ftlich oder mit der ganzen Familie. Wir haben den Raum, der zu dir passt.<\/li>\n<\/ul>\n\n\n\n<p class=\"\">Bei <strong>Lugaris<\/strong> m\u00f6chten wir dein Zuhause in Barcelona sein. Wir sind bereit, damit dieses erste Quartal 2026 der Beginn eines unvergesslichen Jahres wird. <strong>Sehen wir uns bald?<\/strong><\/p>\n","protected":false},"excerpt":{"rendered":"<p>Sp\u00fcrst du diese Energie des Neuanfangs? 2026 ist da, und bei Lugaris m\u00f6chten wir, dass du die besten Events in Barcelona 2026 des ersten Quartals kennenlernst. Wenn du eine Auszeit planst, um das Jahr geb\u00fchrend &hellip;<\/p>\n","protected":false},"author":7,"featured_media":30473,"comment_status":"open","ping_status":"open","sticky":false,"template":"","format":"standard","meta":{"_uag_custom_page_level_css":"","footnotes":""},"categories":[116],"tags":[],"yoast_head":"<!-- This site is optimized with the Yoast SEO plugin v23.1 - https:\/\/yoast.com\/wordpress\/plugins\/seo\/ -->\n<title>Barcelona 2026: die wichtigsten Events des ersten Quartals | Lugaris<\/title>\n<meta name=\"description\" content=\"2026 ist da, und bei Lugaris m\u00f6chten wir, dass du die besten Events in Barcelona 2026 des ersten Quartals kennenlernst.\" \/>\n<meta name=\"robots\" content=\"index, follow, max-snippet:-1, max-image-preview:large, max-video-preview:-1\" \/>\n<link rel=\"canonical\" href=\"https:\/\/www.lugaris.com\/de\/barcelona-startet-ins-jahr-2026-die-wichtigsten-events-des-ersten-quartals\/\" \/>\n<meta property=\"og:locale\" content=\"de_DE\" \/>\n<meta property=\"og:type\" content=\"article\" \/>\n<meta property=\"og:title\" content=\"Barcelona 2026: die wichtigsten Events des ersten Quartals | Lugaris\" \/>\n<meta property=\"og:description\" content=\"2026 ist da, und bei Lugaris m\u00f6chten wir, dass du die besten Events in Barcelona 2026 des ersten Quartals kennenlernst.\" \/>\n<meta property=\"og:url\" content=\"https:\/\/www.lugaris.com\/de\/barcelona-startet-ins-jahr-2026-die-wichtigsten-events-des-ersten-quartals\/\" \/>\n<meta property=\"og:site_name\" content=\"Lugaris\" \/>\n<meta property=\"article:published_time\" content=\"2026-01-30T08:47:21+00:00\" \/>\n<meta property=\"article:modified_time\" content=\"2026-01-30T08:52:50+00:00\" \/>\n<meta property=\"og:image\" content=\"https:\/\/www.lugaris.com\/app\/uploads\/2026\/01\/silhouettes-of-people-watching-fountain-and-light-2026-01-08-06-54-34-utc.webp\" \/>\n\t<meta property=\"og:image:width\" content=\"2000\" \/>\n\t<meta property=\"og:image:height\" content=\"1333\" \/>\n\t<meta property=\"og:image:type\" content=\"image\/webp\" \/>\n<meta name=\"author\" content=\"Carol\" \/>\n<meta name=\"twitter:card\" content=\"summary_large_image\" \/>\n<meta name=\"twitter:label1\" content=\"Written by\" \/>\n\t<meta name=\"twitter:data1\" content=\"Carol\" \/>\n\t<meta name=\"twitter:label2\" content=\"Est. reading time\" \/>\n\t<meta name=\"twitter:data2\" content=\"10 minutes\" \/>\n<script type=\"application\/ld+json\" class=\"yoast-schema-graph\">{\"@context\":\"https:\/\/schema.org\",\"@graph\":[{\"@type\":\"Article\",\"@id\":\"https:\/\/www.lugaris.com\/de\/barcelona-startet-ins-jahr-2026-die-wichtigsten-events-des-ersten-quartals\/#article\",\"isPartOf\":{\"@id\":\"https:\/\/www.lugaris.com\/de\/barcelona-startet-ins-jahr-2026-die-wichtigsten-events-des-ersten-quartals\/\"},\"author\":{\"name\":\"Carol\",\"@id\":\"https:\/\/www.lugaris.com\/de\/#\/schema\/person\/a4b4909e5e26e647f8ee92b809f52077\"},\"headline\":\"Barcelona startet ins Jahr 2026: die wichtigsten Events des ersten Quartals\",\"datePublished\":\"2026-01-30T08:47:21+00:00\",\"dateModified\":\"2026-01-30T08:52:50+00:00\",\"mainEntityOfPage\":{\"@id\":\"https:\/\/www.lugaris.com\/de\/barcelona-startet-ins-jahr-2026-die-wichtigsten-events-des-ersten-quartals\/\"},\"wordCount\":2122,\"commentCount\":0,\"publisher\":{\"@id\":\"https:\/\/www.lugaris.com\/de\/#organization\"},\"image\":{\"@id\":\"https:\/\/www.lugaris.com\/de\/barcelona-startet-ins-jahr-2026-die-wichtigsten-events-des-ersten-quartals\/#primaryimage\"},\"thumbnailUrl\":\"https:\/\/www.lugaris.com\/app\/uploads\/2026\/01\/silhouettes-of-people-watching-fountain-and-light-2026-01-08-06-54-34-utc.webp\",\"articleSection\":[\"Barcelona\"],\"inLanguage\":\"de-DE\",\"potentialAction\":[{\"@type\":\"CommentAction\",\"name\":\"Comment\",\"target\":[\"https:\/\/www.lugaris.com\/de\/barcelona-startet-ins-jahr-2026-die-wichtigsten-events-des-ersten-quartals\/#respond\"]}]},{\"@type\":\"WebPage\",\"@id\":\"https:\/\/www.lugaris.com\/de\/barcelona-startet-ins-jahr-2026-die-wichtigsten-events-des-ersten-quartals\/\",\"url\":\"https:\/\/www.lugaris.com\/de\/barcelona-startet-ins-jahr-2026-die-wichtigsten-events-des-ersten-quartals\/\",\"name\":\"Barcelona 2026: die wichtigsten Events des ersten Quartals | Lugaris\",\"isPartOf\":{\"@id\":\"https:\/\/www.lugaris.com\/de\/#website\"},\"primaryImageOfPage\":{\"@id\":\"https:\/\/www.lugaris.com\/de\/barcelona-startet-ins-jahr-2026-die-wichtigsten-events-des-ersten-quartals\/#primaryimage\"},\"image\":{\"@id\":\"https:\/\/www.lugaris.com\/de\/barcelona-startet-ins-jahr-2026-die-wichtigsten-events-des-ersten-quartals\/#primaryimage\"},\"thumbnailUrl\":\"https:\/\/www.lugaris.com\/app\/uploads\/2026\/01\/silhouettes-of-people-watching-fountain-and-light-2026-01-08-06-54-34-utc.webp\",\"datePublished\":\"2026-01-30T08:47:21+00:00\",\"dateModified\":\"2026-01-30T08:52:50+00:00\",\"description\":\"2026 ist da, und bei Lugaris m\u00f6chten wir, dass du die besten Events in Barcelona 2026 des ersten Quartals kennenlernst.\",\"breadcrumb\":{\"@id\":\"https:\/\/www.lugaris.com\/de\/barcelona-startet-ins-jahr-2026-die-wichtigsten-events-des-ersten-quartals\/#breadcrumb\"},\"inLanguage\":\"de-DE\",\"potentialAction\":[{\"@type\":\"ReadAction\",\"target\":[\"https:\/\/www.lugaris.com\/de\/barcelona-startet-ins-jahr-2026-die-wichtigsten-events-des-ersten-quartals\/\"]}]},{\"@type\":\"ImageObject\",\"inLanguage\":\"de-DE\",\"@id\":\"https:\/\/www.lugaris.com\/de\/barcelona-startet-ins-jahr-2026-die-wichtigsten-events-des-ersten-quartals\/#primaryimage\",\"url\":\"https:\/\/www.lugaris.com\/app\/uploads\/2026\/01\/silhouettes-of-people-watching-fountain-and-light-2026-01-08-06-54-34-utc.webp\",\"contentUrl\":\"https:\/\/www.lugaris.com\/app\/uploads\/2026\/01\/silhouettes-of-people-watching-fountain-and-light-2026-01-08-06-54-34-utc.webp\",\"width\":2000,\"height\":1333},{\"@type\":\"BreadcrumbList\",\"@id\":\"https:\/\/www.lugaris.com\/de\/barcelona-startet-ins-jahr-2026-die-wichtigsten-events-des-ersten-quartals\/#breadcrumb\",\"itemListElement\":[{\"@type\":\"ListItem\",\"position\":1,\"name\":\"Home\",\"item\":\"https:\/\/www.lugaris.com\/de\/\"},{\"@type\":\"ListItem\",\"position\":2,\"name\":\"Barcelona startet ins Jahr 2026: die wichtigsten Events des ersten Quartals\"}]},{\"@type\":\"WebSite\",\"@id\":\"https:\/\/www.lugaris.com\/de\/#website\",\"url\":\"https:\/\/www.lugaris.com\/de\/\",\"name\":\"Lugaris\",\"description\":\"Apartamentos de vacaciones en Barcelona\",\"publisher\":{\"@id\":\"https:\/\/www.lugaris.com\/de\/#organization\"},\"potentialAction\":[{\"@type\":\"SearchAction\",\"target\":{\"@type\":\"EntryPoint\",\"urlTemplate\":\"https:\/\/www.lugaris.com\/de\/?s={search_term_string}\"},\"query-input\":\"required name=search_term_string\"}],\"inLanguage\":\"de-DE\"},{\"@type\":\"Organization\",\"@id\":\"https:\/\/www.lugaris.com\/de\/#organization\",\"name\":\"Lugaris Apartments in Barcelona\",\"url\":\"https:\/\/www.lugaris.com\/de\/\",\"logo\":{\"@type\":\"ImageObject\",\"inLanguage\":\"de-DE\",\"@id\":\"https:\/\/www.lugaris.com\/de\/#\/schema\/logo\/image\/\",\"url\":\"https:\/\/www.lugaris.com\/app\/uploads\/2020\/03\/Logo_lugaris_v2.png\",\"contentUrl\":\"https:\/\/www.lugaris.com\/app\/uploads\/2020\/03\/Logo_lugaris_v2.png\",\"width\":285,\"height\":257,\"caption\":\"Lugaris Apartments in Barcelona\"},\"image\":{\"@id\":\"https:\/\/www.lugaris.com\/de\/#\/schema\/logo\/image\/\"}},{\"@type\":\"Person\",\"@id\":\"https:\/\/www.lugaris.com\/de\/#\/schema\/person\/a4b4909e5e26e647f8ee92b809f52077\",\"name\":\"Carol\",\"image\":{\"@type\":\"ImageObject\",\"inLanguage\":\"de-DE\",\"@id\":\"https:\/\/www.lugaris.com\/de\/#\/schema\/person\/image\/\",\"url\":\"https:\/\/www.lugaris.com\/app\/litespeed\/avatar\/838ee79dab26d1d7647e49a172bc7c36.jpg?ver=1777478302\",\"contentUrl\":\"https:\/\/www.lugaris.com\/app\/litespeed\/avatar\/838ee79dab26d1d7647e49a172bc7c36.jpg?ver=1777478302\",\"caption\":\"Carol\"}}]}<\/script>\n<!-- \/ Yoast SEO plugin. -->","yoast_head_json":{"title":"Barcelona 2026: die wichtigsten Events des ersten Quartals | Lugaris","description":"2026 ist da, und bei Lugaris m\u00f6chten wir, dass du die besten Events in Barcelona 2026 des ersten Quartals kennenlernst.","robots":{"index":"index","follow":"follow","max-snippet":"max-snippet:-1","max-image-preview":"max-image-preview:large","max-video-preview":"max-video-preview:-1"},"canonical":"https:\/\/www.lugaris.com\/de\/barcelona-startet-ins-jahr-2026-die-wichtigsten-events-des-ersten-quartals\/","og_locale":"de_DE","og_type":"article","og_title":"Barcelona 2026: die wichtigsten Events des ersten Quartals | Lugaris","og_description":"2026 ist da, und bei Lugaris m\u00f6chten wir, dass du die besten Events in Barcelona 2026 des ersten Quartals kennenlernst.","og_url":"https:\/\/www.lugaris.com\/de\/barcelona-startet-ins-jahr-2026-die-wichtigsten-events-des-ersten-quartals\/","og_site_name":"Lugaris","article_published_time":"2026-01-30T08:47:21+00:00","article_modified_time":"2026-01-30T08:52:50+00:00","og_image":[{"width":2000,"height":1333,"url":"https:\/\/www.lugaris.com\/app\/uploads\/2026\/01\/silhouettes-of-people-watching-fountain-and-light-2026-01-08-06-54-34-utc.webp","type":"image\/webp"}],"author":"Carol","twitter_card":"summary_large_image","twitter_misc":{"Written by":"Carol","Est. reading time":"10 minutes"},"schema":{"@context":"https:\/\/schema.org","@graph":[{"@type":"Article","@id":"https:\/\/www.lugaris.com\/de\/barcelona-startet-ins-jahr-2026-die-wichtigsten-events-des-ersten-quartals\/#article","isPartOf":{"@id":"https:\/\/www.lugaris.com\/de\/barcelona-startet-ins-jahr-2026-die-wichtigsten-events-des-ersten-quartals\/"},"author":{"name":"Carol","@id":"https:\/\/www.lugaris.com\/de\/#\/schema\/person\/a4b4909e5e26e647f8ee92b809f52077"},"headline":"Barcelona startet ins Jahr 2026: die wichtigsten Events des ersten Quartals","datePublished":"2026-01-30T08:47:21+00:00","dateModified":"2026-01-30T08:52:50+00:00","mainEntityOfPage":{"@id":"https:\/\/www.lugaris.com\/de\/barcelona-startet-ins-jahr-2026-die-wichtigsten-events-des-ersten-quartals\/"},"wordCount":2122,"commentCount":0,"publisher":{"@id":"https:\/\/www.lugaris.com\/de\/#organization"},"image":{"@id":"https:\/\/www.lugaris.com\/de\/barcelona-startet-ins-jahr-2026-die-wichtigsten-events-des-ersten-quartals\/#primaryimage"},"thumbnailUrl":"https:\/\/www.lugaris.com\/app\/uploads\/2026\/01\/silhouettes-of-people-watching-fountain-and-light-2026-01-08-06-54-34-utc.webp","articleSection":["Barcelona"],"inLanguage":"de-DE","potentialAction":[{"@type":"CommentAction","name":"Comment","target":["https:\/\/www.lugaris.com\/de\/barcelona-startet-ins-jahr-2026-die-wichtigsten-events-des-ersten-quartals\/#respond"]}]},{"@type":"WebPage","@id":"https:\/\/www.lugaris.com\/de\/barcelona-startet-ins-jahr-2026-die-wichtigsten-events-des-ersten-quartals\/","url":"https:\/\/www.lugaris.com\/de\/barcelona-startet-ins-jahr-2026-die-wichtigsten-events-des-ersten-quartals\/","name":"Barcelona 2026: die wichtigsten Events des ersten Quartals | Lugaris","isPartOf":{"@id":"https:\/\/www.lugaris.com\/de\/#website"},"primaryImageOfPage":{"@id":"https:\/\/www.lugaris.com\/de\/barcelona-startet-ins-jahr-2026-die-wichtigsten-events-des-ersten-quartals\/#primaryimage"},"image":{"@id":"https:\/\/www.lugaris.com\/de\/barcelona-startet-ins-jahr-2026-die-wichtigsten-events-des-ersten-quartals\/#primaryimage"},"thumbnailUrl":"https:\/\/www.lugaris.com\/app\/uploads\/2026\/01\/silhouettes-of-people-watching-fountain-and-light-2026-01-08-06-54-34-utc.webp","datePublished":"2026-01-30T08:47:21+00:00","dateModified":"2026-01-30T08:52:50+00:00","description":"2026 ist da, und bei Lugaris m\u00f6chten wir, dass du die besten Events in Barcelona 2026 des ersten Quartals kennenlernst.","breadcrumb":{"@id":"https:\/\/www.lugaris.com\/de\/barcelona-startet-ins-jahr-2026-die-wichtigsten-events-des-ersten-quartals\/#breadcrumb"},"inLanguage":"de-DE","potentialAction":[{"@type":"ReadAction","target":["https:\/\/www.lugaris.com\/de\/barcelona-startet-ins-jahr-2026-die-wichtigsten-events-des-ersten-quartals\/"]}]},{"@type":"ImageObject","inLanguage":"de-DE","@id":"https:\/\/www.lugaris.com\/de\/barcelona-startet-ins-jahr-2026-die-wichtigsten-events-des-ersten-quartals\/#primaryimage","url":"https:\/\/www.lugaris.com\/app\/uploads\/2026\/01\/silhouettes-of-people-watching-fountain-and-light-2026-01-08-06-54-34-utc.webp","contentUrl":"https:\/\/www.lugaris.com\/app\/uploads\/2026\/01\/silhouettes-of-people-watching-fountain-and-light-2026-01-08-06-54-34-utc.webp","width":2000,"height":1333},{"@type":"BreadcrumbList","@id":"https:\/\/www.lugaris.com\/de\/barcelona-startet-ins-jahr-2026-die-wichtigsten-events-des-ersten-quartals\/#breadcrumb","itemListElement":[{"@type":"ListItem","position":1,"name":"Home","item":"https:\/\/www.lugaris.com\/de\/"},{"@type":"ListItem","position":2,"name":"Barcelona startet ins Jahr 2026: die wichtigsten Events des ersten Quartals"}]},{"@type":"WebSite","@id":"https:\/\/www.lugaris.com\/de\/#website","url":"https:\/\/www.lugaris.com\/de\/","name":"Lugaris","description":"Apartamentos de vacaciones en Barcelona","publisher":{"@id":"https:\/\/www.lugaris.com\/de\/#organization"},"potentialAction":[{"@type":"SearchAction","target":{"@type":"EntryPoint","urlTemplate":"https:\/\/www.lugaris.com\/de\/?s={search_term_string}"},"query-input":"required name=search_term_string"}],"inLanguage":"de-DE"},{"@type":"Organization","@id":"https:\/\/www.lugaris.com\/de\/#organization","name":"Lugaris Apartments in Barcelona","url":"https:\/\/www.lugaris.com\/de\/","logo":{"@type":"ImageObject","inLanguage":"de-DE","@id":"https:\/\/www.lugaris.com\/de\/#\/schema\/logo\/image\/","url":"https:\/\/www.lugaris.com\/app\/uploads\/2020\/03\/Logo_lugaris_v2.png","contentUrl":"https:\/\/www.lugaris.com\/app\/uploads\/2020\/03\/Logo_lugaris_v2.png","width":285,"height":257,"caption":"Lugaris Apartments in Barcelona"},"image":{"@id":"https:\/\/www.lugaris.com\/de\/#\/schema\/logo\/image\/"}},{"@type":"Person","@id":"https:\/\/www.lugaris.com\/de\/#\/schema\/person\/a4b4909e5e26e647f8ee92b809f52077","name":"Carol","image":{"@type":"ImageObject","inLanguage":"de-DE","@id":"https:\/\/www.lugaris.com\/de\/#\/schema\/person\/image\/","url":"https:\/\/www.lugaris.com\/app\/litespeed\/avatar\/838ee79dab26d1d7647e49a172bc7c36.jpg?ver=1777478302","contentUrl":"https:\/\/www.lugaris.com\/app\/litespeed\/avatar\/838ee79dab26d1d7647e49a172bc7c36.jpg?ver=1777478302","caption":"Carol"}}]}},"uagb_featured_image_src":{"full":["https:\/\/www.lugaris.com\/app\/uploads\/2026\/01\/silhouettes-of-people-watching-fountain-and-light-2026-01-08-06-54-34-utc.webp",2000,1333,false],"thumbnail":["https:\/\/www.lugaris.com\/app\/uploads\/2026\/01\/silhouettes-of-people-watching-fountain-and-light-2026-01-08-06-54-34-utc-640x427.webp",640,427,true],"medium":["https:\/\/www.lugaris.com\/app\/uploads\/2026\/01\/silhouettes-of-people-watching-fountain-and-light-2026-01-08-06-54-34-utc-1024x682.webp",1024,682,true],"medium_large":["https:\/\/www.lugaris.com\/app\/uploads\/2026\/01\/silhouettes-of-people-watching-fountain-and-light-2026-01-08-06-54-34-utc-768x512.webp",768,512,true],"large":["https:\/\/www.lugaris.com\/app\/uploads\/2026\/01\/silhouettes-of-people-watching-fountain-and-light-2026-01-08-06-54-34-utc-1280x853.webp",1280,853,true],"1536x1536":["https:\/\/www.lugaris.com\/app\/uploads\/2026\/01\/silhouettes-of-people-watching-fountain-and-light-2026-01-08-06-54-34-utc-1536x1024.webp",1536,1024,true],"2048x2048":["https:\/\/www.lugaris.com\/app\/uploads\/2026\/01\/silhouettes-of-people-watching-fountain-and-light-2026-01-08-06-54-34-utc.webp",2000,1333,false]},"uagb_author_info":{"display_name":"Carol","author_link":"https:\/\/www.lugaris.com\/de\/author\/cvb2-performance-es\/"},"uagb_comment_info":0,"uagb_excerpt":"Sp\u00fcrst du diese Energie des Neuanfangs? 2026 ist da, und bei Lugaris m\u00f6chten wir, dass du die besten Events in Barcelona 2026 des ersten Quartals kennenlernst. Wenn du eine Auszeit planst, um das Jahr geb\u00fchrend &hellip;","_links":{"self":[{"href":"https:\/\/www.lugaris.com\/de\/wp-json\/wp\/v2\/posts\/30487"}],"collection":[{"href":"https:\/\/www.lugaris.com\/de\/wp-json\/wp\/v2\/posts"}],"about":[{"href":"https:\/\/www.lugaris.com\/de\/wp-json\/wp\/v2\/types\/post"}],"author":[{"embeddable":true,"href":"https:\/\/www.lugaris.com\/de\/wp-json\/wp\/v2\/users\/7"}],"replies":[{"embeddable":true,"href":"https:\/\/www.lugaris.com\/de\/wp-json\/wp\/v2\/comments?post=30487"}],"version-history":[{"count":1,"href":"https:\/\/www.lugaris.com\/de\/wp-json\/wp\/v2\/posts\/30487\/revisions"}],"predecessor-version":[{"id":30489,"href":"https:\/\/www.lugaris.com\/de\/wp-json\/wp\/v2\/posts\/30487\/revisions\/30489"}],"wp:featuredmedia":[{"embeddable":true,"href":"https:\/\/www.lugaris.com\/de\/wp-json\/wp\/v2\/media\/30473"}],"wp:attachment":[{"href":"https:\/\/www.lugaris.com\/de\/wp-json\/wp\/v2\/media?parent=30487"}],"wp:term":[{"taxonomy":"category","embeddable":true,"href":"https:\/\/www.lugaris.com\/de\/wp-json\/wp\/v2\/categories?post=30487"},{"taxonomy":"post_tag","embeddable":true,"href":"https:\/\/www.lugaris.com\/de\/wp-json\/wp\/v2\/tags?post=30487"}],"curies":[{"name":"wp","href":"https:\/\/api.w.org\/{rel}","templated":true}]}}