{"id":4874,"date":"2020-05-25T07:53:56","date_gmt":"2020-05-25T07:53:56","guid":{"rendered":"https:\/\/www.lugaris.com\/?p=4874"},"modified":"2020-06-09T16:25:46","modified_gmt":"2020-06-09T16:25:46","slug":"barcelonas-weltkulturerbe","status":"publish","type":"post","link":"https:\/\/www.lugaris.com\/de\/barcelonas-weltkulturerbe\/","title":{"rendered":"BARCELONAS WELTKULTURERBE"},"content":{"rendered":"\n<p class=\"\">Spanien ist auf Platz drei der L\u00e4nder der ganzen Welt mit den meisten Kultur- und Natursch\u00e4tzen, die auf der Weltkulturerbe-Liste der UNESCO stehen. Die Provinz Barcelona beherbergt die meisten davon (konkret 9, und alle im modernistischen Stil). In Anbetracht dessen, sollten Sie Ihre Reise nach Katalonien nutzen und all diese Wunderwerke erkunden. Am besten von unseren&nbsp;<a href=\"\/de\/apartments-in-barcelona\/\">Apartments am Strand in Barcelona<\/a>&nbsp;aus!<\/p>\n\n\n\n<p class=\"\">Wir von Lugaris m\u00f6chten es Ihnen so einfach wie m\u00f6glich machen. Deshalb fassen wir Ihnen nun die sch\u00f6nsten Orte zusammen, die Gegenstand h\u00f6chster Anerkennung und des internationalen Schutzes sind. Los geht\u2019s!<\/p>\n\n\n\n<h2 class=\"wp-block-heading\">SEHENSW\u00dcRDIGKEITEN IN BARCELONA, DIE ALS WELTKULTURERBE GELTEN<\/h2>\n\n\n\n<p class=\"\">Es ist allgemein bekannt, dass das Angebot an historischen Geb\u00e4uden in Barcelona unendlich ist. Von r\u00f6mischen Bauwerken bis hin zu avantgardistischen Wolkenkratzern ist alles dabei. Es existieren tats\u00e4chlich \u00fcber 2.000, bei denen die renommiertesten Architekten jeder Epoche ihr Talent unter Beweis gestellt haben. Die UNESCO hat ihre Besonderheit erkannt und als Weltkulturerbe ausgezeichnet.<\/p>\n\n\n\n<h3 class=\"wp-block-heading\">Casa Mil\u00e0 oder La Pedrera (1984 eingetragen)<\/h3>\n\n\n\n<p class=\"\">Dieses stolze modernistische Bauwerk, das zwischen 1906 und 1910 erbaut wurde und sich im Paseo de Gr\u00e0cia 92 befindet, ist eins der&nbsp;<a href=\"\/de\/alle-kunstwerke-von-gaudi-in-barcelona\/\">ber\u00fchmtesten Kunstwerke von Antoni Gaud\u00ed<\/a>. La Pedrera wurde von Pere Mil\u00e0 und Roser Segimon als Wohnsitz der Familie in Auftrag gegeben. Das Haus gilt bei vielen als das beste Beispiel f\u00fcr ein Gesamtkunstwerk, das&nbsp;<strong>Architektur, Bildhauerei, Keramik und Schmiedearbeiten (auf den Balkonen) vereint<\/strong>. Die spektakul\u00e4re geschwungene Au\u00dfenfassade und die Schornsteine, die auf der Terrasse herausstechen und an mittelalterliche Krieger erinnern, rauben einem den Atem. Aktuell kann man die Dachterrasse, das Dachgeschoss und eine Wohnung mit M\u00f6beln aus der Zeit besichtigen. Im Hauptbereich finden zudem wechselnde Ausstellungen statt.<\/p>\n\n\n\n<figure class=\"wp-block-image\"><img decoding=\"async\" src=\"https:\/\/www.lugaris.com\/wp-content\/uploads\/2019\/02\/1-casa-mila-la-pedrera.jpg\" alt=\"\"\/><\/figure>\n\n\n\n<h3 class=\"wp-block-heading\">Palau G\u00fcell (1984 eingetragen)<\/h3>\n\n\n\n<p class=\"\">In der Stra\u00dfe Nou de la Rambla 3-5, direkt am Anfang des emblematischen Stadtviertels Raval, thront ein weiteres Meisterwerk von Eusebi G\u00fcell und Gaud\u00ed. Es handelt sich um den G\u00fcell-Palast. Ein luxuri\u00f6ses Geb\u00e4ude, das zwischen 1886 und 1890 als Familienwohnsitz erbaut wurde. Es war einer der ersten wichtigen Auftr\u00e4ge von Gaud\u00ed. Im Innenbereich erleben Sie, wie der Architekt das nat\u00fcrliche Licht optimal nutzt. Nehmen Sie sich auch Zeit, die bunten Schornsteine auf sich wirken zu lassen. Sie werden begeistert sein!<\/p>\n\n\n\n<figure class=\"wp-block-image\"><img decoding=\"async\" src=\"https:\/\/www.lugaris.com\/wp-content\/uploads\/2019\/02\/2-palau-g%C3%BCell.jpg\" alt=\"\"\/><\/figure>\n\n\n\n<h3 class=\"wp-block-heading\">Park G\u00fcell (1984 eingetragen)<\/h3>\n\n\n\n<p class=\"\">Im Stadtviertel Gr\u00e0cia liegt dieser wundersch\u00f6ne Park. Er wurde zwischen 1900 und 1914 gebaut, jedoch erst 1926 eingeweiht. Er ist eine der Arbeiten, die Eusebi G\u00fcell Antoni Gaud\u00ed anvertraut hat. Dieses Meisterwerk spiegelt in seiner Sch\u00f6nheit deutlich die&nbsp;<strong>nat\u00fcrliche Phase<\/strong>&nbsp;des Architekten aus&nbsp;<a href=\"\/de\/urlaub-an-der-costa-doroda-die-besten-sehenswuerdigkeiten\/\">Reus<\/a>&nbsp;wider. Zu den auffallenden Elementen geh\u00f6rt beispielsweise die Salamander-Skulptur, die am Eingang wacht. Ein S\u00e4ulenraum gekr\u00f6nt von einem Platz mit B\u00e4nken, die mit&nbsp;<em>Trencad\u00eds<\/em>&nbsp;(besondere Mosaik-Art) geschm\u00fcckt sind. Au\u00dferdem findet man dort eine S\u00e4ule in Form einer Waschfrau und das Haus des G\u00e4rtners, das gegen einen Aufpreis besichtigt werden kann. Es handelt sich zwar um ein unvollendetes Stadtgartenprojekt, aber Sie sollten trotzdem keinesfalls die Sch\u00f6nheit der 17 Hektar gro\u00dfen Anlage verpassen. Hier k\u00f6nnen Sie au\u00dferdem einen der&nbsp;<a href=\"\/de\/die-besten-aussichtspunkte-in-barcelona\/\">sch\u00f6nsten Ausblicke auf Barcelona<\/a>&nbsp;genie\u00dfen.<\/p>\n\n\n\n<figure class=\"wp-block-image\"><img decoding=\"async\" src=\"https:\/\/www.lugaris.com\/wp-content\/uploads\/2019\/02\/3_park-guell.jpg\" alt=\"\"\/><\/figure>\n\n\n\n<h3 class=\"wp-block-heading\">Palau de la M\u00fasica Catalana (1997 eingetragen)<\/h3>\n\n\n\n<p class=\"\">Das beeindruckende Auditorium liegt in der Stra\u00dfe Sant Pere m\u00e9s Alt im Viertel Ribera. Es tr\u00e4gt die Unterschrift von Llu\u00eds Dom\u00e8nech i Montaner, einer der Hauptvertreter der katalanischen Moderne. Das Werk wurde zwischen 1905 und 1908 erbaut und gilt als&nbsp;<strong>perfekte Kombination aus Architektur, Bildhauerei, Mosaik, Kirchenfenstern und Schmiedearbeit<\/strong>. Die Anlage ist au\u00dferdem der Sitz der im Jahre 1891 gegr\u00fcndeten Chorgemeinschaft Orfe\u00f3 Catal\u00e0. Im Innenbereich sollten Sie besonders auf die umgekehrte Kuppel, die zweifelsohne das pr\u00e4gendste Element ist, achten. Dort werden regelm\u00e4\u00dfig F\u00fchrungen und Konzerte angeboten. Entscheiden Sie selbst, wie Sie das architektonische Juwel genie\u00dfen m\u00f6chten!<\/p>\n\n\n\n<figure class=\"wp-block-image size-large\"><img fetchpriority=\"high\" decoding=\"async\" width=\"640\" height=\"426\" src=\"https:\/\/www.lugaris.com\/app\/uploads\/2020\/06\/4-Palau-Musica.jpg\" alt=\"\" class=\"wp-image-6477\" srcset=\"https:\/\/www.lugaris.com\/app\/uploads\/2020\/06\/4-Palau-Musica.jpg 640w, https:\/\/www.lugaris.com\/app\/uploads\/2020\/06\/4-Palau-Musica-300x200.jpg 300w\" sizes=\"(max-width: 640px) 100vw, 640px\" \/><\/figure>\n\n\n\n<h3 class=\"wp-block-heading\">Modernistische Anlage Sant Pau (1997 eingetragen<\/h3>\n\n\n\n<p class=\"\">Wahrscheinlich ist dieses alte Krankenhaus eins der sch\u00f6nsten der Welt. Die ehrgeizige Initiative, die vom Bankier Pau Gil finanziert wurde, wurde in zwei Phasen zwischen 1902 und 1930 gebaut. W\u00e4hrend der ersten hat&nbsp;<strong>Llu\u00eds Dom\u00e8nech i Montaner<\/strong>&nbsp;mitgearbeitet. Es wurden 13 Pavillons errichtet, die reich an wundersch\u00f6nen Ornamenten sind. Der Bau 6 weiterer wurde ab 1920 von Llu\u00eds\u2018 Sohn&nbsp;<strong>Pere Dom\u00e8nech i Roura<\/strong>&nbsp;\u00fcbernommen. Auch wenn es sich um ein unvollendetes Projekt handelt, verf\u00fcgt diese Anlage \u00fcber eine gigantische Gr\u00f6\u00dfe: Die Fl\u00e4che ist so gro\u00df wie 9 Blocks des Viertels Eixample.<\/p>\n\n\n\n<figure class=\"wp-block-image\"><img decoding=\"async\" src=\"https:\/\/www.lugaris.com\/wp-content\/uploads\/2019\/02\/5-Sant-Pau.jpg\" alt=\"\"\/><\/figure>\n\n\n\n<h3 class=\"wp-block-heading\">Die Geburtsfassade der Basilika Sagrada Familia (2005 eingetragen)<\/h3>\n\n\n\n<p class=\"\">Zur\u00fcck zu Gaud\u00ed. Die&nbsp;<a href=\"\/de\/la-sagrada-familia\/\">Sagrada Familia<\/a>&nbsp;ist wohl sein universellstes Werk und&nbsp;<strong>eins der drei meistbesuchten Touristenattraktionen Spaniens<\/strong>, neben dem Prado-Museum in Madrid und der Alhambra in Granada. Das neugotische Projekt startete 1882 mit dem Architekten Francisco de Paula del Villar auf Wunsch des Buchh\u00e4ndlers Josep Maria Bocabella. Aufgrund von Diskrepanzen zwischen den beiden, \u00fcbernahm Gaud\u00ed im Folgejahr den Auftrag.&nbsp;<strong>Ein Bauabschluss ist f\u00fcr 2026 geplant, 100 Jahre nach dem Tod des Genies aus Reus<\/strong>, der in der Krypta des Bauwerks begraben liegt. Nach der Fertigstellung wird die Basilika drei Fassaden \u2013 die der Geburt, der Passion und der Herrlichkeit \u2013 und 18 T\u00fcrme haben, die den 12 Aposteln, den 4 Evangelisten, der Jungfrau Maria und Jesus Christus gewidmet sind. Erfahren Sie mehr und lesen Sie&nbsp;<a href=\"\/de\/alles-uber-gaudis-inspiration-der-modernismus-in-barcelona\/\">alles \u00fcber Gaud\u00eds Inspiration<\/a>.<\/p>\n\n\n\n<p class=\"\">Der Eintrittspreis enth\u00e4lt den Zugang zum Museum und zu den Escuelas P\u00edas, wo fr\u00fcher die Arbeiterkinder lernten.<\/p>\n\n\n\n<figure class=\"wp-block-image\"><img decoding=\"async\" src=\"https:\/\/www.lugaris.com\/wp-content\/uploads\/2019\/02\/6-sagrada-familia-.jpg\" alt=\"\"\/><\/figure>\n\n\n\n<h3 class=\"wp-block-heading\">Casa Vicens (2005 eingetragen)<\/h3>\n\n\n\n<p class=\"\">Die erste wichtige Arbeit Gaud\u00eds befindet sich in der Calle de las Carolines 18-24 im Stadtviertel Gr\u00e0cia. Im Herbst 2017 \u00f6ffnete das Bauwerk zum ersten Mal seine T\u00fcren f\u00fcr die \u00d6ffentlichkeit. Im Neomud\u00e9jar- Stil erbauten Werk, wird das Geb\u00e4ude Gaud\u00eds orientalischer Phase zugeschrieben. Es wurde 1888 eingeweiht und als Sommerresidenz der Familie von Manel Vicens i Montaner genutzt. Dieses Haus beherbergt interessante Schmiede- und Keramikelemente sowie eine auff\u00e4llige Backsteinfassade. Beachten Sie besonders die Blumendetails!<\/p>\n\n\n\n<figure class=\"wp-block-image\"><img decoding=\"async\" src=\"https:\/\/www.lugaris.com\/wp-content\/uploads\/2019\/02\/7-casa_vicens.jpg\" alt=\"\"\/><\/figure>\n\n\n\n<h3 class=\"wp-block-heading\">Casa Batll\u00f3 (2005 eingetragen)<\/h3>\n\n\n\n<p class=\"\">Dieses modernistische Wohnhaus formt zusammen mit dem Casa Amatller und dem Casa Lle\u00f3 Morera den sogenannten Zankapfel. Es ist das Ergebnis einer&nbsp;<strong>Renovierung von Gaud\u00ed<\/strong>, die er zwischen 1904 und 1906 durchgef\u00fchrt hatte. Hier erkennt man deutlich die nat\u00fcrliche Phase des Architekten wieder: Beispielsweise an den Knochen-\u00e4hnlichen Formen der S\u00e4ulen an der Au\u00dfenfassade des Hauptbereichs, weshalb das Geb\u00e4ude auch&nbsp;<em>La Casa dels Ossos<\/em>&nbsp;(Haus der Knochen) genannt wird. Sein fantasievolles Dach, das die Schuppen eines Drachen darstellt, wird Sie begeistern. Das Geb\u00e4ude befindet sich im Passeig de Gr\u00e0cia 43 und wurde von dem Unternehmer Josep Batll\u00f3 in Auftrag gegeben, der es daraufhin als seinen Wohnsitz nutze.<\/p>\n\n\n\n<figure class=\"wp-block-image\"><img decoding=\"async\" src=\"https:\/\/www.lugaris.com\/wp-content\/uploads\/2019\/02\/8_Casa_Batll%C3%B3.jpg\" alt=\"\"\/><\/figure>\n\n\n\n<h3 class=\"wp-block-heading\">Krypta der Colonia G\u00fcell (2005 eingetragen)<\/h3>\n\n\n\n<p class=\"\">Die kleine Ortschaft Santa Coloma de Cervell\u00f3, die kaum 20 km von der Stadt Barcelona entfernt liegt, beherbergt die Colonia G\u00fcell. Eine alte Industriekolonie, in der sich die Krypta einer unvollendeten Kirche befindet. Diese wurde von Gaud\u00ed gestaltet und zwischen 1898 und 1914 auf Wunsch des Unternehmers Eusebi G\u00fcell f\u00fcr seine Arbeiter erbaut, damit sie an religi\u00f6sen Veranstaltungen teilnehmen konnten.&nbsp;<strong>Nach G\u00fcells Tod entschieden jedoch seine S\u00f6hne, das Projekt abzubrechen<\/strong>. Sollte es je fertiggestellt werden, w\u00fcrden wir vor einem monumentalen Modell der Sagrada Familia stehen, wie Gaud\u00ed selbst sagte. Die 1915 eingeweihte Krypta brannte im B\u00fcrgerkrieg ab, wurde jedoch von der Stadt Barcelona im Jahre 2002 wieder restauriert.<\/p>\n\n\n\n<figure class=\"wp-block-image\"><img decoding=\"async\" src=\"https:\/\/www.lugaris.com\/wp-content\/uploads\/2019\/02\/9-cripta-guell.jpg\" alt=\"\"\/><\/figure>\n\n\n\n<h2 class=\"wp-block-heading\">IMMATERIELLES WELTKULTURERBE IN BARCELONA<\/h2>\n\n\n\n<p class=\"\">Obwohl all diese Denkm\u00e4ler schon zu Gen\u00fcge einen Urlaub in der katalanischen Hauptstadt rechtfertigen, in der sich zudem Lugaris&nbsp;<a href=\"\/de\/lugaris-beach-fuer-4-6-personen-family\/\">Apartments f\u00fcr Familien<\/a>&nbsp;befinden, reicht die UNESCO-Liste der Traumbauwerke in Barcelona viel weiter. In der Provinz finden viele kulturelle Veranstaltungen statt, die ebenfalls von der internationalen Organisation gesch\u00fctzt werden. Dazu z\u00e4hlen die im Folgenden aufgelisteten Spektakel.<\/p>\n\n\n\n<h3 class=\"wp-block-heading\">La Patum de Berga (2005)<\/h3>\n\n\n\n<p class=\"\">Diese Festlichkeit findet seit 1525 jedes Jahr parallel zur Fronleichnamswoche in der Stadt Berga in Barcelona statt. Die Hauptaktivit\u00e4ten bestehen aus Umz\u00fcgen, bei denen der Fokus auf mystische und symbolische Figuren liegt, die sich zur Musik bewegen. Die bekannteste Figur ist hierbei wohl der Adler. Bei den T\u00e4nzen werden viel Pyrotechnik und Feuer verwendet, was die Feierlichkeit noch intensiver erscheinen l\u00e4sst.<\/p>\n\n\n\n<figure class=\"wp-block-image\"><img decoding=\"async\" src=\"https:\/\/www.lugaris.com\/wp-content\/uploads\/2019\/02\/11-patum.jpg\" alt=\"\"\/><\/figure>\n\n\n\n<h3 class=\"wp-block-heading\">La dieta mediterr\u00e1nea (2010)<\/h3>\n\n\n\n<p class=\"\">Es ist nicht verwunderlich, dass Spanien eins der L\u00e4nder mit der h\u00f6chsten Lebenserwartung ist. Die mediterrane Ern\u00e4hrung tr\u00e4gt entscheidend dazu bei. Sie ist gepr\u00e4gt von Obst, Gem\u00fcse und dem fl\u00fcssigen Gold, dem Oliven\u00f6l. M\u00f6chten Sie w\u00e4hrend Ihres Aufenthaltes in der katalanischen Hauptstadt&nbsp;<a href=\"\/de\/typische-spanische-gerichte-die-du-in-barcelona-unbedingt-probieren-solltest\/\">typische Gerichte in Barcelona<\/a>&nbsp;probieren? Dann werden Sie die gesunde Ern\u00e4hrungsweise erkennen.<\/p>\n\n\n\n<figure class=\"wp-block-image\"><img decoding=\"async\" src=\"https:\/\/www.lugaris.com\/wp-content\/uploads\/2019\/02\/12-dieta-mediterranea.jpg\" alt=\"\"\/><\/figure>\n\n\n\n<h3 class=\"wp-block-heading\">Los&nbsp;<em>castells&nbsp;<\/em>(2010)<\/h3>\n\n\n\n<p class=\"\">Die&nbsp;<em>Castells<\/em>&nbsp;(oder&nbsp;<em>Castillos<\/em>) gelten als eins der Hauptmerkmale der katalanischen Kultur. Man k\u00f6nnte sie als menschliche T\u00fcrme definieren, die aus mehreren&nbsp;<em>Castellers<\/em>, wie die teilnehmenden Personen bezeichnet werden, bestehen. Die Tradition entstand Ende des XVIII. Jahrhunderts in Valls (Tarragona), als verschiedene Gruppen (<em>Colles<\/em>&nbsp;genannt) begannen, Wettbewerbe zu machen, wer die T\u00fcrme h\u00f6her machen kann. Die&nbsp;<em>Gralla<\/em>-Musik dient den&nbsp;<em>Castellers&nbsp;<\/em>zur Orientierung. Die&nbsp;<em>Castells<\/em>&nbsp;sind ein Klassiker der Volksfeste in Barcelona, die Sie keineswegs verpassen sollten.<\/p>\n\n\n\n<figure class=\"wp-block-image\"><img decoding=\"async\" src=\"https:\/\/www.lugaris.com\/wp-content\/uploads\/2019\/02\/13-castells.jpg\" alt=\"\"\/><\/figure>\n\n\n\n<h3 class=\"wp-block-heading\">La piedra seca (2018)<\/h3>\n\n\n\n<p class=\"\">Diese Bautechnik gilt als&nbsp;<strong>eins der Wahrzeichen der Landschaft Barcelonas<\/strong>. Sie ist ebenso in l\u00e4ndlichen Gebieten des restlichen Spaniens und in anderen L\u00e4ndern, wie in Kroatien, Zypern, Slowenien, Frankreich, Griechenland, Italien und der Schweiz, zu finden. Die Haupteigenschaft dieser Kunst-Art ist die Verwendung von Steinen, jedoch ohne M\u00f6rtel zu benutzen. Manchmal wird trockener Sand zum Ausf\u00fcllen der Mauerl\u00fccken verwendet, was dem Prozess wiederum seinen Namen verleiht. Manche Gemeinden Barcelonas beherbergen interessante Beispiele von Geb\u00e4uden, die auf diese Weise erbaut wurden, wie beispielsweise&nbsp;<strong>El Pont de Vilomara i Rocafort<\/strong>. In der N\u00e4he kann man zudem einige Weinwannen bewundern, die auf die gleiche Weise erbaut wurden.<\/p>\n\n\n\n<p class=\"\">Sie m\u00f6chten das Weltkulturerbe Barcelonas mit eigenen Augen sehen? Dann buchen Sie unsere&nbsp;<a href=\"\/de\/apartments-in-barcelona\/\">Apartments mit Meerblick in Barcelona<\/a>&nbsp;und machen sich auf Entdeckungsreise. Entdecken Sie die&nbsp;<a href=\"https:\/\/www.lugaris.com\/de\/10-geheimnisse-und-mysterien-barcelonas\/\">Geheimnisse Barcelonas<\/a>, bestaunen Sie&nbsp;<a href=\"https:\/\/www.lugaris.com\/de\/entdecken-sie-mittelalterliche-bauwerke-in-barcelona\/\">mittelalterliche Bauwerke<\/a>&nbsp;und genie\u00dfen Sie&nbsp;<a href=\"https:\/\/www.lugaris.com\/de\/die-baukunst-von-barcelona-hervorragende-baudenkmaeler\/\">die Baukunst der gr\u00e4flichen Stadt<\/a>. Sie werden begeistert sein!<\/p>\n","protected":false},"excerpt":{"rendered":"<p>Spanien ist auf Platz drei der L\u00e4nder der ganzen Welt mit den meisten Kultur- und Natursch\u00e4tzen, die auf der Weltkulturerbe-Liste der UNESCO stehen<\/p>\n","protected":false},"author":7,"featured_media":6484,"comment_status":"open","ping_status":"open","sticky":false,"template":"","format":"standard","meta":{"_uag_custom_page_level_css":"","footnotes":""},"categories":[120,118,117,116],"tags":[154,153,151,149,148,146],"yoast_head":"<!-- This site is optimized with the Yoast SEO plugin v23.1 - https:\/\/yoast.com\/wordpress\/plugins\/seo\/ -->\n<title>BARCELONAS WELTKULTURERBE | Lugaris<\/title>\n<meta name=\"robots\" content=\"index, follow, max-snippet:-1, max-image-preview:large, max-video-preview:-1\" \/>\n<link rel=\"canonical\" href=\"https:\/\/www.lugaris.com\/de\/barcelonas-weltkulturerbe\/\" \/>\n<meta property=\"og:locale\" content=\"de_DE\" \/>\n<meta property=\"og:type\" content=\"article\" \/>\n<meta property=\"og:title\" content=\"BARCELONAS WELTKULTURERBE | Lugaris\" \/>\n<meta property=\"og:description\" content=\"Spanien ist auf Platz drei der L\u00e4nder der ganzen Welt mit den meisten Kultur- und Natursch\u00e4tzen, die auf der Weltkulturerbe-Liste der UNESCO stehen\" \/>\n<meta property=\"og:url\" content=\"https:\/\/www.lugaris.com\/de\/barcelonas-weltkulturerbe\/\" \/>\n<meta property=\"og:site_name\" content=\"Lugaris\" \/>\n<meta property=\"article:published_time\" content=\"2020-05-25T07:53:56+00:00\" \/>\n<meta property=\"article:modified_time\" content=\"2020-06-09T16:25:46+00:00\" \/>\n<meta property=\"og:image\" content=\"https:\/\/www.lugaris.com\/app\/uploads\/2020\/05\/5-Sant-Pau.jpg\" \/>\n\t<meta property=\"og:image:width\" content=\"640\" \/>\n\t<meta property=\"og:image:height\" content=\"419\" \/>\n\t<meta property=\"og:image:type\" content=\"image\/jpeg\" \/>\n<meta name=\"author\" content=\"Carol\" \/>\n<meta name=\"twitter:card\" content=\"summary_large_image\" \/>\n<meta name=\"twitter:label1\" content=\"Written by\" \/>\n\t<meta name=\"twitter:data1\" content=\"Carol\" \/>\n\t<meta name=\"twitter:label2\" content=\"Est. reading time\" \/>\n\t<meta name=\"twitter:data2\" content=\"8 minutes\" \/>\n<script type=\"application\/ld+json\" class=\"yoast-schema-graph\">{\"@context\":\"https:\/\/schema.org\",\"@graph\":[{\"@type\":\"Article\",\"@id\":\"https:\/\/www.lugaris.com\/de\/barcelonas-weltkulturerbe\/#article\",\"isPartOf\":{\"@id\":\"https:\/\/www.lugaris.com\/de\/barcelonas-weltkulturerbe\/\"},\"author\":{\"name\":\"Carol\",\"@id\":\"https:\/\/www.lugaris.com\/de\/#\/schema\/person\/a4b4909e5e26e647f8ee92b809f52077\"},\"headline\":\"BARCELONAS WELTKULTURERBE\",\"datePublished\":\"2020-05-25T07:53:56+00:00\",\"dateModified\":\"2020-06-09T16:25:46+00:00\",\"mainEntityOfPage\":{\"@id\":\"https:\/\/www.lugaris.com\/de\/barcelonas-weltkulturerbe\/\"},\"wordCount\":1691,\"commentCount\":0,\"publisher\":{\"@id\":\"https:\/\/www.lugaris.com\/de\/#organization\"},\"image\":{\"@id\":\"https:\/\/www.lugaris.com\/de\/barcelonas-weltkulturerbe\/#primaryimage\"},\"thumbnailUrl\":\"https:\/\/www.lugaris.com\/app\/uploads\/2020\/05\/5-Sant-Pau.jpg\",\"keywords\":[\"Kultur in Barcelona\",\"Geschichte von Barcelona\",\"Umgebung von Barcelona\",\"Barcelona's Stadtteile\",\"Sehensw\u00fcrdigkeiten in Barcelona\",\"Essen in Barcelona\"],\"articleSection\":[\"Nachrichten\",\"Veranstaltungen in Barcelona\",\"Freizeit in Barcelona\",\"Barcelona\"],\"inLanguage\":\"de-DE\",\"potentialAction\":[{\"@type\":\"CommentAction\",\"name\":\"Comment\",\"target\":[\"https:\/\/www.lugaris.com\/de\/barcelonas-weltkulturerbe\/#respond\"]}]},{\"@type\":\"WebPage\",\"@id\":\"https:\/\/www.lugaris.com\/de\/barcelonas-weltkulturerbe\/\",\"url\":\"https:\/\/www.lugaris.com\/de\/barcelonas-weltkulturerbe\/\",\"name\":\"BARCELONAS WELTKULTURERBE | Lugaris\",\"isPartOf\":{\"@id\":\"https:\/\/www.lugaris.com\/de\/#website\"},\"primaryImageOfPage\":{\"@id\":\"https:\/\/www.lugaris.com\/de\/barcelonas-weltkulturerbe\/#primaryimage\"},\"image\":{\"@id\":\"https:\/\/www.lugaris.com\/de\/barcelonas-weltkulturerbe\/#primaryimage\"},\"thumbnailUrl\":\"https:\/\/www.lugaris.com\/app\/uploads\/2020\/05\/5-Sant-Pau.jpg\",\"datePublished\":\"2020-05-25T07:53:56+00:00\",\"dateModified\":\"2020-06-09T16:25:46+00:00\",\"breadcrumb\":{\"@id\":\"https:\/\/www.lugaris.com\/de\/barcelonas-weltkulturerbe\/#breadcrumb\"},\"inLanguage\":\"de-DE\",\"potentialAction\":[{\"@type\":\"ReadAction\",\"target\":[\"https:\/\/www.lugaris.com\/de\/barcelonas-weltkulturerbe\/\"]}]},{\"@type\":\"ImageObject\",\"inLanguage\":\"de-DE\",\"@id\":\"https:\/\/www.lugaris.com\/de\/barcelonas-weltkulturerbe\/#primaryimage\",\"url\":\"https:\/\/www.lugaris.com\/app\/uploads\/2020\/05\/5-Sant-Pau.jpg\",\"contentUrl\":\"https:\/\/www.lugaris.com\/app\/uploads\/2020\/05\/5-Sant-Pau.jpg\",\"width\":640,\"height\":419},{\"@type\":\"BreadcrumbList\",\"@id\":\"https:\/\/www.lugaris.com\/de\/barcelonas-weltkulturerbe\/#breadcrumb\",\"itemListElement\":[{\"@type\":\"ListItem\",\"position\":1,\"name\":\"Home\",\"item\":\"https:\/\/www.lugaris.com\/de\/\"},{\"@type\":\"ListItem\",\"position\":2,\"name\":\"BARCELONAS WELTKULTURERBE\"}]},{\"@type\":\"WebSite\",\"@id\":\"https:\/\/www.lugaris.com\/de\/#website\",\"url\":\"https:\/\/www.lugaris.com\/de\/\",\"name\":\"Lugaris\",\"description\":\"Apartamentos de vacaciones en Barcelona\",\"publisher\":{\"@id\":\"https:\/\/www.lugaris.com\/de\/#organization\"},\"potentialAction\":[{\"@type\":\"SearchAction\",\"target\":{\"@type\":\"EntryPoint\",\"urlTemplate\":\"https:\/\/www.lugaris.com\/de\/?s={search_term_string}\"},\"query-input\":\"required name=search_term_string\"}],\"inLanguage\":\"de-DE\"},{\"@type\":\"Organization\",\"@id\":\"https:\/\/www.lugaris.com\/de\/#organization\",\"name\":\"Lugaris Apartments in Barcelona\",\"url\":\"https:\/\/www.lugaris.com\/de\/\",\"logo\":{\"@type\":\"ImageObject\",\"inLanguage\":\"de-DE\",\"@id\":\"https:\/\/www.lugaris.com\/de\/#\/schema\/logo\/image\/\",\"url\":\"https:\/\/www.lugaris.com\/app\/uploads\/2020\/03\/Logo_lugaris_v2.png\",\"contentUrl\":\"https:\/\/www.lugaris.com\/app\/uploads\/2020\/03\/Logo_lugaris_v2.png\",\"width\":285,\"height\":257,\"caption\":\"Lugaris Apartments in Barcelona\"},\"image\":{\"@id\":\"https:\/\/www.lugaris.com\/de\/#\/schema\/logo\/image\/\"}},{\"@type\":\"Person\",\"@id\":\"https:\/\/www.lugaris.com\/de\/#\/schema\/person\/a4b4909e5e26e647f8ee92b809f52077\",\"name\":\"Carol\",\"image\":{\"@type\":\"ImageObject\",\"inLanguage\":\"de-DE\",\"@id\":\"https:\/\/www.lugaris.com\/de\/#\/schema\/person\/image\/\",\"url\":\"https:\/\/www.lugaris.com\/app\/litespeed\/avatar\/838ee79dab26d1d7647e49a172bc7c36.jpg?ver=1776872839\",\"contentUrl\":\"https:\/\/www.lugaris.com\/app\/litespeed\/avatar\/838ee79dab26d1d7647e49a172bc7c36.jpg?ver=1776872839\",\"caption\":\"Carol\"}}]}<\/script>\n<!-- \/ Yoast SEO plugin. -->","yoast_head_json":{"title":"BARCELONAS WELTKULTURERBE | Lugaris","robots":{"index":"index","follow":"follow","max-snippet":"max-snippet:-1","max-image-preview":"max-image-preview:large","max-video-preview":"max-video-preview:-1"},"canonical":"https:\/\/www.lugaris.com\/de\/barcelonas-weltkulturerbe\/","og_locale":"de_DE","og_type":"article","og_title":"BARCELONAS WELTKULTURERBE | Lugaris","og_description":"Spanien ist auf Platz drei der L\u00e4nder der ganzen Welt mit den meisten Kultur- und Natursch\u00e4tzen, die auf der Weltkulturerbe-Liste der UNESCO stehen","og_url":"https:\/\/www.lugaris.com\/de\/barcelonas-weltkulturerbe\/","og_site_name":"Lugaris","article_published_time":"2020-05-25T07:53:56+00:00","article_modified_time":"2020-06-09T16:25:46+00:00","og_image":[{"width":640,"height":419,"url":"https:\/\/www.lugaris.com\/app\/uploads\/2020\/05\/5-Sant-Pau.jpg","type":"image\/jpeg"}],"author":"Carol","twitter_card":"summary_large_image","twitter_misc":{"Written by":"Carol","Est. reading time":"8 minutes"},"schema":{"@context":"https:\/\/schema.org","@graph":[{"@type":"Article","@id":"https:\/\/www.lugaris.com\/de\/barcelonas-weltkulturerbe\/#article","isPartOf":{"@id":"https:\/\/www.lugaris.com\/de\/barcelonas-weltkulturerbe\/"},"author":{"name":"Carol","@id":"https:\/\/www.lugaris.com\/de\/#\/schema\/person\/a4b4909e5e26e647f8ee92b809f52077"},"headline":"BARCELONAS WELTKULTURERBE","datePublished":"2020-05-25T07:53:56+00:00","dateModified":"2020-06-09T16:25:46+00:00","mainEntityOfPage":{"@id":"https:\/\/www.lugaris.com\/de\/barcelonas-weltkulturerbe\/"},"wordCount":1691,"commentCount":0,"publisher":{"@id":"https:\/\/www.lugaris.com\/de\/#organization"},"image":{"@id":"https:\/\/www.lugaris.com\/de\/barcelonas-weltkulturerbe\/#primaryimage"},"thumbnailUrl":"https:\/\/www.lugaris.com\/app\/uploads\/2020\/05\/5-Sant-Pau.jpg","keywords":["Kultur in Barcelona","Geschichte von Barcelona","Umgebung von Barcelona","Barcelona's Stadtteile","Sehensw\u00fcrdigkeiten in Barcelona","Essen in Barcelona"],"articleSection":["Nachrichten","Veranstaltungen in Barcelona","Freizeit in Barcelona","Barcelona"],"inLanguage":"de-DE","potentialAction":[{"@type":"CommentAction","name":"Comment","target":["https:\/\/www.lugaris.com\/de\/barcelonas-weltkulturerbe\/#respond"]}]},{"@type":"WebPage","@id":"https:\/\/www.lugaris.com\/de\/barcelonas-weltkulturerbe\/","url":"https:\/\/www.lugaris.com\/de\/barcelonas-weltkulturerbe\/","name":"BARCELONAS WELTKULTURERBE | Lugaris","isPartOf":{"@id":"https:\/\/www.lugaris.com\/de\/#website"},"primaryImageOfPage":{"@id":"https:\/\/www.lugaris.com\/de\/barcelonas-weltkulturerbe\/#primaryimage"},"image":{"@id":"https:\/\/www.lugaris.com\/de\/barcelonas-weltkulturerbe\/#primaryimage"},"thumbnailUrl":"https:\/\/www.lugaris.com\/app\/uploads\/2020\/05\/5-Sant-Pau.jpg","datePublished":"2020-05-25T07:53:56+00:00","dateModified":"2020-06-09T16:25:46+00:00","breadcrumb":{"@id":"https:\/\/www.lugaris.com\/de\/barcelonas-weltkulturerbe\/#breadcrumb"},"inLanguage":"de-DE","potentialAction":[{"@type":"ReadAction","target":["https:\/\/www.lugaris.com\/de\/barcelonas-weltkulturerbe\/"]}]},{"@type":"ImageObject","inLanguage":"de-DE","@id":"https:\/\/www.lugaris.com\/de\/barcelonas-weltkulturerbe\/#primaryimage","url":"https:\/\/www.lugaris.com\/app\/uploads\/2020\/05\/5-Sant-Pau.jpg","contentUrl":"https:\/\/www.lugaris.com\/app\/uploads\/2020\/05\/5-Sant-Pau.jpg","width":640,"height":419},{"@type":"BreadcrumbList","@id":"https:\/\/www.lugaris.com\/de\/barcelonas-weltkulturerbe\/#breadcrumb","itemListElement":[{"@type":"ListItem","position":1,"name":"Home","item":"https:\/\/www.lugaris.com\/de\/"},{"@type":"ListItem","position":2,"name":"BARCELONAS WELTKULTURERBE"}]},{"@type":"WebSite","@id":"https:\/\/www.lugaris.com\/de\/#website","url":"https:\/\/www.lugaris.com\/de\/","name":"Lugaris","description":"Apartamentos de vacaciones en Barcelona","publisher":{"@id":"https:\/\/www.lugaris.com\/de\/#organization"},"potentialAction":[{"@type":"SearchAction","target":{"@type":"EntryPoint","urlTemplate":"https:\/\/www.lugaris.com\/de\/?s={search_term_string}"},"query-input":"required name=search_term_string"}],"inLanguage":"de-DE"},{"@type":"Organization","@id":"https:\/\/www.lugaris.com\/de\/#organization","name":"Lugaris Apartments in Barcelona","url":"https:\/\/www.lugaris.com\/de\/","logo":{"@type":"ImageObject","inLanguage":"de-DE","@id":"https:\/\/www.lugaris.com\/de\/#\/schema\/logo\/image\/","url":"https:\/\/www.lugaris.com\/app\/uploads\/2020\/03\/Logo_lugaris_v2.png","contentUrl":"https:\/\/www.lugaris.com\/app\/uploads\/2020\/03\/Logo_lugaris_v2.png","width":285,"height":257,"caption":"Lugaris Apartments in Barcelona"},"image":{"@id":"https:\/\/www.lugaris.com\/de\/#\/schema\/logo\/image\/"}},{"@type":"Person","@id":"https:\/\/www.lugaris.com\/de\/#\/schema\/person\/a4b4909e5e26e647f8ee92b809f52077","name":"Carol","image":{"@type":"ImageObject","inLanguage":"de-DE","@id":"https:\/\/www.lugaris.com\/de\/#\/schema\/person\/image\/","url":"https:\/\/www.lugaris.com\/app\/litespeed\/avatar\/838ee79dab26d1d7647e49a172bc7c36.jpg?ver=1776872839","contentUrl":"https:\/\/www.lugaris.com\/app\/litespeed\/avatar\/838ee79dab26d1d7647e49a172bc7c36.jpg?ver=1776872839","caption":"Carol"}}]}},"uagb_featured_image_src":{"full":["https:\/\/www.lugaris.com\/app\/uploads\/2020\/05\/5-Sant-Pau.jpg",640,419,false],"thumbnail":["https:\/\/www.lugaris.com\/app\/uploads\/2020\/05\/5-Sant-Pau-150x150.jpg",150,150,true],"medium":["https:\/\/www.lugaris.com\/app\/uploads\/2020\/05\/5-Sant-Pau-300x196.jpg",300,196,true],"medium_large":["https:\/\/www.lugaris.com\/app\/uploads\/2020\/05\/5-Sant-Pau.jpg",640,419,false],"large":["https:\/\/www.lugaris.com\/app\/uploads\/2020\/05\/5-Sant-Pau.jpg",640,419,false],"1536x1536":["https:\/\/www.lugaris.com\/app\/uploads\/2020\/05\/5-Sant-Pau.jpg",640,419,false],"2048x2048":["https:\/\/www.lugaris.com\/app\/uploads\/2020\/05\/5-Sant-Pau.jpg",640,419,false]},"uagb_author_info":{"display_name":"Carol","author_link":"https:\/\/www.lugaris.com\/de\/author\/cvb2-performance-es\/"},"uagb_comment_info":2,"uagb_excerpt":"Spanien ist auf Platz drei der L\u00e4nder der ganzen Welt mit den meisten Kultur- und Natursch\u00e4tzen, die auf der Weltkulturerbe-Liste der UNESCO stehen","_links":{"self":[{"href":"https:\/\/www.lugaris.com\/de\/wp-json\/wp\/v2\/posts\/4874"}],"collection":[{"href":"https:\/\/www.lugaris.com\/de\/wp-json\/wp\/v2\/posts"}],"about":[{"href":"https:\/\/www.lugaris.com\/de\/wp-json\/wp\/v2\/types\/post"}],"author":[{"embeddable":true,"href":"https:\/\/www.lugaris.com\/de\/wp-json\/wp\/v2\/users\/7"}],"replies":[{"embeddable":true,"href":"https:\/\/www.lugaris.com\/de\/wp-json\/wp\/v2\/comments?post=4874"}],"version-history":[{"count":2,"href":"https:\/\/www.lugaris.com\/de\/wp-json\/wp\/v2\/posts\/4874\/revisions"}],"predecessor-version":[{"id":7838,"href":"https:\/\/www.lugaris.com\/de\/wp-json\/wp\/v2\/posts\/4874\/revisions\/7838"}],"wp:featuredmedia":[{"embeddable":true,"href":"https:\/\/www.lugaris.com\/de\/wp-json\/wp\/v2\/media\/6484"}],"wp:attachment":[{"href":"https:\/\/www.lugaris.com\/de\/wp-json\/wp\/v2\/media?parent=4874"}],"wp:term":[{"taxonomy":"category","embeddable":true,"href":"https:\/\/www.lugaris.com\/de\/wp-json\/wp\/v2\/categories?post=4874"},{"taxonomy":"post_tag","embeddable":true,"href":"https:\/\/www.lugaris.com\/de\/wp-json\/wp\/v2\/tags?post=4874"}],"curies":[{"name":"wp","href":"https:\/\/api.w.org\/{rel}","templated":true}]}}