{"id":4928,"date":"2020-05-27T11:33:41","date_gmt":"2020-05-27T11:33:41","guid":{"rendered":"https:\/\/www.lugaris.com\/?p=4928"},"modified":"2024-03-20T10:05:57","modified_gmt":"2024-03-20T10:05:57","slug":"alle-kunstwerke-von-gaudi-in-barcelona","status":"publish","type":"post","link":"https:\/\/www.lugaris.com\/de\/alle-kunstwerke-von-gaudi-in-barcelona\/","title":{"rendered":"ALLE KUNSTWERKE VON GAUD\u00cd IN BARCELONA"},"content":{"rendered":"\n<p class=\"\">Zu den gr\u00f6\u00dften Blickf\u00e4ngen der Stadt Barcelona geh\u00f6rt ohne Zweifel einer der ber\u00fchmtesten Architekten der Welt: Antoni Gaud\u00ed. 1852 in der katalanischen Stadt Reus geboren und einer der fruchtbarsten K\u00fcnstler der modernistischen Architekturbewegung.<\/p>\n\n\n\n<p class=\"\">Obwohl man die typischsten der&nbsp;<strong>Kunstwerke von Gaud\u00ed in Barcelona<\/strong>, wie die Sagrada Familia oder den Park G\u00fcell wahrscheinlich kennt, gibt es doch noch viele weitere Geb\u00e4ude und Sehensw\u00fcrdigkeiten, die dieses Genie der Stadt Barcelona vererbt hat. Entdecken Sie mit uns die Werke&nbsp;<strong>Gaud\u00eds<\/strong>&nbsp;und ein paar Anregungen f\u00fcr Besuche.<\/p>\n\n\n\n<h2 class=\"wp-block-heading\">CASA MIL\u00c0 (LA PEDRERA) IN BARCELONA<\/h2>\n\n\n\n<p class=\"\">Auch bekannt unter dem Namen La Pedrera (La Cantera) ist dieses Bauwerk eines seiner bekanntesten und umstrittensten des Architekten. Antoni Gaud\u00ed positionierte es 1906 als sein letztes designtes Konstrukt im ber\u00fchmten Goldviertel des Paseo de Gracia. Die wundersch\u00f6ne Dachterrasse, flankiert von Schornsteinen und parabolischen B\u00f6gen, lockt viele Besucher. Wenn Sie geplant haben, im Sommer nach Barcelona zu fahren, dann sollten Sie wissen, dass die Fundaci\u00f3 La Pedrera auf der Dachterrasse im Freien Konzerte organisiert. Informieren Sie sich \u00fcber die genauen Daten, wenn Sie dieses Monument auf eine andere Art erleben m\u00f6chten.<\/p>\n\n\n\n<p class=\"\">Die Metro-Linien 2, 3 und 4 bringen Sie von&nbsp;<strong>Lugaris&nbsp;<a href=\"\/de\/\">Ferienwohnungen<\/a>&nbsp;bis zur Station&nbsp;<em>Passeig de Gr\u00e0cia<\/em>&nbsp;und somit zur&nbsp;<em>Pedrera<\/em><\/strong>, die sich genau gegen\u00fcber befindet. Au\u00dferdem ist es ratsam, sich die Eintrittskarte schon vorher zu besorgen um nicht in der Schlange warten zu m\u00fcssen.<\/p>\n\n\n\n<figure class=\"wp-block-image size-large\"><img fetchpriority=\"high\" decoding=\"async\" width=\"1000\" height=\"600\" src=\"https:\/\/www.lugaris.com\/app\/uploads\/2020\/06\/spain-pedrera.jpg\" alt=\"\" class=\"wp-image-5957\" srcset=\"https:\/\/www.lugaris.com\/app\/uploads\/2020\/06\/spain-pedrera.jpg 1000w, https:\/\/www.lugaris.com\/app\/uploads\/2020\/06\/spain-pedrera-300x180.jpg 300w, https:\/\/www.lugaris.com\/app\/uploads\/2020\/06\/spain-pedrera-768x461.jpg 768w\" sizes=\"(max-width: 1000px) 100vw, 1000px\" \/><\/figure>\n\n\n\n<h2 class=\"wp-block-heading\">CASA BATLL\u00d3<\/h2>\n\n\n\n<p class=\"\">Viele Leute sind der Meinung, dass dies das sch\u00f6nste&nbsp;<strong>Kunstwerk von Gaud\u00ed in Barcelona<\/strong>&nbsp;ist, und somit obligatorisch auf der Reise durch seine verschiedenen Monumente. Obwohl dieses Geb\u00e4ude, zwischen 1904 und 1907 gebaut, wesentlich dezenter ist als La Pedrera, z\u00e4hlt es zu den Sch\u00e4tzen im Paseo de Gracia. Man findet in diesem Bauwerk unz\u00e4hlige Verbindungen zur Natur: Von den Fenstern in Form von Flederm\u00e4usen, \u00fcber eine Freitreppe, die an eine Wirbels\u00e4ule erinnert, bis hin zum oberen Teil der Fassade, die wie Drachenschuppen scheinen. Abgesehen von seiner bunten Fassade, ist das Innere dieses Geb\u00e4udes ebenso empfehlenswert anzusehen, da es sehr gut erhalten ist. Sollten Sie sich diesen Tipp zu Herzen nehmen, werden Sie die Chance haben, den Geist Gaud\u00eds in seiner ganzen Pracht kennenzulernen.<\/p>\n\n\n\n<p class=\"\">Das Casa Battl\u00f3 befindet sich in der N\u00e4he der Pedrera und ist somit erreichbar mit der Metro-Linie 3 (bis Haltestelle Diagonal). Es ist jeden Tag im Jahr von 9.00 bis 21.00 Uhr ge\u00f6ffnet.<\/p>\n\n\n\n<figure class=\"wp-block-image size-large\"><img decoding=\"async\" width=\"1000\" height=\"600\" src=\"https:\/\/www.lugaris.com\/app\/uploads\/2020\/06\/casa-batllo-1710590_1920.jpg\" alt=\"\" class=\"wp-image-5985\" srcset=\"https:\/\/www.lugaris.com\/app\/uploads\/2020\/06\/casa-batllo-1710590_1920.jpg 1000w, https:\/\/www.lugaris.com\/app\/uploads\/2020\/06\/casa-batllo-1710590_1920-300x180.jpg 300w, https:\/\/www.lugaris.com\/app\/uploads\/2020\/06\/casa-batllo-1710590_1920-768x461.jpg 768w\" sizes=\"(max-width: 1000px) 100vw, 1000px\" \/><\/figure>\n\n\n\n<h2 class=\"wp-block-heading\">LA SAGRADA FAMILIA&nbsp;<\/h2>\n\n\n\n<p class=\"\">Ohne Zweifel ist dies das bekannteste Bauwerk weltweit des Architekten Gaud\u00ed. Dieser imposante S\u00fchnetempel, dessen Bau bis heute nicht beendet wurde, ist eins der meistbesuchten Sehensw\u00fcrdigkeiten der Stadt Barcelona und offensichtlich eins der spektakul\u00e4rsten. Es ist nicht nur beeindruckend, die Details der \u00fcberw\u00e4ltigenden Au\u00dfenfassade zu betrachten, sondern l\u00e4sst einen das Innere ebenso staunen. Seine gro\u00dfen und endlosen S\u00e4ulen bef\u00f6rdern Sie in einen Wald, der durch seine perfekten und detaillierten Fenster ideal erleuchtet wird. Beim Besuch in der Krypta lernt man die Tiefen Gaud\u00eds Bauwerks kennen, wobei einen das dortige Museum unterst\u00fctzt. Zudem kann man auch die S\u00e4ulen hinauf, die das Geb\u00e4ude kr\u00f6nen. Seine engen Wendeltreppen f\u00fchren einen zu einem Ort mit einer Aussicht auf die Stadt, die einem den Atem verschl\u00e4gt.<\/p>\n\n\n\n<p class=\"\">Die Metro-Linie 5 mit der Haltestelle Sagrada Familia bringt Sie zu Ihrem Ziel. Es ist empfehlenswert, sich die Audiof\u00fchrung auszuleihen, da man so die Symbolik erkl\u00e4rt bekommt, die dieses Meisterwerk der Architektur versteckt. Der Besuch bei der Sagrada Familia wir Ihren&nbsp;<a href=\"\/de\/urlaub-barcelona-verbringen\/\">Urlaub in Barcelona<\/a>&nbsp;unvergesslich machen.<\/p>\n\n\n\n<figure class=\"wp-block-image size-large\"><img decoding=\"async\" width=\"1000\" height=\"600\" src=\"https:\/\/www.lugaris.com\/app\/uploads\/2020\/06\/sagrada-int.jpg\" alt=\"\" class=\"wp-image-5992\" srcset=\"https:\/\/www.lugaris.com\/app\/uploads\/2020\/06\/sagrada-int.jpg 1000w, https:\/\/www.lugaris.com\/app\/uploads\/2020\/06\/sagrada-int-300x180.jpg 300w, https:\/\/www.lugaris.com\/app\/uploads\/2020\/06\/sagrada-int-768x461.jpg 768w\" sizes=\"(max-width: 1000px) 100vw, 1000px\" \/><\/figure>\n\n\n\n<h2 class=\"wp-block-heading\">PARK G\u00dcELL<\/h2>\n\n\n\n<p class=\"\">Auf der Anh\u00f6he Carmen thront der bekannteste Park der Stadt, der au\u00dferdem eins der magischsten Werke des modernistischen Architekten ist. Eigentlich war der Park als eine Privatsiedlung f\u00fcr wohlhabende Leute aus Barcelona gedacht. Letztendlich wurde er jedoch 1926 als \u00f6ffentlicher Park eingeweiht, nachdem die anf\u00e4ngliche Idee aus verschiedenen Gr\u00fcnden scheiterte. Obwohl kaum H\u00e4user gebaut wurden, darunter Gaud\u00eds eigenes Wohnhaus, findet man monumentale und bildhauerische Elemente, die Gaud\u00ed im Park platziert hat. Diese Elemente haben aus diesem Ort einen der meistfotografierten gemacht: Die wundersch\u00f6ne Fuente de la Salamandra inmitten der Au\u00dfentreppen und die Mosaikb\u00e4nke des Aussichtspunktes, welche l\u00e4ngst zum Symbol Barcelonas geworden sind.<\/p>\n\n\n\n<p class=\"\">Obwohl der Eintritt des Parkkerns nicht gratis ist, kann man den \u00e4u\u00dferen Bereich jedoch umsonst besuchen. Die Metrolinie 3 bringt Sie dorthin (bis Haltestelle Lesseps oder Vallcarca), von wo aus man jedoch noch ca. 20 Minuten zu Fu\u00df einkalkulieren sollte. Eine Alternative ist der Bus Nummer 24, der vom Plaza Catalunya bis zum Parkeingang f\u00e4hrt.<\/p>\n\n\n\n<figure class=\"wp-block-image size-large\"><img loading=\"lazy\" decoding=\"async\" width=\"1000\" height=\"600\" src=\"https:\/\/www.lugaris.com\/app\/uploads\/2020\/06\/gaudi-1160379_1920.jpg\" alt=\"\" class=\"wp-image-5978\" srcset=\"https:\/\/www.lugaris.com\/app\/uploads\/2020\/06\/gaudi-1160379_1920.jpg 1000w, https:\/\/www.lugaris.com\/app\/uploads\/2020\/06\/gaudi-1160379_1920-300x180.jpg 300w, https:\/\/www.lugaris.com\/app\/uploads\/2020\/06\/gaudi-1160379_1920-768x461.jpg 768w\" sizes=\"(max-width: 1000px) 100vw, 1000px\" \/><\/figure>\n\n\n\n<h2 class=\"wp-block-heading\">TORRE BELLESGUARD ODER CASA FIGUERAS<\/h2>\n\n\n\n<p class=\"\">Dieses Werk von Gaud\u00ed wurde als Kulturgut ernannt und ist am Fu\u00dfe vom Collserola zu finden. Es ist eine eher unbekannte Arbeit Gaud\u00eds, welche seiner gotischen Zeit zugeschrieben wird und erst seit 2013 \u00f6ffentlich zu besuchen ist. Die Dachkammer verfolgt eine katalanische Stillinie, wobei deutlich die bunten Fenster hervorstechen.<\/p>\n\n\n\n<p class=\"\">Wenn Sie den Torre Bellesguard besichtigen m\u00f6chten, sollten Sie die Linie 7 der Ferrocarriles Catalanes (FGC) am Plaza Catalunya nehmen und in der Avinguda Tibidabo aussteigen. Dort nehmen Sie dann den Bus Nr. 123 oder 197. Es gibt auch die Optionen einer Audiof\u00fchrung oder einer wirklichen Besucherf\u00fchrung. Die \u00d6ffnungszeiten sind dienstags bis sonntags von 10.00 bis 15.00 Uhr.<\/p>\n\n\n\n<figure class=\"wp-block-image size-large\"><img loading=\"lazy\" decoding=\"async\" width=\"1024\" height=\"680\" src=\"https:\/\/www.lugaris.com\/app\/uploads\/2020\/06\/torrebellesguard.jpg\" alt=\"\" class=\"wp-image-5950\" srcset=\"https:\/\/www.lugaris.com\/app\/uploads\/2020\/06\/torrebellesguard.jpg 1024w, https:\/\/www.lugaris.com\/app\/uploads\/2020\/06\/torrebellesguard-300x199.jpg 300w, https:\/\/www.lugaris.com\/app\/uploads\/2020\/06\/torrebellesguard-768x510.jpg 768w\" sizes=\"(max-width: 1024px) 100vw, 1024px\" \/><\/figure>\n\n\n\n<h2 class=\"wp-block-heading\">CASA VICENS<\/h2>\n\n\n\n<p class=\"\">Dieses Sommerhaus war im Jahre 1883 der erste gro\u00dfe Auftrag vom jungen Antoni Gaud\u00ed, welches sich im Stadtviertel Gracia befindet. Diese Konstruktion verbindet alle wichtigen Elemente des modernistischen Stils und \u00fcbermittelt uns einen Hauch Neomudejar. \u00dcber 130 Jahre sp\u00e4ter erst konnte die \u00d6ffentlichkeit dieses Bauwerk besuchen, um zu sehen, wie die Anf\u00e4nge den Architekten bei sp\u00e4teren Werken beeinflussten.<\/p>\n\n\n\n<p class=\"\">Die Metrolinie 3 f\u00e4hrt bis zur Haltestelle Fontana oder Lesseps, wo Ihr Ziel etwa 300m entfernt in der Calle de les Carolines zu finden ist, ge\u00f6ffnet montags bis sonntags von 10.00 bis 20.00 Uhr.<\/p>\n\n\n\n<figure class=\"wp-block-image size-large\"><img loading=\"lazy\" decoding=\"async\" width=\"1000\" height=\"600\" src=\"https:\/\/www.lugaris.com\/app\/uploads\/2020\/06\/casavicens.jpg\" alt=\"\" class=\"wp-image-5971\" srcset=\"https:\/\/www.lugaris.com\/app\/uploads\/2020\/06\/casavicens.jpg 1000w, https:\/\/www.lugaris.com\/app\/uploads\/2020\/06\/casavicens-300x180.jpg 300w, https:\/\/www.lugaris.com\/app\/uploads\/2020\/06\/casavicens-768x461.jpg 768w\" sizes=\"(max-width: 1000px) 100vw, 1000px\" \/><\/figure>\n\n\n\n<h2 class=\"wp-block-heading\">PALAU G\u00dcELL&nbsp;<\/h2>\n\n\n\n<p class=\"\">Ein weiteres Meisterwerk Gaud\u00eds in Barcelona ist diese Sch\u00f6nheit aus Schmiedeeisen, welches sich mitten im Stadtviertel Raval befindet. Der Unternehmer Eusebi G\u00fcell hat diesen Auftrag veranlasst und wollte, dass der katalanische Architekt seinen Hauptwohnsitz in der N\u00e4he seines Familienwohnsitzes baut. Auch erkennt man arabische Einfl\u00fcsse des Architekten. Man kann es besonders an den pr\u00e4chtigen Dachschornsteine erkennen, die Gaud\u00ed wie Skulpturen konzipiert hat.<\/p>\n\n\n\n<p class=\"\">Besuchen kann man dieses Kunstwerk im Sommer zwischen 10.00 und 20.00 Uhr und im Winter zwischen 10.00 und 16.30 Uhr. Mit der gr\u00fcnen Metrolinie (L3) gelangt man ganz einfach dorthin (bis Haltestelle Liceu).<\/p>\n\n\n\n<figure class=\"wp-block-image size-large\"><img loading=\"lazy\" decoding=\"async\" width=\"1024\" height=\"681\" src=\"https:\/\/www.lugaris.com\/app\/uploads\/2020\/06\/palau_guell.jpg\" alt=\"\" class=\"wp-image-5930\" srcset=\"https:\/\/www.lugaris.com\/app\/uploads\/2020\/06\/palau_guell.jpg 1024w, https:\/\/www.lugaris.com\/app\/uploads\/2020\/06\/palau_guell-300x200.jpg 300w, https:\/\/www.lugaris.com\/app\/uploads\/2020\/06\/palau_guell-768x511.jpg 768w\" sizes=\"(max-width: 1024px) 100vw, 1024px\" \/><\/figure>\n\n\n\n<h2 class=\"wp-block-heading\">COLEGIO DE LAS TERESIANAS<\/h2>\n\n\n\n<p class=\"\">Dieses alte Kloster wurde 1890 von Antoni Gaud\u00ed erbaut und zudem als Kloster f\u00fcr die Congregaci\u00f3n de Religiosas Teresianas konstruiert. Inspiriert von der katalanischen Gotik, hielt sich der Architekt schlicht bei der Konstruktion. So spiegelt er das Gel\u00fcbde der Armut der Kongregation wider. Deshalb besteht dieser Bau haupts\u00e4chlich aus Ziegeln. Trotzdem kann man einige typische Merkmale in den G\u00e4ngen wiederfinden, wie zum Beispiel die parabolischen B\u00f6gen oder seinen Giebel in Form eines Kreuzes.<\/p>\n\n\n\n<p class=\"\">Aktuell ist dieser Komplex eine Privatschule, weshalb das Innere nicht zum \u00f6ffentlichen Besuch zur Verf\u00fcgung steht. M\u00f6chte man sich jedoch die Au\u00dfenfassaden betrachten, kommt man mit der Linie 6 (FGC) von Plaza Catalunya bis La Bonanova dorthin, oder mit den Buslinien 14, 58, 64 und 70.<\/p>\n\n\n\n<h2 class=\"wp-block-heading\">CASA CALVET<\/h2>\n\n\n\n<p class=\"\">Eins der meistunbeachteten und schlichtesten&nbsp;<strong>Kunstwerke Gaud\u00eds in Barcelona<\/strong>&nbsp;ist das Casa Calvet. Obwohl es schon zu seiner naturalistischen Zeit z\u00e4hlt, ist es zugleich sehr n\u00fcchtern und ausgeglichen.<\/p>\n\n\n\n<p class=\"\">Heutzutage findet man dort ein Lokal und Privatresidenzen, den Innenraum kann man nicht besichtigen. M\u00f6chte man jedoch die versteckten Elemente entdecken, die die Fassade schm\u00fccken, sollte man die Metrolinie L1 von der Calle de Casp 48 bis zur Station Urquinaona nehmen.<\/p>\n\n\n\n<h2 class=\"wp-block-heading\">FAROLAS DE LA PLAZA REIAL<\/h2>\n\n\n\n<p class=\"\">Die wichtigsten Geb\u00e4ude Gaud\u00eds wurden erw\u00e4hnt, wobei wir nun zu weiteren seiner Kunstwerke in Barcelona \u00fcbergehen. Die Laternen waren einer seiner ersten Auftr\u00e4ge seitens des Rathauses. Sie bestehen aus Schmiedeeisen und haben sechs Arme. Obwohl Gaud\u00ed auch dreiarmige Modelle entwarf, befinden sich diese vor dem Geb\u00e4ude der Zivilregierung.<\/p>\n\n\n\n<h2 class=\"wp-block-heading\">PABELLONES DE LA FINCA G\u00dcELL<\/h2>\n\n\n\n<p class=\"\">Gaud\u00eds Meister Joan Martorell i Montells bekam den Auftrag, f\u00fcr die Familie G\u00fcell eine Finca zu bauen. Er selbst beauftragte den Architekten mit der Konstruktion der zwei Hallen und dem Eingangsbereich des Grundst\u00fccks. Ein Zaun aus Schmiedeeisen macht auf sich aufmerksam, an dem ein majest\u00e4tischer Schutzdrache \u00fcber dem Eingang wacht.<\/p>\n\n\n\n<p class=\"\">Die Hallen kann man von Pedralbes (Metrolinie L3 bis zur Station Palau Reial) sehen. Rundf\u00fchrungen (samstags- und sonntagsmorgens) durch das Innere der Geb\u00e4ude muss man telefonisch reservieren.<\/p>\n\n\n\n<h2 class=\"wp-block-heading\">DER HERKULES-BRUNNEN (PALAU DE PEDRALBES)<\/h2>\n\n\n\n<p class=\"\">Wo die Familie G\u00fcell damals ihr Anwesen hatte, dort steht auch die Herkules-Quelle. Sie ist heute das Zentrum der G\u00e4rten des Palacio Real de Pedralbes. Es handelt sich um ein relativ kleines Werk, welches jedoch schon den Charakter des K\u00fcnstlers reflektiert. Wie auch zu den Hallen, kommt man zu diesem Brunnen mit der Metro L3 bis zur Station Palau Reial. Die k\u00f6niglichen G\u00e4rten kann man im Winter zwischen 10.00 und 19.00 Uhr besuchen und im Sommer von 10.00 bis 21.00 Uhr. Ausgeschlossen sind die Tage, an denen auf dem Gel\u00e4nde institutionale Festakte stattfinden.<\/p>\n\n\n\n<figure class=\"wp-block-image size-large\"><img loading=\"lazy\" decoding=\"async\" width=\"1000\" height=\"600\" src=\"https:\/\/www.lugaris.com\/app\/uploads\/2020\/06\/fontdhercules_gaudi.jpg\" alt=\"\" class=\"wp-image-5964\" srcset=\"https:\/\/www.lugaris.com\/app\/uploads\/2020\/06\/fontdhercules_gaudi.jpg 1000w, https:\/\/www.lugaris.com\/app\/uploads\/2020\/06\/fontdhercules_gaudi-300x180.jpg 300w, https:\/\/www.lugaris.com\/app\/uploads\/2020\/06\/fontdhercules_gaudi-768x461.jpg 768w\" sizes=\"(max-width: 1000px) 100vw, 1000px\" \/><\/figure>\n\n\n\n<h2 class=\"wp-block-heading\">PORTAL MIRALLES<\/h2>\n\n\n\n<p class=\"\">Dieses Zugangstor wurde von Gaud\u00ed kurze Zeit nach Fertigstellung des Casa Calvet errichtet. Ein Unternehmer, der schon oft mit dem K\u00fcnstler zusammengearbeitet hatte, bat ihn, sein Haus zu konstruieren. Doch abgesehen von dem welligen und mit Mosaiksteinen verziertem Eingangstor, ging sein Beitrag zu dieser Arbeit schlie\u00dflich nicht \u00fcber den besagten Eingang hinaus.<\/p>\n\n\n\n<p class=\"\">Dieses Werk befindet sich im&nbsp;<em>Paseo Manuel Girona 55<\/em>&nbsp;(Metrolinie L3 bis zur Haltestelle&nbsp;<em>Maria Cristina<\/em>).<\/p>\n\n\n\n<h2 class=\"wp-block-heading\">MOSAIK DER KIRCHE SANT PACI\u00c0<\/h2>\n\n\n\n<p class=\"\">Viele wissen nicht, dass sich eins der ersten Arbeiten Gaud\u00eds in dieser Kirche im Bezirk&nbsp;<em>Sant Andreu<\/em>&nbsp;befindet. Es handelt sich um ein Mosaik im neoklassischen Stil. Es hebt sich deutlich von seinen bisherigen Werken ab und wurde zusammen mit anderen Elementen f\u00fcr diese Kirche designed. Leider existiert heute nur noch dieses Mosaik, da der Rest der besagten Elemente des damaligen Studenten Gaud\u00ed in der tragischen Woche von 1909 (Semana Tr\u00e1gica de 1909) verloren ging.<\/p>\n\n\n\n<p class=\"\">Die Gemeinde befindet sich in der Carrer de les Monges 27, wohin man mit der Metrolinie L1 gelangt (bis zur Haltestelle Fabra i Puig).<a href=\"https:\/\/www.lugaris.com\/?utm_source=blog_es&amp;utm_medium=banner&amp;utm_campaign=300x250_obras_Gaud%C3%AD\" target=\"_blank\" rel=\"noreferrer noopener\"><\/a><\/p>\n\n\n\n<h2 class=\"wp-block-heading\">ANDERE KUNSTWERKE GAUD\u00cdS IN DER N\u00c4HE VON BARCELONA<\/h2>\n\n\n\n<p class=\"\">Weitere&nbsp;<strong>Kunstwerke Gaud\u00eds<\/strong>&nbsp;in Katalonien sind die G\u00fcell-Krypta in Santa Coloma de Cervell\u00f3, welche als UNESCO-Weltkulturerbe gilt, die Fabrik Obrera Mataronense in Matar\u00f3 und die Bodegas G\u00fcell in Sitges.<\/p>\n\n\n\n<p class=\"\">Hat Ihnen unser Beitrag gefallen? Lesen Sie andere Beitr\u00e4ge \u00fcber das<a href=\"\/de\/typische-spanische-gerichte-die-du-in-barcelona-unbedingt-probieren-solltest\/\">&nbsp;typisch Spanische Essen in Barcelona<\/a>, die sch\u00f6nsten&nbsp;<a href=\"https:\/\/www.lugaris.com\/de\/theater-in-barcelona\/\">Theater in Barcelona<\/a>&nbsp;oder \u00fcber die&nbsp;<a href=\"\/de\/die-besten-tapas-bars-in-barcelona\/\">angesagtesten Tapas Bars in Barcelona<\/a>! Buchen Sie ein&nbsp;<a href=\"https:\/\/www.lugaris.com\/de\/lugaris-beach\/\">Apartment in Barcelona<\/a>&nbsp;und genie\u00dfen Sie diese Stadt schon jetzt!<\/p>\n\n\n\n<figure class=\"wp-block-embed is-type-video is-provider-youtube wp-block-embed-youtube wp-embed-aspect-16-9 wp-has-aspect-ratio\"><div class=\"wp-block-embed__wrapper\">\n<iframe title=\"Lugaris Views\" width=\"500\" height=\"281\" src=\"https:\/\/www.youtube.com\/embed\/8_vVGgxREZk?feature=oembed\" frameborder=\"0\" allow=\"accelerometer; autoplay; encrypted-media; gyroscope; picture-in-picture\" allowfullscreen><\/iframe>\n<\/div><\/figure>\n\n\n<section class=\"blocks__extra-info \" id=\"mehr-interessantes\">\n    <h3>Mehr Interessantes<\/h3>\n\n    <div class=\"blocks__extra-info__list\">\n                    <div class=\"blocks__extra-info__item\" id=\"mehr-interessantes-ferienwohnungen-am-strand-von-barcelona\">\n            <article class=\"blocks__extra-info__item__container\">\n            <img decoding=\"async\" src=\"https:\/\/www.lugaris.com\/app\/uploads\/2020\/08\/DSC4180_R.jpg.jpg\" class=\"blocks__extra-info__item__thumbnail\"><\/img>\n            <div  class=\"blocks__extra-info__item__content\">\n                <header>\n                    <h4 class=\"blocks__extra-info__item__title\">\n                        FERIENWOHNUNGEN AM STRAND VON BARCELONA\n                    <\/h4>\n                <\/header>\n                <section>\n                    <p class=\"blocks__extra-info__item__excerpt\">\n                        \n<p class=\"has-background has-gray-background-color\">Seit 2010 bietet Lugaris Apartaments <a href=\"https:\/\/www.lugaris.com\/de\/apartments-in-barcelona\/\">die besten Ferienwohnungen in Barcelona<\/a> f\u00fcr\u00a0 perfekte Urlaubstage mit der Familie, mit Freunden oder f\u00fcr Paare.<\/p>\n\n\n\n<p class=\"has-background has-gray-background-color\">Sie haben die Wahl. Herrliche <a href=\"https:\/\/www.lugaris.com\/de\/lugaris-beach\/\">Appartments ganz in der N\u00e4he des Strandes von Barcelona<\/a>, am Lugaris Beach mit Panoramablick auf das Mittelmeer, zwei Swimmingpools (einer f\u00fcr Erwachsene und ein sicherer Pool f\u00fcr Kinder) mit Platz f\u00fcr bis zu sechs Personen <a href=\"https:\/\/www.lugaris.com\/de\/lugaris-rambla\/\">oder Lugaris Rambla Appartments<\/a> direkt an der Rambla de Poblenou, nur 300 m vom Bogatell-Strand entfernt. Diese Appartments sind mit einem Balkon\/Terrasse bis zu 22 m2 ausgestattet und sind ideal f\u00fcr Paare oder Familien und Gruppen von bis zu f\u00fcnf Personen.<\/p>\n\n\n\n<p class=\"has-background has-gray-background-color\">Alle unsere Luxuswohnungen in Barcelona sind klimatisiert und mit allen Haushaltsger\u00e4ten, M\u00f6beln und Bettw\u00e4sche versehen, die Sie w\u00e4hrend Ihres Aufenthalts ben\u00f6tigen. Sie verf\u00fcgen au\u00dferdem \u00fcber Satellitenfernsehen und kostenlosen High-Speed-Wi-Fi-Anschluss, sowie einen Safe und einen privaten 24-Stunden-Sicherheitsdienst.<\/p>\n\n\n\n<p class=\"has-background has-gray-background-color\"><br>Dar\u00fcber hinaus k\u00f6nnen Sie bei Ihrer Buchung viele <a href=\"https:\/\/www.lugaris.com\/de\/service\/\">weitere Zusatzleistungen<\/a> reservieren: internationale Presse in Ihrer Wohnung, Parkplatz, Transferservice zum und vom Flughafen Barcelona, Fahrradverleih, Einkaufen im Supermarkt, Eintrittskarten f\u00fcr Museen, Sportveranstaltungen und Shows, Babysitter-Service und vieles mehr.<\/p>\n\n\n\n<p class=\"has-background has-gray-background-color\">F\u00fcr weitere Informationen steht Ihnen der <a href=\"https:\/\/www.lugaris.com\/de\/kontakt\/\">Kundenservice von Lugaris Apartments<\/a> gerne zur Verf\u00fcgung.<\/p>\n\n\n\n<p class=\"\"><\/p>\n\n                    <\/p>\n                    \n                                    <\/section>\n            <\/div>\n        <\/article>\n    <\/div>\n                        <\/div>\n\n        <div class=\"blocks__extra-info__content__container\">\n                                <\/div>\n\n    <span class=\"blocks__extra-info__list__button__left prev\"><\/span>\n    <span class=\"blocks__extra-info__list__button__right next\"><\/span>\n    <\/section>\n","protected":false},"excerpt":{"rendered":"<p>Zu den gr\u00f6\u00dften Blickf\u00e4ngen der Stadt Barcelona geh\u00f6rt ohne Zweifel einer der ber\u00fchmtesten Architekten der Welt<\/p>\n","protected":false},"author":7,"featured_media":5978,"comment_status":"open","ping_status":"open","sticky":false,"template":"","format":"standard","meta":{"_uag_custom_page_level_css":"","footnotes":""},"categories":[117,116],"tags":[154,153,149,148],"yoast_head":"<!-- This site is optimized with the Yoast SEO plugin v23.1 - https:\/\/yoast.com\/wordpress\/plugins\/seo\/ -->\n<title>ALLE KUNSTWERKE VON GAUD\u00cd IN BARCELONA | Lugaris<\/title>\n<meta name=\"description\" content=\"Erkunde alle Kunstwerke von Gaud\u00ed in Barcelona und entdecke die beeindruckenden architektonischen Meisterwerke des ber\u00fchmten K\u00fcnstlers! \ud83c\udfa8\ud83c\udff0\" \/>\n<meta name=\"robots\" content=\"index, follow, max-snippet:-1, max-image-preview:large, max-video-preview:-1\" \/>\n<link rel=\"canonical\" href=\"https:\/\/www.lugaris.com\/de\/alle-kunstwerke-von-gaudi-in-barcelona\/\" \/>\n<meta property=\"og:locale\" content=\"de_DE\" \/>\n<meta property=\"og:type\" content=\"article\" \/>\n<meta property=\"og:title\" content=\"ALLE KUNSTWERKE VON GAUD\u00cd IN BARCELONA | Lugaris\" \/>\n<meta property=\"og:description\" content=\"Erkunde alle Kunstwerke von Gaud\u00ed in Barcelona und entdecke die beeindruckenden architektonischen Meisterwerke des ber\u00fchmten K\u00fcnstlers! \ud83c\udfa8\ud83c\udff0\" \/>\n<meta property=\"og:url\" content=\"https:\/\/www.lugaris.com\/de\/alle-kunstwerke-von-gaudi-in-barcelona\/\" \/>\n<meta property=\"og:site_name\" content=\"Lugaris\" \/>\n<meta property=\"article:published_time\" content=\"2020-05-27T11:33:41+00:00\" \/>\n<meta property=\"article:modified_time\" content=\"2024-03-20T10:05:57+00:00\" \/>\n<meta property=\"og:image\" content=\"https:\/\/www.lugaris.com\/app\/uploads\/2020\/06\/gaudi-1160379_1920.jpg\" \/>\n\t<meta property=\"og:image:width\" content=\"1000\" \/>\n\t<meta property=\"og:image:height\" content=\"600\" \/>\n\t<meta property=\"og:image:type\" content=\"image\/jpeg\" \/>\n<meta name=\"author\" content=\"Carol\" \/>\n<meta name=\"twitter:card\" content=\"summary_large_image\" \/>\n<meta name=\"twitter:label1\" content=\"Written by\" \/>\n\t<meta name=\"twitter:data1\" content=\"Carol\" \/>\n\t<meta name=\"twitter:label2\" content=\"Est. reading time\" \/>\n\t<meta name=\"twitter:data2\" content=\"10 minutes\" \/>\n<script type=\"application\/ld+json\" class=\"yoast-schema-graph\">{\"@context\":\"https:\/\/schema.org\",\"@graph\":[{\"@type\":\"Article\",\"@id\":\"https:\/\/www.lugaris.com\/de\/alle-kunstwerke-von-gaudi-in-barcelona\/#article\",\"isPartOf\":{\"@id\":\"https:\/\/www.lugaris.com\/de\/alle-kunstwerke-von-gaudi-in-barcelona\/\"},\"author\":{\"name\":\"Carol\",\"@id\":\"https:\/\/www.lugaris.com\/de\/#\/schema\/person\/a4b4909e5e26e647f8ee92b809f52077\"},\"headline\":\"ALLE KUNSTWERKE VON GAUD\u00cd IN BARCELONA\",\"datePublished\":\"2020-05-27T11:33:41+00:00\",\"dateModified\":\"2024-03-20T10:05:57+00:00\",\"mainEntityOfPage\":{\"@id\":\"https:\/\/www.lugaris.com\/de\/alle-kunstwerke-von-gaudi-in-barcelona\/\"},\"wordCount\":1823,\"commentCount\":0,\"publisher\":{\"@id\":\"https:\/\/www.lugaris.com\/de\/#organization\"},\"image\":{\"@id\":\"https:\/\/www.lugaris.com\/de\/alle-kunstwerke-von-gaudi-in-barcelona\/#primaryimage\"},\"thumbnailUrl\":\"https:\/\/www.lugaris.com\/app\/uploads\/2020\/06\/gaudi-1160379_1920.jpg\",\"keywords\":[\"Kultur in Barcelona\",\"Geschichte von Barcelona\",\"Barcelona's Stadtteile\",\"Sehensw\u00fcrdigkeiten in Barcelona\"],\"articleSection\":[\"Freizeit in Barcelona\",\"Barcelona\"],\"inLanguage\":\"de-DE\",\"potentialAction\":[{\"@type\":\"CommentAction\",\"name\":\"Comment\",\"target\":[\"https:\/\/www.lugaris.com\/de\/alle-kunstwerke-von-gaudi-in-barcelona\/#respond\"]}]},{\"@type\":\"WebPage\",\"@id\":\"https:\/\/www.lugaris.com\/de\/alle-kunstwerke-von-gaudi-in-barcelona\/\",\"url\":\"https:\/\/www.lugaris.com\/de\/alle-kunstwerke-von-gaudi-in-barcelona\/\",\"name\":\"ALLE KUNSTWERKE VON GAUD\u00cd IN BARCELONA | Lugaris\",\"isPartOf\":{\"@id\":\"https:\/\/www.lugaris.com\/de\/#website\"},\"primaryImageOfPage\":{\"@id\":\"https:\/\/www.lugaris.com\/de\/alle-kunstwerke-von-gaudi-in-barcelona\/#primaryimage\"},\"image\":{\"@id\":\"https:\/\/www.lugaris.com\/de\/alle-kunstwerke-von-gaudi-in-barcelona\/#primaryimage\"},\"thumbnailUrl\":\"https:\/\/www.lugaris.com\/app\/uploads\/2020\/06\/gaudi-1160379_1920.jpg\",\"datePublished\":\"2020-05-27T11:33:41+00:00\",\"dateModified\":\"2024-03-20T10:05:57+00:00\",\"description\":\"Erkunde alle Kunstwerke von Gaud\u00ed in Barcelona und entdecke die beeindruckenden architektonischen Meisterwerke des ber\u00fchmten K\u00fcnstlers! \ud83c\udfa8\ud83c\udff0\",\"breadcrumb\":{\"@id\":\"https:\/\/www.lugaris.com\/de\/alle-kunstwerke-von-gaudi-in-barcelona\/#breadcrumb\"},\"inLanguage\":\"de-DE\",\"potentialAction\":[{\"@type\":\"ReadAction\",\"target\":[\"https:\/\/www.lugaris.com\/de\/alle-kunstwerke-von-gaudi-in-barcelona\/\"]}]},{\"@type\":\"ImageObject\",\"inLanguage\":\"de-DE\",\"@id\":\"https:\/\/www.lugaris.com\/de\/alle-kunstwerke-von-gaudi-in-barcelona\/#primaryimage\",\"url\":\"https:\/\/www.lugaris.com\/app\/uploads\/2020\/06\/gaudi-1160379_1920.jpg\",\"contentUrl\":\"https:\/\/www.lugaris.com\/app\/uploads\/2020\/06\/gaudi-1160379_1920.jpg\",\"width\":1000,\"height\":600},{\"@type\":\"BreadcrumbList\",\"@id\":\"https:\/\/www.lugaris.com\/de\/alle-kunstwerke-von-gaudi-in-barcelona\/#breadcrumb\",\"itemListElement\":[{\"@type\":\"ListItem\",\"position\":1,\"name\":\"Home\",\"item\":\"https:\/\/www.lugaris.com\/de\/\"},{\"@type\":\"ListItem\",\"position\":2,\"name\":\"ALLE KUNSTWERKE VON GAUD\u00cd IN BARCELONA\"}]},{\"@type\":\"WebSite\",\"@id\":\"https:\/\/www.lugaris.com\/de\/#website\",\"url\":\"https:\/\/www.lugaris.com\/de\/\",\"name\":\"Lugaris\",\"description\":\"Apartamentos de vacaciones en Barcelona\",\"publisher\":{\"@id\":\"https:\/\/www.lugaris.com\/de\/#organization\"},\"potentialAction\":[{\"@type\":\"SearchAction\",\"target\":{\"@type\":\"EntryPoint\",\"urlTemplate\":\"https:\/\/www.lugaris.com\/de\/?s={search_term_string}\"},\"query-input\":\"required name=search_term_string\"}],\"inLanguage\":\"de-DE\"},{\"@type\":\"Organization\",\"@id\":\"https:\/\/www.lugaris.com\/de\/#organization\",\"name\":\"Lugaris Apartments in Barcelona\",\"url\":\"https:\/\/www.lugaris.com\/de\/\",\"logo\":{\"@type\":\"ImageObject\",\"inLanguage\":\"de-DE\",\"@id\":\"https:\/\/www.lugaris.com\/de\/#\/schema\/logo\/image\/\",\"url\":\"https:\/\/www.lugaris.com\/app\/uploads\/2020\/03\/Logo_lugaris_v2.png\",\"contentUrl\":\"https:\/\/www.lugaris.com\/app\/uploads\/2020\/03\/Logo_lugaris_v2.png\",\"width\":285,\"height\":257,\"caption\":\"Lugaris Apartments in Barcelona\"},\"image\":{\"@id\":\"https:\/\/www.lugaris.com\/de\/#\/schema\/logo\/image\/\"}},{\"@type\":\"Person\",\"@id\":\"https:\/\/www.lugaris.com\/de\/#\/schema\/person\/a4b4909e5e26e647f8ee92b809f52077\",\"name\":\"Carol\",\"image\":{\"@type\":\"ImageObject\",\"inLanguage\":\"de-DE\",\"@id\":\"https:\/\/www.lugaris.com\/de\/#\/schema\/person\/image\/\",\"url\":\"https:\/\/www.lugaris.com\/app\/litespeed\/avatar\/838ee79dab26d1d7647e49a172bc7c36.jpg?ver=1776872839\",\"contentUrl\":\"https:\/\/www.lugaris.com\/app\/litespeed\/avatar\/838ee79dab26d1d7647e49a172bc7c36.jpg?ver=1776872839\",\"caption\":\"Carol\"}}]}<\/script>\n<!-- \/ Yoast SEO plugin. -->","yoast_head_json":{"title":"ALLE KUNSTWERKE VON GAUD\u00cd IN BARCELONA | Lugaris","description":"Erkunde alle Kunstwerke von Gaud\u00ed in Barcelona und entdecke die beeindruckenden architektonischen Meisterwerke des ber\u00fchmten K\u00fcnstlers! \ud83c\udfa8\ud83c\udff0","robots":{"index":"index","follow":"follow","max-snippet":"max-snippet:-1","max-image-preview":"max-image-preview:large","max-video-preview":"max-video-preview:-1"},"canonical":"https:\/\/www.lugaris.com\/de\/alle-kunstwerke-von-gaudi-in-barcelona\/","og_locale":"de_DE","og_type":"article","og_title":"ALLE KUNSTWERKE VON GAUD\u00cd IN BARCELONA | Lugaris","og_description":"Erkunde alle Kunstwerke von Gaud\u00ed in Barcelona und entdecke die beeindruckenden architektonischen Meisterwerke des ber\u00fchmten K\u00fcnstlers! \ud83c\udfa8\ud83c\udff0","og_url":"https:\/\/www.lugaris.com\/de\/alle-kunstwerke-von-gaudi-in-barcelona\/","og_site_name":"Lugaris","article_published_time":"2020-05-27T11:33:41+00:00","article_modified_time":"2024-03-20T10:05:57+00:00","og_image":[{"width":1000,"height":600,"url":"https:\/\/www.lugaris.com\/app\/uploads\/2020\/06\/gaudi-1160379_1920.jpg","type":"image\/jpeg"}],"author":"Carol","twitter_card":"summary_large_image","twitter_misc":{"Written by":"Carol","Est. reading time":"10 minutes"},"schema":{"@context":"https:\/\/schema.org","@graph":[{"@type":"Article","@id":"https:\/\/www.lugaris.com\/de\/alle-kunstwerke-von-gaudi-in-barcelona\/#article","isPartOf":{"@id":"https:\/\/www.lugaris.com\/de\/alle-kunstwerke-von-gaudi-in-barcelona\/"},"author":{"name":"Carol","@id":"https:\/\/www.lugaris.com\/de\/#\/schema\/person\/a4b4909e5e26e647f8ee92b809f52077"},"headline":"ALLE KUNSTWERKE VON GAUD\u00cd IN BARCELONA","datePublished":"2020-05-27T11:33:41+00:00","dateModified":"2024-03-20T10:05:57+00:00","mainEntityOfPage":{"@id":"https:\/\/www.lugaris.com\/de\/alle-kunstwerke-von-gaudi-in-barcelona\/"},"wordCount":1823,"commentCount":0,"publisher":{"@id":"https:\/\/www.lugaris.com\/de\/#organization"},"image":{"@id":"https:\/\/www.lugaris.com\/de\/alle-kunstwerke-von-gaudi-in-barcelona\/#primaryimage"},"thumbnailUrl":"https:\/\/www.lugaris.com\/app\/uploads\/2020\/06\/gaudi-1160379_1920.jpg","keywords":["Kultur in Barcelona","Geschichte von Barcelona","Barcelona's Stadtteile","Sehensw\u00fcrdigkeiten in Barcelona"],"articleSection":["Freizeit in Barcelona","Barcelona"],"inLanguage":"de-DE","potentialAction":[{"@type":"CommentAction","name":"Comment","target":["https:\/\/www.lugaris.com\/de\/alle-kunstwerke-von-gaudi-in-barcelona\/#respond"]}]},{"@type":"WebPage","@id":"https:\/\/www.lugaris.com\/de\/alle-kunstwerke-von-gaudi-in-barcelona\/","url":"https:\/\/www.lugaris.com\/de\/alle-kunstwerke-von-gaudi-in-barcelona\/","name":"ALLE KUNSTWERKE VON GAUD\u00cd IN BARCELONA | Lugaris","isPartOf":{"@id":"https:\/\/www.lugaris.com\/de\/#website"},"primaryImageOfPage":{"@id":"https:\/\/www.lugaris.com\/de\/alle-kunstwerke-von-gaudi-in-barcelona\/#primaryimage"},"image":{"@id":"https:\/\/www.lugaris.com\/de\/alle-kunstwerke-von-gaudi-in-barcelona\/#primaryimage"},"thumbnailUrl":"https:\/\/www.lugaris.com\/app\/uploads\/2020\/06\/gaudi-1160379_1920.jpg","datePublished":"2020-05-27T11:33:41+00:00","dateModified":"2024-03-20T10:05:57+00:00","description":"Erkunde alle Kunstwerke von Gaud\u00ed in Barcelona und entdecke die beeindruckenden architektonischen Meisterwerke des ber\u00fchmten K\u00fcnstlers! \ud83c\udfa8\ud83c\udff0","breadcrumb":{"@id":"https:\/\/www.lugaris.com\/de\/alle-kunstwerke-von-gaudi-in-barcelona\/#breadcrumb"},"inLanguage":"de-DE","potentialAction":[{"@type":"ReadAction","target":["https:\/\/www.lugaris.com\/de\/alle-kunstwerke-von-gaudi-in-barcelona\/"]}]},{"@type":"ImageObject","inLanguage":"de-DE","@id":"https:\/\/www.lugaris.com\/de\/alle-kunstwerke-von-gaudi-in-barcelona\/#primaryimage","url":"https:\/\/www.lugaris.com\/app\/uploads\/2020\/06\/gaudi-1160379_1920.jpg","contentUrl":"https:\/\/www.lugaris.com\/app\/uploads\/2020\/06\/gaudi-1160379_1920.jpg","width":1000,"height":600},{"@type":"BreadcrumbList","@id":"https:\/\/www.lugaris.com\/de\/alle-kunstwerke-von-gaudi-in-barcelona\/#breadcrumb","itemListElement":[{"@type":"ListItem","position":1,"name":"Home","item":"https:\/\/www.lugaris.com\/de\/"},{"@type":"ListItem","position":2,"name":"ALLE KUNSTWERKE VON GAUD\u00cd IN BARCELONA"}]},{"@type":"WebSite","@id":"https:\/\/www.lugaris.com\/de\/#website","url":"https:\/\/www.lugaris.com\/de\/","name":"Lugaris","description":"Apartamentos de vacaciones en Barcelona","publisher":{"@id":"https:\/\/www.lugaris.com\/de\/#organization"},"potentialAction":[{"@type":"SearchAction","target":{"@type":"EntryPoint","urlTemplate":"https:\/\/www.lugaris.com\/de\/?s={search_term_string}"},"query-input":"required name=search_term_string"}],"inLanguage":"de-DE"},{"@type":"Organization","@id":"https:\/\/www.lugaris.com\/de\/#organization","name":"Lugaris Apartments in Barcelona","url":"https:\/\/www.lugaris.com\/de\/","logo":{"@type":"ImageObject","inLanguage":"de-DE","@id":"https:\/\/www.lugaris.com\/de\/#\/schema\/logo\/image\/","url":"https:\/\/www.lugaris.com\/app\/uploads\/2020\/03\/Logo_lugaris_v2.png","contentUrl":"https:\/\/www.lugaris.com\/app\/uploads\/2020\/03\/Logo_lugaris_v2.png","width":285,"height":257,"caption":"Lugaris Apartments in Barcelona"},"image":{"@id":"https:\/\/www.lugaris.com\/de\/#\/schema\/logo\/image\/"}},{"@type":"Person","@id":"https:\/\/www.lugaris.com\/de\/#\/schema\/person\/a4b4909e5e26e647f8ee92b809f52077","name":"Carol","image":{"@type":"ImageObject","inLanguage":"de-DE","@id":"https:\/\/www.lugaris.com\/de\/#\/schema\/person\/image\/","url":"https:\/\/www.lugaris.com\/app\/litespeed\/avatar\/838ee79dab26d1d7647e49a172bc7c36.jpg?ver=1776872839","contentUrl":"https:\/\/www.lugaris.com\/app\/litespeed\/avatar\/838ee79dab26d1d7647e49a172bc7c36.jpg?ver=1776872839","caption":"Carol"}}]}},"uagb_featured_image_src":{"full":["https:\/\/www.lugaris.com\/app\/uploads\/2020\/06\/gaudi-1160379_1920.jpg",1000,600,false],"thumbnail":["https:\/\/www.lugaris.com\/app\/uploads\/2020\/06\/gaudi-1160379_1920-150x150.jpg",150,150,true],"medium":["https:\/\/www.lugaris.com\/app\/uploads\/2020\/06\/gaudi-1160379_1920-300x180.jpg",300,180,true],"medium_large":["https:\/\/www.lugaris.com\/app\/uploads\/2020\/06\/gaudi-1160379_1920-768x461.jpg",768,461,true],"large":["https:\/\/www.lugaris.com\/app\/uploads\/2020\/06\/gaudi-1160379_1920.jpg",1000,600,false],"1536x1536":["https:\/\/www.lugaris.com\/app\/uploads\/2020\/06\/gaudi-1160379_1920.jpg",1000,600,false],"2048x2048":["https:\/\/www.lugaris.com\/app\/uploads\/2020\/06\/gaudi-1160379_1920.jpg",1000,600,false]},"uagb_author_info":{"display_name":"Carol","author_link":"https:\/\/www.lugaris.com\/de\/author\/cvb2-performance-es\/"},"uagb_comment_info":10,"uagb_excerpt":"Zu den gr\u00f6\u00dften Blickf\u00e4ngen der Stadt Barcelona geh\u00f6rt ohne Zweifel einer der ber\u00fchmtesten Architekten der Welt","_links":{"self":[{"href":"https:\/\/www.lugaris.com\/de\/wp-json\/wp\/v2\/posts\/4928"}],"collection":[{"href":"https:\/\/www.lugaris.com\/de\/wp-json\/wp\/v2\/posts"}],"about":[{"href":"https:\/\/www.lugaris.com\/de\/wp-json\/wp\/v2\/types\/post"}],"author":[{"embeddable":true,"href":"https:\/\/www.lugaris.com\/de\/wp-json\/wp\/v2\/users\/7"}],"replies":[{"embeddable":true,"href":"https:\/\/www.lugaris.com\/de\/wp-json\/wp\/v2\/comments?post=4928"}],"version-history":[{"count":4,"href":"https:\/\/www.lugaris.com\/de\/wp-json\/wp\/v2\/posts\/4928\/revisions"}],"predecessor-version":[{"id":22820,"href":"https:\/\/www.lugaris.com\/de\/wp-json\/wp\/v2\/posts\/4928\/revisions\/22820"}],"wp:featuredmedia":[{"embeddable":true,"href":"https:\/\/www.lugaris.com\/de\/wp-json\/wp\/v2\/media\/5978"}],"wp:attachment":[{"href":"https:\/\/www.lugaris.com\/de\/wp-json\/wp\/v2\/media?parent=4928"}],"wp:term":[{"taxonomy":"category","embeddable":true,"href":"https:\/\/www.lugaris.com\/de\/wp-json\/wp\/v2\/categories?post=4928"},{"taxonomy":"post_tag","embeddable":true,"href":"https:\/\/www.lugaris.com\/de\/wp-json\/wp\/v2\/tags?post=4928"}],"curies":[{"name":"wp","href":"https:\/\/api.w.org\/{rel}","templated":true}]}}