{"id":5164,"date":"2020-05-29T09:37:51","date_gmt":"2020-05-29T09:37:51","guid":{"rendered":"https:\/\/www.lugaris.com\/?p=5164"},"modified":"2020-06-09T15:30:18","modified_gmt":"2020-06-09T15:30:18","slug":"la-sagrada-familia","status":"publish","type":"post","link":"https:\/\/www.lugaris.com\/de\/la-sagrada-familia\/","title":{"rendered":"La Sagrada Familia"},"content":{"rendered":"\n<p class=\"\">Die bedeutendste Sehensw\u00fcrdigkeit der katalanischen Hauptstadt<\/p>\n\n\n\n<p class=\"\">Die Basilika La Sagrada Familia ist das Wahrzeichen der spanischen Hauptstadt Spanien. Aufgrund des riesigen Ausma\u00dfes wird die La Sagrada gerne auch als Kathedrale bezeichnet, obwohl die La Sagrada niemals einen Bischofssitz hatte. Obwohl der Baubeginn der La Sagrada bereits 1882 im Stadtteil Eixampel begann, ist der Bau der La Sagrada immer noch nicht abgeschlossen.<\/p>\n\n\n\n<h2 class=\"wp-block-heading\">LA SAGRADA FAMILIA \u2013 DIE HISTORISCHEN DATEN<\/h2>\n\n\n\n<p class=\"\">Der Grundstein f\u00fcr die Basilika \u201cLa Sagrada Familia\u201d wurde 1882 gelegt. Ein Jahr sp\u00e4ter wurde die F\u00fchrung des Baus von dem katalanischen Architekten Antoni Gaudi \u00fcbernommen. Die F\u00fchrung sollte er bis zu seinem Tod im Jahre 1926 innehaben. Gaudi war der Architekt, der die Fassade der Sagrada Familia ma\u00dfgeblich pr\u00e4gte. Alle anderen Architekten, die nach Gaudi den Bau der Basilika betreuten, orientierten sich an seinen Pl\u00e4nen. Trotzdem ist der Einfluss anderer Baustile und Architekten sp\u00fcrbar, da f\u00fcr viele Teile der La Sagrada Familia keine Vorlagen von Gaudi vorhanden waren. So oder so, ist die La Sagrada Familia endlich fertiggestellt, wird sie alle bisher errichteten Kirchen garantiert \u00fcbertreffen.<\/p>\n\n\n\n<h2 class=\"wp-block-heading\">DIE FASSADENGESTALTUNG DER SAGRADA FAMILIA<\/h2>\n\n\n\n<p class=\"\">Pr\u00e4gend f\u00fcr die Basilika \u201cLa Sagrada Familia\u201d ist die unterschiedliche Fassadengestaltung. Jede der Fassaden spiegelt eine andere Symbolik wider.<\/p>\n\n\n\n<h3 class=\"wp-block-heading\">Die Weihnachtsfassade<\/h3>\n\n\n\n<p class=\"\">Die erste Fassade der Basilika die fertiggestellt wurde, war die Weihnachtsfassade, auch bekannt unter der Bezeichnung die Fassade der Geburt Christi. Die Fassade setzt sich aus zwei kleinen Seitentoren, einem gro\u00dfen Mitteltor und vier Glockent\u00fcrmen zusammen. Besonders die Originalit\u00e4t der T\u00fcrme sorgen f\u00fcr einen gezielten Bruch des gotischen Baustils, der sonst nur noch f\u00fcr die Gestaltung der Krypta verwendet wurde.<\/p>\n\n\n\n<p class=\"\">Die drei Vorbauen zeigen die wichtigen Szenarien des katholischen Glaubens, die Geburt Jesu, dessen Kindheit und dessen Jugend. Die Dreierfassade besteht aus einer einheitlichen Landschaft, in der verschiedene menschliche Figuren platziert wurden. Die Dreierfassade ist ein Sinnbild f\u00fcr die st\u00e4ndige Wandlung der Natur. Zwischen den drei Toren der Basilika \u201cLa Sagrada Famila\u201d stehen zwei fantasievoll ausgearbeitete S\u00e4ulen. Deren oberes Ende wird von Palmen geziert.<\/p>\n\n\n\n<p class=\"\">Die Schildkr\u00f6ten sind in dem Moment symbolisch zu sehen, da Sie ein Symbol f\u00fcr die Unver\u00e4nderlichkeit sind. Urspr\u00fcnglich stammt diese Symbolik aus der chinesischen Kultur, die gegen Ende des 19. Jahrhunderts auch in der westlichen Welt ankamen. Nahe der zwei gro\u00dfen Fassade stehen zwei Cham\u00e4leons, die den st\u00e4ndigen Wandel der Natur pr\u00e4sentieren sollen. Zudem wird die Weihnachtsfassade von einer Vielzahl aufwendig gestalteter architektonischer Elemente geziert, wie eine gro\u00dfe Anzahl Skulpturen. Die Weihnachtsfassade hat noch eine Vielzahl weiterer baulicher Besonderheiten zu bieten. Besonderheiten, \u00fcber die Sie mehr erfahren k\u00f6nnen, in dem Sie an einer deutschsprachigen F\u00fchrung teilnehmen.<\/p>\n\n\n\n<h3 class=\"wp-block-heading\">Die Fassade des Leidensweges<\/h3>\n\n\n\n<p class=\"\">Die Fassade des Leidenswegs bleibt im Ged\u00e4chtnis der Besucher der La Sagrada Familie alleine aufgrund der dramatischen Darstellung der letzten Lebenswochen Jesus Christus. Die Fassade hatte Gaudi w\u00e4hrend einer langen Krankheit Anfang des 19. Jahrhunderts entworfen. An den Figuren sieht man deutlich die Einfl\u00fcsse des Expressionismus, die Kunstrichtung, die Gaudi am liebsten hatte. Die S\u00e4ulen der Fassade haben die form von Knochen. Leider konnte Gaudi es nicht mehr erleben, dass seine Entw\u00fcrfe Wirklichkeit wurden, da er vor der Beendigung des Portals und der Fassade verstarb.<\/p>\n\n\n\n<p class=\"\">Erst 1988, genau 77 Jahre nach dem Entstehen der Entw\u00fcrfe wurde der spanische Bildhauer Joseph Maria Subirachs mit der Skulpturenfertigung beauftragt. Er arbeitete dabei mit den Entw\u00fcrfen Gaudis und brauchte drei Jahre bis sein Auftrag abgeschlossen war. Der letzte Lebensweg Christus wird in einer aus drei Bildebenen Szenerien gezeigt. Dabei wird das Letzte Abendmal genauso dargestellt wie der Tod. In die Darstellung dieser Szenerie hat Subirachs seinen eigenen Stil mit einflie\u00dfen lassen. F\u00fcr diesen K\u00fcnstler waren markante Kanten \u00fcblich. Er hat die Geschehnisse in einem umgedrehten S dargestellt.<\/p>\n\n\n\n<p class=\"\">Bei der Betrachtung der Fassade des Leidenswegs sollte man genau hinsehen, denn der K\u00fcnstler hat so manche Besonderheiten eingearbeitet, die man auf dem ersten Blick nicht sofort sieht. Dazu geh\u00f6rt zum Beispiel das magische Dreieck. Egal, wie man rechnet, es kommt immer die Quersumme 33 heraus. 33 ist das Alter das Jesus zum Zeitpunkt seiner Kreuzung hatte.<\/p>\n\n\n\n<h3 class=\"wp-block-heading\">Die Fassade der Seligkeit<\/h3>\n\n\n\n<p class=\"\">Die pr\u00e4chtigste und auch gr\u00f6\u00dfte Fassade der Sagrada Familia ist die Fassade der Seligkeit. Diese besteht aus vier T\u00fcrmen, die h\u00f6her sind als die T\u00fcrme der anderen. Aktuell wird an dieser Fassade noch gearbeitet! Gaudi hatte geplant, dass hier die letzten Ereignisse eines jeden Menschen dargestellt werden sollte, die Seligkeit, die H\u00f6lle, das j\u00fcngste Gericht und den Tod. Zudem sollten von dieser Seite des Sakralbaus sieben Eing\u00e4nge in das Innere der Kirche f\u00fchren.<\/p>\n\n\n\n<h3 class=\"wp-block-heading\">Der Innenraum der Basilika \u201cSagrada Familia\u201d<\/h3>\n\n\n\n<p class=\"\">Lange war es nicht der Fall, doch seit wenigen Jahren ist auch der Innenraum der Sagrada Familia fertig gestellt. F\u00fcr die spanische Hauptstadt war es einer der \u00fcberragenden Momente als die Bauarbeiten endlich abgeschlossen und der Innenraum nach einer Weihe endlich f\u00fcr die \u00d6ffentlichkeit zug\u00e4nglich gemacht wurde. Gaudi w\u00e4re begeistert, denn endlich konnte man seine Genialit\u00e4t nicht nur bei der Gestaltung der Au\u00dfenfassade bewundern, sondern auch beim design der Innenr\u00e4ume.<\/p>\n\n\n\n<p class=\"\">Diese erstaunliche Sehensw\u00fcrdigkeit in Barcelona und viele anderen k\u00f6nnen Sie selbst besuchen! Buchen Sie ein&nbsp;<a href=\"\/de\/lugaris-beach-fuer-2-personen-business-sea-view\/\">Apartment in Barcelona mit Meeresblick<\/a>&nbsp;und genie\u00dfen Sie Ihren Urlaub in Spanien!<\/p>\n\n\n\n<figure class=\"wp-block-gallery columns-3 is-cropped wp-block-gallery-1 is-layout-flex wp-block-gallery-is-layout-flex\"><ul class=\"blocks-gallery-grid\"><li class=\"blocks-gallery-item\"><figure><img fetchpriority=\"high\" decoding=\"async\" width=\"750\" height=\"500\" src=\"https:\/\/www.lugaris.com\/app\/uploads\/2020\/05\/panorama-427997_1280-1.jpg\" alt=\"\" data-id=\"3009\" data-link=\"https:\/\/www.lugaris.com\/la-sagrada-familia\/panorama-427997_1280-1\/\" class=\"wp-image-3009\" srcset=\"https:\/\/www.lugaris.com\/app\/uploads\/2020\/05\/panorama-427997_1280-1.jpg 750w, https:\/\/www.lugaris.com\/app\/uploads\/2020\/05\/panorama-427997_1280-1-300x200.jpg 300w\" sizes=\"(max-width: 750px) 100vw, 750px\" \/><\/figure><\/li><li class=\"blocks-gallery-item\"><figure><img decoding=\"async\" width=\"750\" height=\"563\" src=\"https:\/\/www.lugaris.com\/app\/uploads\/2020\/05\/stained-glass-window-1481639_1920.jpg\" alt=\"\" data-id=\"3021\" data-link=\"https:\/\/www.lugaris.com\/la-sagrada-familia\/stained-glass-window-1481639_1920\/\" class=\"wp-image-3021\" srcset=\"https:\/\/www.lugaris.com\/app\/uploads\/2020\/05\/stained-glass-window-1481639_1920.jpg 750w, https:\/\/www.lugaris.com\/app\/uploads\/2020\/05\/stained-glass-window-1481639_1920-300x225.jpg 300w\" sizes=\"(max-width: 750px) 100vw, 750px\" \/><\/figure><\/li><li class=\"blocks-gallery-item\"><figure><img decoding=\"async\" width=\"750\" height=\"500\" src=\"https:\/\/www.lugaris.com\/app\/uploads\/2020\/05\/duisburg-2703551_1920.jpg\" alt=\"\" data-id=\"3027\" data-link=\"https:\/\/www.lugaris.com\/la-sagrada-familia\/duisburg-2703551_1920\/\" class=\"wp-image-3027\" srcset=\"https:\/\/www.lugaris.com\/app\/uploads\/2020\/05\/duisburg-2703551_1920.jpg 750w, https:\/\/www.lugaris.com\/app\/uploads\/2020\/05\/duisburg-2703551_1920-300x200.jpg 300w\" sizes=\"(max-width: 750px) 100vw, 750px\" \/><\/figure><\/li><li class=\"blocks-gallery-item\"><figure><img loading=\"lazy\" decoding=\"async\" width=\"750\" height=\"500\" src=\"https:\/\/www.lugaris.com\/app\/uploads\/2020\/05\/barcelona-915071_1920-1.jpg\" alt=\"\" data-id=\"3033\" data-link=\"https:\/\/www.lugaris.com\/la-sagrada-familia\/barcelona-915071_1920-1\/\" class=\"wp-image-3033\" srcset=\"https:\/\/www.lugaris.com\/app\/uploads\/2020\/05\/barcelona-915071_1920-1.jpg 750w, https:\/\/www.lugaris.com\/app\/uploads\/2020\/05\/barcelona-915071_1920-1-300x200.jpg 300w\" sizes=\"(max-width: 750px) 100vw, 750px\" \/><\/figure><\/li><li class=\"blocks-gallery-item\"><figure><img loading=\"lazy\" decoding=\"async\" width=\"750\" height=\"422\" src=\"https:\/\/www.lugaris.com\/app\/uploads\/2020\/05\/barcelona-183505_1280.jpg\" alt=\"\" data-id=\"3039\" data-link=\"https:\/\/www.lugaris.com\/la-sagrada-familia\/barcelona-183505_1280\/\" class=\"wp-image-3039\" srcset=\"https:\/\/www.lugaris.com\/app\/uploads\/2020\/05\/barcelona-183505_1280.jpg 750w, https:\/\/www.lugaris.com\/app\/uploads\/2020\/05\/barcelona-183505_1280-300x169.jpg 300w\" sizes=\"(max-width: 750px) 100vw, 750px\" \/><\/figure><\/li><li class=\"blocks-gallery-item\"><figure><img loading=\"lazy\" decoding=\"async\" width=\"530\" height=\"333\" src=\"https:\/\/www.lugaris.com\/app\/uploads\/2020\/06\/3_la-sagrada-familia-1.jpg\" alt=\"\" data-id=\"7751\" data-full-url=\"https:\/\/www.lugaris.com\/app\/uploads\/2020\/06\/3_la-sagrada-familia-1.jpg\" class=\"wp-image-7751\" srcset=\"https:\/\/www.lugaris.com\/app\/uploads\/2020\/06\/3_la-sagrada-familia-1.jpg 530w, https:\/\/www.lugaris.com\/app\/uploads\/2020\/06\/3_la-sagrada-familia-1-300x188.jpg 300w\" sizes=\"(max-width: 530px) 100vw, 530px\" \/><\/figure><\/li><\/ul><\/figure>\n","protected":false},"excerpt":{"rendered":"<p>Die Basilika La Sagrada Familia ist das Wahrzeichen der spanischen Hauptstadt Spanien. Aufgrund des riesigen Ausma\u00dfes wird die La Sagrada gerne auch als Kathedrale bezeichnet, obwohl die La Sagrada niemals einen Bischofssitz hatte. Obwohl der Baubeginn der La Sagrada bereits 1882 im Stadtteil Eixampel begann, ist der Bau der La Sagrada immer noch nicht abgeschlossen.<\/p>\n","protected":false},"author":7,"featured_media":4851,"comment_status":"open","ping_status":"open","sticky":false,"template":"","format":"standard","meta":{"_uag_custom_page_level_css":"","footnotes":""},"categories":[117,116],"tags":[154,153,149,148],"yoast_head":"<!-- This site is optimized with the Yoast SEO plugin v23.1 - https:\/\/yoast.com\/wordpress\/plugins\/seo\/ -->\n<title>La Sagrada Familia | Lugaris<\/title>\n<meta name=\"robots\" content=\"index, follow, max-snippet:-1, max-image-preview:large, max-video-preview:-1\" \/>\n<link rel=\"canonical\" href=\"https:\/\/www.lugaris.com\/de\/la-sagrada-familia\/\" \/>\n<meta property=\"og:locale\" content=\"de_DE\" \/>\n<meta property=\"og:type\" content=\"article\" \/>\n<meta property=\"og:title\" content=\"La Sagrada Familia | Lugaris\" \/>\n<meta property=\"og:description\" content=\"Die Basilika La Sagrada Familia ist das Wahrzeichen der spanischen Hauptstadt Spanien. Aufgrund des riesigen Ausma\u00dfes wird die La Sagrada gerne auch als Kathedrale bezeichnet, obwohl die La Sagrada niemals einen Bischofssitz hatte. Obwohl der Baubeginn der La Sagrada bereits 1882 im Stadtteil Eixampel begann, ist der Bau der La Sagrada immer noch nicht abgeschlossen.\" \/>\n<meta property=\"og:url\" content=\"https:\/\/www.lugaris.com\/de\/la-sagrada-familia\/\" \/>\n<meta property=\"og:site_name\" content=\"Lugaris\" \/>\n<meta property=\"article:published_time\" content=\"2020-05-29T09:37:51+00:00\" \/>\n<meta property=\"article:modified_time\" content=\"2020-06-09T15:30:18+00:00\" \/>\n<meta property=\"og:image\" content=\"https:\/\/www.lugaris.com\/app\/uploads\/2020\/05\/panorama-427997_1280-2.jpg\" \/>\n\t<meta property=\"og:image:width\" content=\"750\" \/>\n\t<meta property=\"og:image:height\" content=\"500\" \/>\n\t<meta property=\"og:image:type\" content=\"image\/jpeg\" \/>\n<meta name=\"author\" content=\"Carol\" \/>\n<meta name=\"twitter:card\" content=\"summary_large_image\" \/>\n<meta name=\"twitter:label1\" content=\"Written by\" \/>\n\t<meta name=\"twitter:data1\" content=\"Carol\" \/>\n\t<meta name=\"twitter:label2\" content=\"Est. reading time\" \/>\n\t<meta name=\"twitter:data2\" content=\"4 minutes\" \/>\n<script type=\"application\/ld+json\" class=\"yoast-schema-graph\">{\"@context\":\"https:\/\/schema.org\",\"@graph\":[{\"@type\":\"Article\",\"@id\":\"https:\/\/www.lugaris.com\/de\/la-sagrada-familia\/#article\",\"isPartOf\":{\"@id\":\"https:\/\/www.lugaris.com\/de\/la-sagrada-familia\/\"},\"author\":{\"name\":\"Carol\",\"@id\":\"https:\/\/www.lugaris.com\/de\/#\/schema\/person\/a4b4909e5e26e647f8ee92b809f52077\"},\"headline\":\"La Sagrada Familia\",\"datePublished\":\"2020-05-29T09:37:51+00:00\",\"dateModified\":\"2020-06-09T15:30:18+00:00\",\"mainEntityOfPage\":{\"@id\":\"https:\/\/www.lugaris.com\/de\/la-sagrada-familia\/\"},\"wordCount\":894,\"commentCount\":0,\"publisher\":{\"@id\":\"https:\/\/www.lugaris.com\/de\/#organization\"},\"image\":{\"@id\":\"https:\/\/www.lugaris.com\/de\/la-sagrada-familia\/#primaryimage\"},\"thumbnailUrl\":\"https:\/\/www.lugaris.com\/app\/uploads\/2020\/05\/panorama-427997_1280-2.jpg\",\"keywords\":[\"Kultur in Barcelona\",\"Geschichte von Barcelona\",\"Barcelona's Stadtteile\",\"Sehensw\u00fcrdigkeiten in Barcelona\"],\"articleSection\":[\"Freizeit in Barcelona\",\"Barcelona\"],\"inLanguage\":\"de-DE\",\"potentialAction\":[{\"@type\":\"CommentAction\",\"name\":\"Comment\",\"target\":[\"https:\/\/www.lugaris.com\/de\/la-sagrada-familia\/#respond\"]}]},{\"@type\":\"WebPage\",\"@id\":\"https:\/\/www.lugaris.com\/de\/la-sagrada-familia\/\",\"url\":\"https:\/\/www.lugaris.com\/de\/la-sagrada-familia\/\",\"name\":\"La Sagrada Familia | Lugaris\",\"isPartOf\":{\"@id\":\"https:\/\/www.lugaris.com\/de\/#website\"},\"primaryImageOfPage\":{\"@id\":\"https:\/\/www.lugaris.com\/de\/la-sagrada-familia\/#primaryimage\"},\"image\":{\"@id\":\"https:\/\/www.lugaris.com\/de\/la-sagrada-familia\/#primaryimage\"},\"thumbnailUrl\":\"https:\/\/www.lugaris.com\/app\/uploads\/2020\/05\/panorama-427997_1280-2.jpg\",\"datePublished\":\"2020-05-29T09:37:51+00:00\",\"dateModified\":\"2020-06-09T15:30:18+00:00\",\"breadcrumb\":{\"@id\":\"https:\/\/www.lugaris.com\/de\/la-sagrada-familia\/#breadcrumb\"},\"inLanguage\":\"de-DE\",\"potentialAction\":[{\"@type\":\"ReadAction\",\"target\":[\"https:\/\/www.lugaris.com\/de\/la-sagrada-familia\/\"]}]},{\"@type\":\"ImageObject\",\"inLanguage\":\"de-DE\",\"@id\":\"https:\/\/www.lugaris.com\/de\/la-sagrada-familia\/#primaryimage\",\"url\":\"https:\/\/www.lugaris.com\/app\/uploads\/2020\/05\/panorama-427997_1280-2.jpg\",\"contentUrl\":\"https:\/\/www.lugaris.com\/app\/uploads\/2020\/05\/panorama-427997_1280-2.jpg\",\"width\":750,\"height\":500},{\"@type\":\"BreadcrumbList\",\"@id\":\"https:\/\/www.lugaris.com\/de\/la-sagrada-familia\/#breadcrumb\",\"itemListElement\":[{\"@type\":\"ListItem\",\"position\":1,\"name\":\"Home\",\"item\":\"https:\/\/www.lugaris.com\/de\/\"},{\"@type\":\"ListItem\",\"position\":2,\"name\":\"La Sagrada Familia\"}]},{\"@type\":\"WebSite\",\"@id\":\"https:\/\/www.lugaris.com\/de\/#website\",\"url\":\"https:\/\/www.lugaris.com\/de\/\",\"name\":\"Lugaris\",\"description\":\"Apartamentos de vacaciones en Barcelona\",\"publisher\":{\"@id\":\"https:\/\/www.lugaris.com\/de\/#organization\"},\"potentialAction\":[{\"@type\":\"SearchAction\",\"target\":{\"@type\":\"EntryPoint\",\"urlTemplate\":\"https:\/\/www.lugaris.com\/de\/?s={search_term_string}\"},\"query-input\":\"required name=search_term_string\"}],\"inLanguage\":\"de-DE\"},{\"@type\":\"Organization\",\"@id\":\"https:\/\/www.lugaris.com\/de\/#organization\",\"name\":\"Lugaris Apartments in Barcelona\",\"url\":\"https:\/\/www.lugaris.com\/de\/\",\"logo\":{\"@type\":\"ImageObject\",\"inLanguage\":\"de-DE\",\"@id\":\"https:\/\/www.lugaris.com\/de\/#\/schema\/logo\/image\/\",\"url\":\"https:\/\/www.lugaris.com\/app\/uploads\/2020\/03\/Logo_lugaris_v2.png\",\"contentUrl\":\"https:\/\/www.lugaris.com\/app\/uploads\/2020\/03\/Logo_lugaris_v2.png\",\"width\":285,\"height\":257,\"caption\":\"Lugaris Apartments in Barcelona\"},\"image\":{\"@id\":\"https:\/\/www.lugaris.com\/de\/#\/schema\/logo\/image\/\"}},{\"@type\":\"Person\",\"@id\":\"https:\/\/www.lugaris.com\/de\/#\/schema\/person\/a4b4909e5e26e647f8ee92b809f52077\",\"name\":\"Carol\",\"image\":{\"@type\":\"ImageObject\",\"inLanguage\":\"de-DE\",\"@id\":\"https:\/\/www.lugaris.com\/de\/#\/schema\/person\/image\/\",\"url\":\"https:\/\/www.lugaris.com\/app\/litespeed\/avatar\/838ee79dab26d1d7647e49a172bc7c36.jpg?ver=1776872839\",\"contentUrl\":\"https:\/\/www.lugaris.com\/app\/litespeed\/avatar\/838ee79dab26d1d7647e49a172bc7c36.jpg?ver=1776872839\",\"caption\":\"Carol\"}}]}<\/script>\n<!-- \/ Yoast SEO plugin. -->","yoast_head_json":{"title":"La Sagrada Familia | Lugaris","robots":{"index":"index","follow":"follow","max-snippet":"max-snippet:-1","max-image-preview":"max-image-preview:large","max-video-preview":"max-video-preview:-1"},"canonical":"https:\/\/www.lugaris.com\/de\/la-sagrada-familia\/","og_locale":"de_DE","og_type":"article","og_title":"La Sagrada Familia | Lugaris","og_description":"Die Basilika La Sagrada Familia ist das Wahrzeichen der spanischen Hauptstadt Spanien. Aufgrund des riesigen Ausma\u00dfes wird die La Sagrada gerne auch als Kathedrale bezeichnet, obwohl die La Sagrada niemals einen Bischofssitz hatte. Obwohl der Baubeginn der La Sagrada bereits 1882 im Stadtteil Eixampel begann, ist der Bau der La Sagrada immer noch nicht abgeschlossen.","og_url":"https:\/\/www.lugaris.com\/de\/la-sagrada-familia\/","og_site_name":"Lugaris","article_published_time":"2020-05-29T09:37:51+00:00","article_modified_time":"2020-06-09T15:30:18+00:00","og_image":[{"width":750,"height":500,"url":"https:\/\/www.lugaris.com\/app\/uploads\/2020\/05\/panorama-427997_1280-2.jpg","type":"image\/jpeg"}],"author":"Carol","twitter_card":"summary_large_image","twitter_misc":{"Written by":"Carol","Est. reading time":"4 minutes"},"schema":{"@context":"https:\/\/schema.org","@graph":[{"@type":"Article","@id":"https:\/\/www.lugaris.com\/de\/la-sagrada-familia\/#article","isPartOf":{"@id":"https:\/\/www.lugaris.com\/de\/la-sagrada-familia\/"},"author":{"name":"Carol","@id":"https:\/\/www.lugaris.com\/de\/#\/schema\/person\/a4b4909e5e26e647f8ee92b809f52077"},"headline":"La Sagrada Familia","datePublished":"2020-05-29T09:37:51+00:00","dateModified":"2020-06-09T15:30:18+00:00","mainEntityOfPage":{"@id":"https:\/\/www.lugaris.com\/de\/la-sagrada-familia\/"},"wordCount":894,"commentCount":0,"publisher":{"@id":"https:\/\/www.lugaris.com\/de\/#organization"},"image":{"@id":"https:\/\/www.lugaris.com\/de\/la-sagrada-familia\/#primaryimage"},"thumbnailUrl":"https:\/\/www.lugaris.com\/app\/uploads\/2020\/05\/panorama-427997_1280-2.jpg","keywords":["Kultur in Barcelona","Geschichte von Barcelona","Barcelona's Stadtteile","Sehensw\u00fcrdigkeiten in Barcelona"],"articleSection":["Freizeit in Barcelona","Barcelona"],"inLanguage":"de-DE","potentialAction":[{"@type":"CommentAction","name":"Comment","target":["https:\/\/www.lugaris.com\/de\/la-sagrada-familia\/#respond"]}]},{"@type":"WebPage","@id":"https:\/\/www.lugaris.com\/de\/la-sagrada-familia\/","url":"https:\/\/www.lugaris.com\/de\/la-sagrada-familia\/","name":"La Sagrada Familia | Lugaris","isPartOf":{"@id":"https:\/\/www.lugaris.com\/de\/#website"},"primaryImageOfPage":{"@id":"https:\/\/www.lugaris.com\/de\/la-sagrada-familia\/#primaryimage"},"image":{"@id":"https:\/\/www.lugaris.com\/de\/la-sagrada-familia\/#primaryimage"},"thumbnailUrl":"https:\/\/www.lugaris.com\/app\/uploads\/2020\/05\/panorama-427997_1280-2.jpg","datePublished":"2020-05-29T09:37:51+00:00","dateModified":"2020-06-09T15:30:18+00:00","breadcrumb":{"@id":"https:\/\/www.lugaris.com\/de\/la-sagrada-familia\/#breadcrumb"},"inLanguage":"de-DE","potentialAction":[{"@type":"ReadAction","target":["https:\/\/www.lugaris.com\/de\/la-sagrada-familia\/"]}]},{"@type":"ImageObject","inLanguage":"de-DE","@id":"https:\/\/www.lugaris.com\/de\/la-sagrada-familia\/#primaryimage","url":"https:\/\/www.lugaris.com\/app\/uploads\/2020\/05\/panorama-427997_1280-2.jpg","contentUrl":"https:\/\/www.lugaris.com\/app\/uploads\/2020\/05\/panorama-427997_1280-2.jpg","width":750,"height":500},{"@type":"BreadcrumbList","@id":"https:\/\/www.lugaris.com\/de\/la-sagrada-familia\/#breadcrumb","itemListElement":[{"@type":"ListItem","position":1,"name":"Home","item":"https:\/\/www.lugaris.com\/de\/"},{"@type":"ListItem","position":2,"name":"La Sagrada Familia"}]},{"@type":"WebSite","@id":"https:\/\/www.lugaris.com\/de\/#website","url":"https:\/\/www.lugaris.com\/de\/","name":"Lugaris","description":"Apartamentos de vacaciones en Barcelona","publisher":{"@id":"https:\/\/www.lugaris.com\/de\/#organization"},"potentialAction":[{"@type":"SearchAction","target":{"@type":"EntryPoint","urlTemplate":"https:\/\/www.lugaris.com\/de\/?s={search_term_string}"},"query-input":"required name=search_term_string"}],"inLanguage":"de-DE"},{"@type":"Organization","@id":"https:\/\/www.lugaris.com\/de\/#organization","name":"Lugaris Apartments in Barcelona","url":"https:\/\/www.lugaris.com\/de\/","logo":{"@type":"ImageObject","inLanguage":"de-DE","@id":"https:\/\/www.lugaris.com\/de\/#\/schema\/logo\/image\/","url":"https:\/\/www.lugaris.com\/app\/uploads\/2020\/03\/Logo_lugaris_v2.png","contentUrl":"https:\/\/www.lugaris.com\/app\/uploads\/2020\/03\/Logo_lugaris_v2.png","width":285,"height":257,"caption":"Lugaris Apartments in Barcelona"},"image":{"@id":"https:\/\/www.lugaris.com\/de\/#\/schema\/logo\/image\/"}},{"@type":"Person","@id":"https:\/\/www.lugaris.com\/de\/#\/schema\/person\/a4b4909e5e26e647f8ee92b809f52077","name":"Carol","image":{"@type":"ImageObject","inLanguage":"de-DE","@id":"https:\/\/www.lugaris.com\/de\/#\/schema\/person\/image\/","url":"https:\/\/www.lugaris.com\/app\/litespeed\/avatar\/838ee79dab26d1d7647e49a172bc7c36.jpg?ver=1776872839","contentUrl":"https:\/\/www.lugaris.com\/app\/litespeed\/avatar\/838ee79dab26d1d7647e49a172bc7c36.jpg?ver=1776872839","caption":"Carol"}}]}},"uagb_featured_image_src":{"full":["https:\/\/www.lugaris.com\/app\/uploads\/2020\/05\/panorama-427997_1280-2.jpg",750,500,false],"thumbnail":["https:\/\/www.lugaris.com\/app\/uploads\/2020\/05\/panorama-427997_1280-2-150x150.jpg",150,150,true],"medium":["https:\/\/www.lugaris.com\/app\/uploads\/2020\/05\/panorama-427997_1280-2-300x200.jpg",300,200,true],"medium_large":["https:\/\/www.lugaris.com\/app\/uploads\/2020\/05\/panorama-427997_1280-2.jpg",750,500,false],"large":["https:\/\/www.lugaris.com\/app\/uploads\/2020\/05\/panorama-427997_1280-2.jpg",750,500,false],"1536x1536":["https:\/\/www.lugaris.com\/app\/uploads\/2020\/05\/panorama-427997_1280-2.jpg",750,500,false],"2048x2048":["https:\/\/www.lugaris.com\/app\/uploads\/2020\/05\/panorama-427997_1280-2.jpg",750,500,false]},"uagb_author_info":{"display_name":"Carol","author_link":"https:\/\/www.lugaris.com\/de\/author\/cvb2-performance-es\/"},"uagb_comment_info":55,"uagb_excerpt":"Die Basilika La Sagrada Familia ist das Wahrzeichen der spanischen Hauptstadt Spanien. Aufgrund des riesigen Ausma\u00dfes wird die La Sagrada gerne auch als Kathedrale bezeichnet, obwohl die La Sagrada niemals einen Bischofssitz hatte. Obwohl der Baubeginn der La Sagrada bereits 1882 im Stadtteil Eixampel begann, ist der Bau der La Sagrada immer noch nicht abgeschlossen.","_links":{"self":[{"href":"https:\/\/www.lugaris.com\/de\/wp-json\/wp\/v2\/posts\/5164"}],"collection":[{"href":"https:\/\/www.lugaris.com\/de\/wp-json\/wp\/v2\/posts"}],"about":[{"href":"https:\/\/www.lugaris.com\/de\/wp-json\/wp\/v2\/types\/post"}],"author":[{"embeddable":true,"href":"https:\/\/www.lugaris.com\/de\/wp-json\/wp\/v2\/users\/7"}],"replies":[{"embeddable":true,"href":"https:\/\/www.lugaris.com\/de\/wp-json\/wp\/v2\/comments?post=5164"}],"version-history":[{"count":2,"href":"https:\/\/www.lugaris.com\/de\/wp-json\/wp\/v2\/posts\/5164\/revisions"}],"predecessor-version":[{"id":7757,"href":"https:\/\/www.lugaris.com\/de\/wp-json\/wp\/v2\/posts\/5164\/revisions\/7757"}],"wp:featuredmedia":[{"embeddable":true,"href":"https:\/\/www.lugaris.com\/de\/wp-json\/wp\/v2\/media\/4851"}],"wp:attachment":[{"href":"https:\/\/www.lugaris.com\/de\/wp-json\/wp\/v2\/media?parent=5164"}],"wp:term":[{"taxonomy":"category","embeddable":true,"href":"https:\/\/www.lugaris.com\/de\/wp-json\/wp\/v2\/categories?post=5164"},{"taxonomy":"post_tag","embeddable":true,"href":"https:\/\/www.lugaris.com\/de\/wp-json\/wp\/v2\/tags?post=5164"}],"curies":[{"name":"wp","href":"https:\/\/api.w.org\/{rel}","templated":true}]}}