{"id":5168,"date":"2020-05-29T09:59:49","date_gmt":"2020-05-29T09:59:49","guid":{"rendered":"https:\/\/www.lugaris.com\/?p=5168"},"modified":"2024-03-20T15:46:05","modified_gmt":"2024-03-20T15:46:05","slug":"die-7-schonsten-kustendorfer-in-barcelona","status":"publish","type":"post","link":"https:\/\/www.lugaris.com\/de\/die-7-schonsten-kustendorfer-in-barcelona\/","title":{"rendered":"DIE 7 SCH\u00d6NSTEN K\u00dcSTEND\u00d6RFER IN BARCELONA"},"content":{"rendered":"\n<p class=\"\">Die Geschichte Barcelonas und die \u00fcberraschende Entwicklung sind eng mit dem Mittelmeer verbunden. Dieses Meer hat Barcelona nicht nur den offenen, multikulturellen und kosmopolitischen Geist verliehen: \u00dcber Jahrhunderte hinweg war es auch eine gro\u00dfe Hilfe, um den dortigen Handel zu f\u00f6rdern und hat diesen Ort so in ein wichtiges Zentrum des Tourismus\u2018 verwandelt. Ein Merkmal, das die 7 sch\u00f6nsten K\u00fcstend\u00f6rfer gemeinsam haben.<\/p>\n\n\n\n<p class=\"\">Obwohl die atemberaubenden&nbsp;<a href=\"\/de\/10-strande-barcelonas\/\">Str\u00e4nde Barcelonas<\/a>&nbsp;in Ihrem Sommerurlaub in der katalanischen Hauptstadt alles zum Sonnen oder Schwimmen haben, empfehlen wir Ihnen, einen Ausflug zu unseren auserw\u00e4hlten K\u00fcstenorten zu unternehmen. Modernistische Bauwerke, Therme und das Ambiente eines alten Fischerdorfes werden Sie verzaubern. Buchen Sie unsere&nbsp;<a href=\"\/de\/lugaris-beach\/\">Apartments in Barcelona<\/a>&nbsp;und gehen Sie auf Entdeckungsreise nach den sch\u00f6nsten K\u00fcstend\u00f6rfern in Barcelona!<a rel=\"noreferrer noopener\" href=\"https:\/\/www.lugaris.com\/?utm_source=blog_es&amp;utm_medium=banner&amp;utm_campaign=300x250_mejores_pueblos\" target=\"_blank\"><\/a><\/p>\n\n\n\n<h2 class=\"wp-block-heading\">CALDES D\u2019ESTRAC<\/h2>\n\n\n\n<p class=\"\">Aufgrund ihrer geringen Gr\u00f6\u00dfe von weniger als 1km<sup>2<\/sup>&nbsp;ist diese Ortschaft eine der kleinsten in Katalonien. Das bedeutet aber nicht, dass sie keinen Besuch wert ist. Ein Highlight ist die malerische Altstadt, die um ein altes Krankenhaus und eine Kirche herum entstand. Sie wurden im XIII. Jahrhundert an der Stelle der Thermalquelle erbaut, die dem Ort seinen Namen gab. Neben der Gemeinde&nbsp;<strong>Santa Maria del Remei<\/strong>, sollten Sie auch nicht die&nbsp;<strong>Thermalb\u00e4der von Caldes<\/strong>&nbsp;oder Rector aus dem Jahre 1818 verpassen. Man kann au\u00dferdem sch\u00f6ne traditionelle Bauernh\u00e4user bewundern, wie das von Francesc Nebot, oder sich an den ruhigen Str\u00e4nden von Caldetes entspannen. Mit dem Zug R1 (<em>Renfe, cercan\u00edas<\/em>) k\u00f6nnen Sie direkt vom Zentrum Barcelonas dorthin fahren. Ebenso von unseren&nbsp;<a href=\"\/de\/apartments-in-barcelona\/\">Apartments am Strand in Barcelona<\/a>&nbsp;gibt es eine gute Verbindung zu diesem sch\u00f6nen K\u00fcstendorf.<\/p>\n\n\n\n<figure class=\"wp-block-image size-large\"><img fetchpriority=\"high\" decoding=\"async\" width=\"655\" height=\"447\" src=\"https:\/\/www.lugaris.com\/app\/uploads\/2020\/06\/Caldes-d-Estrac.jpg\" alt=\"\" class=\"wp-image-5898\" srcset=\"https:\/\/www.lugaris.com\/app\/uploads\/2020\/06\/Caldes-d-Estrac.jpg 655w, https:\/\/www.lugaris.com\/app\/uploads\/2020\/06\/Caldes-d-Estrac-300x205.jpg 300w\" sizes=\"(max-width: 655px) 100vw, 655px\" \/><\/figure>\n\n\n\n<h2 class=\"wp-block-heading\">CANET DE MAR<\/h2>\n\n\n\n<p class=\"\">Dies ist ein weiteres malerisches K\u00fcstendorf in Barcelona, Teil der Region Maresme. Auf dem Berg von Pedracastell, liegt dieses 309m hohe alte K\u00fcstenzentrum f\u00fcr Touristen und ist in jedem Fall einen Besuch wert. Seine&nbsp;<strong>modernistischen Konstruktionen<\/strong>, die das Werk von Llu\u00eds Dom\u00e8nech i Montaner (Architekt der Umbauten im&nbsp;<strong>Santa Florentina<\/strong>-Schloss, Schauplatz der sechsten Staffel der Serie \u201cGame of Thrones\u201c) oder Josep Puig i Cadafalch sind. Auch ber\u00fchmte Bildhauer des katalanischen Modernismus\u2018 haben hier Spuren hinterlassen, wie beispielsweise Josep Llimona oder Eusebi Arnau. Sollten Sie im Juli nach Barcelona reisen, empfehlen wir Ihnen das&nbsp;<em>Canet Rock Festival<\/em>. Auch hierhin bringt Sie der Zug R1 (<em>Renfe<\/em>) hin.<\/p>\n\n\n\n<figure class=\"wp-block-image size-large\"><img decoding=\"async\" width=\"659\" height=\"475\" src=\"https:\/\/www.lugaris.com\/app\/uploads\/2020\/06\/Canet-de-Mar.jpg\" alt=\"\" class=\"wp-image-5892\" srcset=\"https:\/\/www.lugaris.com\/app\/uploads\/2020\/06\/Canet-de-Mar.jpg 659w, https:\/\/www.lugaris.com\/app\/uploads\/2020\/06\/Canet-de-Mar-300x216.jpg 300w\" sizes=\"(max-width: 659px) 100vw, 659px\" \/><\/figure>\n\n\n\n<h2 class=\"wp-block-heading\">CUBELLES<\/h2>\n\n\n\n<p class=\"\">Diese ruhige Gemeinde in der Region Garraf, an der Grenze zu Baix Pened\u00e8s, wo der Fluss Foix hindurchf\u00fchrt, ist der perfekte K\u00fcstenort f\u00fcr Familienausfl\u00fcge. Neben historischen Geb\u00e4uden gibt es die barocke&nbsp;<strong>Kirche Santa Maria<\/strong>, die aus der Zeit zwischen 1697 und 1737 stammt. Ebenso findet man das&nbsp;<strong>Casal dels Marquesos d\u2019Alfarr\u00e0s<\/strong>, im XVI. Jahrhundert auf alten Schlossresten erbaut, und die&nbsp;<strong>Finca Trav\u00e9<\/strong>, die \u00fcber eine private Bibliothek, einen botanischen Garten, Gem\u00e4lde- und Spieluhrensammlungen und viele weitere Kuriosit\u00e4ten verf\u00fcgt. Auch&nbsp;<strong>der bekannte Clown Josep Andreu, auch bekannt als Charlie Rivel, wohnte in diesem K\u00fcstenort<\/strong>. Einer der besten Str\u00e4nde von Cubelles ist der des alten Heizkraftwerkes, das im Juli 2018 begonnen wurde abzubauen. Sind Sie ein Feinschmecker? Dann probieren Sie die typischen&nbsp;<em>Rossejats<\/em>. Zugverbindungen dorthin sind gegeben (<em>Renfe, cercan\u00edas<\/em>&nbsp;oder&nbsp;<em>media distancia<\/em>&nbsp;Richtung Tarragona).<\/p>\n\n\n\n<figure class=\"wp-block-image\"><img decoding=\"async\" src=\"https:\/\/www.lugaris.com\/wp-content\/uploads\/2018\/07\/Cubelles.jpg\" alt=\"\"\/><\/figure>\n\n\n\n<h2 class=\"wp-block-heading\">EL MASNOU<\/h2>\n\n\n\n<p class=\"\">Kehren wir zur\u00fcck nach Maresme. Diese h\u00fcbsche Ortschaft liegt im S\u00fcden der Region. Zusammen mit den Stadtvierteln Alella de Mar und Ocata bilden sie den K\u00fcstenkern, den man sich in Ruhe ansehen sollte. Im Stadtzentrum fallen besonders die kleinen neoklassischen und modernistischen Geb\u00e4ude im Stil des XX. Jahrhunderts auf, die oft durch Vorgartenh\u00f6fe, Pergolen und Aussichtspunkte versch\u00f6nert werden. Nehmen Sie sich Zeit, die Kirche&nbsp;<strong>Sant Pere Ap\u00f2stol<\/strong>&nbsp;(1796-1817),&nbsp;<strong>la Casa de la Vila<\/strong>&nbsp;(1845) und den&nbsp;<strong>Friedhof von Masnou<\/strong>&nbsp;mit Skulpturen von Llimona zu bestaunen. Sie k\u00f6nnen mit dem Auto oder dem Zug R1 (<em>Renfe<\/em>) zu diesem sch\u00f6nen K\u00fcstendorf fahren.<\/p>\n\n\n\n<figure class=\"wp-block-image\"><img decoding=\"async\" src=\"https:\/\/www.lugaris.com\/wp-content\/uploads\/2018\/07\/El-Masnou.jpg\" alt=\"\"\/><\/figure>\n\n\n\n<h2 class=\"wp-block-heading\">SANT POL DE MAR<\/h2>\n\n\n\n<p class=\"\">Im Norden von Masnou und am Fluss Vallalta gelegen, beherbergt diese Stadt beeindruckende gotische Geb\u00e4ude, wie beispielsweise die&nbsp;<strong>Pfarrkirche Sant Jaume<\/strong>&nbsp;im sp\u00e4tgotischen Stil oder die&nbsp;<strong>Kirche Sant Pau<\/strong>, Sitz eines alten Benediktinerklosters aus dem X. Jahrhundert. Im&nbsp;<strong>Museum Sant Pol<\/strong>&nbsp;k\u00f6nnen Sie Werke der K\u00fcnstler Ramon Casas oder Joan Mir\u00f3 betrachten. Sant Pol de Mar ist au\u00dferdem f\u00fcr sein exzellentes \u201eRestaurant Sant Pau\u201c bekannt: Unter der Leitung von Carme Ruscalleda wurde es bereits mit drei Michelin-Sternen ausgezeichnet.<\/p>\n\n\n\n<figure class=\"wp-block-image\"><img decoding=\"async\" src=\"https:\/\/www.lugaris.com\/wp-content\/uploads\/2018\/07\/Sant-Pol.jpg\" alt=\"\"\/><\/figure>\n\n\n\n<h2 class=\"wp-block-heading\">SITGES<\/h2>\n\n\n\n<p class=\"\">Das Kronjuwel von Garraf ist diese verf\u00fchrerische K\u00fcstenstadt, deren Vielfalt an Architektur, Kultur und Freizeit keine Grenzen hat. Hier k\u00f6nnen Sie sich der Sch\u00f6nheit des&nbsp;<strong>Museums Cau Ferrat<\/strong>, einem alten Fischerhaus, das von Santiago Rusi\u00f1ol als Wohnhaus umgebaut wurde und wo er hervorragende modernistische Feiern veranstaltete, hingeben. Oder besichtigen Sie den&nbsp;<strong>Palau de Maricel<\/strong>, wo Sie Werke verschiedener Epochen und einen atemberaubenden Ausblick auf das Meer entdecken werden. Auch die&nbsp;<strong>Kirche Sant Bartomeu i Santa Tecla<\/strong>&nbsp;ist ein Besuch wert, ein beeindruckendes barockes Geb\u00e4ude, das das Symbol der Ortschaft ist. Ein weiterer Tipp ist das&nbsp;<strong>romantische Museum Casa Llopis<\/strong>. Und was gibt es zum Veranstaltungskalender in Sitges zu sagen? Vom spektakul\u00e4ren Karneval bis hin zum Filmfestival, der&nbsp;<strong>Oldtimer-Rallye<\/strong>&nbsp;und blumenbedeckten Stra\u00dfen an&nbsp;<strong>Fronleichnam<\/strong>&nbsp;oder der&nbsp;<strong>Seeprozession und den Seemannsliedern<\/strong>&nbsp;zu Ehren der&nbsp;<em>Virgen del Carmen<\/em>&nbsp;am 16. Juli, gibt es viel zu unternehmen. Die Stadt ist au\u00dferdem f\u00fcr ihr&nbsp;<em>gay<\/em>-freundliches Ambiente und die wundersch\u00f6nen Str\u00e4nde bekannt. Was gibt es da noch zu \u00fcberlegen?<\/p>\n\n\n\n<figure class=\"wp-block-image size-large\"><img decoding=\"async\" width=\"640\" height=\"426\" src=\"https:\/\/www.lugaris.com\/app\/uploads\/2020\/06\/Sitges.jpg\" alt=\"\" class=\"wp-image-5886\" srcset=\"https:\/\/www.lugaris.com\/app\/uploads\/2020\/06\/Sitges.jpg 640w, https:\/\/www.lugaris.com\/app\/uploads\/2020\/06\/Sitges-300x200.jpg 300w\" sizes=\"(max-width: 640px) 100vw, 640px\" \/><\/figure>\n\n\n\n<h2 class=\"wp-block-heading\">VILANOVA I LA GELTR\u00da<\/h2>\n\n\n\n<p class=\"\">Unsere Reise in Garraf endet mit der sch\u00f6nen K\u00fcstenstadt Vilanova i la Geltr\u00fa. Hier gibt es viele interessante Pl\u00e4tze zu entdecken, wie&nbsp;<strong>Can Papiol<\/strong>, ein eindrucksvoller und gut erhaltener Bauernhof aus dem XIX. Jahrhundert, oder die&nbsp;<strong>Burg Geltr\u00fa<\/strong>, die 1919 auf den Resten einer mittelalterlichen Festung rekonstruiert wurde. Oder besuchen Sie das&nbsp;<strong>Bibliothek-Museum Balaguer<\/strong>&nbsp;mit seinen bemerkenswerten Gem\u00e4lden des XVI. und XVII. Jahrhunderts von K\u00fcnstlern wie El Greco, Mari\u00e0 Vayreda, Rusi\u00f1ol oder Casas. Ebenso die lokalen Str\u00e4nde sollte man nicht ungeachtet lassen und die exquisite Meeresgastronomie mit Gerichten wie der&nbsp;<strong>wei\u00dfen Suppe<\/strong>, mit Dorade, Brotkr\u00fcmeln und Aioli gemacht. Wie auch nach Sitges und Cubelles, bringen Sie Z\u00fcge (<em>cercan\u00edas&nbsp;<\/em>oder&nbsp;<em>media distancia<\/em>) nach Vilanova i la Geltr\u00fa. Dieser Ort ist au\u00dferdem sehr gut f\u00fcr Familien mit Kindern geeignet: zahlreiche Kinderspielpl\u00e4tze, ein sehr breiter Strand und kinderfreundliche Restaurants werden Sie angenehm \u00fcberraschen.<\/p>\n\n\n\n<figure class=\"wp-block-image\"><img decoding=\"async\" src=\"https:\/\/www.lugaris.com\/wp-content\/uploads\/2018\/07\/Vilanova-i-la-Geltr%C3%BA.jpg\" alt=\"\"\/><\/figure>\n\n\n\n<p class=\"\">Reservieren Sie unsere&nbsp;<a href=\"\/de\/apartments-in-barcelona\/\">Apartments mit Meerblick in Barcelona<\/a>&nbsp;und entdecken Sie wundersch\u00f6ne K\u00fcstend\u00f6rfer. Lassen Sie sich auch von&nbsp;<a href=\"\/de\/apartments-in-barcelona\/\">mittelalterlichen Bauwerken<\/a>&nbsp;verzaubern, erleben Sie&nbsp;<a href=\"\/de\/apartments-in-barcelona\/\">die coolsten Bars<\/a>&nbsp;oder entdecken Sie&nbsp;<a href=\"\/de\/apartments-in-barcelona\/\">die sch\u00f6nsten unbekannten Orte<\/a>. In Barcelona werden Sie sich garantiert nicht langweilen!<\/p>\n\n\n<section class=\"blocks__extra-info \" id=\"ferienwohnungen-am-strand-von-barcelona\">\n    <h3>FERIENWOHNUNGEN AM STRAND VON BARCELONA<\/h3>\n\n    <div class=\"blocks__extra-info__list\">\n                    <div class=\"blocks__extra-info__item\" id=\"ferienwohnungen-am-strand-von-barcelona-ferienwohnungen-am-strand-von-barcelona\">\n        <a\n                    href=\"#\" \n            class=\"toggleable__extra-info \"\n            data-target=\"#extra-info-16755\"\n            data-scope=\".blocks__extra-info .toggleable__extra-info, .blocks__extra-info .blocks__extra-info__content\"\n        \n        \n    >\n            <article class=\"blocks__extra-info__item__container\">\n            <img decoding=\"async\" src=\"https:\/\/www.lugaris.com\/app\/uploads\/2020\/08\/DSC4180_R.jpg.jpg\" class=\"blocks__extra-info__item__thumbnail\"><\/img>\n            <div  class=\"blocks__extra-info__item__content\">\n                <header>\n                    <h4 class=\"blocks__extra-info__item__title\">\n                        FERIENWOHNUNGEN AM STRAND VON BARCELONA\n                    <\/h4>\n                <\/header>\n                <section>\n                    <p class=\"blocks__extra-info__item__excerpt\">\n                        Seit 2010 bietet Lugaris Apartaments die besten Ferienwohnungen in Barcelona f\u00fcr\u00a0 perfekte Urlaubstage mit der Familie, mit Freunden oder f\u00fcr Paare. Sie haben die Wahl. Herrliche Appartments ganz in der N\u00e4he des Strandes von Barcelona, &hellip;\n                    <\/p>\n                    \n                                        <span class=\"blocks__extra-info__item__read-more\">Mehr lesen<\/span>\n                    <span class=\"blocks__extra-info__item__read-less\">Weniger lesen<\/span>\n                                    <\/section>\n            <\/div>\n        <\/article>\n        <\/a>\n    <\/div>\n                        <\/div>\n\n        <div class=\"blocks__extra-info__content__container\">\n                                <div id=\"extra-info-16755\"\n                class=\"blocks__extra-info__content toggleable__target \">\n                \n<p class=\"has-background has-gray-background-color\">Seit 2010 bietet Lugaris Apartaments <a href=\"https:\/\/www.lugaris.com\/de\/apartments-in-barcelona\/\">die besten Ferienwohnungen in Barcelona<\/a> f\u00fcr\u00a0 perfekte Urlaubstage mit der Familie, mit Freunden oder f\u00fcr Paare.<\/p>\n\n\n\n<p class=\"has-background has-gray-background-color\">Sie haben die Wahl. Herrliche <a href=\"https:\/\/www.lugaris.com\/de\/lugaris-beach\/\">Appartments ganz in der N\u00e4he des Strandes von Barcelona<\/a>, am Lugaris Beach mit Panoramablick auf das Mittelmeer, zwei Swimmingpools (einer f\u00fcr Erwachsene und ein sicherer Pool f\u00fcr Kinder) mit Platz f\u00fcr bis zu sechs Personen <a href=\"https:\/\/www.lugaris.com\/de\/lugaris-rambla\/\">oder Lugaris Rambla Appartments<\/a> direkt an der Rambla de Poblenou, nur 300 m vom Bogatell-Strand entfernt. Diese Appartments sind mit einem Balkon\/Terrasse bis zu 22 m2 ausgestattet und sind ideal f\u00fcr Paare oder Familien und Gruppen von bis zu f\u00fcnf Personen.<\/p>\n\n\n\n<p class=\"has-background has-gray-background-color\">Alle unsere Luxuswohnungen in Barcelona sind klimatisiert und mit allen Haushaltsger\u00e4ten, M\u00f6beln und Bettw\u00e4sche versehen, die Sie w\u00e4hrend Ihres Aufenthalts ben\u00f6tigen. Sie verf\u00fcgen au\u00dferdem \u00fcber Satellitenfernsehen und kostenlosen High-Speed-Wi-Fi-Anschluss, sowie einen Safe und einen privaten 24-Stunden-Sicherheitsdienst.<\/p>\n\n\n\n<p class=\"has-background has-gray-background-color\"><br>Dar\u00fcber hinaus k\u00f6nnen Sie bei Ihrer Buchung viele <a href=\"https:\/\/www.lugaris.com\/de\/service\/\">weitere Zusatzleistungen<\/a> reservieren: internationale Presse in Ihrer Wohnung, Parkplatz, Transferservice zum und vom Flughafen Barcelona, Fahrradverleih, Einkaufen im Supermarkt, Eintrittskarten f\u00fcr Museen, Sportveranstaltungen und Shows, Babysitter-Service und vieles mehr.<\/p>\n\n\n\n<p class=\"has-background has-gray-background-color\">F\u00fcr weitere Informationen steht Ihnen der <a href=\"https:\/\/www.lugaris.com\/de\/kontakt\/\">Kundenservice von Lugaris Apartments<\/a> gerne zur Verf\u00fcgung.<\/p>\n\n\n\n<p class=\"\"><\/p>\n\n            <\/div>\n                        <\/div>\n\n    <span class=\"blocks__extra-info__list__button__left prev\"><\/span>\n    <span class=\"blocks__extra-info__list__button__right next\"><\/span>\n    <\/section>\n","protected":false},"excerpt":{"rendered":"<p>Die Geschichte Barcelonas und die \u00fcberraschende Entwicklung sind eng mit dem Mittelmeer verbunden. Dieses Meer hat Barcelona nicht nur den offenen, multikulturellen und kosmopolitischen Geist verliehen<\/p>\n","protected":false},"author":7,"featured_media":5904,"comment_status":"open","ping_status":"open","sticky":false,"template":"","format":"standard","meta":{"_uag_custom_page_level_css":"","footnotes":""},"categories":[119,117,116],"tags":[151,152,150],"yoast_head":"<!-- This site is optimized with the Yoast SEO plugin v23.1 - https:\/\/yoast.com\/wordpress\/plugins\/seo\/ -->\n<title>DIE 7 SCH\u00d6NSTEN K\u00dcSTEND\u00d6RFER IN BARCELONA | Lugaris<\/title>\n<meta name=\"description\" content=\"Entdecke die malerische Atmosph\u00e4re in Barcelonas 7 sch\u00f6nsten K\u00fcstend\u00f6rfern! \ud83c\udfd6\ufe0f Genie\u00dfe das authentische Leben am Meer und erlebe unvergessliche Momente. Jetzt erkunden!\" \/>\n<meta name=\"robots\" content=\"index, follow, max-snippet:-1, max-image-preview:large, max-video-preview:-1\" \/>\n<link rel=\"canonical\" href=\"https:\/\/www.lugaris.com\/de\/die-7-schonsten-kustendorfer-in-barcelona\/\" \/>\n<meta property=\"og:locale\" content=\"de_DE\" \/>\n<meta property=\"og:type\" content=\"article\" \/>\n<meta property=\"og:title\" content=\"DIE 7 SCH\u00d6NSTEN K\u00dcSTEND\u00d6RFER IN BARCELONA | Lugaris\" \/>\n<meta property=\"og:description\" content=\"Entdecke die malerische Atmosph\u00e4re in Barcelonas 7 sch\u00f6nsten K\u00fcstend\u00f6rfern! \ud83c\udfd6\ufe0f Genie\u00dfe das authentische Leben am Meer und erlebe unvergessliche Momente. Jetzt erkunden!\" \/>\n<meta property=\"og:url\" content=\"https:\/\/www.lugaris.com\/de\/die-7-schonsten-kustendorfer-in-barcelona\/\" \/>\n<meta property=\"og:site_name\" content=\"Lugaris\" \/>\n<meta property=\"article:published_time\" content=\"2020-05-29T09:59:49+00:00\" \/>\n<meta property=\"article:modified_time\" content=\"2024-03-20T15:46:05+00:00\" \/>\n<meta property=\"og:image\" content=\"https:\/\/www.lugaris.com\/app\/uploads\/2020\/05\/El-Masnou.jpg\" \/>\n\t<meta property=\"og:image:width\" content=\"603\" \/>\n\t<meta property=\"og:image:height\" content=\"401\" \/>\n\t<meta property=\"og:image:type\" content=\"image\/jpeg\" \/>\n<meta name=\"author\" content=\"Carol\" \/>\n<meta name=\"twitter:card\" content=\"summary_large_image\" \/>\n<meta name=\"twitter:label1\" content=\"Written by\" \/>\n\t<meta name=\"twitter:data1\" content=\"Carol\" \/>\n\t<meta name=\"twitter:label2\" content=\"Est. reading time\" \/>\n\t<meta name=\"twitter:data2\" content=\"7 minutes\" \/>\n<script type=\"application\/ld+json\" class=\"yoast-schema-graph\">{\"@context\":\"https:\/\/schema.org\",\"@graph\":[{\"@type\":\"Article\",\"@id\":\"https:\/\/www.lugaris.com\/de\/die-7-schonsten-kustendorfer-in-barcelona\/#article\",\"isPartOf\":{\"@id\":\"https:\/\/www.lugaris.com\/de\/die-7-schonsten-kustendorfer-in-barcelona\/\"},\"author\":{\"name\":\"Carol\",\"@id\":\"https:\/\/www.lugaris.com\/de\/#\/schema\/person\/a4b4909e5e26e647f8ee92b809f52077\"},\"headline\":\"DIE 7 SCH\u00d6NSTEN K\u00dcSTEND\u00d6RFER IN BARCELONA\",\"datePublished\":\"2020-05-29T09:59:49+00:00\",\"dateModified\":\"2024-03-20T15:46:05+00:00\",\"mainEntityOfPage\":{\"@id\":\"https:\/\/www.lugaris.com\/de\/die-7-schonsten-kustendorfer-in-barcelona\/\"},\"wordCount\":1178,\"commentCount\":0,\"publisher\":{\"@id\":\"https:\/\/www.lugaris.com\/de\/#organization\"},\"image\":{\"@id\":\"https:\/\/www.lugaris.com\/de\/die-7-schonsten-kustendorfer-in-barcelona\/#primaryimage\"},\"thumbnailUrl\":\"https:\/\/www.lugaris.com\/app\/uploads\/2020\/05\/El-Masnou.jpg\",\"keywords\":[\"Umgebung von Barcelona\",\"Tagesausfl\u00fcge aus Barcelona\",\"Natur in Barcelona\"],\"articleSection\":[\"@Lugaris\",\"Freizeit in Barcelona\",\"Barcelona\"],\"inLanguage\":\"de-DE\",\"potentialAction\":[{\"@type\":\"CommentAction\",\"name\":\"Comment\",\"target\":[\"https:\/\/www.lugaris.com\/de\/die-7-schonsten-kustendorfer-in-barcelona\/#respond\"]}]},{\"@type\":\"WebPage\",\"@id\":\"https:\/\/www.lugaris.com\/de\/die-7-schonsten-kustendorfer-in-barcelona\/\",\"url\":\"https:\/\/www.lugaris.com\/de\/die-7-schonsten-kustendorfer-in-barcelona\/\",\"name\":\"DIE 7 SCH\u00d6NSTEN K\u00dcSTEND\u00d6RFER IN BARCELONA | Lugaris\",\"isPartOf\":{\"@id\":\"https:\/\/www.lugaris.com\/de\/#website\"},\"primaryImageOfPage\":{\"@id\":\"https:\/\/www.lugaris.com\/de\/die-7-schonsten-kustendorfer-in-barcelona\/#primaryimage\"},\"image\":{\"@id\":\"https:\/\/www.lugaris.com\/de\/die-7-schonsten-kustendorfer-in-barcelona\/#primaryimage\"},\"thumbnailUrl\":\"https:\/\/www.lugaris.com\/app\/uploads\/2020\/05\/El-Masnou.jpg\",\"datePublished\":\"2020-05-29T09:59:49+00:00\",\"dateModified\":\"2024-03-20T15:46:05+00:00\",\"description\":\"Entdecke die malerische Atmosph\u00e4re in Barcelonas 7 sch\u00f6nsten K\u00fcstend\u00f6rfern! \ud83c\udfd6\ufe0f Genie\u00dfe das authentische Leben am Meer und erlebe unvergessliche Momente. Jetzt erkunden!\",\"breadcrumb\":{\"@id\":\"https:\/\/www.lugaris.com\/de\/die-7-schonsten-kustendorfer-in-barcelona\/#breadcrumb\"},\"inLanguage\":\"de-DE\",\"potentialAction\":[{\"@type\":\"ReadAction\",\"target\":[\"https:\/\/www.lugaris.com\/de\/die-7-schonsten-kustendorfer-in-barcelona\/\"]}]},{\"@type\":\"ImageObject\",\"inLanguage\":\"de-DE\",\"@id\":\"https:\/\/www.lugaris.com\/de\/die-7-schonsten-kustendorfer-in-barcelona\/#primaryimage\",\"url\":\"https:\/\/www.lugaris.com\/app\/uploads\/2020\/05\/El-Masnou.jpg\",\"contentUrl\":\"https:\/\/www.lugaris.com\/app\/uploads\/2020\/05\/El-Masnou.jpg\",\"width\":603,\"height\":401},{\"@type\":\"BreadcrumbList\",\"@id\":\"https:\/\/www.lugaris.com\/de\/die-7-schonsten-kustendorfer-in-barcelona\/#breadcrumb\",\"itemListElement\":[{\"@type\":\"ListItem\",\"position\":1,\"name\":\"Home\",\"item\":\"https:\/\/www.lugaris.com\/de\/\"},{\"@type\":\"ListItem\",\"position\":2,\"name\":\"DIE 7 SCH\u00d6NSTEN K\u00dcSTEND\u00d6RFER IN BARCELONA\"}]},{\"@type\":\"WebSite\",\"@id\":\"https:\/\/www.lugaris.com\/de\/#website\",\"url\":\"https:\/\/www.lugaris.com\/de\/\",\"name\":\"Lugaris\",\"description\":\"Apartamentos de vacaciones en Barcelona\",\"publisher\":{\"@id\":\"https:\/\/www.lugaris.com\/de\/#organization\"},\"potentialAction\":[{\"@type\":\"SearchAction\",\"target\":{\"@type\":\"EntryPoint\",\"urlTemplate\":\"https:\/\/www.lugaris.com\/de\/?s={search_term_string}\"},\"query-input\":\"required name=search_term_string\"}],\"inLanguage\":\"de-DE\"},{\"@type\":\"Organization\",\"@id\":\"https:\/\/www.lugaris.com\/de\/#organization\",\"name\":\"Lugaris Apartments in Barcelona\",\"url\":\"https:\/\/www.lugaris.com\/de\/\",\"logo\":{\"@type\":\"ImageObject\",\"inLanguage\":\"de-DE\",\"@id\":\"https:\/\/www.lugaris.com\/de\/#\/schema\/logo\/image\/\",\"url\":\"https:\/\/www.lugaris.com\/app\/uploads\/2020\/03\/Logo_lugaris_v2.png\",\"contentUrl\":\"https:\/\/www.lugaris.com\/app\/uploads\/2020\/03\/Logo_lugaris_v2.png\",\"width\":285,\"height\":257,\"caption\":\"Lugaris Apartments in Barcelona\"},\"image\":{\"@id\":\"https:\/\/www.lugaris.com\/de\/#\/schema\/logo\/image\/\"}},{\"@type\":\"Person\",\"@id\":\"https:\/\/www.lugaris.com\/de\/#\/schema\/person\/a4b4909e5e26e647f8ee92b809f52077\",\"name\":\"Carol\",\"image\":{\"@type\":\"ImageObject\",\"inLanguage\":\"de-DE\",\"@id\":\"https:\/\/www.lugaris.com\/de\/#\/schema\/person\/image\/\",\"url\":\"https:\/\/www.lugaris.com\/app\/litespeed\/avatar\/838ee79dab26d1d7647e49a172bc7c36.jpg?ver=1777478302\",\"contentUrl\":\"https:\/\/www.lugaris.com\/app\/litespeed\/avatar\/838ee79dab26d1d7647e49a172bc7c36.jpg?ver=1777478302\",\"caption\":\"Carol\"}}]}<\/script>\n<!-- \/ Yoast SEO plugin. -->","yoast_head_json":{"title":"DIE 7 SCH\u00d6NSTEN K\u00dcSTEND\u00d6RFER IN BARCELONA | Lugaris","description":"Entdecke die malerische Atmosph\u00e4re in Barcelonas 7 sch\u00f6nsten K\u00fcstend\u00f6rfern! \ud83c\udfd6\ufe0f Genie\u00dfe das authentische Leben am Meer und erlebe unvergessliche Momente. Jetzt erkunden!","robots":{"index":"index","follow":"follow","max-snippet":"max-snippet:-1","max-image-preview":"max-image-preview:large","max-video-preview":"max-video-preview:-1"},"canonical":"https:\/\/www.lugaris.com\/de\/die-7-schonsten-kustendorfer-in-barcelona\/","og_locale":"de_DE","og_type":"article","og_title":"DIE 7 SCH\u00d6NSTEN K\u00dcSTEND\u00d6RFER IN BARCELONA | Lugaris","og_description":"Entdecke die malerische Atmosph\u00e4re in Barcelonas 7 sch\u00f6nsten K\u00fcstend\u00f6rfern! \ud83c\udfd6\ufe0f Genie\u00dfe das authentische Leben am Meer und erlebe unvergessliche Momente. Jetzt erkunden!","og_url":"https:\/\/www.lugaris.com\/de\/die-7-schonsten-kustendorfer-in-barcelona\/","og_site_name":"Lugaris","article_published_time":"2020-05-29T09:59:49+00:00","article_modified_time":"2024-03-20T15:46:05+00:00","og_image":[{"width":603,"height":401,"url":"https:\/\/www.lugaris.com\/app\/uploads\/2020\/05\/El-Masnou.jpg","type":"image\/jpeg"}],"author":"Carol","twitter_card":"summary_large_image","twitter_misc":{"Written by":"Carol","Est. reading time":"7 minutes"},"schema":{"@context":"https:\/\/schema.org","@graph":[{"@type":"Article","@id":"https:\/\/www.lugaris.com\/de\/die-7-schonsten-kustendorfer-in-barcelona\/#article","isPartOf":{"@id":"https:\/\/www.lugaris.com\/de\/die-7-schonsten-kustendorfer-in-barcelona\/"},"author":{"name":"Carol","@id":"https:\/\/www.lugaris.com\/de\/#\/schema\/person\/a4b4909e5e26e647f8ee92b809f52077"},"headline":"DIE 7 SCH\u00d6NSTEN K\u00dcSTEND\u00d6RFER IN BARCELONA","datePublished":"2020-05-29T09:59:49+00:00","dateModified":"2024-03-20T15:46:05+00:00","mainEntityOfPage":{"@id":"https:\/\/www.lugaris.com\/de\/die-7-schonsten-kustendorfer-in-barcelona\/"},"wordCount":1178,"commentCount":0,"publisher":{"@id":"https:\/\/www.lugaris.com\/de\/#organization"},"image":{"@id":"https:\/\/www.lugaris.com\/de\/die-7-schonsten-kustendorfer-in-barcelona\/#primaryimage"},"thumbnailUrl":"https:\/\/www.lugaris.com\/app\/uploads\/2020\/05\/El-Masnou.jpg","keywords":["Umgebung von Barcelona","Tagesausfl\u00fcge aus Barcelona","Natur in Barcelona"],"articleSection":["@Lugaris","Freizeit in Barcelona","Barcelona"],"inLanguage":"de-DE","potentialAction":[{"@type":"CommentAction","name":"Comment","target":["https:\/\/www.lugaris.com\/de\/die-7-schonsten-kustendorfer-in-barcelona\/#respond"]}]},{"@type":"WebPage","@id":"https:\/\/www.lugaris.com\/de\/die-7-schonsten-kustendorfer-in-barcelona\/","url":"https:\/\/www.lugaris.com\/de\/die-7-schonsten-kustendorfer-in-barcelona\/","name":"DIE 7 SCH\u00d6NSTEN K\u00dcSTEND\u00d6RFER IN BARCELONA | Lugaris","isPartOf":{"@id":"https:\/\/www.lugaris.com\/de\/#website"},"primaryImageOfPage":{"@id":"https:\/\/www.lugaris.com\/de\/die-7-schonsten-kustendorfer-in-barcelona\/#primaryimage"},"image":{"@id":"https:\/\/www.lugaris.com\/de\/die-7-schonsten-kustendorfer-in-barcelona\/#primaryimage"},"thumbnailUrl":"https:\/\/www.lugaris.com\/app\/uploads\/2020\/05\/El-Masnou.jpg","datePublished":"2020-05-29T09:59:49+00:00","dateModified":"2024-03-20T15:46:05+00:00","description":"Entdecke die malerische Atmosph\u00e4re in Barcelonas 7 sch\u00f6nsten K\u00fcstend\u00f6rfern! \ud83c\udfd6\ufe0f Genie\u00dfe das authentische Leben am Meer und erlebe unvergessliche Momente. Jetzt erkunden!","breadcrumb":{"@id":"https:\/\/www.lugaris.com\/de\/die-7-schonsten-kustendorfer-in-barcelona\/#breadcrumb"},"inLanguage":"de-DE","potentialAction":[{"@type":"ReadAction","target":["https:\/\/www.lugaris.com\/de\/die-7-schonsten-kustendorfer-in-barcelona\/"]}]},{"@type":"ImageObject","inLanguage":"de-DE","@id":"https:\/\/www.lugaris.com\/de\/die-7-schonsten-kustendorfer-in-barcelona\/#primaryimage","url":"https:\/\/www.lugaris.com\/app\/uploads\/2020\/05\/El-Masnou.jpg","contentUrl":"https:\/\/www.lugaris.com\/app\/uploads\/2020\/05\/El-Masnou.jpg","width":603,"height":401},{"@type":"BreadcrumbList","@id":"https:\/\/www.lugaris.com\/de\/die-7-schonsten-kustendorfer-in-barcelona\/#breadcrumb","itemListElement":[{"@type":"ListItem","position":1,"name":"Home","item":"https:\/\/www.lugaris.com\/de\/"},{"@type":"ListItem","position":2,"name":"DIE 7 SCH\u00d6NSTEN K\u00dcSTEND\u00d6RFER IN BARCELONA"}]},{"@type":"WebSite","@id":"https:\/\/www.lugaris.com\/de\/#website","url":"https:\/\/www.lugaris.com\/de\/","name":"Lugaris","description":"Apartamentos de vacaciones en Barcelona","publisher":{"@id":"https:\/\/www.lugaris.com\/de\/#organization"},"potentialAction":[{"@type":"SearchAction","target":{"@type":"EntryPoint","urlTemplate":"https:\/\/www.lugaris.com\/de\/?s={search_term_string}"},"query-input":"required name=search_term_string"}],"inLanguage":"de-DE"},{"@type":"Organization","@id":"https:\/\/www.lugaris.com\/de\/#organization","name":"Lugaris Apartments in Barcelona","url":"https:\/\/www.lugaris.com\/de\/","logo":{"@type":"ImageObject","inLanguage":"de-DE","@id":"https:\/\/www.lugaris.com\/de\/#\/schema\/logo\/image\/","url":"https:\/\/www.lugaris.com\/app\/uploads\/2020\/03\/Logo_lugaris_v2.png","contentUrl":"https:\/\/www.lugaris.com\/app\/uploads\/2020\/03\/Logo_lugaris_v2.png","width":285,"height":257,"caption":"Lugaris Apartments in Barcelona"},"image":{"@id":"https:\/\/www.lugaris.com\/de\/#\/schema\/logo\/image\/"}},{"@type":"Person","@id":"https:\/\/www.lugaris.com\/de\/#\/schema\/person\/a4b4909e5e26e647f8ee92b809f52077","name":"Carol","image":{"@type":"ImageObject","inLanguage":"de-DE","@id":"https:\/\/www.lugaris.com\/de\/#\/schema\/person\/image\/","url":"https:\/\/www.lugaris.com\/app\/litespeed\/avatar\/838ee79dab26d1d7647e49a172bc7c36.jpg?ver=1777478302","contentUrl":"https:\/\/www.lugaris.com\/app\/litespeed\/avatar\/838ee79dab26d1d7647e49a172bc7c36.jpg?ver=1777478302","caption":"Carol"}}]}},"uagb_featured_image_src":{"full":["https:\/\/www.lugaris.com\/app\/uploads\/2020\/05\/El-Masnou.jpg",603,401,false],"thumbnail":["https:\/\/www.lugaris.com\/app\/uploads\/2020\/05\/El-Masnou-150x150.jpg",150,150,true],"medium":["https:\/\/www.lugaris.com\/app\/uploads\/2020\/05\/El-Masnou-300x200.jpg",300,200,true],"medium_large":["https:\/\/www.lugaris.com\/app\/uploads\/2020\/05\/El-Masnou.jpg",603,401,false],"large":["https:\/\/www.lugaris.com\/app\/uploads\/2020\/05\/El-Masnou.jpg",603,401,false],"1536x1536":["https:\/\/www.lugaris.com\/app\/uploads\/2020\/05\/El-Masnou.jpg",603,401,false],"2048x2048":["https:\/\/www.lugaris.com\/app\/uploads\/2020\/05\/El-Masnou.jpg",603,401,false]},"uagb_author_info":{"display_name":"Carol","author_link":"https:\/\/www.lugaris.com\/de\/author\/cvb2-performance-es\/"},"uagb_comment_info":3,"uagb_excerpt":"Die Geschichte Barcelonas und die \u00fcberraschende Entwicklung sind eng mit dem Mittelmeer verbunden. Dieses Meer hat Barcelona nicht nur den offenen, multikulturellen und kosmopolitischen Geist verliehen","_links":{"self":[{"href":"https:\/\/www.lugaris.com\/de\/wp-json\/wp\/v2\/posts\/5168"}],"collection":[{"href":"https:\/\/www.lugaris.com\/de\/wp-json\/wp\/v2\/posts"}],"about":[{"href":"https:\/\/www.lugaris.com\/de\/wp-json\/wp\/v2\/types\/post"}],"author":[{"embeddable":true,"href":"https:\/\/www.lugaris.com\/de\/wp-json\/wp\/v2\/users\/7"}],"replies":[{"embeddable":true,"href":"https:\/\/www.lugaris.com\/de\/wp-json\/wp\/v2\/comments?post=5168"}],"version-history":[{"count":3,"href":"https:\/\/www.lugaris.com\/de\/wp-json\/wp\/v2\/posts\/5168\/revisions"}],"predecessor-version":[{"id":22669,"href":"https:\/\/www.lugaris.com\/de\/wp-json\/wp\/v2\/posts\/5168\/revisions\/22669"}],"wp:featuredmedia":[{"embeddable":true,"href":"https:\/\/www.lugaris.com\/de\/wp-json\/wp\/v2\/media\/5904"}],"wp:attachment":[{"href":"https:\/\/www.lugaris.com\/de\/wp-json\/wp\/v2\/media?parent=5168"}],"wp:term":[{"taxonomy":"category","embeddable":true,"href":"https:\/\/www.lugaris.com\/de\/wp-json\/wp\/v2\/categories?post=5168"},{"taxonomy":"post_tag","embeddable":true,"href":"https:\/\/www.lugaris.com\/de\/wp-json\/wp\/v2\/tags?post=5168"}],"curies":[{"name":"wp","href":"https:\/\/api.w.org\/{rel}","templated":true}]}}