{"id":5233,"date":"2020-06-02T07:34:25","date_gmt":"2020-06-02T07:34:25","guid":{"rendered":"https:\/\/www.lugaris.com\/?p=5233"},"modified":"2024-03-20T15:44:10","modified_gmt":"2024-03-20T15:44:10","slug":"bergdoerfer-rund-um-barcelona","status":"publish","type":"post","link":"https:\/\/www.lugaris.com\/de\/bergdoerfer-rund-um-barcelona\/","title":{"rendered":"DIE 7 SCH\u00d6NSTEN BERGD\u00d6RFER RUND UM BARCELONA"},"content":{"rendered":"\n<p class=\"\">Sie wissen nicht, ob Sie im Urlaub lieber ans Meer oder in die Berge fahren m\u00f6chten? Warum verbinden Sie nicht beides? Barcelona eignet sich perfekt daf\u00fcr, denn die Stadt liegt nicht nur am traumhaften Balearen Meer, sondern ist auf der anderen Seite umringt von sch\u00f6nen Bergen und einzigartiger Natur. Und in Barcelona erwarten Sie nicht nur herrliche&nbsp;<strong>5 km Stadtstrand<\/strong>, sondern ebenfalls atemberaubende&nbsp;<strong>K\u00fcstend\u00f6rfer der Provinz<\/strong>, in denen man ebenso Gebirge und beeindruckende Landschaften Spaniens genie\u00dfen kann.<\/p>\n\n\n\n<p class=\"\">Im Rahmen der&nbsp;<strong>Gebirgskette Collserola<\/strong>, die gr\u00f6\u00dfte Gr\u00fcnfl\u00e4che der Hauptstadt, beherbergt die Provinz noch viele weitere Berge, die Sie beeindrucken werden. Dazu z\u00e4hlen beispielsweise der Serralda de la Marina, el Montnegre, der Naturpark Sant Lloren\u00e7 del Munt i l\u2019Obac, das Gebirgsmassiv Montseny, las Guilleries, das Gebirge Castelltallat, der ber\u00fchmte Berg&nbsp;<a href=\"https:\/\/www.lugaris.com\/de\/was-sie-uber-einen-besuch-im-kloster-montserrat-wissen-sollten\/\">Montserrat<\/a>&nbsp;oder die Pyren\u00e4en. Neben ihrem unumstrittenen Charme sind die Orte ideal, um die&nbsp;<strong>Wanderwege Barcelonas<\/strong>&nbsp;zu genie\u00dfen. Wenn Sie jedoch lieber die fotogenen Landschaften mit l\u00e4ndlicher Architektur verbinden m\u00f6chten, dann laden wir Sie dazu ein, die sch\u00f6nsten Bergd\u00f6rfer Barcelonas zu entdecken.<\/p>\n\n\n\n<p class=\"\">Alle Ortschaften sind von unseren&nbsp;<a href=\"\/de\/apartments-in-barcelona\/\">Apartments am Strand von Barcelona<\/a>&nbsp;gut zu erreichen, weshalb sie eine wunderbare M\u00f6glichkeit sind, um einen Tagesausflug dorthin zu machen. Lesen Sie unsere folgenden Tipps und w\u00e4hlen Sie Ihren Favoriten!<\/p>\n\n\n\n<h2 class=\"wp-block-heading\">BAG\u00c0<\/h2>\n\n\n\n<p class=\"\">Obwohl wir bereits in unserem Artikel \u00fcber&nbsp;<a href=\"\/de\/mittelalterliche-doerfer-um-barcelona\/\"><strong>mittelalterliche D\u00f6rfer in Barcelona<\/strong><\/a>&nbsp;auf Bag\u00e0 hingewiesen haben, geh\u00f6rt der Ort auch hier erw\u00e4hnt. Lassen auch Sie sich begeistern! Im Tal des Flusses Bastareny, thront das Dorf in der Region Bergued\u00e0 in 786 m H\u00f6he.<\/p>\n\n\n\n<p class=\"\">Zu den architektonischen Highlights geh\u00f6rt die&nbsp;<strong>Kirche Sant Esteve<\/strong>&nbsp;im gotischen Stil, welche aus dem 14. Jahrhundert stammt. Ebenso sind der Platz Galceran de Pin\u00f3s, der Turm Portella und die Br\u00fccke Vela zu nennen. Es bietet sich an, hier die Zeit zu nutzen, um das&nbsp;<strong>Zentrum des Mittelalters und der Karthager<\/strong>&nbsp;kennenzulernen. Dort kann man eine Ausstellung \u00fcber die Karthager in&nbsp;<a href=\"\/de\/was-man-in-katalonien-sehen-sollte-7-beeindruckende-orte\/\">Katalonien<\/a>&nbsp;bestaunen. Man sollte au\u00dferdem nicht vergessen, dass durch die Ortschaft der&nbsp;<em>Cam\u00ed del Bons Homes<\/em>&nbsp;eine Wanderroute f\u00fchrt, die den Weg der Anh\u00e4nger dieser christlichen Str\u00f6mung in Katalonien darstellt.<\/p>\n\n\n\n<p class=\"\">Der&nbsp;<strong>Naturpark Cad\u00ed-Moixer\u00f3<\/strong>&nbsp;hingegen, der sich ganz in der N\u00e4he der Ski-Orte&nbsp;<strong>La Molina, Masella und el Coll de Pal<\/strong>&nbsp;befindet, lockt zudem viele Besucher, die die Berge und den Wintersport m\u00f6gen. Im Herbst kann man hier \u00fcbrigens super Pilze sammeln!<\/p>\n\n\n\n<figure class=\"wp-block-image\"><img decoding=\"async\" src=\"https:\/\/www.lugaris.com\/wp-content\/uploads\/2019\/03\/Bag%C3%A0.jpg\" alt=\"\"\/><\/figure>\n\n\n\n<h2 class=\"wp-block-heading\">CASTELLAR DE N\u2019HUG<\/h2>\n\n\n\n<p class=\"\">Sind Sie ein Naturliebhaber? Dann ist ein Ausflug nach Castellar de N\u2019Hug (Bergued\u00e0) von Barcelona aus (100 km) ein Muss. Die Hauptattraktionen sind die unbeschreiblichen&nbsp;<strong>Wasserf\u00e4lle von Llobregat<\/strong>, die von Schnee und Regen leben. Nehmen Sie sich auch Zeit, um die&nbsp;<strong>Kirche Santa Maria de Castellar de N\u2019Hug<\/strong>&nbsp;zu besichtigen, welche im romanischen Stil erbaut wurde und \u00fcber einen einzigartigen Glockenturm verf\u00fcgt. Eine weitere Sehensw\u00fcrdigkeit ist die&nbsp;<strong>Kirche Sant Vicen\u00e7&nbsp;de Rus<\/strong>&nbsp;aus dem 11. Jahrhundert oder die alte Zementfabrik Asland, eine modernistisch aussehnde Fabrik, deren Bau vom Unternehmer Eusebi G\u00fcell veranlasst wurde und in der sich heute ein&nbsp;<strong>Zementmuseum<\/strong>&nbsp;befindet. G\u00fcell war \u00fcbrigens einer der gr\u00f6\u00dften F\u00f6rderer der&nbsp;<a href=\"\/de\/alle-kunstwerke-von-gaudi-in-barcelona\/\">Kunstwerke von Antoni Gaud\u00ed in Barcelona<\/a>.<\/p>\n\n\n\n<p class=\"\">Haben Sie einen s\u00fc\u00dfen Zahn? Dann gehen Sie in die n\u00e4chste Dorfb\u00e4ckerei und kaufen Sie sich ein&nbsp;<strong>gigantisches Croissant<\/strong>. Ein echter Gaumenschmaus!<\/p>\n\n\n\n<figure class=\"wp-block-image\"><img decoding=\"async\" src=\"https:\/\/www.lugaris.com\/wp-content\/uploads\/2019\/03\/castellar_de_n_hug.jpg\" alt=\"\"\/><\/figure>\n\n\n\n<h2 class=\"wp-block-heading\">MONTSENY<\/h2>\n\n\n\n<p class=\"\">Auf unserer Liste darf einer der Sensationen f\u00fcr Touristen im Herzen Kataloniens nicht fehlen: Montseny in Vall\u00e8s Oriental, in einer H\u00f6he von 528 m s\u00fcdlich des Montseny-Massivs.&nbsp;<strong>1978 wurde der Ort von der UNESCO zum Biosph\u00e4renreservat ernannt<\/strong>.<\/p>\n\n\n\n<p class=\"\">&nbsp;Die Gemeinde hat knapp 320 Einwohner und gilt als Traumgegend f\u00fcr Wanderfreunde. Sie zieht sowohl Wanderfans als auch Bergsteiger an, da ebenfalls die&nbsp;<strong>Berge Matagalls und Les Agudes<\/strong>&nbsp;ganz in der N\u00e4he sind (1700 m). Familien k\u00f6nnen dort zudem traditionelle Feste des Ortes miterleben.<\/p>\n\n\n\n<p class=\"\">Weitere Sehensw\u00fcrdigkeiten, die man besuchen sollte, sind die&nbsp;<strong>Wallfahrtskapelle San Mar<\/strong><strong>\u00e7al de Montseny, die Kirche Dant Mart\u00ed und die Kirche Sant Juli\u00e0<\/strong>&nbsp;\u2013 Drei kleine romanische Bauwerke. Bestaunen Sie au\u00dferdem den monumentalen Baum, der im Zentrum des Dorfes thront und den Megalith mit dem Namen Estela de la Cama oder Sitja del Llop (Silo del Lobo) auf dem Pla de la Calma.<\/p>\n\n\n\n<figure class=\"wp-block-image\"><img decoding=\"async\" src=\"https:\/\/www.lugaris.com\/wp-content\/uploads\/2019\/03\/Montseny.jpg\" alt=\"\"\/><\/figure>\n\n\n\n<h2 class=\"wp-block-heading\">MURA<\/h2>\n\n\n\n<p class=\"\">Weiter geht\u2019s in die Gegend von Bages, im Herzen Kataloniens, wo sich noch ein anderes malerisches Dorf befindet: Mura. Es liegt im&nbsp;<strong>Naturpark Sant Lloren<\/strong><strong>\u00e7<\/strong><strong>&nbsp;del Munt i l\u2019Obac<\/strong>, 454 m \u00fcber dem Meeresspiegel. In diesem Bergdorf scheint es, als w\u00fcrde die Zeit stillstehen. \u00dcberzeugen Sie sich selbst!<\/p>\n\n\n\n<p class=\"\">Zu den Touristenattraktionen z\u00e4hlt zweifelsohne die&nbsp;<strong>Kirche Sant Mart\u00ed<\/strong>&nbsp;mit einem spektakul\u00e4ren Portal, ein romanisches Bauwerk aus dem XI. und XII. Jahrhundert. Ebenso ist hier der&nbsp;<strong>Paseo de Camil Antonietti<\/strong>, der mit beeindruckenden Gew\u00f6lben geschm\u00fcckt ist. In der Dorfumgebung k\u00f6nnen Sie sich an den 70 Brunnen oder den interessanten K\u00fcbeln erfrischen, welche die gro\u00dfe Bedeutung des Weines in der Gegend beweisen.<\/p>\n\n\n\n<p class=\"\">Au\u00dferhalb der Altstadt erwartet Sie das&nbsp;<strong>Museumshaus Mol\u00ed del Mig<\/strong>, welches in einer M\u00fchle aus dem 11. Jahrhundert liegt. Bis zum 20. Jahrhundert war diese M\u00fchle in Betrieb und wurde als Mehl-, \u00d6l-, Wein- und Strom-M\u00fchle genutzt. Besichtigen Sie auch das Bauernanwesen&nbsp;<strong>Puig de la Balma<\/strong>, das in einen Felsen eingebaut wurde.<\/p>\n\n\n\n<figure class=\"wp-block-image\"><img decoding=\"async\" src=\"https:\/\/www.lugaris.com\/wp-content\/uploads\/2019\/03\/Mura.jpg\" alt=\"\"\/><\/figure>\n\n\n\n<h2 class=\"wp-block-heading\">PONTONS<\/h2>\n\n\n\n<p class=\"\">Obwohl Pontons mit seinen 453 Einwohnern weniger touristisch ist als die vorherigen Orte, ist es eines der Bergd\u00f6rfer Barcelonas, das auf jeden Fall einen Besuch wert ist. Im Nordwesten von Alt Pened\u00e8s liegt es in unmittelbarer N\u00e4he zu den Gemeinden Barcelonas Torrelles de Foix und La Llacuna, sowie zu den Gemeinden Tarragonas Montmell, Querol und Aiguam\u00farcia, wo sich das spektakul\u00e4re&nbsp;<strong>Kloster Santes Creus<\/strong>&nbsp;befindet.<\/p>\n\n\n\n<p class=\"\">In Pontons empfehlen wir Ihnen, die wundersch\u00f6ne romanische&nbsp;<strong>Kirche Santa Magdalena<\/strong>&nbsp;zu besichtigen. Obwohl sie im 13. Jahrhundert wiederaufgebaut wurde, sind noch ein paar originale Fassaden erhalten. Besuchen Sie ebenso die alte&nbsp;<strong>Burg von Pontons<\/strong>, welche im 17. Jahrhundert in ein Bauernhaus integriert wurde.<\/p>\n\n\n\n<p class=\"\">Die&nbsp;<strong>Kapelle San Juan de la Monta<\/strong><strong>\u00f1a<\/strong>&nbsp;war das Gottesdienstzentrum der neuen Burg, deren Urspr\u00fcnge bis ins 11. Jahrhundert zur\u00fcckreichen. Im romanischen Stil verf\u00fcgt sie \u00fcber ein einziges gew\u00f6lbtes Kirchenschiff und eine halbkreisf\u00f6rmige Apsis, die mit lombardischen B\u00f6gen verziert ist.<\/p>\n\n\n\n<figure class=\"wp-block-image\"><img decoding=\"async\" src=\"https:\/\/www.lugaris.com\/wp-content\/uploads\/2019\/03\/Pontons.jpg\" alt=\"\"\/><\/figure>\n\n\n\n<h2 class=\"wp-block-heading\">SALDES<\/h2>\n\n\n\n<p class=\"\">Zur\u00fcck nach Bergued\u00e0, wo sich auf 1215 m das Dorf Saldes erhebt. Die meisten Besucher sind Trekking-Fans, da man in dieser Gegend Bergpfade aller Schwierigkeitsgrade findet.<\/p>\n\n\n\n<p class=\"\">Saldes bietet au\u00dferdem ein monumentales Erbe: Die&nbsp;<strong>Kirche Sant Mart\u00ed<\/strong>&nbsp;im romanischen Stil und mit einem Bild der Mare de D\u00e9u del Gresolet, die&nbsp;<strong>Burg<\/strong>&nbsp;und die Reste des alten&nbsp;<strong>Klosters Sant Sebasti\u00e0 de Sull<\/strong>.<\/p>\n\n\n\n<p class=\"\">Das Highlight des Dorfes ist jedoch seine atemberaubende Landschaft. Besuchen Sie unbedingt den Aussichtspunkt&nbsp;<strong>Gresolet<\/strong>, auch Aussichtspunkt&nbsp;<strong>Pedraforca&nbsp;<\/strong>genannt (2445 m). Der Berg und sein einzigartiges Profil sind eines der Wahrzeichen der Gegend. Des Weiteren empfehlen wir Ihnen, den&nbsp;<strong>Park Palomera<\/strong>&nbsp;und den&nbsp;<strong>Naturpark Cad\u00ed-Moixer\u00f3<\/strong>&nbsp;zu besuchen.<\/p>\n\n\n\n<figure class=\"wp-block-image\"><img decoding=\"async\" src=\"https:\/\/www.lugaris.com\/wp-content\/uploads\/2019\/03\/Saldes.jpg\" alt=\"\"\/><\/figure>\n\n\n\n<h2 class=\"wp-block-heading\">TAVERTET<\/h2>\n\n\n\n<p class=\"\">Wir beenden unsere Reise durch die Bergd\u00f6rfer Barcelonas 103 km von der Stadt entfernt: In Tavertet. Ein Bergdorf, das zu Osona geh\u00f6rt, im Norden an das Naturgebiet Collsacabra und im S\u00fcden an die Guilleries grenzt.<\/p>\n\n\n\n<p class=\"\">Die uralte Isolation der kleinen Ortschaft (eine Stra\u00dfe gab es dort erst ab der zweiten H\u00e4lfte des 20. Jahrhunderts), sowie die herrlichen Waldlandschaften und Bergschluchten, die sie umgeben, verleihen ihr einen einzigartigen Reiz.<\/p>\n\n\n\n<p class=\"\">Der Stadtkern&nbsp;<strong>verf\u00fcgte bis vor Kurzem nur \u00fcber drei Stra\u00dfen<\/strong>, deren Namen alle auf einem System basierten: Calle de Arriba, Calle del Medio und Calle de Abajo. Viele der sch\u00f6nen Steinh\u00e4user sind auch heute noch gut erhalten und stehen neben neueren Geb\u00e4uden, was einen echten Stilmix als Effekt hat.<\/p>\n\n\n\n<p class=\"\">In der Umgebung findet man mehrere Wildb\u00e4che, die von Collsacabra herabst\u00fcrzen, sowie unglaubliche&nbsp;<strong>Wasserf\u00e4lle<\/strong>, wie den Noguer und den Mol\u00ed Bernat. Ebenfalls sehenswert ist der Cua de Cavall im Torrente de la Sima und der Wasserfall von Sallent in der N\u00e4he von&nbsp;<strong>Rupit<\/strong>.<\/p>\n\n\n\n<p class=\"\">\u00dcbrigens: Wussten Sie, dass der Philosoph und Theologe Raimon Panikkar seinen Lebensabend in Tavertet verbrachte?<\/p>\n\n\n\n<figure class=\"wp-block-image\"><img decoding=\"async\" src=\"https:\/\/www.lugaris.com\/wp-content\/uploads\/2019\/03\/Tavertet.jpg\" alt=\"\"\/><\/figure>\n\n\n\n<p class=\"\">Wir hoffen, unsere Tipps f\u00fcr die sch\u00f6nsten Bergd\u00f6rfer in Barcelona haben Sie \u00fcberzeugt. Buchen Sie unsere&nbsp;<a href=\"\/de\/lugaris-rambla-fuer-2-5-personen-premium-mit-terrasse\/\">Apartments mit Terrasse<\/a>&nbsp;und bereiten Sie sich auf beeindruckende Ausfl\u00fcge vor. Alternativ k\u00f6nnen Sie auch den&nbsp;<a href=\"\/de\/der-jakobsweg-in-barcelona\/\">Jakobsweg in Barcelona<\/a>&nbsp;erkunden oder&nbsp;<a href=\"\/de\/entdecken-sie-mittelalterliche-bauwerke-in-barcelona\/\">mittelalterliche Bauwerke<\/a>&nbsp;entdecken. Zu viel Action? Kein Problem! Genie\u00dfen Sie die&nbsp;<a href=\"\/de\/die-besten-tapas-bars-in-barcelona\/\">besten Tapas Barcelonas<\/a>&nbsp;oder entspannen Sie einfach am&nbsp;<a href=\"https:\/\/www.lugaris.com\/de\/10-strande-barcelonas\/\">Strand<\/a>&nbsp;von Barcelona. In der katalanischen Hauptstadt ist f\u00fcr jede Laune etwas dabei!<\/p>\n","protected":false},"excerpt":{"rendered":"<p>Sie wissen nicht, ob Sie im Urlaub lieber ans Meer oder in die Berge fahren m\u00f6chten? Warum verbinden Sie nicht beides? Barcelona eignet sich perfekt daf\u00fcr, denn die Stadt liegt nicht nur am traumhaften Balearen Meer<\/p>\n","protected":false},"author":7,"featured_media":6565,"comment_status":"open","ping_status":"open","sticky":false,"template":"","format":"standard","meta":{"_uag_custom_page_level_css":"","footnotes":""},"categories":[117,116],"tags":[153,151,152,150,146],"yoast_head":"<!-- This site is optimized with the Yoast SEO plugin v23.1 - https:\/\/yoast.com\/wordpress\/plugins\/seo\/ -->\n<title>DIE 7 SCH\u00d6NSTEN BERGD\u00d6RFER RUND UM BARCELONA | Lugaris<\/title>\n<meta name=\"description\" content=\"Die charmanten Bergd\u00f6rfer rund um Barcelona entdecken! \u26f0\ufe0f Erlebe die authentische Seite der Region! Jetzt erkunden!\" \/>\n<meta name=\"robots\" content=\"index, follow, max-snippet:-1, max-image-preview:large, max-video-preview:-1\" \/>\n<link rel=\"canonical\" href=\"https:\/\/www.lugaris.com\/de\/bergdoerfer-rund-um-barcelona\/\" \/>\n<meta property=\"og:locale\" content=\"de_DE\" \/>\n<meta property=\"og:type\" content=\"article\" \/>\n<meta property=\"og:title\" content=\"DIE 7 SCH\u00d6NSTEN BERGD\u00d6RFER RUND UM BARCELONA | Lugaris\" \/>\n<meta property=\"og:description\" content=\"Die charmanten Bergd\u00f6rfer rund um Barcelona entdecken! \u26f0\ufe0f Erlebe die authentische Seite der Region! Jetzt erkunden!\" \/>\n<meta property=\"og:url\" content=\"https:\/\/www.lugaris.com\/de\/bergdoerfer-rund-um-barcelona\/\" \/>\n<meta property=\"og:site_name\" content=\"Lugaris\" \/>\n<meta property=\"article:published_time\" content=\"2020-06-02T07:34:25+00:00\" \/>\n<meta property=\"article:modified_time\" content=\"2024-03-20T15:44:10+00:00\" \/>\n<meta property=\"og:image\" content=\"https:\/\/www.lugaris.com\/app\/uploads\/2020\/05\/Saldes.jpg\" \/>\n\t<meta property=\"og:image:width\" content=\"640\" \/>\n\t<meta property=\"og:image:height\" content=\"362\" \/>\n\t<meta property=\"og:image:type\" content=\"image\/jpeg\" \/>\n<meta name=\"author\" content=\"Carol\" \/>\n<meta name=\"twitter:card\" content=\"summary_large_image\" \/>\n<meta name=\"twitter:label1\" content=\"Written by\" \/>\n\t<meta name=\"twitter:data1\" content=\"Carol\" \/>\n\t<meta name=\"twitter:label2\" content=\"Est. reading time\" \/>\n\t<meta name=\"twitter:data2\" content=\"8 minutes\" \/>\n<script type=\"application\/ld+json\" class=\"yoast-schema-graph\">{\"@context\":\"https:\/\/schema.org\",\"@graph\":[{\"@type\":\"Article\",\"@id\":\"https:\/\/www.lugaris.com\/de\/bergdoerfer-rund-um-barcelona\/#article\",\"isPartOf\":{\"@id\":\"https:\/\/www.lugaris.com\/de\/bergdoerfer-rund-um-barcelona\/\"},\"author\":{\"name\":\"Carol\",\"@id\":\"https:\/\/www.lugaris.com\/de\/#\/schema\/person\/a4b4909e5e26e647f8ee92b809f52077\"},\"headline\":\"DIE 7 SCH\u00d6NSTEN BERGD\u00d6RFER RUND UM BARCELONA\",\"datePublished\":\"2020-06-02T07:34:25+00:00\",\"dateModified\":\"2024-03-20T15:44:10+00:00\",\"mainEntityOfPage\":{\"@id\":\"https:\/\/www.lugaris.com\/de\/bergdoerfer-rund-um-barcelona\/\"},\"wordCount\":1502,\"commentCount\":0,\"publisher\":{\"@id\":\"https:\/\/www.lugaris.com\/de\/#organization\"},\"image\":{\"@id\":\"https:\/\/www.lugaris.com\/de\/bergdoerfer-rund-um-barcelona\/#primaryimage\"},\"thumbnailUrl\":\"https:\/\/www.lugaris.com\/app\/uploads\/2020\/05\/Saldes.jpg\",\"keywords\":[\"Geschichte von Barcelona\",\"Umgebung von Barcelona\",\"Tagesausfl\u00fcge aus Barcelona\",\"Natur in Barcelona\",\"Essen in Barcelona\"],\"articleSection\":[\"Freizeit in Barcelona\",\"Barcelona\"],\"inLanguage\":\"de-DE\",\"potentialAction\":[{\"@type\":\"CommentAction\",\"name\":\"Comment\",\"target\":[\"https:\/\/www.lugaris.com\/de\/bergdoerfer-rund-um-barcelona\/#respond\"]}]},{\"@type\":\"WebPage\",\"@id\":\"https:\/\/www.lugaris.com\/de\/bergdoerfer-rund-um-barcelona\/\",\"url\":\"https:\/\/www.lugaris.com\/de\/bergdoerfer-rund-um-barcelona\/\",\"name\":\"DIE 7 SCH\u00d6NSTEN BERGD\u00d6RFER RUND UM BARCELONA | Lugaris\",\"isPartOf\":{\"@id\":\"https:\/\/www.lugaris.com\/de\/#website\"},\"primaryImageOfPage\":{\"@id\":\"https:\/\/www.lugaris.com\/de\/bergdoerfer-rund-um-barcelona\/#primaryimage\"},\"image\":{\"@id\":\"https:\/\/www.lugaris.com\/de\/bergdoerfer-rund-um-barcelona\/#primaryimage\"},\"thumbnailUrl\":\"https:\/\/www.lugaris.com\/app\/uploads\/2020\/05\/Saldes.jpg\",\"datePublished\":\"2020-06-02T07:34:25+00:00\",\"dateModified\":\"2024-03-20T15:44:10+00:00\",\"description\":\"Die charmanten Bergd\u00f6rfer rund um Barcelona entdecken! \u26f0\ufe0f Erlebe die authentische Seite der Region! Jetzt erkunden!\",\"breadcrumb\":{\"@id\":\"https:\/\/www.lugaris.com\/de\/bergdoerfer-rund-um-barcelona\/#breadcrumb\"},\"inLanguage\":\"de-DE\",\"potentialAction\":[{\"@type\":\"ReadAction\",\"target\":[\"https:\/\/www.lugaris.com\/de\/bergdoerfer-rund-um-barcelona\/\"]}]},{\"@type\":\"ImageObject\",\"inLanguage\":\"de-DE\",\"@id\":\"https:\/\/www.lugaris.com\/de\/bergdoerfer-rund-um-barcelona\/#primaryimage\",\"url\":\"https:\/\/www.lugaris.com\/app\/uploads\/2020\/05\/Saldes.jpg\",\"contentUrl\":\"https:\/\/www.lugaris.com\/app\/uploads\/2020\/05\/Saldes.jpg\",\"width\":640,\"height\":362},{\"@type\":\"BreadcrumbList\",\"@id\":\"https:\/\/www.lugaris.com\/de\/bergdoerfer-rund-um-barcelona\/#breadcrumb\",\"itemListElement\":[{\"@type\":\"ListItem\",\"position\":1,\"name\":\"Home\",\"item\":\"https:\/\/www.lugaris.com\/de\/\"},{\"@type\":\"ListItem\",\"position\":2,\"name\":\"DIE 7 SCH\u00d6NSTEN BERGD\u00d6RFER RUND UM BARCELONA\"}]},{\"@type\":\"WebSite\",\"@id\":\"https:\/\/www.lugaris.com\/de\/#website\",\"url\":\"https:\/\/www.lugaris.com\/de\/\",\"name\":\"Lugaris\",\"description\":\"Apartamentos de vacaciones en Barcelona\",\"publisher\":{\"@id\":\"https:\/\/www.lugaris.com\/de\/#organization\"},\"potentialAction\":[{\"@type\":\"SearchAction\",\"target\":{\"@type\":\"EntryPoint\",\"urlTemplate\":\"https:\/\/www.lugaris.com\/de\/?s={search_term_string}\"},\"query-input\":\"required name=search_term_string\"}],\"inLanguage\":\"de-DE\"},{\"@type\":\"Organization\",\"@id\":\"https:\/\/www.lugaris.com\/de\/#organization\",\"name\":\"Lugaris Apartments in Barcelona\",\"url\":\"https:\/\/www.lugaris.com\/de\/\",\"logo\":{\"@type\":\"ImageObject\",\"inLanguage\":\"de-DE\",\"@id\":\"https:\/\/www.lugaris.com\/de\/#\/schema\/logo\/image\/\",\"url\":\"https:\/\/www.lugaris.com\/app\/uploads\/2020\/03\/Logo_lugaris_v2.png\",\"contentUrl\":\"https:\/\/www.lugaris.com\/app\/uploads\/2020\/03\/Logo_lugaris_v2.png\",\"width\":285,\"height\":257,\"caption\":\"Lugaris Apartments in Barcelona\"},\"image\":{\"@id\":\"https:\/\/www.lugaris.com\/de\/#\/schema\/logo\/image\/\"}},{\"@type\":\"Person\",\"@id\":\"https:\/\/www.lugaris.com\/de\/#\/schema\/person\/a4b4909e5e26e647f8ee92b809f52077\",\"name\":\"Carol\",\"image\":{\"@type\":\"ImageObject\",\"inLanguage\":\"de-DE\",\"@id\":\"https:\/\/www.lugaris.com\/de\/#\/schema\/person\/image\/\",\"url\":\"https:\/\/www.lugaris.com\/app\/litespeed\/avatar\/838ee79dab26d1d7647e49a172bc7c36.jpg?ver=1777478302\",\"contentUrl\":\"https:\/\/www.lugaris.com\/app\/litespeed\/avatar\/838ee79dab26d1d7647e49a172bc7c36.jpg?ver=1777478302\",\"caption\":\"Carol\"}}]}<\/script>\n<!-- \/ Yoast SEO plugin. -->","yoast_head_json":{"title":"DIE 7 SCH\u00d6NSTEN BERGD\u00d6RFER RUND UM BARCELONA | Lugaris","description":"Die charmanten Bergd\u00f6rfer rund um Barcelona entdecken! \u26f0\ufe0f Erlebe die authentische Seite der Region! Jetzt erkunden!","robots":{"index":"index","follow":"follow","max-snippet":"max-snippet:-1","max-image-preview":"max-image-preview:large","max-video-preview":"max-video-preview:-1"},"canonical":"https:\/\/www.lugaris.com\/de\/bergdoerfer-rund-um-barcelona\/","og_locale":"de_DE","og_type":"article","og_title":"DIE 7 SCH\u00d6NSTEN BERGD\u00d6RFER RUND UM BARCELONA | Lugaris","og_description":"Die charmanten Bergd\u00f6rfer rund um Barcelona entdecken! \u26f0\ufe0f Erlebe die authentische Seite der Region! Jetzt erkunden!","og_url":"https:\/\/www.lugaris.com\/de\/bergdoerfer-rund-um-barcelona\/","og_site_name":"Lugaris","article_published_time":"2020-06-02T07:34:25+00:00","article_modified_time":"2024-03-20T15:44:10+00:00","og_image":[{"width":640,"height":362,"url":"https:\/\/www.lugaris.com\/app\/uploads\/2020\/05\/Saldes.jpg","type":"image\/jpeg"}],"author":"Carol","twitter_card":"summary_large_image","twitter_misc":{"Written by":"Carol","Est. reading time":"8 minutes"},"schema":{"@context":"https:\/\/schema.org","@graph":[{"@type":"Article","@id":"https:\/\/www.lugaris.com\/de\/bergdoerfer-rund-um-barcelona\/#article","isPartOf":{"@id":"https:\/\/www.lugaris.com\/de\/bergdoerfer-rund-um-barcelona\/"},"author":{"name":"Carol","@id":"https:\/\/www.lugaris.com\/de\/#\/schema\/person\/a4b4909e5e26e647f8ee92b809f52077"},"headline":"DIE 7 SCH\u00d6NSTEN BERGD\u00d6RFER RUND UM BARCELONA","datePublished":"2020-06-02T07:34:25+00:00","dateModified":"2024-03-20T15:44:10+00:00","mainEntityOfPage":{"@id":"https:\/\/www.lugaris.com\/de\/bergdoerfer-rund-um-barcelona\/"},"wordCount":1502,"commentCount":0,"publisher":{"@id":"https:\/\/www.lugaris.com\/de\/#organization"},"image":{"@id":"https:\/\/www.lugaris.com\/de\/bergdoerfer-rund-um-barcelona\/#primaryimage"},"thumbnailUrl":"https:\/\/www.lugaris.com\/app\/uploads\/2020\/05\/Saldes.jpg","keywords":["Geschichte von Barcelona","Umgebung von Barcelona","Tagesausfl\u00fcge aus Barcelona","Natur in Barcelona","Essen in Barcelona"],"articleSection":["Freizeit in Barcelona","Barcelona"],"inLanguage":"de-DE","potentialAction":[{"@type":"CommentAction","name":"Comment","target":["https:\/\/www.lugaris.com\/de\/bergdoerfer-rund-um-barcelona\/#respond"]}]},{"@type":"WebPage","@id":"https:\/\/www.lugaris.com\/de\/bergdoerfer-rund-um-barcelona\/","url":"https:\/\/www.lugaris.com\/de\/bergdoerfer-rund-um-barcelona\/","name":"DIE 7 SCH\u00d6NSTEN BERGD\u00d6RFER RUND UM BARCELONA | Lugaris","isPartOf":{"@id":"https:\/\/www.lugaris.com\/de\/#website"},"primaryImageOfPage":{"@id":"https:\/\/www.lugaris.com\/de\/bergdoerfer-rund-um-barcelona\/#primaryimage"},"image":{"@id":"https:\/\/www.lugaris.com\/de\/bergdoerfer-rund-um-barcelona\/#primaryimage"},"thumbnailUrl":"https:\/\/www.lugaris.com\/app\/uploads\/2020\/05\/Saldes.jpg","datePublished":"2020-06-02T07:34:25+00:00","dateModified":"2024-03-20T15:44:10+00:00","description":"Die charmanten Bergd\u00f6rfer rund um Barcelona entdecken! \u26f0\ufe0f Erlebe die authentische Seite der Region! Jetzt erkunden!","breadcrumb":{"@id":"https:\/\/www.lugaris.com\/de\/bergdoerfer-rund-um-barcelona\/#breadcrumb"},"inLanguage":"de-DE","potentialAction":[{"@type":"ReadAction","target":["https:\/\/www.lugaris.com\/de\/bergdoerfer-rund-um-barcelona\/"]}]},{"@type":"ImageObject","inLanguage":"de-DE","@id":"https:\/\/www.lugaris.com\/de\/bergdoerfer-rund-um-barcelona\/#primaryimage","url":"https:\/\/www.lugaris.com\/app\/uploads\/2020\/05\/Saldes.jpg","contentUrl":"https:\/\/www.lugaris.com\/app\/uploads\/2020\/05\/Saldes.jpg","width":640,"height":362},{"@type":"BreadcrumbList","@id":"https:\/\/www.lugaris.com\/de\/bergdoerfer-rund-um-barcelona\/#breadcrumb","itemListElement":[{"@type":"ListItem","position":1,"name":"Home","item":"https:\/\/www.lugaris.com\/de\/"},{"@type":"ListItem","position":2,"name":"DIE 7 SCH\u00d6NSTEN BERGD\u00d6RFER RUND UM BARCELONA"}]},{"@type":"WebSite","@id":"https:\/\/www.lugaris.com\/de\/#website","url":"https:\/\/www.lugaris.com\/de\/","name":"Lugaris","description":"Apartamentos de vacaciones en Barcelona","publisher":{"@id":"https:\/\/www.lugaris.com\/de\/#organization"},"potentialAction":[{"@type":"SearchAction","target":{"@type":"EntryPoint","urlTemplate":"https:\/\/www.lugaris.com\/de\/?s={search_term_string}"},"query-input":"required name=search_term_string"}],"inLanguage":"de-DE"},{"@type":"Organization","@id":"https:\/\/www.lugaris.com\/de\/#organization","name":"Lugaris Apartments in Barcelona","url":"https:\/\/www.lugaris.com\/de\/","logo":{"@type":"ImageObject","inLanguage":"de-DE","@id":"https:\/\/www.lugaris.com\/de\/#\/schema\/logo\/image\/","url":"https:\/\/www.lugaris.com\/app\/uploads\/2020\/03\/Logo_lugaris_v2.png","contentUrl":"https:\/\/www.lugaris.com\/app\/uploads\/2020\/03\/Logo_lugaris_v2.png","width":285,"height":257,"caption":"Lugaris Apartments in Barcelona"},"image":{"@id":"https:\/\/www.lugaris.com\/de\/#\/schema\/logo\/image\/"}},{"@type":"Person","@id":"https:\/\/www.lugaris.com\/de\/#\/schema\/person\/a4b4909e5e26e647f8ee92b809f52077","name":"Carol","image":{"@type":"ImageObject","inLanguage":"de-DE","@id":"https:\/\/www.lugaris.com\/de\/#\/schema\/person\/image\/","url":"https:\/\/www.lugaris.com\/app\/litespeed\/avatar\/838ee79dab26d1d7647e49a172bc7c36.jpg?ver=1777478302","contentUrl":"https:\/\/www.lugaris.com\/app\/litespeed\/avatar\/838ee79dab26d1d7647e49a172bc7c36.jpg?ver=1777478302","caption":"Carol"}}]}},"uagb_featured_image_src":{"full":["https:\/\/www.lugaris.com\/app\/uploads\/2020\/05\/Saldes.jpg",640,362,false],"thumbnail":["https:\/\/www.lugaris.com\/app\/uploads\/2020\/05\/Saldes-150x150.jpg",150,150,true],"medium":["https:\/\/www.lugaris.com\/app\/uploads\/2020\/05\/Saldes-300x170.jpg",300,170,true],"medium_large":["https:\/\/www.lugaris.com\/app\/uploads\/2020\/05\/Saldes.jpg",640,362,false],"large":["https:\/\/www.lugaris.com\/app\/uploads\/2020\/05\/Saldes.jpg",640,362,false],"1536x1536":["https:\/\/www.lugaris.com\/app\/uploads\/2020\/05\/Saldes.jpg",640,362,false],"2048x2048":["https:\/\/www.lugaris.com\/app\/uploads\/2020\/05\/Saldes.jpg",640,362,false]},"uagb_author_info":{"display_name":"Carol","author_link":"https:\/\/www.lugaris.com\/de\/author\/cvb2-performance-es\/"},"uagb_comment_info":0,"uagb_excerpt":"Sie wissen nicht, ob Sie im Urlaub lieber ans Meer oder in die Berge fahren m\u00f6chten? Warum verbinden Sie nicht beides? Barcelona eignet sich perfekt daf\u00fcr, denn die Stadt liegt nicht nur am traumhaften Balearen Meer","_links":{"self":[{"href":"https:\/\/www.lugaris.com\/de\/wp-json\/wp\/v2\/posts\/5233"}],"collection":[{"href":"https:\/\/www.lugaris.com\/de\/wp-json\/wp\/v2\/posts"}],"about":[{"href":"https:\/\/www.lugaris.com\/de\/wp-json\/wp\/v2\/types\/post"}],"author":[{"embeddable":true,"href":"https:\/\/www.lugaris.com\/de\/wp-json\/wp\/v2\/users\/7"}],"replies":[{"embeddable":true,"href":"https:\/\/www.lugaris.com\/de\/wp-json\/wp\/v2\/comments?post=5233"}],"version-history":[{"count":4,"href":"https:\/\/www.lugaris.com\/de\/wp-json\/wp\/v2\/posts\/5233\/revisions"}],"predecessor-version":[{"id":22843,"href":"https:\/\/www.lugaris.com\/de\/wp-json\/wp\/v2\/posts\/5233\/revisions\/22843"}],"wp:featuredmedia":[{"embeddable":true,"href":"https:\/\/www.lugaris.com\/de\/wp-json\/wp\/v2\/media\/6565"}],"wp:attachment":[{"href":"https:\/\/www.lugaris.com\/de\/wp-json\/wp\/v2\/media?parent=5233"}],"wp:term":[{"taxonomy":"category","embeddable":true,"href":"https:\/\/www.lugaris.com\/de\/wp-json\/wp\/v2\/categories?post=5233"},{"taxonomy":"post_tag","embeddable":true,"href":"https:\/\/www.lugaris.com\/de\/wp-json\/wp\/v2\/tags?post=5233"}],"curies":[{"name":"wp","href":"https:\/\/api.w.org\/{rel}","templated":true}]}}