{"id":7441,"date":"2020-05-08T13:06:30","date_gmt":"2020-05-08T13:06:30","guid":{"rendered":"https:\/\/www.lugaris.com\/descubre-los-edificios-medievales-de-barcelona\/"},"modified":"2024-03-21T13:50:35","modified_gmt":"2024-03-21T13:50:35","slug":"entdecken-sie-mittelalterliche-bauwerke-in-barcelona","status":"publish","type":"post","link":"https:\/\/www.lugaris.com\/de\/entdecken-sie-mittelalterliche-bauwerke-in-barcelona\/","title":{"rendered":"Entdecken sie mittelalterliche bauwerke in Barcelona"},"content":{"rendered":"\n<p class=\"\">Das&nbsp;<strong>Mittelalter war eine sowohl angsteinfl\u00f6\u00dfende als auch glanzvolle Epoche<\/strong>&nbsp;f\u00fcr die katalanische Hauptstadt. Die r\u00f6mische Kolonie<em>&nbsp;Barcino<\/em>&nbsp;widersetzte sich der muslimischen Invasion, um nach der Gr\u00fcndung des karolingischen Reiches zur gr\u00e4flichen Stadt zu werden. Wilfredo der Haarige (Guifr\u00e9 el Pil\u00f3s) begann die fr\u00fchere Familienlinie des Hauses von Barcelona als die vorherige Supermacht zusammenbrach. Sie wurde zur wichtigsten Grafschaft des katalanischen Landes, die die \u00c4ra des kommerziellen Wachstums und der politischen Relevanz f\u00fcr die Stadt einleitete.<\/p>\n\n\n\n<p class=\"\">Auf diese Weise bewirkte das Wachstum des mittelalterlichen Barcelonas, dass au\u00dferhalb der r\u00f6mischen Mauern, von denen auch heute noch einige zu bestaunen sind, viele neue Geb\u00e4ude erbaut wurden. Interessiert Sie die Geschichte und m\u00f6chten Sie die \u00dcberreste des Mittelalters, die diese gr\u00e4fliche Stadt verbirgt, entdecken? Dann lesen Sie diesen Artikel weiter und erfahren Sie mehr \u00fcber&nbsp;<strong>mittelalterliche Bauwerke in Barcelona<\/strong>.<a href=\"https:\/\/www.lugaris.com\/?utm_source=blog_es&amp;utm_medium=banner&amp;utm_campaign=728x90_edificios_medievales\" target=\"_blank\" rel=\"noreferrer noopener\"><\/a><\/p>\n\n\n\n<h2 class=\"wp-block-heading\">STRASSEN DES MITTELALTERLICHEN BARCELONA<\/h2>\n\n\n\n<p class=\"\">Die r\u00f6mische Stadt&nbsp;<em>Barcino<\/em>&nbsp;wurde schnell zu klein f\u00fcr die mittelalterlichen Einwohner Barcelonas. Deshalb hat man begonnen, au\u00dferhalb der Mauern zu bauen, wo zu der Zeit nur Landfl\u00e4che war. Trotzdem fanden die Hauptaktivit\u00e4ten im Stadtzentrum statt, weshalb man bei der Suche nach&nbsp;<strong>Stra\u00dfen des mittelalterlichen Barcelonas<\/strong>&nbsp;haupts\u00e4chlich im&nbsp;<a href=\"\/de\/die-geheimnisse-des-gotischen-stadtviertels-von-barcelona\/\"><em>Barrio G\u00f3tico<\/em><\/a>&nbsp;f\u00fcndig wird \u2013 auch wenn viele Geb\u00e4ude nicht aus der besagten Zeit stammen.<\/p>\n\n\n\n<h3 class=\"wp-block-heading\">Call jueu<\/h3>\n\n\n\n<p class=\"\">M\u00f6glicherweise wissen Sie nicht, dass der Gro\u00dfteil der Geb\u00e4ude im&nbsp;<em>Barrio G\u00f3tico<\/em>&nbsp;in Barcelona nicht aus dem Mittelalter stammt. Die Bauwerke der Altstadt wurden w\u00e4hrend des Erbfolgekrieges 1714 vollst\u00e4ndig oder teilweise zerst\u00f6rt. Jedoch wurden Ende des XIX. Jahrhunderts&nbsp;<strong>viele \u00dcberreste dieser Epoche wiederaufgebaut<\/strong>. So boten sie den gotischen Denkm\u00e4lern Schutz, die au\u00dferdem zu touristischen Zwecken dienten. Die meisten Geb\u00e4ude in der Gegend wurden somit im neugotischen Stil rekonstruiert. Die Stra\u00dfen, in denen sich das j\u00fcdische Viertel befindet, bewahren bis heute die Essenz der Religionsgemeinschaft, die bis 1391 in diesem Stadtteil lebte. In der&nbsp;<strong><em>Marlet<\/em>-Stra\u00dfe<\/strong>&nbsp;kann man beispielsweise die \u00dcberreste einer der angeblich \u00e4ltesten Synagogen Europas bestaunen (III. Jahrhundert nach Chr.). In der&nbsp;<strong><em>Sant Dom\u00e8nec del Call<\/em>-Stra\u00dfe<\/strong>&nbsp;6 hingegen finden Sie das \u00e4lteste Haus der Stadt (XII. Jahrhundert). Direkt an der Stra\u00dfenecke befindet sich der&nbsp;<strong>Palast Fivaller<\/strong>, der im XVI. Jahrhundert von der gleichnamigen Familie erbaut wurde, als die Juden bereits zwei Jahrhunderte aus der gr\u00e4flichen Stadt vertrieben waren.<\/p>\n\n\n\n<h3 class=\"wp-block-heading\">Plaza del Rei<\/h3>\n\n\n\n<p class=\"\">Ein weiterer Ort im&nbsp;<em>Barrio G\u00f3tico<\/em>, der die wahre Essenz des Mittelalters bewahrt hat, ist der Plaza del Rei. Im XIV. Jahrhundert fanden dort Turniere statt. Seinen Namen verdankt er der Tatsache, dass sich hier der Sitz der Grafen von Barcelona und der K\u00f6nige der aragonesischen Krone befindet:&nbsp;<strong><em>El Palacio Mayor<\/em><\/strong>. In diesem Geb\u00e4ude findet man den fantastischen Saal von&nbsp;<em>Tinell<\/em>&nbsp;vor, der f\u00fcr verschiedene Zeremonien und Versammlungen dieser Zeit diente. Auf demselben Platz befindet sich ebenfalls die&nbsp;<strong>Kapelle&nbsp;<em>Santa \u00c0gata<\/em><\/strong>&nbsp;(XIV. Jahrhundert) und neben ihr das kleine&nbsp;<strong>Henkershaus<\/strong>. Da niemand zu dieser Zeit neben ihm wohnen wollte, wohnte der Henker auf demselben Platz, wo er seine verp\u00f6nte Arbeit verrichtete. Angenehmer wohnt es sich in unseren&nbsp;<a href=\"\/de\/apartments-in-barcelona\/\">Apartments am Strand in Barcelona<\/a>, oder?<\/p>\n\n\n\n<figure class=\"wp-block-image size-large\"><img fetchpriority=\"high\" decoding=\"async\" width=\"1000\" height=\"600\" src=\"https:\/\/www.lugaris.com\/app\/uploads\/2020\/06\/Pla\u00e7a_del_Rei.jpg\" alt=\"\" class=\"wp-image-6092\" srcset=\"https:\/\/www.lugaris.com\/app\/uploads\/2020\/06\/Pla\u00e7a_del_Rei.jpg 1000w, https:\/\/www.lugaris.com\/app\/uploads\/2020\/06\/Pla\u00e7a_del_Rei-300x180.jpg 300w, https:\/\/www.lugaris.com\/app\/uploads\/2020\/06\/Pla\u00e7a_del_Rei-768x461.jpg 768w\" sizes=\"(max-width: 1000px) 100vw, 1000px\" \/><\/figure>\n\n\n\n<h3 class=\"wp-block-heading\">Die mittelalterliche Mauer<\/h3>\n\n\n\n<p class=\"\">Wie wir bereits erw\u00e4hnten, wurde die Stadt f\u00fcr das mittelalterliche Barcelona mit der Zeit zu klein, weshalb das errichtete Bauwerk im Jahre 1378 von den R\u00f6mern wiederverwendet wurde, um das Gebiet zu vergr\u00f6\u00dfern \u2013 heute umgibt es das Stadtviertel&nbsp;<em>el Raval<\/em>. Nachdem die Grenze im XIX. Jahrhundert zerst\u00f6rt wurde, existiert nur noch das&nbsp;<strong><em>Santa Madrona<\/em>-Eingangstor<\/strong>. Die Hochburg, die es umgibt, stammt jedoch aus dem XVIII. Jahrhundert, als eine dritte Festung gebaut wurde.<\/p>\n\n\n\n<figure class=\"wp-block-image size-large\"><img decoding=\"async\" width=\"800\" height=\"600\" src=\"https:\/\/www.lugaris.com\/app\/uploads\/2020\/06\/santamadrona-1.jpg\" alt=\"\" class=\"wp-image-6106\" srcset=\"https:\/\/www.lugaris.com\/app\/uploads\/2020\/06\/santamadrona-1.jpg 800w, https:\/\/www.lugaris.com\/app\/uploads\/2020\/06\/santamadrona-1-300x225.jpg 300w, https:\/\/www.lugaris.com\/app\/uploads\/2020\/06\/santamadrona-1-768x576.jpg 768w\" sizes=\"(max-width: 800px) 100vw, 800px\" \/><\/figure>\n\n\n\n<h2 class=\"wp-block-heading\">MITTELALTERLICHE KIRCHEN IN BARCELONA<\/h2>\n\n\n\n<p class=\"\">Der Gro\u00dfteil der \u00dcberreste aus dem Mittelalter wird im geistlichen Sinne verwendet. Obwohl man verschiedene&nbsp;<a href=\"\/de\/mittelalterliche-doerfer-um-barcelona\/\">mittelalterliche D\u00f6rfer in Barcelona<\/a>&nbsp;finden kann, um sich einen Eindruck davon zu machen, wie das Leben zu der damaligen Zeit sich entwickelte, sind diese historischen Bauwerke einen Besuch wert.<\/p>\n\n\n\n<h3 class=\"wp-block-heading\">Das k\u00f6nigliche Kloster von Santa Mar\u00eda de Pedralbes<\/h3>\n\n\n\n<p class=\"\">K\u00f6nig Jakob der Gerechte erbaute im XIV. Jahrhundert dieses Klarissen-Kloster, als R\u00fcckzugsort f\u00fcr seine Frau Elisenda, sobald sie verwitwet w\u00e4re. Das Frauenkloster ist bis heute gut erhalten, weshalb man die Kirche, den Klosterhof, den Garten mit Heilkr\u00e4utern bis hin zum Grab von Elisenda besuchen kann.<\/p>\n\n\n\n<figure class=\"wp-block-image size-large\"><img decoding=\"async\" width=\"1000\" height=\"600\" src=\"https:\/\/www.lugaris.com\/app\/uploads\/2020\/06\/monestir_pedralbes.jpg\" alt=\"\" class=\"wp-image-6079\" srcset=\"https:\/\/www.lugaris.com\/app\/uploads\/2020\/06\/monestir_pedralbes.jpg 1000w, https:\/\/www.lugaris.com\/app\/uploads\/2020\/06\/monestir_pedralbes-300x180.jpg 300w, https:\/\/www.lugaris.com\/app\/uploads\/2020\/06\/monestir_pedralbes-768x461.jpg 768w\" sizes=\"(max-width: 1000px) 100vw, 1000px\" \/><\/figure>\n\n\n\n<h3 class=\"wp-block-heading\">Sant Pere de les Puel\u00b7les<\/h3>\n\n\n\n<p class=\"\">Dieses Benediktinerkloster wurde im X. Jahrhundert von den Grafen in Barcelona gegr\u00fcndet. Im Laufe der Jahrhunderte litt es unter Desamortisationen und einem Feuer Anfang des XX. Jahrhunderts. Was man heutzutage besuchen kann, ist die Wiederinstandsetzung der romanischen Kirche, die nur noch wenig an das Original erinnert.<\/p>\n\n\n\n<h3 class=\"wp-block-heading\">Santa Mar\u00eda del Pi<\/h3>\n\n\n\n<p class=\"\">Die Basilika wurde im XIV. Jahrhundert erbaut und z\u00e4hlt als ein gotisch-katalanisches Bauwerk, das das gr\u00f6\u00dfte Rosenfenster Kataloniens aufweist. Ein weiteres Highlight dieser<strong>&nbsp;mittelalterlichen Kirche in Barcelona<\/strong>&nbsp;ist der fantastische Ausblick, den man vom Glockenturm auf die Stadt hat.<\/p>\n\n\n\n<h3 class=\"wp-block-heading\">Das Kloster Sant Pau del Camp<\/h3>\n\n\n\n<p class=\"\">Obwohl es heute eine Kirche ist, wurde dieses Bauwerk im Viertel Raval im IX. Jahrhundert im romanischen Stil als Kloster erbaut. Das Geb\u00e4ude ist eins der&nbsp;<strong>besterhaltenen Zeugen des Mittelalters<\/strong>&nbsp;in Barcelona.<\/p>\n\n\n\n<figure class=\"wp-block-image\"><img decoding=\"async\" src=\"https:\/\/www.lugaris.com\/wp-content\/uploads\/2018\/09\/sant_pau_del_camp.jpg\" alt=\"\"\/><\/figure>\n\n\n\n<h3 class=\"wp-block-heading\">Die Kirche Santa Anna<\/h3>\n\n\n\n<p class=\"\">Versteckt in der N\u00e4he des Plaza de Catalunya, ist dieses alte Kloster ein sch\u00f6nes Beispiel f\u00fcr ein Geb\u00e4ude, das eine Mischung aus romanischem und gotischem Stil aufzeigt. Besuchen Sie den Klosterhof und entdecken Sie die Grabstelle des Ritters Miquel de Boera, Generalkapit\u00e4n der italienischen Galeeren und Verteidiger von Roussillon w\u00e4hrend der franz\u00f6sischen Invasion im Jahre 1543.<\/p>\n\n\n\n<h3 class=\"wp-block-heading\">Die Basilika Sant Just i Pastor<\/h3>\n\n\n\n<p class=\"\">Eine weitere gotische Kirche, die man noch heute bestaunen kann, ist diese Basilika, die zum nationalen Kulturgut ernannt wurde. Sie wurde im XIV. Jahrhundert auf einer ehemaligen romanischen Kirche erbaut. Pio XII. verlieh ihr 1948 den Rang einer kleinen Basilika.<\/p>\n\n\n\n<h3 class=\"wp-block-heading\">Das Kloster Sant August\u00ed<\/h3>\n\n\n\n<p class=\"\">Urspr\u00fcnglich wurde es zwischen dem XIV. und dem XV. Jahrhundert im gotischen Stil erbaut. Heute kann man jedoch nur noch den Westfl\u00fcgel des originalen Klosterhofes bestaunen, da dieser Ort im Erbfolgekrieg am 11. September 1714 B\u00fchne verschiedener Gefechte war. Die an die \u00dcberreste angrenzende neuere&nbsp;<strong>Ruhe-Oase<\/strong>, die man auf dem Platz vorfindet, ist jedoch ein sehenswerter Ort.<\/p>\n\n\n\n<figure class=\"wp-block-image\"><img decoding=\"async\" src=\"https:\/\/www.lugaris.com\/wp-content\/uploads\/2018\/09\/convent_Sant_Agusti.jpg\" alt=\"\"\/><\/figure>\n\n\n\n<h3 class=\"wp-block-heading\">Die Kathedrale von Barcelona<\/h3>\n\n\n\n<p class=\"\">Die spektakul\u00e4re Fassade wurde Ende des XIX. Jahrhunderts gebaut. Die Kathedrale wurde auch dem Heiligen Kreuz und Santa Eulalia gewidmet und bewahrt noch heute die Apsis, die Radialkapelle, die Krypta und das Kirchenende im gotischen Stil, der so die romanische Kathedrale erg\u00e4nzt. In ihrem Kreuzgang im selben Stil, kann man dreizehn wei\u00dfe G\u00e4nse bewundern. Sie symbolisieren die Jahre, die die Schutzpatronin der gr\u00e4flichen Stadt bei ihrem Tod alt war.<\/p>\n\n\n\n<figure class=\"wp-block-image size-large\"><img loading=\"lazy\" decoding=\"async\" width=\"1000\" height=\"600\" src=\"https:\/\/www.lugaris.com\/app\/uploads\/2020\/06\/catedralbarcelona.jpg\" alt=\"\" class=\"wp-image-6085\" srcset=\"https:\/\/www.lugaris.com\/app\/uploads\/2020\/06\/catedralbarcelona.jpg 1000w, https:\/\/www.lugaris.com\/app\/uploads\/2020\/06\/catedralbarcelona-300x180.jpg 300w, https:\/\/www.lugaris.com\/app\/uploads\/2020\/06\/catedralbarcelona-768x461.jpg 768w\" sizes=\"(max-width: 1000px) 100vw, 1000px\" \/><\/figure>\n\n\n\n<h3 class=\"wp-block-heading\">Die Basilika Santa Mar\u00eda del Mar<\/h3>\n\n\n\n<p class=\"\">Wir beenden die Liste der mittelalterlichen Kirchen mit einem echten Schmuckst\u00fcck. Die&nbsp;<em>Catedral del Mar<\/em>&nbsp;ist&nbsp;<strong>eine der spektakul\u00e4rsten gotisch-katalanischen Bauwerke<\/strong>, die man noch heute bestaunen kann. Sie wurde aus Berggestein des&nbsp;<em>Montju<\/em><em>\u00ef<\/em><em>c<\/em>&nbsp;erbaut und von Bereguer de Montagut und Ramon Despuig entworfen. Man erz\u00e4hlt sich, dass das Monument mit Hilfe der einfachen Leute des Stadtviertels&nbsp;<em>La Ribera<\/em>&nbsp;errichtet wurde.<\/p>\n\n\n\n<figure class=\"wp-block-image\"><img decoding=\"async\" src=\"https:\/\/www.lugaris.com\/wp-content\/uploads\/2018\/09\/catedraldelmar_OK.jpg\" alt=\"\"\/><\/figure>\n\n\n\n<h2 class=\"wp-block-heading\">INSTITUTIONEN DES MITTELALTERLICHEN BARCELONAS<\/h2>\n\n\n\n<p class=\"\">Es gibt auf dieser mittelalterlichen Tour nicht nur Kirchen. Heute kann man auch noch ein paar institutionelle und b\u00fcrgerliche Geb\u00e4ude entdecken \u2013 als Erinnerung daran, was das Mittelalter f\u00fcr Barcelona bedeutete.<\/p>\n\n\n\n<h3 class=\"wp-block-heading\">Das ehemalige Krankenhaus Sant Pau y la Santa Creu<\/h3>\n\n\n\n<p class=\"\">Im XV. Jahrhundert wurde es mit dem Ziel erbaut, alle sanit\u00e4ren Zentren in einem Komplex zusammenzulegen. K\u00f6nig Martin der Humane weihte das Bauwerk ein. Spazieren Sie in Ruhe \u00fcber den Klosterhof, um dem Trubel des Stadtviertels&nbsp;<em>El Raval<\/em>&nbsp;zu entfliehen. Oder betreten Sie das alte&nbsp;<strong>Erholungsheim<\/strong>&nbsp;und bestaunen Sie eine der sch\u00f6nsten Bibliotheken der Stadt. Hier verstarb au\u00dferdem im Jahre 1926 der ber\u00fchmte&nbsp;<a href=\"\/de\/alle-kunstwerke-von-gaudi-in-barcelona\/\">Architekt Antoni Gaud\u00ed<\/a>.<\/p>\n\n\n\n<figure class=\"wp-block-image\"><img decoding=\"async\" src=\"https:\/\/www.lugaris.com\/wp-content\/uploads\/2018\/09\/hospitalsantacreu.jpg\" alt=\"\"\/><\/figure>\n\n\n\n<h3 class=\"wp-block-heading\">Drassanes Reials (K\u00f6nigliche Werften)<\/h3>\n\n\n\n<p class=\"\">Der historische Komplex aus dem XIV. Jahrhundert ist noch in der heutigen Struktur zu erahnen. Die Werften stammen aus dem XVI. Jahrhundert und nutzten die gleiche gotische Struktur mit derselben Funktion, die das mittelalterliche Bauwerk bereits im Mittelalter hatte.<\/p>\n\n\n\n<h3 class=\"wp-block-heading\">Palau de la Generalitat<\/h3>\n\n\n\n<p class=\"\">Das Geb\u00e4ude beherbergt die Zentrale der Gesamtheit der katalanischen politischen Institutionen (<em>Generalitat de Catalu<\/em><em>ny<\/em><em>a<\/em>). Im Jahre 1400 wurde dieses Bauwerk von der Generalvertretung (<em>Diputaci\u00f3n General<\/em>) Kataloniens gekauft und man begann mit der Integration weiterer angrenzender Geb\u00e4ude. Sowohl die aktuelle Fassade als auch ein paar Elemente stammen aus der Renaissance. Aus dem Mittelalter wiederum sticht die&nbsp;<strong>Kapelle Sant Jordi<\/strong>&nbsp;heraus, au\u00dferdem die Fassade zur&nbsp;<em>Sant Honorat<\/em>-Stra\u00dfe, der gotische Hof, die Treppe und das Relief von Sant Jordi in der&nbsp;<em>Bisbe<\/em>-Stra\u00dfe. Nicht weit entfernt befinden sich auch unsere&nbsp;<a href=\"https:\/\/www.lugaris.com\/de\/lugaris-rambla-fuer-2-5-personen-premium-mit-terrasse\/\">Apartments mit Terrasse in Barcelona<\/a>.<\/p>\n\n\n\n<figure class=\"wp-block-image size-large\"><img loading=\"lazy\" decoding=\"async\" width=\"1000\" height=\"600\" src=\"https:\/\/www.lugaris.com\/app\/uploads\/2020\/06\/palau_generalitat.jpg\" alt=\"\" class=\"wp-image-6066\" srcset=\"https:\/\/www.lugaris.com\/app\/uploads\/2020\/06\/palau_generalitat.jpg 1000w, https:\/\/www.lugaris.com\/app\/uploads\/2020\/06\/palau_generalitat-300x180.jpg 300w, https:\/\/www.lugaris.com\/app\/uploads\/2020\/06\/palau_generalitat-768x461.jpg 768w\" sizes=\"(max-width: 1000px) 100vw, 1000px\" \/><\/figure>\n\n\n\n<h3 class=\"wp-block-heading\">Das Rathaus von Barcelona<\/h3>\n\n\n\n<p class=\"\">Gegen\u00fcber der&nbsp;<em>Generalitat de Catalunya<\/em>&nbsp;befindet sich dieses Bauwerk, das urspr\u00fcnglich vom \u201eRat der Hundert\u201c besetzt war \u2013 eine Institution, die Barcelona im XIII. Jahrhundert regierte. Zu diesem Zeitpunkt begann der Bau des Stadthauses von Barcelona. Der gotische Stil des Geb\u00e4udes l\u00e4sst sich noch heute an der&nbsp;<strong>gotischen Fassade<\/strong>&nbsp;in der&nbsp;<em>Ciutat<\/em>-Stra\u00dfe und im Innenhof erkennen, wo sich ebenso schon ein paar Renaissance-Elemente erahnen lassen. Im Inneren wurden au\u00dferdem die gotische Galerie und der \u201e<strong>Hundert-Saal<\/strong>\u201c bewahrt, obwohl dieser teilweise im barocken Stil umgewandelt wurde.<\/p>\n\n\n\n<figure class=\"wp-block-image size-large\"><img loading=\"lazy\" decoding=\"async\" width=\"1000\" height=\"600\" src=\"https:\/\/www.lugaris.com\/app\/uploads\/2020\/06\/Ayuntamiento_Barcelona_salo_cent.jpg\" alt=\"\" class=\"wp-image-6073\" srcset=\"https:\/\/www.lugaris.com\/app\/uploads\/2020\/06\/Ayuntamiento_Barcelona_salo_cent.jpg 1000w, https:\/\/www.lugaris.com\/app\/uploads\/2020\/06\/Ayuntamiento_Barcelona_salo_cent-300x180.jpg 300w, https:\/\/www.lugaris.com\/app\/uploads\/2020\/06\/Ayuntamiento_Barcelona_salo_cent-768x461.jpg 768w\" sizes=\"(max-width: 1000px) 100vw, 1000px\" \/><\/figure>\n\n\n\n<h3 class=\"wp-block-heading\">La Llotja<\/h3>\n\n\n\n<p class=\"\">Ein weiteres mittelalterliches Geb\u00e4ude, das im Laufe der Zeit verschiedene architektonische Ver\u00e4nderungen miterlebte, ist die Warenb\u00f6rse (<em>la lonja<\/em>) von Barcelona. Am&nbsp;<strong>Pla de Palau<\/strong>&nbsp;gelegen, wurde sie erbaut, um im XIV. Jahrhundert die Expansion des katalanischen Handels zu f\u00f6rdern. Der gotische Saal ist als einziger aus dieser Zeit \u00fcbrig, da das restliche Geb\u00e4ude 1774 im neoklassischen Stil umgestaltet wurde.<\/p>\n\n\n\n<figure class=\"wp-block-image\"><img decoding=\"async\" src=\"https:\/\/www.lugaris.com\/wp-content\/uploads\/2018\/09\/Llotja_de_Mar.jpg\" alt=\"\"\/><\/figure>\n\n\n\n<p class=\"\">Mit all diesen Informationen k\u00f6nnen Sie jetzt die&nbsp;<strong>mittelalterliche Route durch Barcelona<\/strong>&nbsp;starten. Reservieren Sie eins unserer&nbsp;<a href=\"\/de\/apartments-in-barcelona\/\">Apartments mit Meerblick in Barcelona<\/a>&nbsp;und entdecken Sie die gr\u00e4fliche Stadt. Erkunden Sie auch&nbsp;<a href=\"\/de\/die-geheimnisse-des-gotischen-stadtviertels-von-barcelona\/\">die Geheimnisse des gotischen Stadtviertels von Barcelona<\/a>, probieren Sie&nbsp;<a href=\"\/de\/ldie-besten-churros-in-barcelona\/\">die besten Churros mit Schokolade<\/a>&nbsp;und schlendern Sie durch&nbsp;<a href=\"https:\/\/www.lugaris.com\/de\/die-schoensten-geschaefte-in-barcelona\/\">die sch\u00f6nsten Gesch\u00e4fte<\/a>. Machen Sie so Ihren Aufenthalt in Barcelona zu einem unvergesslichen Erlebnis.<\/p>\n\n\n\n<figure class=\"wp-block-embed is-type-video is-provider-youtube wp-block-embed-youtube wp-embed-aspect-16-9 wp-has-aspect-ratio\"><div class=\"wp-block-embed__wrapper\">\n<iframe title=\"Lugaris Views\" width=\"500\" height=\"281\" src=\"https:\/\/www.youtube.com\/embed\/8_vVGgxREZk?feature=oembed\" frameborder=\"0\" allow=\"accelerometer; autoplay; encrypted-media; gyroscope; picture-in-picture\" allowfullscreen><\/iframe>\n<\/div><\/figure>\n\n\n<section class=\"blocks__extra-info \" id=\"mehr-interessantes\">\n    <h3>Mehr Interessantes<\/h3>\n\n    <div class=\"blocks__extra-info__list\">\n                    <div class=\"blocks__extra-info__item\" id=\"mehr-interessantes-ferienwohnungen-am-strand-von-barcelona\">\n            <article class=\"blocks__extra-info__item__container\">\n            <img decoding=\"async\" src=\"https:\/\/www.lugaris.com\/app\/uploads\/2020\/08\/DSC4180_R.jpg.jpg\" class=\"blocks__extra-info__item__thumbnail\"><\/img>\n            <div  class=\"blocks__extra-info__item__content\">\n                <header>\n                    <h4 class=\"blocks__extra-info__item__title\">\n                        FERIENWOHNUNGEN AM STRAND VON BARCELONA\n                    <\/h4>\n                <\/header>\n                <section>\n                    <p class=\"blocks__extra-info__item__excerpt\">\n                        \n<p class=\"has-background has-gray-background-color\">Seit 2010 bietet Lugaris Apartaments <a href=\"https:\/\/www.lugaris.com\/de\/apartments-in-barcelona\/\">die besten Ferienwohnungen in Barcelona<\/a> f\u00fcr\u00a0 perfekte Urlaubstage mit der Familie, mit Freunden oder f\u00fcr Paare.<\/p>\n\n\n\n<p class=\"has-background has-gray-background-color\">Sie haben die Wahl. Herrliche <a href=\"https:\/\/www.lugaris.com\/de\/lugaris-beach\/\">Appartments ganz in der N\u00e4he des Strandes von Barcelona<\/a>, am Lugaris Beach mit Panoramablick auf das Mittelmeer, zwei Swimmingpools (einer f\u00fcr Erwachsene und ein sicherer Pool f\u00fcr Kinder) mit Platz f\u00fcr bis zu sechs Personen <a href=\"https:\/\/www.lugaris.com\/de\/lugaris-rambla\/\">oder Lugaris Rambla Appartments<\/a> direkt an der Rambla de Poblenou, nur 300 m vom Bogatell-Strand entfernt. Diese Appartments sind mit einem Balkon\/Terrasse bis zu 22 m2 ausgestattet und sind ideal f\u00fcr Paare oder Familien und Gruppen von bis zu f\u00fcnf Personen.<\/p>\n\n\n\n<p class=\"has-background has-gray-background-color\">Alle unsere Luxuswohnungen in Barcelona sind klimatisiert und mit allen Haushaltsger\u00e4ten, M\u00f6beln und Bettw\u00e4sche versehen, die Sie w\u00e4hrend Ihres Aufenthalts ben\u00f6tigen. Sie verf\u00fcgen au\u00dferdem \u00fcber Satellitenfernsehen und kostenlosen High-Speed-Wi-Fi-Anschluss, sowie einen Safe und einen privaten 24-Stunden-Sicherheitsdienst.<\/p>\n\n\n\n<p class=\"has-background has-gray-background-color\"><br>Dar\u00fcber hinaus k\u00f6nnen Sie bei Ihrer Buchung viele <a href=\"https:\/\/www.lugaris.com\/de\/service\/\">weitere Zusatzleistungen<\/a> reservieren: internationale Presse in Ihrer Wohnung, Parkplatz, Transferservice zum und vom Flughafen Barcelona, Fahrradverleih, Einkaufen im Supermarkt, Eintrittskarten f\u00fcr Museen, Sportveranstaltungen und Shows, Babysitter-Service und vieles mehr.<\/p>\n\n\n\n<p class=\"has-background has-gray-background-color\">F\u00fcr weitere Informationen steht Ihnen der <a href=\"https:\/\/www.lugaris.com\/de\/kontakt\/\">Kundenservice von Lugaris Apartments<\/a> gerne zur Verf\u00fcgung.<\/p>\n\n\n\n<p class=\"\"><\/p>\n\n                    <\/p>\n                    \n                                    <\/section>\n            <\/div>\n        <\/article>\n    <\/div>\n                        <\/div>\n\n        <div class=\"blocks__extra-info__content__container\">\n                                <\/div>\n\n    <span class=\"blocks__extra-info__list__button__left prev\"><\/span>\n    <span class=\"blocks__extra-info__list__button__right next\"><\/span>\n    <\/section>\n","protected":false},"excerpt":{"rendered":"<p>Das Mittelalter war eine sowohl angsteinfl\u00f6\u00dfende als auch glanzvolle Epoche f\u00fcr die katalanische Hauptstadt. <\/p>\n","protected":false},"author":7,"featured_media":6073,"comment_status":"open","ping_status":"open","sticky":false,"template":"","format":"standard","meta":{"_uag_custom_page_level_css":"","footnotes":""},"categories":[119,117,116],"tags":[154,153,149,148],"yoast_head":"<!-- This site is optimized with the Yoast SEO plugin v23.1 - https:\/\/yoast.com\/wordpress\/plugins\/seo\/ -->\n<title>Mittelalterliche Bauwerke in Barcelona entdecken | Lugaris<\/title>\n<meta name=\"robots\" content=\"index, follow, max-snippet:-1, max-image-preview:large, max-video-preview:-1\" \/>\n<link rel=\"canonical\" href=\"https:\/\/www.lugaris.com\/de\/entdecken-sie-mittelalterliche-bauwerke-in-barcelona\/\" \/>\n<meta property=\"og:locale\" content=\"de_DE\" \/>\n<meta property=\"og:type\" content=\"article\" \/>\n<meta property=\"og:title\" content=\"Mittelalterliche Bauwerke in Barcelona entdecken | Lugaris\" \/>\n<meta property=\"og:description\" content=\"Das Mittelalter war eine sowohl angsteinfl\u00f6\u00dfende als auch glanzvolle Epoche f\u00fcr die katalanische Hauptstadt.\" \/>\n<meta property=\"og:url\" content=\"https:\/\/www.lugaris.com\/de\/entdecken-sie-mittelalterliche-bauwerke-in-barcelona\/\" \/>\n<meta property=\"og:site_name\" content=\"Lugaris\" \/>\n<meta property=\"article:published_time\" content=\"2020-05-08T13:06:30+00:00\" \/>\n<meta property=\"article:modified_time\" content=\"2024-03-21T13:50:35+00:00\" \/>\n<meta property=\"og:image\" content=\"https:\/\/www.lugaris.com\/app\/uploads\/2020\/06\/Ayuntamiento_Barcelona_salo_cent.jpg\" \/>\n\t<meta property=\"og:image:width\" content=\"1000\" \/>\n\t<meta property=\"og:image:height\" content=\"600\" \/>\n\t<meta property=\"og:image:type\" content=\"image\/jpeg\" \/>\n<meta name=\"author\" content=\"Carol\" \/>\n<meta name=\"twitter:card\" content=\"summary_large_image\" \/>\n<meta name=\"twitter:label1\" content=\"Written by\" \/>\n\t<meta name=\"twitter:data1\" content=\"Carol\" \/>\n\t<meta name=\"twitter:label2\" content=\"Est. reading time\" \/>\n\t<meta name=\"twitter:data2\" content=\"10 minutes\" \/>\n<script type=\"application\/ld+json\" class=\"yoast-schema-graph\">{\"@context\":\"https:\/\/schema.org\",\"@graph\":[{\"@type\":\"Article\",\"@id\":\"https:\/\/www.lugaris.com\/de\/entdecken-sie-mittelalterliche-bauwerke-in-barcelona\/#article\",\"isPartOf\":{\"@id\":\"https:\/\/www.lugaris.com\/de\/entdecken-sie-mittelalterliche-bauwerke-in-barcelona\/\"},\"author\":{\"name\":\"Carol\",\"@id\":\"https:\/\/www.lugaris.com\/de\/#\/schema\/person\/a4b4909e5e26e647f8ee92b809f52077\"},\"headline\":\"Entdecken sie mittelalterliche bauwerke in Barcelona\",\"datePublished\":\"2020-05-08T13:06:30+00:00\",\"dateModified\":\"2024-03-21T13:50:35+00:00\",\"mainEntityOfPage\":{\"@id\":\"https:\/\/www.lugaris.com\/de\/entdecken-sie-mittelalterliche-bauwerke-in-barcelona\/\"},\"wordCount\":1750,\"commentCount\":0,\"publisher\":{\"@id\":\"https:\/\/www.lugaris.com\/de\/#organization\"},\"image\":{\"@id\":\"https:\/\/www.lugaris.com\/de\/entdecken-sie-mittelalterliche-bauwerke-in-barcelona\/#primaryimage\"},\"thumbnailUrl\":\"https:\/\/www.lugaris.com\/app\/uploads\/2020\/06\/Ayuntamiento_Barcelona_salo_cent.jpg\",\"keywords\":[\"Kultur in Barcelona\",\"Geschichte von Barcelona\",\"Barcelona's Stadtteile\",\"Sehensw\u00fcrdigkeiten in Barcelona\"],\"articleSection\":[\"@Lugaris\",\"Freizeit in Barcelona\",\"Barcelona\"],\"inLanguage\":\"de-DE\",\"potentialAction\":[{\"@type\":\"CommentAction\",\"name\":\"Comment\",\"target\":[\"https:\/\/www.lugaris.com\/de\/entdecken-sie-mittelalterliche-bauwerke-in-barcelona\/#respond\"]}]},{\"@type\":\"WebPage\",\"@id\":\"https:\/\/www.lugaris.com\/de\/entdecken-sie-mittelalterliche-bauwerke-in-barcelona\/\",\"url\":\"https:\/\/www.lugaris.com\/de\/entdecken-sie-mittelalterliche-bauwerke-in-barcelona\/\",\"name\":\"Mittelalterliche Bauwerke in Barcelona entdecken | Lugaris\",\"isPartOf\":{\"@id\":\"https:\/\/www.lugaris.com\/de\/#website\"},\"primaryImageOfPage\":{\"@id\":\"https:\/\/www.lugaris.com\/de\/entdecken-sie-mittelalterliche-bauwerke-in-barcelona\/#primaryimage\"},\"image\":{\"@id\":\"https:\/\/www.lugaris.com\/de\/entdecken-sie-mittelalterliche-bauwerke-in-barcelona\/#primaryimage\"},\"thumbnailUrl\":\"https:\/\/www.lugaris.com\/app\/uploads\/2020\/06\/Ayuntamiento_Barcelona_salo_cent.jpg\",\"datePublished\":\"2020-05-08T13:06:30+00:00\",\"dateModified\":\"2024-03-21T13:50:35+00:00\",\"breadcrumb\":{\"@id\":\"https:\/\/www.lugaris.com\/de\/entdecken-sie-mittelalterliche-bauwerke-in-barcelona\/#breadcrumb\"},\"inLanguage\":\"de-DE\",\"potentialAction\":[{\"@type\":\"ReadAction\",\"target\":[\"https:\/\/www.lugaris.com\/de\/entdecken-sie-mittelalterliche-bauwerke-in-barcelona\/\"]}]},{\"@type\":\"ImageObject\",\"inLanguage\":\"de-DE\",\"@id\":\"https:\/\/www.lugaris.com\/de\/entdecken-sie-mittelalterliche-bauwerke-in-barcelona\/#primaryimage\",\"url\":\"https:\/\/www.lugaris.com\/app\/uploads\/2020\/06\/Ayuntamiento_Barcelona_salo_cent.jpg\",\"contentUrl\":\"https:\/\/www.lugaris.com\/app\/uploads\/2020\/06\/Ayuntamiento_Barcelona_salo_cent.jpg\",\"width\":1000,\"height\":600},{\"@type\":\"BreadcrumbList\",\"@id\":\"https:\/\/www.lugaris.com\/de\/entdecken-sie-mittelalterliche-bauwerke-in-barcelona\/#breadcrumb\",\"itemListElement\":[{\"@type\":\"ListItem\",\"position\":1,\"name\":\"Home\",\"item\":\"https:\/\/www.lugaris.com\/de\/\"},{\"@type\":\"ListItem\",\"position\":2,\"name\":\"Entdecken sie mittelalterliche bauwerke in Barcelona\"}]},{\"@type\":\"WebSite\",\"@id\":\"https:\/\/www.lugaris.com\/de\/#website\",\"url\":\"https:\/\/www.lugaris.com\/de\/\",\"name\":\"Lugaris\",\"description\":\"Apartamentos de vacaciones en Barcelona\",\"publisher\":{\"@id\":\"https:\/\/www.lugaris.com\/de\/#organization\"},\"potentialAction\":[{\"@type\":\"SearchAction\",\"target\":{\"@type\":\"EntryPoint\",\"urlTemplate\":\"https:\/\/www.lugaris.com\/de\/?s={search_term_string}\"},\"query-input\":\"required name=search_term_string\"}],\"inLanguage\":\"de-DE\"},{\"@type\":\"Organization\",\"@id\":\"https:\/\/www.lugaris.com\/de\/#organization\",\"name\":\"Lugaris Apartments in Barcelona\",\"url\":\"https:\/\/www.lugaris.com\/de\/\",\"logo\":{\"@type\":\"ImageObject\",\"inLanguage\":\"de-DE\",\"@id\":\"https:\/\/www.lugaris.com\/de\/#\/schema\/logo\/image\/\",\"url\":\"https:\/\/www.lugaris.com\/app\/uploads\/2020\/03\/Logo_lugaris_v2.png\",\"contentUrl\":\"https:\/\/www.lugaris.com\/app\/uploads\/2020\/03\/Logo_lugaris_v2.png\",\"width\":285,\"height\":257,\"caption\":\"Lugaris Apartments in Barcelona\"},\"image\":{\"@id\":\"https:\/\/www.lugaris.com\/de\/#\/schema\/logo\/image\/\"}},{\"@type\":\"Person\",\"@id\":\"https:\/\/www.lugaris.com\/de\/#\/schema\/person\/a4b4909e5e26e647f8ee92b809f52077\",\"name\":\"Carol\",\"image\":{\"@type\":\"ImageObject\",\"inLanguage\":\"de-DE\",\"@id\":\"https:\/\/www.lugaris.com\/de\/#\/schema\/person\/image\/\",\"url\":\"https:\/\/www.lugaris.com\/app\/litespeed\/avatar\/838ee79dab26d1d7647e49a172bc7c36.jpg?ver=1776872839\",\"contentUrl\":\"https:\/\/www.lugaris.com\/app\/litespeed\/avatar\/838ee79dab26d1d7647e49a172bc7c36.jpg?ver=1776872839\",\"caption\":\"Carol\"}}]}<\/script>\n<!-- \/ Yoast SEO plugin. -->","yoast_head_json":{"title":"Mittelalterliche Bauwerke in Barcelona entdecken | Lugaris","robots":{"index":"index","follow":"follow","max-snippet":"max-snippet:-1","max-image-preview":"max-image-preview:large","max-video-preview":"max-video-preview:-1"},"canonical":"https:\/\/www.lugaris.com\/de\/entdecken-sie-mittelalterliche-bauwerke-in-barcelona\/","og_locale":"de_DE","og_type":"article","og_title":"Mittelalterliche Bauwerke in Barcelona entdecken | Lugaris","og_description":"Das Mittelalter war eine sowohl angsteinfl\u00f6\u00dfende als auch glanzvolle Epoche f\u00fcr die katalanische Hauptstadt.","og_url":"https:\/\/www.lugaris.com\/de\/entdecken-sie-mittelalterliche-bauwerke-in-barcelona\/","og_site_name":"Lugaris","article_published_time":"2020-05-08T13:06:30+00:00","article_modified_time":"2024-03-21T13:50:35+00:00","og_image":[{"width":1000,"height":600,"url":"https:\/\/www.lugaris.com\/app\/uploads\/2020\/06\/Ayuntamiento_Barcelona_salo_cent.jpg","type":"image\/jpeg"}],"author":"Carol","twitter_card":"summary_large_image","twitter_misc":{"Written by":"Carol","Est. reading time":"10 minutes"},"schema":{"@context":"https:\/\/schema.org","@graph":[{"@type":"Article","@id":"https:\/\/www.lugaris.com\/de\/entdecken-sie-mittelalterliche-bauwerke-in-barcelona\/#article","isPartOf":{"@id":"https:\/\/www.lugaris.com\/de\/entdecken-sie-mittelalterliche-bauwerke-in-barcelona\/"},"author":{"name":"Carol","@id":"https:\/\/www.lugaris.com\/de\/#\/schema\/person\/a4b4909e5e26e647f8ee92b809f52077"},"headline":"Entdecken sie mittelalterliche bauwerke in Barcelona","datePublished":"2020-05-08T13:06:30+00:00","dateModified":"2024-03-21T13:50:35+00:00","mainEntityOfPage":{"@id":"https:\/\/www.lugaris.com\/de\/entdecken-sie-mittelalterliche-bauwerke-in-barcelona\/"},"wordCount":1750,"commentCount":0,"publisher":{"@id":"https:\/\/www.lugaris.com\/de\/#organization"},"image":{"@id":"https:\/\/www.lugaris.com\/de\/entdecken-sie-mittelalterliche-bauwerke-in-barcelona\/#primaryimage"},"thumbnailUrl":"https:\/\/www.lugaris.com\/app\/uploads\/2020\/06\/Ayuntamiento_Barcelona_salo_cent.jpg","keywords":["Kultur in Barcelona","Geschichte von Barcelona","Barcelona's Stadtteile","Sehensw\u00fcrdigkeiten in Barcelona"],"articleSection":["@Lugaris","Freizeit in Barcelona","Barcelona"],"inLanguage":"de-DE","potentialAction":[{"@type":"CommentAction","name":"Comment","target":["https:\/\/www.lugaris.com\/de\/entdecken-sie-mittelalterliche-bauwerke-in-barcelona\/#respond"]}]},{"@type":"WebPage","@id":"https:\/\/www.lugaris.com\/de\/entdecken-sie-mittelalterliche-bauwerke-in-barcelona\/","url":"https:\/\/www.lugaris.com\/de\/entdecken-sie-mittelalterliche-bauwerke-in-barcelona\/","name":"Mittelalterliche Bauwerke in Barcelona entdecken | Lugaris","isPartOf":{"@id":"https:\/\/www.lugaris.com\/de\/#website"},"primaryImageOfPage":{"@id":"https:\/\/www.lugaris.com\/de\/entdecken-sie-mittelalterliche-bauwerke-in-barcelona\/#primaryimage"},"image":{"@id":"https:\/\/www.lugaris.com\/de\/entdecken-sie-mittelalterliche-bauwerke-in-barcelona\/#primaryimage"},"thumbnailUrl":"https:\/\/www.lugaris.com\/app\/uploads\/2020\/06\/Ayuntamiento_Barcelona_salo_cent.jpg","datePublished":"2020-05-08T13:06:30+00:00","dateModified":"2024-03-21T13:50:35+00:00","breadcrumb":{"@id":"https:\/\/www.lugaris.com\/de\/entdecken-sie-mittelalterliche-bauwerke-in-barcelona\/#breadcrumb"},"inLanguage":"de-DE","potentialAction":[{"@type":"ReadAction","target":["https:\/\/www.lugaris.com\/de\/entdecken-sie-mittelalterliche-bauwerke-in-barcelona\/"]}]},{"@type":"ImageObject","inLanguage":"de-DE","@id":"https:\/\/www.lugaris.com\/de\/entdecken-sie-mittelalterliche-bauwerke-in-barcelona\/#primaryimage","url":"https:\/\/www.lugaris.com\/app\/uploads\/2020\/06\/Ayuntamiento_Barcelona_salo_cent.jpg","contentUrl":"https:\/\/www.lugaris.com\/app\/uploads\/2020\/06\/Ayuntamiento_Barcelona_salo_cent.jpg","width":1000,"height":600},{"@type":"BreadcrumbList","@id":"https:\/\/www.lugaris.com\/de\/entdecken-sie-mittelalterliche-bauwerke-in-barcelona\/#breadcrumb","itemListElement":[{"@type":"ListItem","position":1,"name":"Home","item":"https:\/\/www.lugaris.com\/de\/"},{"@type":"ListItem","position":2,"name":"Entdecken sie mittelalterliche bauwerke in Barcelona"}]},{"@type":"WebSite","@id":"https:\/\/www.lugaris.com\/de\/#website","url":"https:\/\/www.lugaris.com\/de\/","name":"Lugaris","description":"Apartamentos de vacaciones en Barcelona","publisher":{"@id":"https:\/\/www.lugaris.com\/de\/#organization"},"potentialAction":[{"@type":"SearchAction","target":{"@type":"EntryPoint","urlTemplate":"https:\/\/www.lugaris.com\/de\/?s={search_term_string}"},"query-input":"required name=search_term_string"}],"inLanguage":"de-DE"},{"@type":"Organization","@id":"https:\/\/www.lugaris.com\/de\/#organization","name":"Lugaris Apartments in Barcelona","url":"https:\/\/www.lugaris.com\/de\/","logo":{"@type":"ImageObject","inLanguage":"de-DE","@id":"https:\/\/www.lugaris.com\/de\/#\/schema\/logo\/image\/","url":"https:\/\/www.lugaris.com\/app\/uploads\/2020\/03\/Logo_lugaris_v2.png","contentUrl":"https:\/\/www.lugaris.com\/app\/uploads\/2020\/03\/Logo_lugaris_v2.png","width":285,"height":257,"caption":"Lugaris Apartments in Barcelona"},"image":{"@id":"https:\/\/www.lugaris.com\/de\/#\/schema\/logo\/image\/"}},{"@type":"Person","@id":"https:\/\/www.lugaris.com\/de\/#\/schema\/person\/a4b4909e5e26e647f8ee92b809f52077","name":"Carol","image":{"@type":"ImageObject","inLanguage":"de-DE","@id":"https:\/\/www.lugaris.com\/de\/#\/schema\/person\/image\/","url":"https:\/\/www.lugaris.com\/app\/litespeed\/avatar\/838ee79dab26d1d7647e49a172bc7c36.jpg?ver=1776872839","contentUrl":"https:\/\/www.lugaris.com\/app\/litespeed\/avatar\/838ee79dab26d1d7647e49a172bc7c36.jpg?ver=1776872839","caption":"Carol"}}]}},"uagb_featured_image_src":{"full":["https:\/\/www.lugaris.com\/app\/uploads\/2020\/06\/Ayuntamiento_Barcelona_salo_cent.jpg",1000,600,false],"thumbnail":["https:\/\/www.lugaris.com\/app\/uploads\/2020\/06\/Ayuntamiento_Barcelona_salo_cent-150x150.jpg",150,150,true],"medium":["https:\/\/www.lugaris.com\/app\/uploads\/2020\/06\/Ayuntamiento_Barcelona_salo_cent-300x180.jpg",300,180,true],"medium_large":["https:\/\/www.lugaris.com\/app\/uploads\/2020\/06\/Ayuntamiento_Barcelona_salo_cent-768x461.jpg",768,461,true],"large":["https:\/\/www.lugaris.com\/app\/uploads\/2020\/06\/Ayuntamiento_Barcelona_salo_cent.jpg",1000,600,false],"1536x1536":["https:\/\/www.lugaris.com\/app\/uploads\/2020\/06\/Ayuntamiento_Barcelona_salo_cent.jpg",1000,600,false],"2048x2048":["https:\/\/www.lugaris.com\/app\/uploads\/2020\/06\/Ayuntamiento_Barcelona_salo_cent.jpg",1000,600,false]},"uagb_author_info":{"display_name":"Carol","author_link":"https:\/\/www.lugaris.com\/de\/author\/cvb2-performance-es\/"},"uagb_comment_info":1,"uagb_excerpt":"Das Mittelalter war eine sowohl angsteinfl\u00f6\u00dfende als auch glanzvolle Epoche f\u00fcr die katalanische Hauptstadt.","_links":{"self":[{"href":"https:\/\/www.lugaris.com\/de\/wp-json\/wp\/v2\/posts\/7441"}],"collection":[{"href":"https:\/\/www.lugaris.com\/de\/wp-json\/wp\/v2\/posts"}],"about":[{"href":"https:\/\/www.lugaris.com\/de\/wp-json\/wp\/v2\/types\/post"}],"author":[{"embeddable":true,"href":"https:\/\/www.lugaris.com\/de\/wp-json\/wp\/v2\/users\/7"}],"replies":[{"embeddable":true,"href":"https:\/\/www.lugaris.com\/de\/wp-json\/wp\/v2\/comments?post=7441"}],"version-history":[{"count":6,"href":"https:\/\/www.lugaris.com\/de\/wp-json\/wp\/v2\/posts\/7441\/revisions"}],"predecessor-version":[{"id":22879,"href":"https:\/\/www.lugaris.com\/de\/wp-json\/wp\/v2\/posts\/7441\/revisions\/22879"}],"wp:featuredmedia":[{"embeddable":true,"href":"https:\/\/www.lugaris.com\/de\/wp-json\/wp\/v2\/media\/6073"}],"wp:attachment":[{"href":"https:\/\/www.lugaris.com\/de\/wp-json\/wp\/v2\/media?parent=7441"}],"wp:term":[{"taxonomy":"category","embeddable":true,"href":"https:\/\/www.lugaris.com\/de\/wp-json\/wp\/v2\/categories?post=7441"},{"taxonomy":"post_tag","embeddable":true,"href":"https:\/\/www.lugaris.com\/de\/wp-json\/wp\/v2\/tags?post=7441"}],"curies":[{"name":"wp","href":"https:\/\/api.w.org\/{rel}","templated":true}]}}