{"id":7478,"date":"2020-05-08T14:22:53","date_gmt":"2020-05-08T14:22:53","guid":{"rendered":"https:\/\/www.lugaris.com\/todo-sobre-la-inspiracion-de-gaudi-modernismo-en-barcelona\/"},"modified":"2024-03-21T13:53:45","modified_gmt":"2024-03-21T13:53:45","slug":"alles-uber-gaudis-inspiration-der-modernismus-in-barcelona","status":"publish","type":"post","link":"https:\/\/www.lugaris.com\/de\/alles-uber-gaudis-inspiration-der-modernismus-in-barcelona\/","title":{"rendered":"ALLES \u00dcBER GAUD\u00cdS INSPIRATION: DER MODERNISMUS IN BARCELONA"},"content":{"rendered":"\n<p class=\"\">Fragt man die Besucher der gr\u00e4flichen Stadt, was man in Barcelona unternehmen kann, nennen sie als erstes die typischen Geb\u00e4ude, wie das&nbsp;<em>Casa Batll\u00f3<\/em>&nbsp;oder die&nbsp;<a href=\"https:\/\/www.lugaris.com\/de\/la-sagrada-familia\/\"><em>Sagrada Familia<\/em><\/a>. Es ist nicht verwunderlich, da der Architekt Antoni Gaud\u00ed dank seinem Blick auf den Modernismus und die Magie, die seine Werke umspielt, international bekannt ist. Sowohl einheimische Bewohner als auch Besucher Barcelonas sind der Ansicht, dass er eins der gr\u00f6\u00dften Aush\u00e4ngeschilder der Stadt ist. Deshalb m\u00f6chten wir Ihnen&nbsp;<strong>alles \u00fcber Gaud\u00eds Inspiration<\/strong>&nbsp;erz\u00e4hlen. Wenn Sie eine&nbsp;<strong>modernistische Tour durch Barcelona<\/strong>&nbsp;vorhaben, dann ist dieser Artikel eine gute Basis, um den einzigartigen K\u00fcnstler zu verstehen.<\/p>\n\n\n\n<figure class=\"wp-block-image size-large\"><img fetchpriority=\"high\" decoding=\"async\" width=\"1000\" height=\"600\" src=\"https:\/\/www.lugaris.com\/app\/uploads\/2020\/06\/spain-pedrera.jpg\" alt=\"\" class=\"wp-image-5957\" srcset=\"https:\/\/www.lugaris.com\/app\/uploads\/2020\/06\/spain-pedrera.jpg 1000w, https:\/\/www.lugaris.com\/app\/uploads\/2020\/06\/spain-pedrera-300x180.jpg 300w, https:\/\/www.lugaris.com\/app\/uploads\/2020\/06\/spain-pedrera-768x461.jpg 768w\" sizes=\"(max-width: 1000px) 100vw, 1000px\" \/><\/figure>\n\n\n\n<h2 class=\"wp-block-heading\">WO WURDE GAUD\u00cd GEBOREN?<\/h2>\n\n\n\n<p class=\"\">Antoni Gaud\u00ed i Cornet wurde am 25. Juni 1852 in Reus geboren, eine Ortschaft in der Provinz Tarragona. Ein paar Biografien deuten jedoch darauf hin, dass er in Riudorms, ein Dorf in der N\u00e4he der Hauptstadt von Baix Camp geboren wurde. Dort verbrachte die Familie den Sommer und das Haus der v\u00e4terlichen Familie befand sich ebenfalls dort. Gaud\u00ed wurde am Tag nach seiner Geburt jedenfalls in Reus getauft. Einen Gro\u00dfteil seiner Kindheit verbrachte er allerdings, aufgrund seiner empfindlichen Gesundheit, in&nbsp;<em>el Mas de la Calderera<\/em>, Ruidorms.&nbsp;<strong>Es ist anzunehmen, dass die Inspiration des Architekten in diesem Haus begann<\/strong>, da er dort viel Zeit hatte, ausgiebig die Natur zu erforschen. Gaud\u00ed interessierte sich schon immer f\u00fcr die Natur, weshalb er sich im Ausflugszentrum von Katalonien eintrug, mit dem er viele Exkursionen unternahm.<\/p>\n\n\n\n<p class=\"\">Der kleine Antoni Gaud\u00ed half au\u00dferdem gerne seinen Verwandten, die Kesselflicker von Beruf waren. Deshalb arbeitete er schon in Kindheitstagen in der Familienwerkstatt in Reus.<\/p>\n\n\n\n<h2 class=\"wp-block-heading\">WO STUDIERTE GAUD\u00cd?<\/h2>\n\n\n\n<p class=\"\">1868 zog er zusammen mit seinem Bruder nach Barcelona, um dort sein Abitur zu machen. Sie wohnten im Stadtviertel&nbsp;<em>Sant Pere<\/em>,&nbsp;<em>Santa Caterina<\/em>&nbsp;und&nbsp;<em>La Ribera<\/em>. Als Gaud\u00ed seinen Abschluss hatte, begann er 1870 sein Studium in der&nbsp;<strong><em>Escuela de la Lonja<\/em>&nbsp;(Schule f\u00fcr Kunst und Design) und der Provinzschule f\u00fcr Architektur in Barcelona<\/strong>. Diese Etappe wurde jedoch kurz durch seinen Milit\u00e4rdienst unterbrochen. Sein Rheumatismus erlaubte ihm wiederum viele Krankschreibungen.<\/p>\n\n\n\n<p class=\"\">Um das Studium zu finanzieren,&nbsp;<strong>arbeitete Gaud\u00ed als Bauzeichner<\/strong>. Zusammen mit anderen Architekten und Bautr\u00e4gern, wie Joan Martorell oder Francisco de Paula, erlangte Gaud\u00ed ein gro\u00dfes technisches Grundwissen. 1878 machte er seinen Abschluss, als einer seiner Professoren fragte, ob an diesem Tage der Titel an ein Genie oder einen Verr\u00fcckten vergeben wurde \u2013 Die Zeit w\u00fcrde es zeigen.<\/p>\n\n\n\n<p class=\"\">Nun richtete sich der Architekt aus Reus in einem kleinen Studio in der&nbsp;<em>Call<\/em>-Stra\u00dfe ein, w\u00e4hrend er als Gehilfe von&nbsp;<strong>Joan Martorell<\/strong>&nbsp;arbeitete. Unsere&nbsp;<a href=\"https:\/\/www.lugaris.com\/de\/apartments-in-barcelona\/\">Apartments am Strand in Barcelona<\/a>&nbsp;befinden sich nicht weit davon entfernt.<\/p>\n\n\n\n<h2 class=\"wp-block-heading\">GAUD\u00cdS MODERNISMUS<\/h2>\n\n\n\n<p class=\"\">Obwohl ein wichtiger Teil der Inspiration des Architekten auf seine Kindheit und Erziehung zur\u00fcckzuf\u00fchren ist, sollte man auch nicht vergessen, in welchem historischen Kontext er gelebt hat \u2013 ein einflussreicher Aspekt in Hinsicht auf&nbsp;<a href=\"https:\/\/www.lugaris.com\/de\/alle-kunstwerke-von-gaudi-in-barcelona\/\">alle Kunstwerke von Gaud\u00ed in Barcelona<\/a>.<\/p>\n\n\n\n<p class=\"\">Grundlegend sollte man wissen, dass es Anfang des XX. Jahrhunderts in ganz Europa eine k\u00fcnstlerische Bewegung gab, die Freiheit, Natur und Sch\u00f6nheit zur\u00fcckforderte. Sie wandte das w\u00e4hrend der Industrialisierung im XIX. Jahrhundert erworbene Wissen an. Es war der Wunsch nach Differenzierung der neuen Bourgeoisie, der die Bewegung mithilfe des M\u00e4zenatentums der neuen sozialen Klasse wachsen lie\u00df. Was in Frankreich unter dem Begriff&nbsp;<strong>Art Nouveau<\/strong>&nbsp;bekannt war, nannte man in Spanien&nbsp;<strong>Modernismus<\/strong>.<\/p>\n\n\n\n<p class=\"\">In Katalonien mischte sich dieser Trend mit der&nbsp;<strong>Renaixen<\/strong><strong>\u00e7<\/strong><strong>a<\/strong>-Bewegung. Hierbei verteidigten multidisziplin\u00e4re K\u00fcnstler die katalanische Kultur und modernisierten sie. Dies ist der geschichtliche Kontext, der zu Gaud\u00eds Inspiration beigetragen hat, aus dem er seine Ideale zog und an seine eigene Vision anpasste.<\/p>\n\n\n\n<p class=\"\">Der Modernismus spiegelt sich daher in Gaud\u00eds Werken auf eine pers\u00f6nliche Weise wider und durchl\u00e4uft drei Inspirationsphasen:&nbsp;<strong>Die orientalische, neugotische und naturalistische Phase<\/strong>, wobei die letzte die wohl charakteristischste ist. Decken wir die Inspiration Gaud\u00eds nun in jeder einzelnen auf:<\/p>\n\n\n\n<figure class=\"wp-block-image size-large\"><img decoding=\"async\" width=\"1000\" height=\"600\" src=\"https:\/\/www.lugaris.com\/app\/uploads\/2020\/06\/artnouveau.jpg\" alt=\"\" class=\"wp-image-6433\" srcset=\"https:\/\/www.lugaris.com\/app\/uploads\/2020\/06\/artnouveau.jpg 1000w, https:\/\/www.lugaris.com\/app\/uploads\/2020\/06\/artnouveau-300x180.jpg 300w, https:\/\/www.lugaris.com\/app\/uploads\/2020\/06\/artnouveau-768x461.jpg 768w\" sizes=\"(max-width: 1000px) 100vw, 1000px\" \/><\/figure>\n\n\n\n<h3 class=\"wp-block-heading\">Gaud\u00eds Inspiration in der Orientalistenphase<\/h3>\n\n\n\n<p class=\"\">W\u00e4hrend seiner Studentenzeit interessierte sich Gaud\u00ed f\u00fcr die \u00e4gyptische, indische, persische und die Mudejar-Architektur \u2013 seine Vorliebe galt besonders der&nbsp;<em>Alhambra<\/em>. Ende des XIX. Jahrhunderts \u00fcberschnitt sich sein Interesse mit dem der Oberschicht, die auf Konstruktionen im neoarabischen Stil setzten. Der Architekt erneuerte und perfektionierte die Techniken dieses Stils. Bei den Bauwerken fokussierte er sich auf die Struktur und die Verzierung, welches sich in typischen Geb\u00e4uden dieser ersten Etappe zeigt, wie beispielsweise dem&nbsp;<strong>Capricho<\/strong>: Dort verwendete Gaud\u00ed die Naturmuster und Kacheln auf die gleiche Art wie beim&nbsp;<strong>Casa Vicens<\/strong>&nbsp;\u2013 seinem ersten Werk in Barcelona.<\/p>\n\n\n\n<figure class=\"wp-block-image size-large\"><img decoding=\"async\" width=\"1000\" height=\"600\" src=\"https:\/\/www.lugaris.com\/app\/uploads\/2020\/06\/comillas.jpg\" alt=\"\" class=\"wp-image-6427\" srcset=\"https:\/\/www.lugaris.com\/app\/uploads\/2020\/06\/comillas.jpg 1000w, https:\/\/www.lugaris.com\/app\/uploads\/2020\/06\/comillas-300x180.jpg 300w, https:\/\/www.lugaris.com\/app\/uploads\/2020\/06\/comillas-768x461.jpg 768w\" sizes=\"(max-width: 1000px) 100vw, 1000px\" \/><\/figure>\n\n\n\n<h3 class=\"wp-block-heading\">Gaud\u00eds Inspiration in der neogotischen Phase<\/h3>\n\n\n\n<p class=\"\">Seine neogotische Etappe antwortet auf eine andere historische Bewegung, die es Anfang des XX. Jahrhunderts gab. Zusammen mit der&nbsp;<em>Renaixen<\/em><em>\u00e7<\/em><em>a<\/em>-Tendenz und der Renovierung des gotischen Viertels von Barcelona war es f\u00fcr den Architekten eine nat\u00fcrliche Entwicklung. Inspiriert von Texten von Viollet-le Duc, reinterpretierte er die katalanische Gotik: Er entwarf Geb\u00e4ude, in denen man bereits seine ber\u00fchmten schraubenf\u00f6rmigen S\u00e4ulen und Kettenb\u00f6gen finden konnte. Zudem sollte die Verwendung von Materialien aus der Umgebung des Bauwerks hervorgehoben werden. Dies zeigen beispielsweise der&nbsp;<strong>Bischofspalast von Astorga<\/strong>, der mit grauem Granit aus&nbsp;<em>El Bierzo&nbsp;<\/em>gebaut wurde, oder der&nbsp;<strong>Bellesguard-Turm<\/strong>, der mit Schieferplatten konstruiert wurde. Dieser besagte Turm wurde an der Stelle entworfen, an der K\u00f6nig Martin I. der Humane einst seinen Sommerpalast hatte. Gaud\u00ed betrachtete es als Nachbildung des urspr\u00fcnglichen Geb\u00e4udes und erhielt einige Symbole, indem er sie in einem katalanischen Kontext wieder auffasste.<\/p>\n\n\n\n<figure class=\"wp-block-image size-large\"><img loading=\"lazy\" decoding=\"async\" width=\"800\" height=\"600\" src=\"https:\/\/www.lugaris.com\/app\/uploads\/2020\/05\/ASTORGA.jpg\" alt=\"\" class=\"wp-image-7857\" srcset=\"https:\/\/www.lugaris.com\/app\/uploads\/2020\/05\/ASTORGA.jpg 800w, https:\/\/www.lugaris.com\/app\/uploads\/2020\/05\/ASTORGA-300x225.jpg 300w, https:\/\/www.lugaris.com\/app\/uploads\/2020\/05\/ASTORGA-768x576.jpg 768w\" sizes=\"(max-width: 800px) 100vw, 800px\" \/><\/figure>\n\n\n\n<h3 class=\"wp-block-heading\">Gaud\u00eds Inspiration in der naturalistischen Phase<\/h3>\n\n\n\n<p class=\"\">Wie er selbst best\u00e4tigte, suchte Gaud\u00ed ohne rationalistische Architektur Inspiration im Ursprung. In seinem Fall handelt es sich um die Natur, die laut Gaud\u00ed die gr\u00f6\u00dfte Sch\u00f6pfung Gottes ist. An den Bauwerken dieser Epoche wurden Mythologie, Katalanismus und Religiosit\u00e4t durch kreative Freiheit und Fantasie umgesetzt. So nutzte er die Formen der Natur zu seinen Gunsten: Von&nbsp;<strong>geometrischen Formen<\/strong>&nbsp;des hyperbolischen Paraboloids oder des Helikoides, bis hin zu Nachbildungen von&nbsp;<strong>organischen Materialien<\/strong>, wie Pflanzen, Knochen oder Tieren, wie z.B. der Drache oder Salamander im Park G\u00fcell. Ein Park, den Sie unbedingt besuchen sollten, wenn Sie in unseren&nbsp;<a href=\"https:\/\/www.lugaris.com\/de\/apartments-in-barcelona\/\">Apartments in Barcelona<\/a>&nbsp;wohnen.<\/p>\n\n\n\n<p class=\"\">Obwohl es viele Theorien zu seiner Inspiration in dieser Zeit gibt, ist es sehr wahrscheinlich, dass&nbsp;<strong>die Orte, die er besuchte<\/strong>&nbsp;(z.B.&nbsp;<strong><u>Montserrat<\/u><\/strong>, die H\u00f6hlen von Mallorca,&nbsp;<em>Sierra de Prades<\/em>) einen gro\u00dfen Einfluss auf ihn hatten. Am&nbsp;<em>Coll de la Desenrocada<\/em>&nbsp;wurden sogar geologische Formen gefunden, die eng mit den verwendeten Elementen des&nbsp;<strong>Casa Mil\u00e1<\/strong>&nbsp;und des&nbsp;<strong>Casa Batll\u00f3<\/strong>&nbsp;verkn\u00fcpft sind.<\/p>\n\n\n\n<figure class=\"wp-block-image size-large\"><img loading=\"lazy\" decoding=\"async\" width=\"1000\" height=\"600\" src=\"https:\/\/www.lugaris.com\/app\/uploads\/2020\/06\/casabatllo.jpg\" alt=\"\" class=\"wp-image-6414\" srcset=\"https:\/\/www.lugaris.com\/app\/uploads\/2020\/06\/casabatllo.jpg 1000w, https:\/\/www.lugaris.com\/app\/uploads\/2020\/06\/casabatllo-300x180.jpg 300w, https:\/\/www.lugaris.com\/app\/uploads\/2020\/06\/casabatllo-768x461.jpg 768w\" sizes=\"(max-width: 1000px) 100vw, 1000px\" \/><\/figure>\n\n\n\n<h3 class=\"wp-block-heading\">Gaud\u00eds Inspiration f\u00fcr die Sagrada Familia<\/h3>\n\n\n\n<p class=\"\">Bekannt als die in Stein gehauene Bibel, hat Gaud\u00eds unvollendetes Werk so viele Elemente, dass es schwierig ist, kein Detail zu \u00fcbersehen. Sein Meisterwerk reflektiert alle bisher genannten Inspirationen.<\/p>\n\n\n\n<p class=\"\">In diesem Tempel erkennt man den \u00dcbergang vom neugotischen Stil in der Krypta und der Apsis, zu seiner naturalistischen Phase. Hier findet man ebenso verschiedenen seiner meist verwendeten Symbole, wie zum Beispiel das vierarmige Kreuz, das man an mehreren Stellen findet. Sein Einsatz der&nbsp;<strong>geometrischen Formen<\/strong>&nbsp;zeigt sich in bei der&nbsp;Sagrada Familia innen&nbsp;und au\u00dfen: Mit Ellipsoid-, Hyperboloid-, Konoid- und Paraboloid-Elementen und doppelt geschwungenen S\u00e4ulen, die von ihren besonderen St\u00e4mmen bis zur Spitze an B\u00e4ume erinnern. Das&nbsp;<strong>Modell der umgekehrten Gewichte<\/strong>&nbsp;mit Schn\u00fcren diente Gaud\u00ed als Inspiration zu den geneigten S\u00e4ulen und Gew\u00f6lben, welche ihm halfen, mit dem Licht zu spielen.<\/p>\n\n\n\n<p class=\"\">In seiner Gesamtheit versucht das Werk ein&nbsp;<strong>H\u00f6hegef\u00fchl<\/strong>&nbsp;zu schaffen, weshalb alle Elemente des S\u00fchnetempels vertikale und schlanke Formen haben. In Hinsicht auf die Symbolik haben jede Fassade, jeder Turm und&nbsp;<strong>jedes Element eine besondere Bedeutung<\/strong>. Zum Beispiel ist der zentrale Turm Jesus Christus gewidmet, die vier T\u00fcrme drumherum den Evangelien und der gekr\u00f6nte Turm stellt die Jungfrau Maria dar, w\u00e4hrend die Fassaden einen anderen Lebensabschnitt von Jesus erz\u00e4hlen.<\/p>\n\n\n\n<figure class=\"wp-block-image size-large\"><img loading=\"lazy\" decoding=\"async\" width=\"1000\" height=\"600\" src=\"https:\/\/www.lugaris.com\/app\/uploads\/2020\/06\/sagradafamilia_2.jpg\" alt=\"\" class=\"wp-image-6421\" srcset=\"https:\/\/www.lugaris.com\/app\/uploads\/2020\/06\/sagradafamilia_2.jpg 1000w, https:\/\/www.lugaris.com\/app\/uploads\/2020\/06\/sagradafamilia_2-300x180.jpg 300w, https:\/\/www.lugaris.com\/app\/uploads\/2020\/06\/sagradafamilia_2-768x461.jpg 768w\" sizes=\"(max-width: 1000px) 100vw, 1000px\" \/><\/figure>\n\n\n\n<p class=\"\">Buchen Sie unsere&nbsp;<a href=\"https:\/\/www.lugaris.com\/de\/apartments-in-barcelona\/\">Apartments mit Meerblick in Barcelona<\/a>, begeben Sie sich auf eine wunderbare Zeitreise und lassen Sie sich selbst inspirieren. Entdecken Sie&nbsp;<a href=\"https:\/\/www.lugaris.com\/de\/die-schonsten-unbekannten-orte-barcelonas\/\">die sch\u00f6nsten unbekannten Orte in Barcelona<\/a>&nbsp;und bestaunen Sie&nbsp;<a href=\"https:\/\/www.lugaris.com\/de\/die-baukunst-von-barcelona-hervorragende-baudenkmaeler\/\">die Baukunst von Barcelona<\/a>.<\/p>\n","protected":false},"excerpt":{"rendered":"<p>Fragt man die Besucher der gr\u00e4flichen Stadt, was man in Barcelona unternehmen kann, nennen sie als erstes die typischen Geb\u00e4ude, wie das Casa Batll\u00f3 oder die Sagrada Familia.<\/p>\n","protected":false},"author":7,"featured_media":6427,"comment_status":"open","ping_status":"open","sticky":false,"template":"","format":"standard","meta":{"_uag_custom_page_level_css":"","footnotes":""},"categories":[118,117,116],"tags":[154,153,151,152,148],"yoast_head":"<!-- This site is optimized with the Yoast SEO plugin v23.1 - https:\/\/yoast.com\/wordpress\/plugins\/seo\/ -->\n<title>Gaud\u00eds Inspiration: Der Modernismus in Barcelona | Lugaris<\/title>\n<meta name=\"robots\" content=\"index, follow, max-snippet:-1, max-image-preview:large, max-video-preview:-1\" \/>\n<link rel=\"canonical\" href=\"https:\/\/www.lugaris.com\/de\/alles-uber-gaudis-inspiration-der-modernismus-in-barcelona\/\" \/>\n<meta property=\"og:locale\" content=\"de_DE\" \/>\n<meta property=\"og:type\" content=\"article\" \/>\n<meta property=\"og:title\" content=\"Gaud\u00eds Inspiration: Der Modernismus in Barcelona | Lugaris\" \/>\n<meta property=\"og:description\" content=\"Fragt man die Besucher der gr\u00e4flichen Stadt, was man in Barcelona unternehmen kann, nennen sie als erstes die typischen Geb\u00e4ude, wie das Casa Batll\u00f3 oder die Sagrada Familia.\" \/>\n<meta property=\"og:url\" content=\"https:\/\/www.lugaris.com\/de\/alles-uber-gaudis-inspiration-der-modernismus-in-barcelona\/\" \/>\n<meta property=\"og:site_name\" content=\"Lugaris\" \/>\n<meta property=\"article:published_time\" content=\"2020-05-08T14:22:53+00:00\" \/>\n<meta property=\"article:modified_time\" content=\"2024-03-21T13:53:45+00:00\" \/>\n<meta property=\"og:image\" content=\"https:\/\/www.lugaris.com\/app\/uploads\/2020\/06\/comillas.jpg\" \/>\n\t<meta property=\"og:image:width\" content=\"1000\" \/>\n\t<meta property=\"og:image:height\" content=\"600\" \/>\n\t<meta property=\"og:image:type\" content=\"image\/jpeg\" \/>\n<meta name=\"author\" content=\"Carol\" \/>\n<meta name=\"twitter:card\" content=\"summary_large_image\" \/>\n<meta name=\"twitter:label1\" content=\"Written by\" \/>\n\t<meta name=\"twitter:data1\" content=\"Carol\" \/>\n\t<meta name=\"twitter:label2\" content=\"Est. reading time\" \/>\n\t<meta name=\"twitter:data2\" content=\"8 minutes\" \/>\n<script type=\"application\/ld+json\" class=\"yoast-schema-graph\">{\"@context\":\"https:\/\/schema.org\",\"@graph\":[{\"@type\":\"Article\",\"@id\":\"https:\/\/www.lugaris.com\/de\/alles-uber-gaudis-inspiration-der-modernismus-in-barcelona\/#article\",\"isPartOf\":{\"@id\":\"https:\/\/www.lugaris.com\/de\/alles-uber-gaudis-inspiration-der-modernismus-in-barcelona\/\"},\"author\":{\"name\":\"Carol\",\"@id\":\"https:\/\/www.lugaris.com\/de\/#\/schema\/person\/a4b4909e5e26e647f8ee92b809f52077\"},\"headline\":\"ALLES \u00dcBER GAUD\u00cdS INSPIRATION: DER MODERNISMUS IN BARCELONA\",\"datePublished\":\"2020-05-08T14:22:53+00:00\",\"dateModified\":\"2024-03-21T13:53:45+00:00\",\"mainEntityOfPage\":{\"@id\":\"https:\/\/www.lugaris.com\/de\/alles-uber-gaudis-inspiration-der-modernismus-in-barcelona\/\"},\"wordCount\":1424,\"commentCount\":0,\"publisher\":{\"@id\":\"https:\/\/www.lugaris.com\/de\/#organization\"},\"image\":{\"@id\":\"https:\/\/www.lugaris.com\/de\/alles-uber-gaudis-inspiration-der-modernismus-in-barcelona\/#primaryimage\"},\"thumbnailUrl\":\"https:\/\/www.lugaris.com\/app\/uploads\/2020\/06\/comillas.jpg\",\"keywords\":[\"Kultur in Barcelona\",\"Geschichte von Barcelona\",\"Umgebung von Barcelona\",\"Tagesausfl\u00fcge aus Barcelona\",\"Sehensw\u00fcrdigkeiten in Barcelona\"],\"articleSection\":[\"Veranstaltungen in Barcelona\",\"Freizeit in Barcelona\",\"Barcelona\"],\"inLanguage\":\"de-DE\",\"potentialAction\":[{\"@type\":\"CommentAction\",\"name\":\"Comment\",\"target\":[\"https:\/\/www.lugaris.com\/de\/alles-uber-gaudis-inspiration-der-modernismus-in-barcelona\/#respond\"]}]},{\"@type\":\"WebPage\",\"@id\":\"https:\/\/www.lugaris.com\/de\/alles-uber-gaudis-inspiration-der-modernismus-in-barcelona\/\",\"url\":\"https:\/\/www.lugaris.com\/de\/alles-uber-gaudis-inspiration-der-modernismus-in-barcelona\/\",\"name\":\"Gaud\u00eds Inspiration: Der Modernismus in Barcelona | Lugaris\",\"isPartOf\":{\"@id\":\"https:\/\/www.lugaris.com\/de\/#website\"},\"primaryImageOfPage\":{\"@id\":\"https:\/\/www.lugaris.com\/de\/alles-uber-gaudis-inspiration-der-modernismus-in-barcelona\/#primaryimage\"},\"image\":{\"@id\":\"https:\/\/www.lugaris.com\/de\/alles-uber-gaudis-inspiration-der-modernismus-in-barcelona\/#primaryimage\"},\"thumbnailUrl\":\"https:\/\/www.lugaris.com\/app\/uploads\/2020\/06\/comillas.jpg\",\"datePublished\":\"2020-05-08T14:22:53+00:00\",\"dateModified\":\"2024-03-21T13:53:45+00:00\",\"breadcrumb\":{\"@id\":\"https:\/\/www.lugaris.com\/de\/alles-uber-gaudis-inspiration-der-modernismus-in-barcelona\/#breadcrumb\"},\"inLanguage\":\"de-DE\",\"potentialAction\":[{\"@type\":\"ReadAction\",\"target\":[\"https:\/\/www.lugaris.com\/de\/alles-uber-gaudis-inspiration-der-modernismus-in-barcelona\/\"]}]},{\"@type\":\"ImageObject\",\"inLanguage\":\"de-DE\",\"@id\":\"https:\/\/www.lugaris.com\/de\/alles-uber-gaudis-inspiration-der-modernismus-in-barcelona\/#primaryimage\",\"url\":\"https:\/\/www.lugaris.com\/app\/uploads\/2020\/06\/comillas.jpg\",\"contentUrl\":\"https:\/\/www.lugaris.com\/app\/uploads\/2020\/06\/comillas.jpg\",\"width\":1000,\"height\":600},{\"@type\":\"BreadcrumbList\",\"@id\":\"https:\/\/www.lugaris.com\/de\/alles-uber-gaudis-inspiration-der-modernismus-in-barcelona\/#breadcrumb\",\"itemListElement\":[{\"@type\":\"ListItem\",\"position\":1,\"name\":\"Home\",\"item\":\"https:\/\/www.lugaris.com\/de\/\"},{\"@type\":\"ListItem\",\"position\":2,\"name\":\"ALLES \u00dcBER GAUD\u00cdS INSPIRATION: DER MODERNISMUS IN BARCELONA\"}]},{\"@type\":\"WebSite\",\"@id\":\"https:\/\/www.lugaris.com\/de\/#website\",\"url\":\"https:\/\/www.lugaris.com\/de\/\",\"name\":\"Lugaris\",\"description\":\"Apartamentos de vacaciones en Barcelona\",\"publisher\":{\"@id\":\"https:\/\/www.lugaris.com\/de\/#organization\"},\"potentialAction\":[{\"@type\":\"SearchAction\",\"target\":{\"@type\":\"EntryPoint\",\"urlTemplate\":\"https:\/\/www.lugaris.com\/de\/?s={search_term_string}\"},\"query-input\":\"required name=search_term_string\"}],\"inLanguage\":\"de-DE\"},{\"@type\":\"Organization\",\"@id\":\"https:\/\/www.lugaris.com\/de\/#organization\",\"name\":\"Lugaris Apartments in Barcelona\",\"url\":\"https:\/\/www.lugaris.com\/de\/\",\"logo\":{\"@type\":\"ImageObject\",\"inLanguage\":\"de-DE\",\"@id\":\"https:\/\/www.lugaris.com\/de\/#\/schema\/logo\/image\/\",\"url\":\"https:\/\/www.lugaris.com\/app\/uploads\/2020\/03\/Logo_lugaris_v2.png\",\"contentUrl\":\"https:\/\/www.lugaris.com\/app\/uploads\/2020\/03\/Logo_lugaris_v2.png\",\"width\":285,\"height\":257,\"caption\":\"Lugaris Apartments in Barcelona\"},\"image\":{\"@id\":\"https:\/\/www.lugaris.com\/de\/#\/schema\/logo\/image\/\"}},{\"@type\":\"Person\",\"@id\":\"https:\/\/www.lugaris.com\/de\/#\/schema\/person\/a4b4909e5e26e647f8ee92b809f52077\",\"name\":\"Carol\",\"image\":{\"@type\":\"ImageObject\",\"inLanguage\":\"de-DE\",\"@id\":\"https:\/\/www.lugaris.com\/de\/#\/schema\/person\/image\/\",\"url\":\"https:\/\/www.lugaris.com\/app\/litespeed\/avatar\/838ee79dab26d1d7647e49a172bc7c36.jpg?ver=1776872839\",\"contentUrl\":\"https:\/\/www.lugaris.com\/app\/litespeed\/avatar\/838ee79dab26d1d7647e49a172bc7c36.jpg?ver=1776872839\",\"caption\":\"Carol\"}}]}<\/script>\n<!-- \/ Yoast SEO plugin. -->","yoast_head_json":{"title":"Gaud\u00eds Inspiration: Der Modernismus in Barcelona | Lugaris","robots":{"index":"index","follow":"follow","max-snippet":"max-snippet:-1","max-image-preview":"max-image-preview:large","max-video-preview":"max-video-preview:-1"},"canonical":"https:\/\/www.lugaris.com\/de\/alles-uber-gaudis-inspiration-der-modernismus-in-barcelona\/","og_locale":"de_DE","og_type":"article","og_title":"Gaud\u00eds Inspiration: Der Modernismus in Barcelona | Lugaris","og_description":"Fragt man die Besucher der gr\u00e4flichen Stadt, was man in Barcelona unternehmen kann, nennen sie als erstes die typischen Geb\u00e4ude, wie das Casa Batll\u00f3 oder die Sagrada Familia.","og_url":"https:\/\/www.lugaris.com\/de\/alles-uber-gaudis-inspiration-der-modernismus-in-barcelona\/","og_site_name":"Lugaris","article_published_time":"2020-05-08T14:22:53+00:00","article_modified_time":"2024-03-21T13:53:45+00:00","og_image":[{"width":1000,"height":600,"url":"https:\/\/www.lugaris.com\/app\/uploads\/2020\/06\/comillas.jpg","type":"image\/jpeg"}],"author":"Carol","twitter_card":"summary_large_image","twitter_misc":{"Written by":"Carol","Est. reading time":"8 minutes"},"schema":{"@context":"https:\/\/schema.org","@graph":[{"@type":"Article","@id":"https:\/\/www.lugaris.com\/de\/alles-uber-gaudis-inspiration-der-modernismus-in-barcelona\/#article","isPartOf":{"@id":"https:\/\/www.lugaris.com\/de\/alles-uber-gaudis-inspiration-der-modernismus-in-barcelona\/"},"author":{"name":"Carol","@id":"https:\/\/www.lugaris.com\/de\/#\/schema\/person\/a4b4909e5e26e647f8ee92b809f52077"},"headline":"ALLES \u00dcBER GAUD\u00cdS INSPIRATION: DER MODERNISMUS IN BARCELONA","datePublished":"2020-05-08T14:22:53+00:00","dateModified":"2024-03-21T13:53:45+00:00","mainEntityOfPage":{"@id":"https:\/\/www.lugaris.com\/de\/alles-uber-gaudis-inspiration-der-modernismus-in-barcelona\/"},"wordCount":1424,"commentCount":0,"publisher":{"@id":"https:\/\/www.lugaris.com\/de\/#organization"},"image":{"@id":"https:\/\/www.lugaris.com\/de\/alles-uber-gaudis-inspiration-der-modernismus-in-barcelona\/#primaryimage"},"thumbnailUrl":"https:\/\/www.lugaris.com\/app\/uploads\/2020\/06\/comillas.jpg","keywords":["Kultur in Barcelona","Geschichte von Barcelona","Umgebung von Barcelona","Tagesausfl\u00fcge aus Barcelona","Sehensw\u00fcrdigkeiten in Barcelona"],"articleSection":["Veranstaltungen in Barcelona","Freizeit in Barcelona","Barcelona"],"inLanguage":"de-DE","potentialAction":[{"@type":"CommentAction","name":"Comment","target":["https:\/\/www.lugaris.com\/de\/alles-uber-gaudis-inspiration-der-modernismus-in-barcelona\/#respond"]}]},{"@type":"WebPage","@id":"https:\/\/www.lugaris.com\/de\/alles-uber-gaudis-inspiration-der-modernismus-in-barcelona\/","url":"https:\/\/www.lugaris.com\/de\/alles-uber-gaudis-inspiration-der-modernismus-in-barcelona\/","name":"Gaud\u00eds Inspiration: Der Modernismus in Barcelona | Lugaris","isPartOf":{"@id":"https:\/\/www.lugaris.com\/de\/#website"},"primaryImageOfPage":{"@id":"https:\/\/www.lugaris.com\/de\/alles-uber-gaudis-inspiration-der-modernismus-in-barcelona\/#primaryimage"},"image":{"@id":"https:\/\/www.lugaris.com\/de\/alles-uber-gaudis-inspiration-der-modernismus-in-barcelona\/#primaryimage"},"thumbnailUrl":"https:\/\/www.lugaris.com\/app\/uploads\/2020\/06\/comillas.jpg","datePublished":"2020-05-08T14:22:53+00:00","dateModified":"2024-03-21T13:53:45+00:00","breadcrumb":{"@id":"https:\/\/www.lugaris.com\/de\/alles-uber-gaudis-inspiration-der-modernismus-in-barcelona\/#breadcrumb"},"inLanguage":"de-DE","potentialAction":[{"@type":"ReadAction","target":["https:\/\/www.lugaris.com\/de\/alles-uber-gaudis-inspiration-der-modernismus-in-barcelona\/"]}]},{"@type":"ImageObject","inLanguage":"de-DE","@id":"https:\/\/www.lugaris.com\/de\/alles-uber-gaudis-inspiration-der-modernismus-in-barcelona\/#primaryimage","url":"https:\/\/www.lugaris.com\/app\/uploads\/2020\/06\/comillas.jpg","contentUrl":"https:\/\/www.lugaris.com\/app\/uploads\/2020\/06\/comillas.jpg","width":1000,"height":600},{"@type":"BreadcrumbList","@id":"https:\/\/www.lugaris.com\/de\/alles-uber-gaudis-inspiration-der-modernismus-in-barcelona\/#breadcrumb","itemListElement":[{"@type":"ListItem","position":1,"name":"Home","item":"https:\/\/www.lugaris.com\/de\/"},{"@type":"ListItem","position":2,"name":"ALLES \u00dcBER GAUD\u00cdS INSPIRATION: DER MODERNISMUS IN BARCELONA"}]},{"@type":"WebSite","@id":"https:\/\/www.lugaris.com\/de\/#website","url":"https:\/\/www.lugaris.com\/de\/","name":"Lugaris","description":"Apartamentos de vacaciones en Barcelona","publisher":{"@id":"https:\/\/www.lugaris.com\/de\/#organization"},"potentialAction":[{"@type":"SearchAction","target":{"@type":"EntryPoint","urlTemplate":"https:\/\/www.lugaris.com\/de\/?s={search_term_string}"},"query-input":"required name=search_term_string"}],"inLanguage":"de-DE"},{"@type":"Organization","@id":"https:\/\/www.lugaris.com\/de\/#organization","name":"Lugaris Apartments in Barcelona","url":"https:\/\/www.lugaris.com\/de\/","logo":{"@type":"ImageObject","inLanguage":"de-DE","@id":"https:\/\/www.lugaris.com\/de\/#\/schema\/logo\/image\/","url":"https:\/\/www.lugaris.com\/app\/uploads\/2020\/03\/Logo_lugaris_v2.png","contentUrl":"https:\/\/www.lugaris.com\/app\/uploads\/2020\/03\/Logo_lugaris_v2.png","width":285,"height":257,"caption":"Lugaris Apartments in Barcelona"},"image":{"@id":"https:\/\/www.lugaris.com\/de\/#\/schema\/logo\/image\/"}},{"@type":"Person","@id":"https:\/\/www.lugaris.com\/de\/#\/schema\/person\/a4b4909e5e26e647f8ee92b809f52077","name":"Carol","image":{"@type":"ImageObject","inLanguage":"de-DE","@id":"https:\/\/www.lugaris.com\/de\/#\/schema\/person\/image\/","url":"https:\/\/www.lugaris.com\/app\/litespeed\/avatar\/838ee79dab26d1d7647e49a172bc7c36.jpg?ver=1776872839","contentUrl":"https:\/\/www.lugaris.com\/app\/litespeed\/avatar\/838ee79dab26d1d7647e49a172bc7c36.jpg?ver=1776872839","caption":"Carol"}}]}},"uagb_featured_image_src":{"full":["https:\/\/www.lugaris.com\/app\/uploads\/2020\/06\/comillas.jpg",1000,600,false],"thumbnail":["https:\/\/www.lugaris.com\/app\/uploads\/2020\/06\/comillas-150x150.jpg",150,150,true],"medium":["https:\/\/www.lugaris.com\/app\/uploads\/2020\/06\/comillas-300x180.jpg",300,180,true],"medium_large":["https:\/\/www.lugaris.com\/app\/uploads\/2020\/06\/comillas-768x461.jpg",768,461,true],"large":["https:\/\/www.lugaris.com\/app\/uploads\/2020\/06\/comillas.jpg",1000,600,false],"1536x1536":["https:\/\/www.lugaris.com\/app\/uploads\/2020\/06\/comillas.jpg",1000,600,false],"2048x2048":["https:\/\/www.lugaris.com\/app\/uploads\/2020\/06\/comillas.jpg",1000,600,false]},"uagb_author_info":{"display_name":"Carol","author_link":"https:\/\/www.lugaris.com\/de\/author\/cvb2-performance-es\/"},"uagb_comment_info":12,"uagb_excerpt":"Fragt man die Besucher der gr\u00e4flichen Stadt, was man in Barcelona unternehmen kann, nennen sie als erstes die typischen Geb\u00e4ude, wie das Casa Batll\u00f3 oder die Sagrada Familia.","_links":{"self":[{"href":"https:\/\/www.lugaris.com\/de\/wp-json\/wp\/v2\/posts\/7478"}],"collection":[{"href":"https:\/\/www.lugaris.com\/de\/wp-json\/wp\/v2\/posts"}],"about":[{"href":"https:\/\/www.lugaris.com\/de\/wp-json\/wp\/v2\/types\/post"}],"author":[{"embeddable":true,"href":"https:\/\/www.lugaris.com\/de\/wp-json\/wp\/v2\/users\/7"}],"replies":[{"embeddable":true,"href":"https:\/\/www.lugaris.com\/de\/wp-json\/wp\/v2\/comments?post=7478"}],"version-history":[{"count":3,"href":"https:\/\/www.lugaris.com\/de\/wp-json\/wp\/v2\/posts\/7478\/revisions"}],"predecessor-version":[{"id":22881,"href":"https:\/\/www.lugaris.com\/de\/wp-json\/wp\/v2\/posts\/7478\/revisions\/22881"}],"wp:featuredmedia":[{"embeddable":true,"href":"https:\/\/www.lugaris.com\/de\/wp-json\/wp\/v2\/media\/6427"}],"wp:attachment":[{"href":"https:\/\/www.lugaris.com\/de\/wp-json\/wp\/v2\/media?parent=7478"}],"wp:term":[{"taxonomy":"category","embeddable":true,"href":"https:\/\/www.lugaris.com\/de\/wp-json\/wp\/v2\/categories?post=7478"},{"taxonomy":"post_tag","embeddable":true,"href":"https:\/\/www.lugaris.com\/de\/wp-json\/wp\/v2\/tags?post=7478"}],"curies":[{"name":"wp","href":"https:\/\/api.w.org\/{rel}","templated":true}]}}