{"id":7574,"date":"2020-05-07T11:57:41","date_gmt":"2020-05-07T11:57:41","guid":{"rendered":"https:\/\/www.lugaris.com\/12-casas-historicas-de-barcelona-abiertas-al-publico\/"},"modified":"2024-03-21T14:15:42","modified_gmt":"2024-03-21T14:15:42","slug":"12-historische-hauser-die-man-in-barcelona-besichtigen-kann","status":"publish","type":"post","link":"https:\/\/www.lugaris.com\/de\/12-historische-hauser-die-man-in-barcelona-besichtigen-kann\/","title":{"rendered":"12 HISTORISCHE H\u00c4USER, DIE MAN IN BARCELONA BESICHTIGEN KANN"},"content":{"rendered":"\n<p class=\"\">Wenn man das erste Mal in Barcelona ist, ist es unumg\u00e4nglich, den Gro\u00dfteil seiner Zeit den typischen Bauwerken Barcelonas zu widmen: Die&nbsp;<a href=\"https:\/\/www.lugaris.com\/de\/la-sagrada-familia\/\">Sagrada Familia<\/a>, die Kathedrale oder die Basilika&nbsp;<em>Santa Mar\u00eda del Mar<\/em>. Auch wenn all diese Orte atemberaubend sind, sollte man nicht \u00fcbersehen, wie sich der Alltag der Einwohner der gr\u00e4flichen Stadt mit der Zeit entwickelt hat. Deshalb laden wir Sie nun ein,&nbsp;<strong>12 historische H\u00e4user in Barcelona zu betreten, die f\u00fcr die \u00d6ffentlichkeit zug\u00e4nglich sind<\/strong>.<\/p>\n\n\n\n<p class=\"\">Von unseren&nbsp;<a href=\"https:\/\/www.lugaris.com\/de\/apartments-in-barcelona\/\">Apartments am Strand in Barcelona<\/a>&nbsp;ist es ganz einfach, zu den Orten zu gelangen, die wir Ihnen im Folgenden vorschlagen werden. Jeder einzelne Platz verspricht eine Zeitreise \u2013 von der R\u00f6merzeit bis zur Moderne. Begleiten Sie uns und machen Sie sich mit dem allt\u00e4glichen Leben der Einwohner Barcelonas vertraut!<a href=\"https:\/\/www.lugaris.com\/?utm_source=blog_es&amp;utm_medium=banner&amp;utm_campaign=728x90_casas_hist%C3%B3ricas\" target=\"_blank\" rel=\"noreferrer noopener\"><\/a><\/p>\n\n\n\n<h2 class=\"wp-block-heading\">CASA AMATLLER<\/h2>\n\n\n\n<p class=\"\">Im&nbsp;<em>Paseo de Gracia<\/em>&nbsp;41 befindet sich das Amatller-Haus. Es ist eins der bemerkenswertesten Werke von&nbsp;<strong>Josep Puig i Cadafalch<\/strong>, der sich 1898 bis 1900 mit den Umbauarbeiten des Anwesens von 1875 besch\u00e4ftigte. Das Geb\u00e4ude wurde von dem Schokoladenunternehmer Antoni Amatller in Auftrag gegeben, der diesen modernistischen kleinen Palast als Wohnsitz nutzen wollte. Wir empfehlen Ihnen, dort die fantastische skulpturale Dekoration der Au\u00dfenfassade zu beachten. Das Werk von&nbsp;<strong>Eusebi Arnau<\/strong>&nbsp;zeigt zwei asymmetrische T\u00fcren, die durch einen \u201eSant Jordi\u201c verbunden sind. Zudem ragen verschiedene Schmiedeelemente heraus, die diese Fassade so besonders machen. Seit 1960 geh\u00f6rt das Haus zum Amatller-Institut hispanischer Kunst und&nbsp;<strong>wurde am 9. Januar 1976 zum historisch-k\u00fcnstlerischen Monument ernannt<\/strong>.<\/p>\n\n\n\n<figure class=\"wp-block-image\"><img decoding=\"async\" src=\"https:\/\/www.lugaris.com\/wp-content\/uploads\/2018\/07\/Casa-Amatller.jpg\" alt=\"\"\/><\/figure>\n\n\n\n<h2 class=\"wp-block-heading\">CASA BATLL\u00d3<\/h2>\n\n\n\n<p class=\"\">Im&nbsp;<em>Paseo de Gracia<\/em>&nbsp;43, neben dem&nbsp;<em>Casa Amatller<\/em>, befindet sich das Batll\u00f3-Haus. Dieses spektakul\u00e4re modernistische Bauwerk ist das Ergebnis des&nbsp;<strong>ber\u00fchmten Architekten Gaud\u00ed<\/strong>.<strong>&nbsp;Dieser renovierte das Geb\u00e4ude zwischen 1904 und 1907 von Grund auf.&nbsp;<\/strong>Das Projekt, das seit 1969 als Kulturgut z\u00e4hlt, wurde von Josep Batll\u00f3 i Casanovas veranlasst \u2013 ein Textilunternehmer, der durch eine Heirat mit der Familie God\u00f3 verbunden ist. Der ber\u00fchmteste Teil ist die Fassade. Sie gilt als eine der kreativsten und originellsten Werke des Genies aus Reus. Stein, Schmiedeeisen, Mosaik und bunte Keramik werden hier kombiniert. Eine Kuriosit\u00e4t: Die einzigartige Knochen-Form der S\u00e4ulen, die die Fenster der Hauptwohnung verzieren, haben dem Geb\u00e4ude den Spitznamen&nbsp;<strong><em>Casa dels Ossos<\/em><\/strong>&nbsp;(Knochenhaus) beschert. Wenn Sie mehr dar\u00fcber erfahren m\u00f6chten, lesen Sie auch unseren Artikel \u00fcber&nbsp;<a href=\"https:\/\/www.lugaris.com\/de\/alle-kunstwerke-von-gaudi-in-barcelona\/\">alle Kunstwerke von Gaud\u00ed in Barcelona<\/a>.<\/p>\n\n\n\n<figure class=\"wp-block-image\"><img decoding=\"async\" src=\"https:\/\/www.lugaris.com\/wp-content\/uploads\/2018\/07\/Casa_Batll%C3%B3.jpg\" alt=\"\"\/><\/figure>\n\n\n\n<h2 class=\"wp-block-heading\">CASA DE LA SEDA<\/h2>\n\n\n\n<p class=\"\">In der&nbsp;<em>Sant Pere m\u00e9s Alt<\/em>-Stra\u00dfe 1 thront im Herzen des historischen Zentrums von Barcelona der&nbsp;<strong>ehemalige Hauptsitz der damaligen Gilde der Seidentuchweber<\/strong>&nbsp;\u2013 eine Vereinigung, die vor drei Jahrhunderten wichtige Ma\u00dfnahmen f\u00fcr den katalanischen Textilsektor ergriffen hat. Im Jahre 1919 wurde das Casa de la Seda als&nbsp;<em>Monumento de Inter\u00e9s Nacional<\/em>&nbsp;ernannt. 1929 gewann es au\u00dferdem die Goldmedaille der Stadt Barcelona. Im eleganten Inneren des Geb\u00e4udes sticht besonders der Hauptsaal hervor, den man mit einem Reisef\u00fchrer besichtigen kann \u2013 die manchmal etwas theatralisch sind. Lassen Sie es sich nicht entgehen und reservieren Sie auch eine&nbsp;<a href=\"https:\/\/www.lugaris.com\/de\/\">Ferienwohnung am Strand von Barcelona<\/a>, die sich nicht weit davon entfernt befindet.<\/p>\n\n\n\n<figure class=\"wp-block-image\"><img decoding=\"async\" src=\"https:\/\/www.lugaris.com\/wp-content\/uploads\/2018\/07\/Casa-de-la-Seda.jpg\" alt=\"\"\/><\/figure>\n\n\n\n<h2 class=\"wp-block-heading\">CASA ELIZALDE<\/h2>\n\n\n\n<p class=\"\">In der&nbsp;<em>Valencia<\/em>-Stra\u00dfe 302 steht dieser kleine Palast, der 1888 vom Architekten Emili Sala i Cort\u00e9s als Privatwohnsitz entworfen wurde. Es dauerte jedoch nicht lange bis das Geb\u00e4ude zum&nbsp;<strong>B\u00fcrohauptsitz von&nbsp;<em>Elizalde S.A.<\/em>&nbsp;(AG) wurde \u2013 eines der wichtigsten spanischen Automobilunternehmen<\/strong>&nbsp;zu Beginn des XX. Jahrhunderts. 1978 versuchte die Stadtverwaltung Barcelonas, das Bauwerk vor dem Verfall zu bewahren. Deshalb nahm sie es in den Katalog des architektonischen Erbes auf und erwarb es drei Jahre sp\u00e4ter. Heute befindet sich im Casa Elizalde ein Kulturzentrum, das sich besichtigen l\u00e4sst.<\/p>\n\n\n\n<figure class=\"wp-block-image\"><img decoding=\"async\" src=\"https:\/\/www.lugaris.com\/wp-content\/uploads\/2018\/07\/Casa_Elizalde.jpg\" alt=\"\"\/><\/figure>\n\n\n\n<h2 class=\"wp-block-heading\">CASA VICENS<\/h2>\n\n\n\n<p class=\"\">In der&nbsp;<em>Carolinas<\/em>-Stra\u00dfe 18-24 findet man einen der gr\u00f6\u00dften Sch\u00e4tze des katalanischen Modernismus\u2018:&nbsp;<strong>Das erste bedeutende Projekt von Gaud\u00ed<\/strong>, nachdem er 1878 Architekt wurde. Das Haus wurde zwischen 1883 und 1888 im Neomudejar-Stil erbaut. Es zeichnet sich durch seine dezente Dekoration mit floralen Keramikmotiven aus. Im Jahre 2005 wurde das Geb\u00e4ude&nbsp;<strong>Teil des UNESCO-Weltkulturerbes<\/strong>&nbsp;und seit Herbst 2017 ist es der \u00d6ffentlichkeit zug\u00e4nglich.<\/p>\n\n\n\n<figure class=\"wp-block-image\"><img decoding=\"async\" src=\"https:\/\/www.lugaris.com\/wp-content\/uploads\/2018\/07\/casa_vicens.jpg\" alt=\"\"\/><\/figure>\n\n\n\n<h2 class=\"wp-block-heading\">CASA MIL\u00c0 (LA PEDRERA)<\/h2>\n\n\n\n<p class=\"\">In der&nbsp;<em>Proven<\/em><em>\u00e7<\/em><em>a<\/em>-Stra\u00dfe 261-265 an der Ecke zum&nbsp;<em>Paseo de Gracia<\/em>&nbsp;befindet sich La Pedrera, das auf unserer Liste der historischen H\u00e4user, die man besichtigen kann, nicht fehlen darf. Dieses Geb\u00e4ude wurde&nbsp;<strong>1984 zum UNESCO-Weltkulturerbe<\/strong>&nbsp;ausgezeichnet und z\u00e4hlt zu Gaud\u00eds gr\u00f6\u00dften Meisterwerken. Das zwischen 1906 und 1912 erbaute Haus wurde vom Kaufmann Pere Mil\u00e0 i Camps und seiner Frau Roser Segimon in Auftrag gegeben. Die geschwungene Au\u00dfenfassade, die wundersch\u00f6nen Schmiedebalkone und die beeindruckenden Schornsteine, die die Terrasse vollenden, machen diesen Ort w\u00e4hrend eines Barcelona-Aufenthaltes zum Pflichtbesuch. Unsere&nbsp;<a href=\"https:\/\/www.lugaris.com\/de\/lugaris-beach\/\">Apartments in Barcelona<\/a>&nbsp;befinden sich \u00fcbrigens ganz in der N\u00e4he.<\/p>\n\n\n\n<figure class=\"wp-block-image\"><img decoding=\"async\" src=\"https:\/\/www.lugaris.com\/wp-content\/uploads\/2018\/07\/Casa_Mil%C3%A0_La_Pedrera.jpg\" alt=\"\"\/><\/figure>\n\n\n\n<h2 class=\"wp-block-heading\">CASA TERRADAS (ODER CASA DE LES PUNXES)<\/h2>\n\n\n\n<p class=\"\">In der&nbsp;<em>Avenida Diagonal<\/em>&nbsp;416-420 thront dieses Schloss, welches eins der bekanntesten Werke von Josep Puig i Cadafalch ist. Mit seinem neogotischen und modernistischem (1905) Stil war es ein Auftrag von Bartomeu Terradas i Brutau f\u00fcr seine drei Schwestern: \u00c0ngela, Josefa und Rosa. Die repr\u00e4sentativsten Elemente sind zweifelsohne seine&nbsp;<strong>sechs spitzen T\u00fcrme, die kegelf\u00f6rmig in die Luft ragen<\/strong>. Obwohl im Innenraum keine Dekoration aus dieser Zeit mehr zu finden ist, gibt es Audiomaterial zu der Legende von Sant Jordi. Au\u00dferdem kann man die sch\u00f6ne Dachterrasse bewundern.<\/p>\n\n\n\n<figure class=\"wp-block-image size-large\"><img fetchpriority=\"high\" decoding=\"async\" width=\"1000\" height=\"600\" src=\"https:\/\/www.lugaris.com\/app\/uploads\/2020\/05\/Casa_Punxes.jpg\" alt=\"\" class=\"wp-image-5943\" srcset=\"https:\/\/www.lugaris.com\/app\/uploads\/2020\/05\/Casa_Punxes.jpg 1000w, https:\/\/www.lugaris.com\/app\/uploads\/2020\/05\/Casa_Punxes-300x180.jpg 300w, https:\/\/www.lugaris.com\/app\/uploads\/2020\/05\/Casa_Punxes-768x461.jpg 768w\" sizes=\"(max-width: 1000px) 100vw, 1000px\" \/><\/figure>\n\n\n\n<h2 class=\"wp-block-heading\">DOMUS AVINY\u00d3<\/h2>\n\n\n\n<p class=\"\">Seit Fr\u00fchling 2015 kann man dieses alte r\u00f6mische Haus besichtigen. Es befindet sich neben der alten&nbsp;<em>Barcino<\/em>-Mauer und stammt aus dem I. und IV. Jahrhundert nach Chr. Sein auff\u00e4lligstes Element ist die&nbsp;<strong>reiche Sammlung von Gem\u00e4lden, die seine Mauern und W\u00e4nde zeigen<\/strong>. Tats\u00e4chlich wurde hier das beeindruckendste Mosaik der alten Stadt aus der Zeit des Kaisers Augustus gefunden. Besuchen Sie dieses unglaubliche Monument in der&nbsp;<em>Aviny\u00f3<\/em>-Stra\u00dfe 15, im Herzen des&nbsp;<a href=\"https:\/\/www.lugaris.com\/de\/die-geheimnisse-des-gotischen-stadtviertels-von-barcelona\/\">gotischen Stadtviertels<\/a>.<\/p>\n\n\n\n<figure class=\"wp-block-image size-large\"><img decoding=\"async\" width=\"1024\" height=\"768\" src=\"https:\/\/www.lugaris.com\/app\/uploads\/2020\/06\/Domus_Aviny\u00f3.jpg\" alt=\"\" class=\"wp-image-5917\" srcset=\"https:\/\/www.lugaris.com\/app\/uploads\/2020\/06\/Domus_Aviny\u00f3.jpg 1024w, https:\/\/www.lugaris.com\/app\/uploads\/2020\/06\/Domus_Aviny\u00f3-300x225.jpg 300w, https:\/\/www.lugaris.com\/app\/uploads\/2020\/06\/Domus_Aviny\u00f3-768x576.jpg 768w\" sizes=\"(max-width: 1024px) 100vw, 1024px\" \/><\/figure>\n\n\n\n<h2 class=\"wp-block-heading\">DOMUS DE SANT HONORAT<\/h2>\n\n\n\n<p class=\"\">An diesem arch\u00e4ologischen Ort findet man \u00dcberreste des r\u00f6mischen&nbsp;<em>Barcino<\/em>&nbsp;aus dem IV. Jahrhundert und aus dem XIII. und XVI. Jahrhundert eines Hauses aus dem j\u00fcdischen Stadtviertel&nbsp;<em>El Call<\/em>&nbsp;des mittelalterlichen Barcelonas. Im Inneren befinden sich mehrere&nbsp;<strong>mittelalterliche Silos<\/strong>, die zur Getreidelagerung dienten, sowie&nbsp;<strong>Mosaike aus der R\u00f6merzeit<\/strong>. Notieren Sie sich die Adresse:&nbsp;<em>Calle de la Fruita<\/em>&nbsp;2.<\/p>\n\n\n\n<figure class=\"wp-block-image\"><img decoding=\"async\" src=\"https:\/\/www.lugaris.com\/wp-content\/uploads\/2018\/07\/Domus_Sant_Honorat.jpg\" alt=\"\"\/><\/figure>\n\n\n\n<h2 class=\"wp-block-heading\">PALAU G\u00dcELL<\/h2>\n\n\n\n<p class=\"\">In der Stra\u00dfe&nbsp;<em>Nou de la Rambla<\/em>&nbsp;3-5 befindet sich dieser Palast, der zwischen 1886 und 1890 erbaut wurde. Er z\u00e4hlt zu den gr\u00f6\u00dften Sch\u00e4tzen des Stadtviertels&nbsp;<em>EL Raval<\/em>. Der Bautr\u00e4ger war der Gesch\u00e4ftsmann und M\u00e4zen Eusebi G\u00fcell aus Barcelona. Er beauftragte seinen Freund Gaud\u00ed mit dem Bau seines Familienwohnsitzes, der ebenso als Treffpunkt wohlhabender B\u00fcrger dienen sollte. Es ist&nbsp;<strong>das erste gro\u00dfe Werk, f\u00fcr das G\u00fcell Gaud\u00ed den Auftrag erteilte<\/strong>. Es zeichnet sich besonders durch das Raum- und Lichtkonzept des Architekten aus. 1984 wurde der Palast in die&nbsp;<strong>UNESCO-Liste des Weltkulturerbes<\/strong>&nbsp;aufgenommen.<\/p>\n\n\n\n<figure class=\"wp-block-image\"><img decoding=\"async\" src=\"https:\/\/www.lugaris.com\/wp-content\/uploads\/2018\/07\/Palau_Guell.jpg\" alt=\"\"\/><\/figure>\n\n\n\n<h2 class=\"wp-block-heading\">PALAU RECASENS<\/h2>\n\n\n\n<p class=\"\">Als Kulturgut ausgezeichnet befindet sich der&nbsp;<em>Palau Requesens<\/em>&nbsp;neben der&nbsp;<em>Sant Just<\/em>-Kirche im Stadtviertel&nbsp;<em>G\u00f3tico<\/em>. Auch bekannt als \u201ePalast der Gr\u00e4fin von Palam\u00f3s\u201c,&nbsp;<strong>wurde er zum gr\u00f6\u00dften Privatpalast des mittelalterlichen Barcelonas<\/strong>. Heute beherbergt das Geb\u00e4ude die&nbsp;<em>Real Academia de Buenas Letras<\/em>, die man in der Stra\u00dfe&nbsp;<em>Bispe Ca<\/em><em>\u00e7<\/em><em>ador<\/em>&nbsp;3 besichtigen kann.<\/p>\n\n\n\n<figure class=\"wp-block-image\"><img decoding=\"async\" src=\"https:\/\/www.lugaris.com\/wp-content\/uploads\/2018\/07\/Palau_Recasens.jpg\" alt=\"\"\/><\/figure>\n\n\n\n<h2 class=\"wp-block-heading\">TORRE DE BELLESGUARD O CASA FIGUERAS<\/h2>\n\n\n\n<p class=\"\">Mit seiner offensichtlichen Sch\u00f6nheit ist dieser Turm eines der bekanntesten Bauwerke von&nbsp;<strong>Antoni Gaud\u00ed<\/strong>. Der baute es zwischen 1900 und 1909 am Fu\u00dfe des Tibidabo-Berges (Calle Bellesguard 16-20). 1969 wurde das Werk zum Kulturgut von nationalem Interesse ernannt. Der Turm von Bellesguard vereint gotische und modernistische Elemente, aufgeteilt in einem quadratischen Geb\u00e4ude mit einem Erdgeschoss, drei Etagen und einem Dachgeschoss. 1909 verlie\u00df Gaud\u00ed das Projekt, das 1917 von Dom\u00e8nec Sugra\u00f1es fertiggestellt wurde \u2013 Designer der T\u00fcr, des Keramikb\u00e4nke und der Natursteinmosaike.&nbsp;<strong>Das Geb\u00e4ude thront an der Stelle, wo sich einst die Burg von K\u00f6nig Martin I. dem Humanen (1356-1410) befand<\/strong>. Aktuell ist es im Privatbesitz, der jedoch seit September 2013 F\u00fchrungen anbietet.<\/p>\n\n\n\n<figure class=\"wp-block-image\"><img decoding=\"async\" src=\"https:\/\/www.lugaris.com\/wp-content\/uploads\/2018\/07\/Torre_Bellesguard.jpg\" alt=\"\"\/><\/figure>\n\n\n\n<p class=\"\">Barcelona hat viel Geschichte zu bieten und zu bestaunen. Am besten geht das von einem unserer&nbsp;<a href=\"https:\/\/www.lugaris.com\/de\/apartments-in-barcelona\/\">Apartments mit Meerblick in Barcelona<\/a>&nbsp;aus. Reisen Sie durch die Zeit, entdecken Sie die&nbsp;<a href=\"https:\/\/www.lugaris.com\/de\/10-geheimnisse-und-mysterien-barcelonas\/\">Geheimnisse und Mysterien von Barcelona<\/a>&nbsp;und g\u00f6nnen Sie sich eine Pause an den&nbsp;<a href=\"https:\/\/www.lugaris.com\/de\/die-schonsten-unbekannten-orte-barcelonas\/\">sch\u00f6nsten unbekannten Orten Barcelonas<\/a>. Lassen Sie sich verzaubern!<\/p>\n\n\n<section class=\"blocks__extra-info \" id=\"mehr-interessantes\">\n    <h3>Mehr Interessantes<\/h3>\n\n    <div class=\"blocks__extra-info__list\">\n                    <div class=\"blocks__extra-info__item\" id=\"mehr-interessantes-ferienwohnungen-am-strand-von-barcelona\">\n            <article class=\"blocks__extra-info__item__container\">\n            <img decoding=\"async\" src=\"https:\/\/www.lugaris.com\/app\/uploads\/2020\/08\/DSC4180_R.jpg.jpg\" class=\"blocks__extra-info__item__thumbnail\"><\/img>\n            <div  class=\"blocks__extra-info__item__content\">\n                <header>\n                    <h4 class=\"blocks__extra-info__item__title\">\n                        FERIENWOHNUNGEN AM STRAND VON BARCELONA\n                    <\/h4>\n                <\/header>\n                <section>\n                    <p class=\"blocks__extra-info__item__excerpt\">\n                        \n<p class=\"has-background has-gray-background-color\">Seit 2010 bietet Lugaris Apartaments <a href=\"https:\/\/www.lugaris.com\/de\/apartments-in-barcelona\/\">die besten Ferienwohnungen in Barcelona<\/a> f\u00fcr\u00a0 perfekte Urlaubstage mit der Familie, mit Freunden oder f\u00fcr Paare.<\/p>\n\n\n\n<p class=\"has-background has-gray-background-color\">Sie haben die Wahl. Herrliche <a href=\"https:\/\/www.lugaris.com\/de\/lugaris-beach\/\">Appartments ganz in der N\u00e4he des Strandes von Barcelona<\/a>, am Lugaris Beach mit Panoramablick auf das Mittelmeer, zwei Swimmingpools (einer f\u00fcr Erwachsene und ein sicherer Pool f\u00fcr Kinder) mit Platz f\u00fcr bis zu sechs Personen <a href=\"https:\/\/www.lugaris.com\/de\/lugaris-rambla\/\">oder Lugaris Rambla Appartments<\/a> direkt an der Rambla de Poblenou, nur 300 m vom Bogatell-Strand entfernt. Diese Appartments sind mit einem Balkon\/Terrasse bis zu 22 m2 ausgestattet und sind ideal f\u00fcr Paare oder Familien und Gruppen von bis zu f\u00fcnf Personen.<\/p>\n\n\n\n<p class=\"has-background has-gray-background-color\">Alle unsere Luxuswohnungen in Barcelona sind klimatisiert und mit allen Haushaltsger\u00e4ten, M\u00f6beln und Bettw\u00e4sche versehen, die Sie w\u00e4hrend Ihres Aufenthalts ben\u00f6tigen. Sie verf\u00fcgen au\u00dferdem \u00fcber Satellitenfernsehen und kostenlosen High-Speed-Wi-Fi-Anschluss, sowie einen Safe und einen privaten 24-Stunden-Sicherheitsdienst.<\/p>\n\n\n\n<p class=\"has-background has-gray-background-color\"><br>Dar\u00fcber hinaus k\u00f6nnen Sie bei Ihrer Buchung viele <a href=\"https:\/\/www.lugaris.com\/de\/service\/\">weitere Zusatzleistungen<\/a> reservieren: internationale Presse in Ihrer Wohnung, Parkplatz, Transferservice zum und vom Flughafen Barcelona, Fahrradverleih, Einkaufen im Supermarkt, Eintrittskarten f\u00fcr Museen, Sportveranstaltungen und Shows, Babysitter-Service und vieles mehr.<\/p>\n\n\n\n<p class=\"has-background has-gray-background-color\">F\u00fcr weitere Informationen steht Ihnen der <a href=\"https:\/\/www.lugaris.com\/de\/kontakt\/\">Kundenservice von Lugaris Apartments<\/a> gerne zur Verf\u00fcgung.<\/p>\n\n\n\n<p class=\"\"><\/p>\n\n                    <\/p>\n                    \n                                    <\/section>\n            <\/div>\n        <\/article>\n    <\/div>\n                        <\/div>\n\n        <div class=\"blocks__extra-info__content__container\">\n                                <\/div>\n\n    <span class=\"blocks__extra-info__list__button__left prev\"><\/span>\n    <span class=\"blocks__extra-info__list__button__right next\"><\/span>\n    <\/section>\n","protected":false},"excerpt":{"rendered":"<p>Wenn man das erste Mal in Barcelona ist, ist es unumg\u00e4nglich, den Gro\u00dfteil seiner Zeit den typischen Bauwerken Barcelonas zu widmen: Die Sagrada Familia, die Kathedrale oder die Basilika Santa Mar\u00eda del Mar.<\/p>\n","protected":false},"author":7,"featured_media":5943,"comment_status":"open","ping_status":"open","sticky":false,"template":"","format":"standard","meta":{"_uag_custom_page_level_css":"","footnotes":""},"categories":[117,116],"tags":[154,153,151,148],"yoast_head":"<!-- This site is optimized with the Yoast SEO plugin v23.1 - https:\/\/yoast.com\/wordpress\/plugins\/seo\/ -->\n<title>12 historische H\u00e4user in Barcelona zum Besichtigen | Lugaris<\/title>\n<meta name=\"robots\" content=\"index, follow, max-snippet:-1, max-image-preview:large, max-video-preview:-1\" \/>\n<link rel=\"canonical\" href=\"https:\/\/www.lugaris.com\/de\/12-historische-hauser-die-man-in-barcelona-besichtigen-kann\/\" \/>\n<meta property=\"og:locale\" content=\"de_DE\" \/>\n<meta property=\"og:type\" content=\"article\" \/>\n<meta property=\"og:title\" content=\"12 historische H\u00e4user in Barcelona zum Besichtigen | Lugaris\" \/>\n<meta property=\"og:description\" content=\"Wenn man das erste Mal in Barcelona ist, ist es unumg\u00e4nglich, den Gro\u00dfteil seiner Zeit den typischen Bauwerken Barcelonas zu widmen: Die Sagrada Familia, die Kathedrale oder die Basilika Santa Mar\u00eda del Mar.\" \/>\n<meta property=\"og:url\" content=\"https:\/\/www.lugaris.com\/de\/12-historische-hauser-die-man-in-barcelona-besichtigen-kann\/\" \/>\n<meta property=\"og:site_name\" content=\"Lugaris\" \/>\n<meta property=\"article:published_time\" content=\"2020-05-07T11:57:41+00:00\" \/>\n<meta property=\"article:modified_time\" content=\"2024-03-21T14:15:42+00:00\" \/>\n<meta property=\"og:image\" content=\"https:\/\/www.lugaris.com\/app\/uploads\/2020\/05\/Casa_Punxes.jpg\" \/>\n\t<meta property=\"og:image:width\" content=\"1000\" \/>\n\t<meta property=\"og:image:height\" content=\"600\" \/>\n\t<meta property=\"og:image:type\" content=\"image\/jpeg\" \/>\n<meta name=\"author\" content=\"Carol\" \/>\n<meta name=\"twitter:card\" content=\"summary_large_image\" \/>\n<meta name=\"twitter:label1\" content=\"Written by\" \/>\n\t<meta name=\"twitter:data1\" content=\"Carol\" \/>\n\t<meta name=\"twitter:label2\" content=\"Est. reading time\" \/>\n\t<meta name=\"twitter:data2\" content=\"9 minutes\" \/>\n<script type=\"application\/ld+json\" class=\"yoast-schema-graph\">{\"@context\":\"https:\/\/schema.org\",\"@graph\":[{\"@type\":\"Article\",\"@id\":\"https:\/\/www.lugaris.com\/de\/12-historische-hauser-die-man-in-barcelona-besichtigen-kann\/#article\",\"isPartOf\":{\"@id\":\"https:\/\/www.lugaris.com\/de\/12-historische-hauser-die-man-in-barcelona-besichtigen-kann\/\"},\"author\":{\"name\":\"Carol\",\"@id\":\"https:\/\/www.lugaris.com\/de\/#\/schema\/person\/a4b4909e5e26e647f8ee92b809f52077\"},\"headline\":\"12 HISTORISCHE H\u00c4USER, DIE MAN IN BARCELONA BESICHTIGEN KANN\",\"datePublished\":\"2020-05-07T11:57:41+00:00\",\"dateModified\":\"2024-03-21T14:15:42+00:00\",\"mainEntityOfPage\":{\"@id\":\"https:\/\/www.lugaris.com\/de\/12-historische-hauser-die-man-in-barcelona-besichtigen-kann\/\"},\"wordCount\":1436,\"commentCount\":0,\"publisher\":{\"@id\":\"https:\/\/www.lugaris.com\/de\/#organization\"},\"image\":{\"@id\":\"https:\/\/www.lugaris.com\/de\/12-historische-hauser-die-man-in-barcelona-besichtigen-kann\/#primaryimage\"},\"thumbnailUrl\":\"https:\/\/www.lugaris.com\/app\/uploads\/2020\/05\/Casa_Punxes.jpg\",\"keywords\":[\"Kultur in Barcelona\",\"Geschichte von Barcelona\",\"Umgebung von Barcelona\",\"Sehensw\u00fcrdigkeiten in Barcelona\"],\"articleSection\":[\"Freizeit in Barcelona\",\"Barcelona\"],\"inLanguage\":\"de-DE\",\"potentialAction\":[{\"@type\":\"CommentAction\",\"name\":\"Comment\",\"target\":[\"https:\/\/www.lugaris.com\/de\/12-historische-hauser-die-man-in-barcelona-besichtigen-kann\/#respond\"]}]},{\"@type\":\"WebPage\",\"@id\":\"https:\/\/www.lugaris.com\/de\/12-historische-hauser-die-man-in-barcelona-besichtigen-kann\/\",\"url\":\"https:\/\/www.lugaris.com\/de\/12-historische-hauser-die-man-in-barcelona-besichtigen-kann\/\",\"name\":\"12 historische H\u00e4user in Barcelona zum Besichtigen | Lugaris\",\"isPartOf\":{\"@id\":\"https:\/\/www.lugaris.com\/de\/#website\"},\"primaryImageOfPage\":{\"@id\":\"https:\/\/www.lugaris.com\/de\/12-historische-hauser-die-man-in-barcelona-besichtigen-kann\/#primaryimage\"},\"image\":{\"@id\":\"https:\/\/www.lugaris.com\/de\/12-historische-hauser-die-man-in-barcelona-besichtigen-kann\/#primaryimage\"},\"thumbnailUrl\":\"https:\/\/www.lugaris.com\/app\/uploads\/2020\/05\/Casa_Punxes.jpg\",\"datePublished\":\"2020-05-07T11:57:41+00:00\",\"dateModified\":\"2024-03-21T14:15:42+00:00\",\"breadcrumb\":{\"@id\":\"https:\/\/www.lugaris.com\/de\/12-historische-hauser-die-man-in-barcelona-besichtigen-kann\/#breadcrumb\"},\"inLanguage\":\"de-DE\",\"potentialAction\":[{\"@type\":\"ReadAction\",\"target\":[\"https:\/\/www.lugaris.com\/de\/12-historische-hauser-die-man-in-barcelona-besichtigen-kann\/\"]}]},{\"@type\":\"ImageObject\",\"inLanguage\":\"de-DE\",\"@id\":\"https:\/\/www.lugaris.com\/de\/12-historische-hauser-die-man-in-barcelona-besichtigen-kann\/#primaryimage\",\"url\":\"https:\/\/www.lugaris.com\/app\/uploads\/2020\/05\/Casa_Punxes.jpg\",\"contentUrl\":\"https:\/\/www.lugaris.com\/app\/uploads\/2020\/05\/Casa_Punxes.jpg\",\"width\":1000,\"height\":600},{\"@type\":\"BreadcrumbList\",\"@id\":\"https:\/\/www.lugaris.com\/de\/12-historische-hauser-die-man-in-barcelona-besichtigen-kann\/#breadcrumb\",\"itemListElement\":[{\"@type\":\"ListItem\",\"position\":1,\"name\":\"Home\",\"item\":\"https:\/\/www.lugaris.com\/de\/\"},{\"@type\":\"ListItem\",\"position\":2,\"name\":\"12 HISTORISCHE H\u00c4USER, DIE MAN IN BARCELONA BESICHTIGEN KANN\"}]},{\"@type\":\"WebSite\",\"@id\":\"https:\/\/www.lugaris.com\/de\/#website\",\"url\":\"https:\/\/www.lugaris.com\/de\/\",\"name\":\"Lugaris\",\"description\":\"Apartamentos de vacaciones en Barcelona\",\"publisher\":{\"@id\":\"https:\/\/www.lugaris.com\/de\/#organization\"},\"potentialAction\":[{\"@type\":\"SearchAction\",\"target\":{\"@type\":\"EntryPoint\",\"urlTemplate\":\"https:\/\/www.lugaris.com\/de\/?s={search_term_string}\"},\"query-input\":\"required name=search_term_string\"}],\"inLanguage\":\"de-DE\"},{\"@type\":\"Organization\",\"@id\":\"https:\/\/www.lugaris.com\/de\/#organization\",\"name\":\"Lugaris Apartments in Barcelona\",\"url\":\"https:\/\/www.lugaris.com\/de\/\",\"logo\":{\"@type\":\"ImageObject\",\"inLanguage\":\"de-DE\",\"@id\":\"https:\/\/www.lugaris.com\/de\/#\/schema\/logo\/image\/\",\"url\":\"https:\/\/www.lugaris.com\/app\/uploads\/2020\/03\/Logo_lugaris_v2.png\",\"contentUrl\":\"https:\/\/www.lugaris.com\/app\/uploads\/2020\/03\/Logo_lugaris_v2.png\",\"width\":285,\"height\":257,\"caption\":\"Lugaris Apartments in Barcelona\"},\"image\":{\"@id\":\"https:\/\/www.lugaris.com\/de\/#\/schema\/logo\/image\/\"}},{\"@type\":\"Person\",\"@id\":\"https:\/\/www.lugaris.com\/de\/#\/schema\/person\/a4b4909e5e26e647f8ee92b809f52077\",\"name\":\"Carol\",\"image\":{\"@type\":\"ImageObject\",\"inLanguage\":\"de-DE\",\"@id\":\"https:\/\/www.lugaris.com\/de\/#\/schema\/person\/image\/\",\"url\":\"https:\/\/www.lugaris.com\/app\/litespeed\/avatar\/838ee79dab26d1d7647e49a172bc7c36.jpg?ver=1776872839\",\"contentUrl\":\"https:\/\/www.lugaris.com\/app\/litespeed\/avatar\/838ee79dab26d1d7647e49a172bc7c36.jpg?ver=1776872839\",\"caption\":\"Carol\"}}]}<\/script>\n<!-- \/ Yoast SEO plugin. -->","yoast_head_json":{"title":"12 historische H\u00e4user in Barcelona zum Besichtigen | Lugaris","robots":{"index":"index","follow":"follow","max-snippet":"max-snippet:-1","max-image-preview":"max-image-preview:large","max-video-preview":"max-video-preview:-1"},"canonical":"https:\/\/www.lugaris.com\/de\/12-historische-hauser-die-man-in-barcelona-besichtigen-kann\/","og_locale":"de_DE","og_type":"article","og_title":"12 historische H\u00e4user in Barcelona zum Besichtigen | Lugaris","og_description":"Wenn man das erste Mal in Barcelona ist, ist es unumg\u00e4nglich, den Gro\u00dfteil seiner Zeit den typischen Bauwerken Barcelonas zu widmen: Die Sagrada Familia, die Kathedrale oder die Basilika Santa Mar\u00eda del Mar.","og_url":"https:\/\/www.lugaris.com\/de\/12-historische-hauser-die-man-in-barcelona-besichtigen-kann\/","og_site_name":"Lugaris","article_published_time":"2020-05-07T11:57:41+00:00","article_modified_time":"2024-03-21T14:15:42+00:00","og_image":[{"width":1000,"height":600,"url":"https:\/\/www.lugaris.com\/app\/uploads\/2020\/05\/Casa_Punxes.jpg","type":"image\/jpeg"}],"author":"Carol","twitter_card":"summary_large_image","twitter_misc":{"Written by":"Carol","Est. reading time":"9 minutes"},"schema":{"@context":"https:\/\/schema.org","@graph":[{"@type":"Article","@id":"https:\/\/www.lugaris.com\/de\/12-historische-hauser-die-man-in-barcelona-besichtigen-kann\/#article","isPartOf":{"@id":"https:\/\/www.lugaris.com\/de\/12-historische-hauser-die-man-in-barcelona-besichtigen-kann\/"},"author":{"name":"Carol","@id":"https:\/\/www.lugaris.com\/de\/#\/schema\/person\/a4b4909e5e26e647f8ee92b809f52077"},"headline":"12 HISTORISCHE H\u00c4USER, DIE MAN IN BARCELONA BESICHTIGEN KANN","datePublished":"2020-05-07T11:57:41+00:00","dateModified":"2024-03-21T14:15:42+00:00","mainEntityOfPage":{"@id":"https:\/\/www.lugaris.com\/de\/12-historische-hauser-die-man-in-barcelona-besichtigen-kann\/"},"wordCount":1436,"commentCount":0,"publisher":{"@id":"https:\/\/www.lugaris.com\/de\/#organization"},"image":{"@id":"https:\/\/www.lugaris.com\/de\/12-historische-hauser-die-man-in-barcelona-besichtigen-kann\/#primaryimage"},"thumbnailUrl":"https:\/\/www.lugaris.com\/app\/uploads\/2020\/05\/Casa_Punxes.jpg","keywords":["Kultur in Barcelona","Geschichte von Barcelona","Umgebung von Barcelona","Sehensw\u00fcrdigkeiten in Barcelona"],"articleSection":["Freizeit in Barcelona","Barcelona"],"inLanguage":"de-DE","potentialAction":[{"@type":"CommentAction","name":"Comment","target":["https:\/\/www.lugaris.com\/de\/12-historische-hauser-die-man-in-barcelona-besichtigen-kann\/#respond"]}]},{"@type":"WebPage","@id":"https:\/\/www.lugaris.com\/de\/12-historische-hauser-die-man-in-barcelona-besichtigen-kann\/","url":"https:\/\/www.lugaris.com\/de\/12-historische-hauser-die-man-in-barcelona-besichtigen-kann\/","name":"12 historische H\u00e4user in Barcelona zum Besichtigen | Lugaris","isPartOf":{"@id":"https:\/\/www.lugaris.com\/de\/#website"},"primaryImageOfPage":{"@id":"https:\/\/www.lugaris.com\/de\/12-historische-hauser-die-man-in-barcelona-besichtigen-kann\/#primaryimage"},"image":{"@id":"https:\/\/www.lugaris.com\/de\/12-historische-hauser-die-man-in-barcelona-besichtigen-kann\/#primaryimage"},"thumbnailUrl":"https:\/\/www.lugaris.com\/app\/uploads\/2020\/05\/Casa_Punxes.jpg","datePublished":"2020-05-07T11:57:41+00:00","dateModified":"2024-03-21T14:15:42+00:00","breadcrumb":{"@id":"https:\/\/www.lugaris.com\/de\/12-historische-hauser-die-man-in-barcelona-besichtigen-kann\/#breadcrumb"},"inLanguage":"de-DE","potentialAction":[{"@type":"ReadAction","target":["https:\/\/www.lugaris.com\/de\/12-historische-hauser-die-man-in-barcelona-besichtigen-kann\/"]}]},{"@type":"ImageObject","inLanguage":"de-DE","@id":"https:\/\/www.lugaris.com\/de\/12-historische-hauser-die-man-in-barcelona-besichtigen-kann\/#primaryimage","url":"https:\/\/www.lugaris.com\/app\/uploads\/2020\/05\/Casa_Punxes.jpg","contentUrl":"https:\/\/www.lugaris.com\/app\/uploads\/2020\/05\/Casa_Punxes.jpg","width":1000,"height":600},{"@type":"BreadcrumbList","@id":"https:\/\/www.lugaris.com\/de\/12-historische-hauser-die-man-in-barcelona-besichtigen-kann\/#breadcrumb","itemListElement":[{"@type":"ListItem","position":1,"name":"Home","item":"https:\/\/www.lugaris.com\/de\/"},{"@type":"ListItem","position":2,"name":"12 HISTORISCHE H\u00c4USER, DIE MAN IN BARCELONA BESICHTIGEN KANN"}]},{"@type":"WebSite","@id":"https:\/\/www.lugaris.com\/de\/#website","url":"https:\/\/www.lugaris.com\/de\/","name":"Lugaris","description":"Apartamentos de vacaciones en Barcelona","publisher":{"@id":"https:\/\/www.lugaris.com\/de\/#organization"},"potentialAction":[{"@type":"SearchAction","target":{"@type":"EntryPoint","urlTemplate":"https:\/\/www.lugaris.com\/de\/?s={search_term_string}"},"query-input":"required name=search_term_string"}],"inLanguage":"de-DE"},{"@type":"Organization","@id":"https:\/\/www.lugaris.com\/de\/#organization","name":"Lugaris Apartments in Barcelona","url":"https:\/\/www.lugaris.com\/de\/","logo":{"@type":"ImageObject","inLanguage":"de-DE","@id":"https:\/\/www.lugaris.com\/de\/#\/schema\/logo\/image\/","url":"https:\/\/www.lugaris.com\/app\/uploads\/2020\/03\/Logo_lugaris_v2.png","contentUrl":"https:\/\/www.lugaris.com\/app\/uploads\/2020\/03\/Logo_lugaris_v2.png","width":285,"height":257,"caption":"Lugaris Apartments in Barcelona"},"image":{"@id":"https:\/\/www.lugaris.com\/de\/#\/schema\/logo\/image\/"}},{"@type":"Person","@id":"https:\/\/www.lugaris.com\/de\/#\/schema\/person\/a4b4909e5e26e647f8ee92b809f52077","name":"Carol","image":{"@type":"ImageObject","inLanguage":"de-DE","@id":"https:\/\/www.lugaris.com\/de\/#\/schema\/person\/image\/","url":"https:\/\/www.lugaris.com\/app\/litespeed\/avatar\/838ee79dab26d1d7647e49a172bc7c36.jpg?ver=1776872839","contentUrl":"https:\/\/www.lugaris.com\/app\/litespeed\/avatar\/838ee79dab26d1d7647e49a172bc7c36.jpg?ver=1776872839","caption":"Carol"}}]}},"uagb_featured_image_src":{"full":["https:\/\/www.lugaris.com\/app\/uploads\/2020\/05\/Casa_Punxes.jpg",1000,600,false],"thumbnail":["https:\/\/www.lugaris.com\/app\/uploads\/2020\/05\/Casa_Punxes-150x150.jpg",150,150,true],"medium":["https:\/\/www.lugaris.com\/app\/uploads\/2020\/05\/Casa_Punxes-300x180.jpg",300,180,true],"medium_large":["https:\/\/www.lugaris.com\/app\/uploads\/2020\/05\/Casa_Punxes-768x461.jpg",768,461,true],"large":["https:\/\/www.lugaris.com\/app\/uploads\/2020\/05\/Casa_Punxes.jpg",1000,600,false],"1536x1536":["https:\/\/www.lugaris.com\/app\/uploads\/2020\/05\/Casa_Punxes.jpg",1000,600,false],"2048x2048":["https:\/\/www.lugaris.com\/app\/uploads\/2020\/05\/Casa_Punxes.jpg",1000,600,false]},"uagb_author_info":{"display_name":"Carol","author_link":"https:\/\/www.lugaris.com\/de\/author\/cvb2-performance-es\/"},"uagb_comment_info":1,"uagb_excerpt":"Wenn man das erste Mal in Barcelona ist, ist es unumg\u00e4nglich, den Gro\u00dfteil seiner Zeit den typischen Bauwerken Barcelonas zu widmen: Die Sagrada Familia, die Kathedrale oder die Basilika Santa Mar\u00eda del Mar.","_links":{"self":[{"href":"https:\/\/www.lugaris.com\/de\/wp-json\/wp\/v2\/posts\/7574"}],"collection":[{"href":"https:\/\/www.lugaris.com\/de\/wp-json\/wp\/v2\/posts"}],"about":[{"href":"https:\/\/www.lugaris.com\/de\/wp-json\/wp\/v2\/types\/post"}],"author":[{"embeddable":true,"href":"https:\/\/www.lugaris.com\/de\/wp-json\/wp\/v2\/users\/7"}],"replies":[{"embeddable":true,"href":"https:\/\/www.lugaris.com\/de\/wp-json\/wp\/v2\/comments?post=7574"}],"version-history":[{"count":4,"href":"https:\/\/www.lugaris.com\/de\/wp-json\/wp\/v2\/posts\/7574\/revisions"}],"predecessor-version":[{"id":22890,"href":"https:\/\/www.lugaris.com\/de\/wp-json\/wp\/v2\/posts\/7574\/revisions\/22890"}],"wp:featuredmedia":[{"embeddable":true,"href":"https:\/\/www.lugaris.com\/de\/wp-json\/wp\/v2\/media\/5943"}],"wp:attachment":[{"href":"https:\/\/www.lugaris.com\/de\/wp-json\/wp\/v2\/media?parent=7574"}],"wp:term":[{"taxonomy":"category","embeddable":true,"href":"https:\/\/www.lugaris.com\/de\/wp-json\/wp\/v2\/categories?post=7574"},{"taxonomy":"post_tag","embeddable":true,"href":"https:\/\/www.lugaris.com\/de\/wp-json\/wp\/v2\/tags?post=7574"}],"curies":[{"name":"wp","href":"https:\/\/api.w.org\/{rel}","templated":true}]}}