{"id":14185,"date":"2020-08-11T12:59:02","date_gmt":"2020-08-11T12:59:02","guid":{"rendered":"https:\/\/www.lugaris.com\/cto-posmotret%ca%b9-v-grasia-barselon\/"},"modified":"2024-12-03T05:09:02","modified_gmt":"2024-12-03T05:09:02","slug":"what-to-see-in-gracia-barcelona","status":"publish","type":"post","link":"https:\/\/www.lugaris.com\/en\/what-to-see-in-gracia-barcelona\/","title":{"rendered":"What to see in Gr\u00e0cia, Barcelona"},"content":{"rendered":"\n<p class=\"\">Cada mes de agosto, los principales monumentos de Barcelona ceden el protagonismo a uno los grandes eventos del a\u00f1o en la ciudad: las fiestas de Gr\u00e0cia. Durante m\u00e1s de una semana, las calles de este distrito barcelon\u00e9s exhiben una decoraci\u00f3n \u00fanica gracias a la paciencia y dedicaci\u00f3n de los vecinos, al tiempo que acogen infinidad de conciertos y propuestas de ocio. Ahora bien: \u00bfqu\u00e9 ver en Gr\u00e0cia fuera de estas fechas?<\/p>\n\n<p class=\"\">Pese a que este no es uno de los lugares m\u00e1s tur\u00edsticos de la capital catalana, te aseguramos que es mucho lo que hay que hacer en este antiguo pueblo, que cont\u00f3 con un ayuntamiento propio hasta 1897. Tradicional y moderno al mismo tiempo, Gr\u00e0cia no solo es la meca hipster de Barcelona \u2014con permiso de la calle del Parlament\u2014, sino tambi\u00e9n un distrito bohemio y cosmopolita, capaz de seducir a cualquier viajero.<\/p>\n\n<p class=\"\">\u00bfQuieres saber por qu\u00e9? Si es as\u00ed, no te pierdas estos lugares de visita obligada. \u00a1Te vamos a convencer!<\/p>\n\n<h2 class=\"wp-block-heading\">CASA VICENS, UNA DE LAS PRIMERAS OBRAS DE GAUD\u00cd<\/h2>\n\n<p class=\"\">Entre\u00a0<a href=\"https:\/\/www.lugaris.com\/todas-las-obras-de-gaudi-en-barcelona\/\"><strong>todas las obras de Gaud\u00ed en Barcelona<\/strong><\/a>, la Casa Vicens, situada en el n\u00famero 24 de la calle de las\u00a0Carolines,\u00a0es la m\u00e1s antigua. Adem\u00e1s, este fue el primer trabajo de una cierta envergadura del genial arquitecto de Reus. Erigida entre 1883 y\u00a0construida\u00a0durante cinco a\u00f1os, esta vivienda ajardinada combina el uso de la piedra, el ladrillo visto y una extensa gama de azulejos de varios colores. En ellos se\u00a0refleja una clara influencia mud\u00e9jar y orientalista, muy en boga en aquellas fechas.\u00a0\u00a0\u00a0<\/p>\n\n<p class=\"\">Las vallas, de hierro forjado, se inspiran directamente en la naturaleza y, concretamente, en el palmito, una palmera t\u00edpica del Mediterr\u00e1neo occidental. Las barandillas y las rejas son tambi\u00e9n de forja y son el pre\u00e1mbulo de los motivos de decoraci\u00f3n modernista.\u00a0 En el interior, domina la madera tallada y policromada, a juego con el mobiliario. \u00bfTe apetece descubrirlo? Si es as\u00ed, te gustar\u00e1 saber que esta casa est\u00e1 abierta al p\u00fablico desde noviembre de 2017.\u00a0<\/p>\n\n<figure class=\"wp-block-image size-large\"><img fetchpriority=\"high\" decoding=\"async\" width=\"1000\" height=\"600\" src=\"https:\/\/www.lugaris.com\/app\/uploads\/2020\/06\/casavicens.jpg\" alt=\"\" class=\"wp-image-5967\" srcset=\"https:\/\/www.lugaris.com\/app\/uploads\/2020\/06\/casavicens.jpg 1000w, https:\/\/www.lugaris.com\/app\/uploads\/2020\/06\/casavicens-300x180.jpg 300w, https:\/\/www.lugaris.com\/app\/uploads\/2020\/06\/casavicens-768x461.jpg 768w\" sizes=\"(max-width: 1000px) 100vw, 1000px\" \/><\/figure>\n\n<h2 class=\"wp-block-heading\">PARK G\u00dcELL: NATURALEZA Y MODERNISMO<\/h2>\n\n<p class=\"\">La Casa Vicens no es la \u00fanica obra de Gaud\u00ed en Gr\u00e0cia. Ni la m\u00e1s importante, ya que este privilegio corresponde al\u00a0Park G\u00fcell,\u00a0una gran ciudad\u00a0jard\u00edn\u00a0inacabada, emplazada\u00a0en una de las laderas del monte\u00a0Carmel. Construida\u00a0entre los a\u00f1os 1900 y 1914, fue\u00a0inaugurada\u00a0como parque p\u00fablico en 1926\u00a0y posee m\u00e1s de\u00a017 hect\u00e1reas\u00a0de superficie, lo que la convierte\u00a0en\u00a0una de las\u00a0mayores\u00a0obras arquitect\u00f3nicas del sur de Europa. En 1984,\u00a0la UNESCO declar\u00f3\u00a0al Park G\u00fcell\u00a0<a href=\"https:\/\/www.lugaris.com\/descubre-el-patrimonio-de-la-humanidad-de-barcelona\/\"><strong>Patrimonio de la Humanidad<\/strong><\/a>.\u00a0\u00a0<\/p>\n\n<p class=\"\">Si quieres visitarlo \u2014algo que\u00a0no nos cansamos de recomendar\u00a0a todos aquellos que se alojan en nuestros\u00a0<a href=\"https:\/\/www.lugaris.com\/\"><strong>apartamentos de vacaciones en Barcelona<\/strong><\/a>\u2014, lo mejor es reservar tus entradas online. De este modo, evitar\u00e1s\u00a0hacer\u00a0colas y el riesgo de quedarte sin poder acceder en el horario deseado, ya que la afluencia de visitantes\u00a0al \u00e1rea monumental\u00a0est\u00e1 restringida. Eso s\u00ed:\u00a0hay otra zona\u00a0que es de acceso libre y gratuito.\u00a0Una vez all\u00ed, entender\u00e1s por qu\u00e9 es uno de los sitios predilectos para\u00a0<a href=\"https:\/\/www.lugaris.com\/los-mejores-sitios-para-correr-en-barcelona\/\"><strong>salir a correr en Barcelona<\/strong><\/a>.\u00a0<\/p>\n\n<figure class=\"wp-block-image\"><img decoding=\"async\" src=\"https:\/\/www.lugaris.com\/wp-content\/uploads\/2019\/06\/1_Park_G%C3%BCell.jpg\" alt=\"\"\/><\/figure>\n\n<h2 class=\"wp-block-heading\">PLAZA DE LA VILA DE GR\u00c0CIA<\/h2>\n\n<p class=\"\">Si hay un distrito en Barcelona donde las plazas adquieran una relevancia especial, ese es el de Gr\u00e0cia. No solo por ser un punto de encuentro obligado para la poblaci\u00f3n local, sino tambi\u00e9n por la historia que atesoran en muchos casos. Por lo tanto, estos lugares es algo que hay que ver en Gr\u00e0cia\u00a0s\u00ed o s\u00ed.\u00a0<\/p>\n\n<p class=\"\">La plaza m\u00e1s importante es la de la Vila de Gr\u00e0cia, el centro administrativo del distrito.\u00a0Aunque a lo largo de su historia ha adoptado diversos nombres \u2014se la ha\u00a0llamado\u00a0plaza de Oriente,\u00a0plaza de la Constituci\u00f3n y,\u00a0hasta 2009,\u00a0plaza de Rius i\u00a0Taulet\u2014, este rinc\u00f3n mantiene intacto su encanto, con\u00a0<strong>viviendas construidas entre la d\u00e9cada de 1870 y principios del siglo XX<\/strong>. Por algo est\u00e1\u00a0incluida en el Inventario del Patrimonio Arquitect\u00f3nico de Catalu\u00f1a.\u00a0<\/p>\n\n<p class=\"\">Ubicada entre las\u00a0calles\u00a0de\u00a0Sant\u00a0Dom\u00e8nech,\u00a0Diluvi, Mozart y Francisco Giner, es uno de los puntos m\u00e1s concurridos de Gr\u00e0cia.\u00a0Su elemento m\u00e1s caracter\u00edstico se halla en centro: una\u00a0torre levantada por Antoni Rovira i\u00a0Trias, entre 1862 y 1864, con un campanario y un reloj\u00a0y\u00a0conocida como\u00a0<strong>Campanario de Gr<\/strong><strong>\u00e0<\/strong><strong>cia o\u00a0<\/strong><strong>Torratxa<\/strong><strong>\u00a0de Gr<\/strong><strong>\u00e0<\/strong><strong>cia<\/strong><strong>.<\/strong>\u00a0A finales del siglo XIX, este monumento dio t\u00edtulo a dos revistas progresistas de la \u00e9poca.\u00a0\u00a0<\/p>\n\n<figure class=\"wp-block-image size-large\"><img decoding=\"async\" width=\"1024\" height=\"677\" src=\"https:\/\/www.lugaris.com\/app\/uploads\/2020\/06\/gracia.jpg\" alt=\"\" class=\"wp-image-7342\" srcset=\"https:\/\/www.lugaris.com\/app\/uploads\/2020\/06\/gracia.jpg 1024w, https:\/\/www.lugaris.com\/app\/uploads\/2020\/06\/gracia-300x198.jpg 300w, https:\/\/www.lugaris.com\/app\/uploads\/2020\/06\/gracia-768x508.jpg 768w\" sizes=\"(max-width: 1024px) 100vw, 1024px\" \/><\/figure>\n\n<h2 class=\"wp-block-heading\">PLAZA DEL DIAMANT<\/h2>\n\n<p class=\"\">Aunque son muchos los\u00a0<a href=\"https:\/\/www.lugaris.com\/descubre-la-barcelona-literaria-10-libros-inspirados-en-la-ciudad\/\" target=\"_blank\" rel=\"noreferrer noopener\">libros inspirados en Barcelona<\/a>,\u00a0La plaza del Diamante,\u00a0de Merc\u00e8 Rodoreda, es uno de los m\u00e1s populares dentro de la literatura catalana. El t\u00edtulo deja claro cu\u00e1l es uno de los escenarios de la trama. Y te aseguramos que vale la pena dejarse caer por all\u00ed. Esta plaza, que data de la d\u00e9cada de 1860,\u00a0acoge diversos restaurantes con terrazas.\u00a0Adem\u00e1s, el subsuelo de este rinc\u00f3n de Gr\u00e0cia esconde una sorpresa: uno de los\u00a0refugios antia\u00e9reos\u00a0que la poblaci\u00f3n civil construy\u00f3 durante la Guerra Civil (1936-1939) para\u00a0guarecerse\u00a0cuando se produc\u00edan bombardeos a\u00e9reos. Sin duda, este es uno de los\u00a0<a href=\"https:\/\/www.lugaris.com\/10-lugares-insolitos-para-visitar-en-barcelona\/\" target=\"_blank\" rel=\"noreferrer noopener\">lugares ins\u00f3litos para visitar en Barcelona<\/a>\u00a0que no te puedes perder.\u00a0<\/p>\n\n<figure class=\"wp-block-image size-large\"><img decoding=\"async\" src=\"https:\/\/www.lugaris.com\/app\/uploads\/2020\/06\/Pla&#xE7;a_del_Diamant_P1140971.jpg\" alt=\"\" class=\"wp-image-7367\"\/><\/figure>\n\n<h2 class=\"wp-block-heading\">PLAZA DE LA VIRREINA<br\/><\/h2>\n\n<p class=\"\">Urbanizada en 1878 por el arquitecto Josep Artigas,\u00a0esta plaza arbolada conserva su atm\u00f3sfera tranquila y vecinal\u00a0gracias a la presencia de la\u00a0iglesia de Sant Joan\u00a0\u2014con una capilla modernista\u2014\u00a0y a las\u00a0casas bajas de obreros\u00a0que\u00a0a\u00fan siguen en pie en uno de sus lados. En uno de los extremos de la plaza,\u00a0se halla\u00a0la escultura\u00a0Ruth,\u00a0de Josep Maria Camps.\u00a0Si quieres hacer un alto en el camino durante tu visita por Barcelona, toma asiento en uno de sus agradables bares con terraza. Y si te apasiona el s\u00e9ptimo arte, aprovecha para ver una de las pel\u00edculas que proyectan en el cercano cine Verdi Park, todas en versi\u00f3n original subtitulada en castellano.\u00a0<\/p>\n\n<figure class=\"wp-block-image size-large\"><img decoding=\"async\" width=\"945\" height=\"630\" src=\"https:\/\/www.lugaris.com\/app\/uploads\/2020\/06\/virreina.jpg\" alt=\"\" class=\"wp-image-7348\" srcset=\"https:\/\/www.lugaris.com\/app\/uploads\/2020\/06\/virreina.jpg 945w, https:\/\/www.lugaris.com\/app\/uploads\/2020\/06\/virreina-300x200.jpg 300w, https:\/\/www.lugaris.com\/app\/uploads\/2020\/06\/virreina-768x512.jpg 768w\" sizes=\"(max-width: 945px) 100vw, 945px\" \/><\/figure>\n\n<h2 class=\"wp-block-heading\">PLAZA DE LA REVOLUCI\u00d3<br\/><\/h2>\n\n<p class=\"\">Pr\u00f3xima a la plaza de la Virreina, y situada\u00a0al final de la calle\u00a0de\u00a0Verdi, es\u00a0otra plaza repleta de\u00a0terrazas y restaurantes.\u00a0Aunque\u00a0en sus or\u00edgenes llevaba el nombre de la entonces reina de Espa\u00f1a, Isabel II, en 1868, fecha en que fue destronada, adopt\u00f3 su denominaci\u00f3n actual.\u00a0A tu llegada, te invitamos a buscar en el\u00a0suelo\u00a0unas grandes letras\u00a0que\u00a0forman\u00a0la palabra\u00a0revoluci\u00f3.\u00a0Por cierto: en sus laterales, esta plaza\u00a0cuenta con\u00a0numerosos restaurantes y\u00a0una de las mejores helader\u00edas de Barcelona.\u00a0\u00a0<\/p>\n\n<figure class=\"wp-block-image size-large\"><img decoding=\"async\" src=\"https:\/\/www.lugaris.com\/app\/uploads\/2020\/06\/Pla&#xE7;a_de_la_Revoluci&#xF3;_P1140982.jpg\" alt=\"\" class=\"wp-image-7361\"\/><\/figure>\n\n<h2 class=\"wp-block-heading\"><br\/>MERCADO DE LA LLIBERTAT<br\/><\/h2>\n\n<p class=\"\">Como ya habr\u00e1s podido darte cuenta durante este repaso a los lugares que hay que ver en Gr\u00e0cia, este distrito lleva el esp\u00edritu reivindicativo en su ADN. Al nombre de algunos de sus rincones m\u00e1s se\u00f1eros, se suma el\u00a0<strong>mercado de la\u00a0<\/strong><strong>Llibertad<\/strong><strong>, uno de los mercados m\u00e1s antiguos de Barcelona.<\/strong>\u00a0Erigido\u00a0en 1888 por el arquitecto Miquel Pascual i\u00a0Tintorer, este mercado de alimentos cobija a sus vendedores bajo una imponente estructura de hierro y ladrillo que merece un poco de atenci\u00f3n.\u00a0Lo encontrar\u00e1s en la plaza de la\u00a0Llibertat, 27.\u00a0<\/p>\n\n<p class=\"\">El otro gran mercado de Gr\u00e0cia \u2014junto con el mercado de Lesseps\u2014 est\u00e1 cerrado temporalmente por trabajos de mejora. Se trata del merado de\u00a0l\u2019<strong>Abaceria<\/strong><strong>\u00a0Central<\/strong>,\u00a0situado\u00a0en el n\u00famero\u00a0186 de la\u00a0Travessera\u00a0de Gr\u00e0cia\u00a0y muy frecuentado por las clases populares del barrio. Mientras se llevan a cabo los trabajos de renovaci\u00f3n, cuya finalizaci\u00f3n est\u00e1 prevista para 2022,\u00a0<strong>el mercado se ha trasladado provisionalmente al paseo de Sant Joan.<\/strong>\u00a0\u00a0<\/p>\n\n<figure class=\"wp-block-image size-large\"><img loading=\"lazy\" decoding=\"async\" width=\"800\" height=\"600\" src=\"https:\/\/www.lugaris.com\/app\/uploads\/2020\/06\/Mercat_Llibertat_Gracia.jpg\" alt=\"\" class=\"wp-image-7373\" srcset=\"https:\/\/www.lugaris.com\/app\/uploads\/2020\/06\/Mercat_Llibertat_Gracia.jpg 800w, https:\/\/www.lugaris.com\/app\/uploads\/2020\/06\/Mercat_Llibertat_Gracia-300x225.jpg 300w, https:\/\/www.lugaris.com\/app\/uploads\/2020\/06\/Mercat_Llibertat_Gracia-768x576.jpg 768w\" sizes=\"(max-width: 800px) 100vw, 800px\" \/><\/figure>\n\n<h2 class=\"wp-block-heading\"><br\/>VIADUCTO DE VALLCARCA<\/h2>\n\n<p class=\"\">Conocido popularmente como el puente de Vallcarca, este viaducto se localiza en el barrio de Vallcarca y\u00a0els\u00a0Penitents. Inaugurado en 1923, conecta la avenida de la Rep\u00fablica Argentina con la plaza de\u00a0Mons, salvando la avenida de Vallcarca. En la actualidad, est\u00e1 catalogado como\u00a0<strong>Bien Cultural de Inter\u00e9s Urban\u00edstico<\/strong>\u00a0en el Cat\u00e1logo de Patrimonio Arquitect\u00f3nico de Barcelona.\u00a0<\/p>\n\n<p class=\"\">Y un \u00faltimo apunte antes de acabar nuestra lista de lo que hay que ver en Gr\u00e0cia: si durante tu ruta te apetece reponer fuerzas, echa un vistazo a\u00a0<a href=\"https:\/\/www.lugaris.com\/los-mejores-sitios-para-comer-en-gracia\/\"><strong>los mejores sitios para comer en Gr\u00e0cia<\/strong><\/a>.\u00a0<\/p>\n\n<p class=\"\">Por supuesto, tambi\u00e9n esperamos tus aportaciones para ampliar nuestras propuestas. \u00a1No dudes en mandarnos tus sugerencias para visitar en Gr\u00e0cia!\u00a0<\/p>\n\n<figure class=\"wp-block-image size-large\"><img loading=\"lazy\" decoding=\"async\" width=\"1000\" height=\"600\" src=\"https:\/\/www.lugaris.com\/app\/uploads\/2020\/06\/Pont_Vallcarca_16-2-12.jpg\" alt=\"\" class=\"wp-image-7355\" srcset=\"https:\/\/www.lugaris.com\/app\/uploads\/2020\/06\/Pont_Vallcarca_16-2-12.jpg 1000w, https:\/\/www.lugaris.com\/app\/uploads\/2020\/06\/Pont_Vallcarca_16-2-12-300x180.jpg 300w, https:\/\/www.lugaris.com\/app\/uploads\/2020\/06\/Pont_Vallcarca_16-2-12-768x461.jpg 768w\" sizes=\"(max-width: 1000px) 100vw, 1000px\" \/><\/figure>\n","protected":false},"excerpt":{"rendered":"<p><!-- wp:paragraph --><\/p>\n<p class=\"\">Every August, the main monuments of Barcelona give way to one of the great events of the year in the city: the festivities of Gr\u00e0cia. For more than a week, the streets of this district of Barcelona are decorated in a unique way thanks to the patience and dedication of the local people, while at the same time they host an infinite number of concerts and leisure activities. But what can you see in Gr\u00e0cia outside these dates?Although this is not one of the most touristy places in the Catalan capital, we can assure you that there is this former town, which had its own town hall until 1897. Traditional and modern at the same time, Gr\u00e0cia is not only Barcelona&#8217;s hipster Mecca -with permission from Carrer Parlament, but also a bohemian and cosmopolitan district, capable of seducing any traveller.<\/p>\n","protected":false},"author":4,"featured_media":7344,"comment_status":"open","ping_status":"open","sticky":false,"template":"","format":"standard","meta":{"_uag_custom_page_level_css":"","footnotes":""},"categories":[123,121,122],"tags":[143,138],"yoast_head":"<!-- This site is optimized with the Yoast SEO plugin v23.1 - https:\/\/yoast.com\/wordpress\/plugins\/seo\/ -->\n<title>What to see in Gr\u00e0cia, Barcelona | Lugaris<\/title>\n<meta name=\"description\" content=\"Discover the distric of Gr\u00e0cia, one of the most bohemian and lively neighborhoods in Barcelona. Walk around its narrow streets and squares and discover all its monuments.\" \/>\n<meta name=\"robots\" content=\"index, follow, max-snippet:-1, max-image-preview:large, max-video-preview:-1\" \/>\n<link rel=\"canonical\" href=\"https:\/\/www.lugaris.com\/en\/what-to-see-in-gracia-barcelona\/\" \/>\n<meta property=\"og:locale\" content=\"en_US\" \/>\n<meta property=\"og:type\" content=\"article\" \/>\n<meta property=\"og:title\" content=\"What to see in Gr\u00e0cia, Barcelona | Lugaris\" \/>\n<meta property=\"og:description\" content=\"Discover the distric of Gr\u00e0cia, one of the most bohemian and lively neighborhoods in Barcelona. Walk around its narrow streets and squares and discover all its monuments.\" \/>\n<meta property=\"og:url\" content=\"https:\/\/www.lugaris.com\/en\/what-to-see-in-gracia-barcelona\/\" \/>\n<meta property=\"og:site_name\" content=\"Lugaris\" \/>\n<meta property=\"article:published_time\" content=\"2020-08-11T12:59:02+00:00\" \/>\n<meta property=\"article:modified_time\" content=\"2024-12-03T05:09:02+00:00\" \/>\n<meta property=\"og:image\" content=\"https:\/\/www.lugaris.com\/app\/uploads\/2020\/06\/gracia.jpg\" \/>\n\t<meta property=\"og:image:width\" content=\"1024\" \/>\n\t<meta property=\"og:image:height\" content=\"677\" \/>\n\t<meta property=\"og:image:type\" content=\"image\/jpeg\" \/>\n<meta name=\"author\" content=\"Roberto Bordi\" \/>\n<meta name=\"twitter:card\" content=\"summary_large_image\" \/>\n<meta name=\"twitter:label1\" content=\"Written by\" \/>\n\t<meta name=\"twitter:data1\" content=\"Roberto Bordi\" \/>\n\t<meta name=\"twitter:label2\" content=\"Est. reading time\" \/>\n\t<meta name=\"twitter:data2\" content=\"7 minutes\" \/>\n<script type=\"application\/ld+json\" class=\"yoast-schema-graph\">{\"@context\":\"https:\/\/schema.org\",\"@graph\":[{\"@type\":\"Article\",\"@id\":\"https:\/\/www.lugaris.com\/en\/what-to-see-in-gracia-barcelona\/#article\",\"isPartOf\":{\"@id\":\"https:\/\/www.lugaris.com\/en\/what-to-see-in-gracia-barcelona\/\"},\"author\":{\"name\":\"Roberto Bordi\",\"@id\":\"https:\/\/www.lugaris.com\/en\/#\/schema\/person\/fb23f8f2dbb02cd53d6d92029e4ddd57\"},\"headline\":\"What to see in Gr\u00e0cia, Barcelona\",\"datePublished\":\"2020-08-11T12:59:02+00:00\",\"dateModified\":\"2024-12-03T05:09:02+00:00\",\"mainEntityOfPage\":{\"@id\":\"https:\/\/www.lugaris.com\/en\/what-to-see-in-gracia-barcelona\/\"},\"wordCount\":1427,\"commentCount\":0,\"publisher\":{\"@id\":\"https:\/\/www.lugaris.com\/en\/#organization\"},\"image\":{\"@id\":\"https:\/\/www.lugaris.com\/en\/what-to-see-in-gracia-barcelona\/#primaryimage\"},\"thumbnailUrl\":\"https:\/\/www.lugaris.com\/app\/uploads\/2020\/06\/gracia.jpg\",\"keywords\":[\"Culture in Barcelona\",\"Barcelona neighborhoods\"],\"articleSection\":[\"Events in Barcelona\",\"Barcelona\",\"Leisure in Barcelona\"],\"inLanguage\":\"en-US\",\"potentialAction\":[{\"@type\":\"CommentAction\",\"name\":\"Comment\",\"target\":[\"https:\/\/www.lugaris.com\/en\/what-to-see-in-gracia-barcelona\/#respond\"]}]},{\"@type\":\"WebPage\",\"@id\":\"https:\/\/www.lugaris.com\/en\/what-to-see-in-gracia-barcelona\/\",\"url\":\"https:\/\/www.lugaris.com\/en\/what-to-see-in-gracia-barcelona\/\",\"name\":\"What to see in Gr\u00e0cia, Barcelona | Lugaris\",\"isPartOf\":{\"@id\":\"https:\/\/www.lugaris.com\/en\/#website\"},\"primaryImageOfPage\":{\"@id\":\"https:\/\/www.lugaris.com\/en\/what-to-see-in-gracia-barcelona\/#primaryimage\"},\"image\":{\"@id\":\"https:\/\/www.lugaris.com\/en\/what-to-see-in-gracia-barcelona\/#primaryimage\"},\"thumbnailUrl\":\"https:\/\/www.lugaris.com\/app\/uploads\/2020\/06\/gracia.jpg\",\"datePublished\":\"2020-08-11T12:59:02+00:00\",\"dateModified\":\"2024-12-03T05:09:02+00:00\",\"description\":\"Discover the distric of Gr\u00e0cia, one of the most bohemian and lively neighborhoods in Barcelona. Walk around its narrow streets and squares and discover all its monuments.\",\"breadcrumb\":{\"@id\":\"https:\/\/www.lugaris.com\/en\/what-to-see-in-gracia-barcelona\/#breadcrumb\"},\"inLanguage\":\"en-US\",\"potentialAction\":[{\"@type\":\"ReadAction\",\"target\":[\"https:\/\/www.lugaris.com\/en\/what-to-see-in-gracia-barcelona\/\"]}]},{\"@type\":\"ImageObject\",\"inLanguage\":\"en-US\",\"@id\":\"https:\/\/www.lugaris.com\/en\/what-to-see-in-gracia-barcelona\/#primaryimage\",\"url\":\"https:\/\/www.lugaris.com\/app\/uploads\/2020\/06\/gracia.jpg\",\"contentUrl\":\"https:\/\/www.lugaris.com\/app\/uploads\/2020\/06\/gracia.jpg\",\"width\":1024,\"height\":677},{\"@type\":\"BreadcrumbList\",\"@id\":\"https:\/\/www.lugaris.com\/en\/what-to-see-in-gracia-barcelona\/#breadcrumb\",\"itemListElement\":[{\"@type\":\"ListItem\",\"position\":1,\"name\":\"Home\",\"item\":\"https:\/\/www.lugaris.com\/en\/\"},{\"@type\":\"ListItem\",\"position\":2,\"name\":\"What to see in Gr\u00e0cia, Barcelona\"}]},{\"@type\":\"WebSite\",\"@id\":\"https:\/\/www.lugaris.com\/en\/#website\",\"url\":\"https:\/\/www.lugaris.com\/en\/\",\"name\":\"Lugaris\",\"description\":\"Apartamentos de vacaciones en Barcelona\",\"publisher\":{\"@id\":\"https:\/\/www.lugaris.com\/en\/#organization\"},\"potentialAction\":[{\"@type\":\"SearchAction\",\"target\":{\"@type\":\"EntryPoint\",\"urlTemplate\":\"https:\/\/www.lugaris.com\/en\/?s={search_term_string}\"},\"query-input\":\"required name=search_term_string\"}],\"inLanguage\":\"en-US\"},{\"@type\":\"Organization\",\"@id\":\"https:\/\/www.lugaris.com\/en\/#organization\",\"name\":\"Lugaris Apartments in Barcelona\",\"url\":\"https:\/\/www.lugaris.com\/en\/\",\"logo\":{\"@type\":\"ImageObject\",\"inLanguage\":\"en-US\",\"@id\":\"https:\/\/www.lugaris.com\/en\/#\/schema\/logo\/image\/\",\"url\":\"https:\/\/www.lugaris.com\/app\/uploads\/2020\/03\/Logo_lugaris_v2.png\",\"contentUrl\":\"https:\/\/www.lugaris.com\/app\/uploads\/2020\/03\/Logo_lugaris_v2.png\",\"width\":285,\"height\":257,\"caption\":\"Lugaris Apartments in Barcelona\"},\"image\":{\"@id\":\"https:\/\/www.lugaris.com\/en\/#\/schema\/logo\/image\/\"}},{\"@type\":\"Person\",\"@id\":\"https:\/\/www.lugaris.com\/en\/#\/schema\/person\/fb23f8f2dbb02cd53d6d92029e4ddd57\",\"name\":\"Roberto Bordi\",\"image\":{\"@type\":\"ImageObject\",\"inLanguage\":\"en-US\",\"@id\":\"https:\/\/www.lugaris.com\/en\/#\/schema\/person\/image\/\",\"url\":\"https:\/\/www.lugaris.com\/app\/litespeed\/avatar\/dd7d954dea1d9cebdc71d83b676d531c.jpg?ver=1777470838\",\"contentUrl\":\"https:\/\/www.lugaris.com\/app\/litespeed\/avatar\/dd7d954dea1d9cebdc71d83b676d531c.jpg?ver=1777470838\",\"caption\":\"Roberto Bordi\"}}]}<\/script>\n<!-- \/ Yoast SEO plugin. -->","yoast_head_json":{"title":"What to see in Gr\u00e0cia, Barcelona | Lugaris","description":"Discover the distric of Gr\u00e0cia, one of the most bohemian and lively neighborhoods in Barcelona. Walk around its narrow streets and squares and discover all its monuments.","robots":{"index":"index","follow":"follow","max-snippet":"max-snippet:-1","max-image-preview":"max-image-preview:large","max-video-preview":"max-video-preview:-1"},"canonical":"https:\/\/www.lugaris.com\/en\/what-to-see-in-gracia-barcelona\/","og_locale":"en_US","og_type":"article","og_title":"What to see in Gr\u00e0cia, Barcelona | Lugaris","og_description":"Discover the distric of Gr\u00e0cia, one of the most bohemian and lively neighborhoods in Barcelona. Walk around its narrow streets and squares and discover all its monuments.","og_url":"https:\/\/www.lugaris.com\/en\/what-to-see-in-gracia-barcelona\/","og_site_name":"Lugaris","article_published_time":"2020-08-11T12:59:02+00:00","article_modified_time":"2024-12-03T05:09:02+00:00","og_image":[{"width":1024,"height":677,"url":"https:\/\/www.lugaris.com\/app\/uploads\/2020\/06\/gracia.jpg","type":"image\/jpeg"}],"author":"Roberto Bordi","twitter_card":"summary_large_image","twitter_misc":{"Written by":"Roberto Bordi","Est. reading time":"7 minutes"},"schema":{"@context":"https:\/\/schema.org","@graph":[{"@type":"Article","@id":"https:\/\/www.lugaris.com\/en\/what-to-see-in-gracia-barcelona\/#article","isPartOf":{"@id":"https:\/\/www.lugaris.com\/en\/what-to-see-in-gracia-barcelona\/"},"author":{"name":"Roberto Bordi","@id":"https:\/\/www.lugaris.com\/en\/#\/schema\/person\/fb23f8f2dbb02cd53d6d92029e4ddd57"},"headline":"What to see in Gr\u00e0cia, Barcelona","datePublished":"2020-08-11T12:59:02+00:00","dateModified":"2024-12-03T05:09:02+00:00","mainEntityOfPage":{"@id":"https:\/\/www.lugaris.com\/en\/what-to-see-in-gracia-barcelona\/"},"wordCount":1427,"commentCount":0,"publisher":{"@id":"https:\/\/www.lugaris.com\/en\/#organization"},"image":{"@id":"https:\/\/www.lugaris.com\/en\/what-to-see-in-gracia-barcelona\/#primaryimage"},"thumbnailUrl":"https:\/\/www.lugaris.com\/app\/uploads\/2020\/06\/gracia.jpg","keywords":["Culture in Barcelona","Barcelona neighborhoods"],"articleSection":["Events in Barcelona","Barcelona","Leisure in Barcelona"],"inLanguage":"en-US","potentialAction":[{"@type":"CommentAction","name":"Comment","target":["https:\/\/www.lugaris.com\/en\/what-to-see-in-gracia-barcelona\/#respond"]}]},{"@type":"WebPage","@id":"https:\/\/www.lugaris.com\/en\/what-to-see-in-gracia-barcelona\/","url":"https:\/\/www.lugaris.com\/en\/what-to-see-in-gracia-barcelona\/","name":"What to see in Gr\u00e0cia, Barcelona | Lugaris","isPartOf":{"@id":"https:\/\/www.lugaris.com\/en\/#website"},"primaryImageOfPage":{"@id":"https:\/\/www.lugaris.com\/en\/what-to-see-in-gracia-barcelona\/#primaryimage"},"image":{"@id":"https:\/\/www.lugaris.com\/en\/what-to-see-in-gracia-barcelona\/#primaryimage"},"thumbnailUrl":"https:\/\/www.lugaris.com\/app\/uploads\/2020\/06\/gracia.jpg","datePublished":"2020-08-11T12:59:02+00:00","dateModified":"2024-12-03T05:09:02+00:00","description":"Discover the distric of Gr\u00e0cia, one of the most bohemian and lively neighborhoods in Barcelona. Walk around its narrow streets and squares and discover all its monuments.","breadcrumb":{"@id":"https:\/\/www.lugaris.com\/en\/what-to-see-in-gracia-barcelona\/#breadcrumb"},"inLanguage":"en-US","potentialAction":[{"@type":"ReadAction","target":["https:\/\/www.lugaris.com\/en\/what-to-see-in-gracia-barcelona\/"]}]},{"@type":"ImageObject","inLanguage":"en-US","@id":"https:\/\/www.lugaris.com\/en\/what-to-see-in-gracia-barcelona\/#primaryimage","url":"https:\/\/www.lugaris.com\/app\/uploads\/2020\/06\/gracia.jpg","contentUrl":"https:\/\/www.lugaris.com\/app\/uploads\/2020\/06\/gracia.jpg","width":1024,"height":677},{"@type":"BreadcrumbList","@id":"https:\/\/www.lugaris.com\/en\/what-to-see-in-gracia-barcelona\/#breadcrumb","itemListElement":[{"@type":"ListItem","position":1,"name":"Home","item":"https:\/\/www.lugaris.com\/en\/"},{"@type":"ListItem","position":2,"name":"What to see in Gr\u00e0cia, Barcelona"}]},{"@type":"WebSite","@id":"https:\/\/www.lugaris.com\/en\/#website","url":"https:\/\/www.lugaris.com\/en\/","name":"Lugaris","description":"Apartamentos de vacaciones en Barcelona","publisher":{"@id":"https:\/\/www.lugaris.com\/en\/#organization"},"potentialAction":[{"@type":"SearchAction","target":{"@type":"EntryPoint","urlTemplate":"https:\/\/www.lugaris.com\/en\/?s={search_term_string}"},"query-input":"required name=search_term_string"}],"inLanguage":"en-US"},{"@type":"Organization","@id":"https:\/\/www.lugaris.com\/en\/#organization","name":"Lugaris Apartments in Barcelona","url":"https:\/\/www.lugaris.com\/en\/","logo":{"@type":"ImageObject","inLanguage":"en-US","@id":"https:\/\/www.lugaris.com\/en\/#\/schema\/logo\/image\/","url":"https:\/\/www.lugaris.com\/app\/uploads\/2020\/03\/Logo_lugaris_v2.png","contentUrl":"https:\/\/www.lugaris.com\/app\/uploads\/2020\/03\/Logo_lugaris_v2.png","width":285,"height":257,"caption":"Lugaris Apartments in Barcelona"},"image":{"@id":"https:\/\/www.lugaris.com\/en\/#\/schema\/logo\/image\/"}},{"@type":"Person","@id":"https:\/\/www.lugaris.com\/en\/#\/schema\/person\/fb23f8f2dbb02cd53d6d92029e4ddd57","name":"Roberto Bordi","image":{"@type":"ImageObject","inLanguage":"en-US","@id":"https:\/\/www.lugaris.com\/en\/#\/schema\/person\/image\/","url":"https:\/\/www.lugaris.com\/app\/litespeed\/avatar\/dd7d954dea1d9cebdc71d83b676d531c.jpg?ver=1777470838","contentUrl":"https:\/\/www.lugaris.com\/app\/litespeed\/avatar\/dd7d954dea1d9cebdc71d83b676d531c.jpg?ver=1777470838","caption":"Roberto Bordi"}}]}},"uagb_featured_image_src":{"full":["https:\/\/www.lugaris.com\/app\/uploads\/2020\/06\/gracia.jpg",1024,677,false],"thumbnail":["https:\/\/www.lugaris.com\/app\/uploads\/2020\/06\/gracia-150x150.jpg",150,150,true],"medium":["https:\/\/www.lugaris.com\/app\/uploads\/2020\/06\/gracia-300x198.jpg",300,198,true],"medium_large":["https:\/\/www.lugaris.com\/app\/uploads\/2020\/06\/gracia-768x508.jpg",768,508,true],"large":["https:\/\/www.lugaris.com\/app\/uploads\/2020\/06\/gracia.jpg",1024,677,false],"1536x1536":["https:\/\/www.lugaris.com\/app\/uploads\/2020\/06\/gracia.jpg",1024,677,false],"2048x2048":["https:\/\/www.lugaris.com\/app\/uploads\/2020\/06\/gracia.jpg",1024,677,false]},"uagb_author_info":{"display_name":"Roberto Bordi","author_link":"https:\/\/www.lugaris.com\/en\/author\/rbb2-performance-es\/"},"uagb_comment_info":1,"uagb_excerpt":"Every August, the main monuments of Barcelona give way to one of the great events of the year in the city: the festivities of Gr\u00e0cia. For more than a week, the streets of this district of Barcelona are decorated in a unique way thanks to the patience and dedication of the local people, while at&hellip;","_links":{"self":[{"href":"https:\/\/www.lugaris.com\/en\/wp-json\/wp\/v2\/posts\/14185"}],"collection":[{"href":"https:\/\/www.lugaris.com\/en\/wp-json\/wp\/v2\/posts"}],"about":[{"href":"https:\/\/www.lugaris.com\/en\/wp-json\/wp\/v2\/types\/post"}],"author":[{"embeddable":true,"href":"https:\/\/www.lugaris.com\/en\/wp-json\/wp\/v2\/users\/4"}],"replies":[{"embeddable":true,"href":"https:\/\/www.lugaris.com\/en\/wp-json\/wp\/v2\/comments?post=14185"}],"version-history":[{"count":3,"href":"https:\/\/www.lugaris.com\/en\/wp-json\/wp\/v2\/posts\/14185\/revisions"}],"predecessor-version":[{"id":26628,"href":"https:\/\/www.lugaris.com\/en\/wp-json\/wp\/v2\/posts\/14185\/revisions\/26628"}],"wp:featuredmedia":[{"embeddable":true,"href":"https:\/\/www.lugaris.com\/en\/wp-json\/wp\/v2\/media\/7344"}],"wp:attachment":[{"href":"https:\/\/www.lugaris.com\/en\/wp-json\/wp\/v2\/media?parent=14185"}],"wp:term":[{"taxonomy":"category","embeddable":true,"href":"https:\/\/www.lugaris.com\/en\/wp-json\/wp\/v2\/categories?post=14185"},{"taxonomy":"post_tag","embeddable":true,"href":"https:\/\/www.lugaris.com\/en\/wp-json\/wp\/v2\/tags?post=14185"}],"curies":[{"name":"wp","href":"https:\/\/api.w.org\/{rel}","templated":true}]}}