{"id":30484,"date":"2026-01-30T08:47:21","date_gmt":"2026-01-30T08:47:21","guid":{"rendered":"https:\/\/www.lugaris.com\/barcelona-arranca-2026-los-eventos-clave-del-primer-trimestre\/"},"modified":"2026-01-30T08:49:53","modified_gmt":"2026-01-30T08:49:53","slug":"barcelona-kicks-off-2026-key-events-in-the-first-quarter","status":"publish","type":"post","link":"https:\/\/www.lugaris.com\/en\/barcelona-kicks-off-2026-key-events-in-the-first-quarter\/","title":{"rendered":"Barcelona kicks off 2026: Key events in the first quarter"},"content":{"rendered":"\n<p class=\"\"><strong>Can you feel the excitement of a fresh start?<\/strong> 2026 is here, and at Lugaris, we\u2019re excited to share the <strong>best events in Barcelona for the first quarter of the year.<\/strong> If you&#8217;re planning a getaway to kick off the year, we\u2019ve got great news\u2014the Catalan capital is already buzzing with events that will make you want to book your trip today.<\/p>\n\n\n\n<p class=\"\">At Lugaris, we know that accommodation is the heart of the trip. Whether you&#8217;re here for business or looking to wander through the streets of Poblenou, <a href=\"https:\/\/www.lugaris.com\/en\/\"><strong>our Barcelona apartments<\/strong><\/a> with <strong>sea views or in the heart of the tech hub<\/strong> are the perfect place to relax after a day of excitement. Grab your calendar and mark it down!<\/p>\n\n\n\n<h2 class=\"wp-block-heading\">January 2026: Start the year with standout events in Barcelona<\/h2>\n\n\n\n<p class=\"\"><strong>January in Barcelona is a month of contrasts:<\/strong> the (moderate) Mediterranean cold, blue skies, and a calm atmosphere that allows you to enjoy the city without the rush of summer. Plus, there are plenty of January events in Barcelona that you won\u2019t want to miss!<\/p>\n\n\n\n<h3 class=\"wp-block-heading\">New Year\u2019s celebrations in Barcelona<\/h3>\n\n\n\n<p class=\"\">If you were lucky enough to celebrate New Year\u2019s Eve here, you know that the party doesn\u2019t end on the 1st. The star event of January is, without a doubt, the <strong>Three Kings Parade<\/strong>. On January 5th, Barcelona transforms into a fantasy stage. Their Majesties from the East arrive by sea at Port Vell, and the parade that follows is one of the most beautiful in Europe.<\/p>\n\n\n\n<p class=\"\">For the brave, the <strong>&#8220;Primer Bany de l\u2019Any&#8221;<\/strong> (the first bath of the year) on January 1st at Barceloneta Beach is a tradition you can\u2019t miss. And the best part is, if you stay in our <a href=\"https:\/\/www.lugaris.com\/en\/lugaris-beach\/\"><strong>Barcelona beach apartments<\/strong><\/a>, the hot shower is just steps away to warm up!<\/p>\n\n\n\n<h3 class=\"wp-block-heading\">Winter activities to enjoy in Barcelona<\/h3>\n\n\n\n<p class=\"\">What would winter be without a good chocolate with churros? January is the perfect month to visit<strong> the cafes on Petritxol Street<\/strong>. But if you\u2019re looking for something more active, the<strong> winter sales<\/strong> (starting January 7th) are the perfect draw. From Passeig de Gr\u00e0cia to the Gl\u00f2ries shopping center, very close to our apartments, you\u2019ll find the best brands to refresh your wardrobe.<\/p>\n\n\n\n<p class=\"\">Also, in January, the<strong> &#8220;Tres Tombs&#8221;<\/strong> (Three Turns) are celebrated in the Sant Antoni neighborhood, a parade of carriages and animals with centuries of history that shows the most authentic and traditional side of the city.<\/p>\n\n\n\n<h2 class=\"wp-block-heading\">February 2026: The month of Carnival and major exhibitions<\/h2>\n\n\n\n<p class=\"\">Let\u2019s continue exploring the best events in Barcelona for 2026, this time in <strong>February, the month of Carnival and culture<\/strong>. It\u2019s the month when Barcelona shows that culture never stops.<\/p>\n\n\n\n<h3 class=\"wp-block-heading\">Barcelona Carnival: dates, parades, and main parties<\/h3>\n\n\n\n<p class=\"\">Get your costume ready! <strong>From February 12th to 18th, 2026, Carnival will take over the streets of Barcelona<\/strong>. Although the Sitges Carnival (just 30 minutes by train) is internationally famous for its extravagance, Barcelona\u2019s version has a special charm in its neighborhoods. The arrival of<strong> King Carnival <\/strong>and the famous &#8220;taronjada&#8221; (a symbolic battle of orange confetti) in the historic center are a must-see.<\/p>\n\n\n\n<p class=\"\">It\u2019s a fantastic time to travel in a group. Our recommendation for where to stay in Barcelona? Rent one of our <strong>large-capacity apartments.<\/strong> You\u2019ll have plenty of space to prepare your costumes and enjoy a pre-party dinner before heading out to dance in Born or Gr\u00e0cia.<\/p>\n\n\n\n<h3 class=\"wp-block-heading\">Art and culture exhibitions to visit in February<\/h3>\n\n\n\n<p class=\"\">2026 is a key year for modernism, and February is the perfect month to visit museums without the crowds. The <strong>MNAC (Museu Nacional d&#8217;Art de Catalunya)<\/strong> usually inaugurates its major retrospectives during this time.<\/p>\n\n\n\n<p class=\"\">Additionally,<strong> the Llum BCN Festival, from February 6th to 8th<\/strong>, will transform the Poblenou neighborhood (where our apartments are located) into an outdoor light museum. International artists will create light installations that will leave you speechless. That\u2019s why staying in our <a href=\"https:\/\/www.lugaris.com\/en\/lugaris-rambla-en\/\"><strong>Poblenou apartments<\/strong><\/a> places you literally in the heart of this luminous festival.<\/p>\n\n\n\n<h3 class=\"wp-block-heading\">Music and gastronomy festivals in Barcelona<\/h3>\n\n\n\n<p class=\"\"><strong>On February 12th, Santa Eul\u00e0lia <\/strong>is celebrated, Barcelona\u2019s major winter festival. You\u2019ll be able to see the famous <em>castellers<\/em> (human towers), giants, and the Sardana dance.<\/p>\n\n\n\n<p class=\"\">In terms of gastronomy, February is the official month of the<strong> <\/strong><strong><em>Cal\u00e7otada<\/em><\/strong>. Although it\u2019s a typical tradition from the countryside, many restaurants in Barcelona offer <strong><em>cal\u00e7ot<\/em><\/strong><strong> menus <\/strong>with romesco sauce. It\u2019s a messy, fun, and delicious experience that every traveler should try at least once.<\/p>\n\n\n\n<h3 class=\"wp-block-heading\">Fairs and conferences in the first month of the year<\/h3>\n\n\n\n<p class=\"\">If there\u2019s one event that will capture everyone\u2019s attention this month, it\u2019s the<strong> 40th Goya Awards<\/strong>. On <strong>February 27th and 28th,<\/strong> Barcelona will dress up for the grand celebration of Spanish cinema, and it will do so at an unbeatable venue: the CCIB (Centre de Convencions Internacional de Barcelona).<\/p>\n\n\n\n<p class=\"\"><strong>It\u2019s a historic occasion<\/strong>, as the Goya Awards celebrate their 40th anniversary in the heart of the city\u2019s tech and coastal district. If you want to experience the red carpet atmosphere up close, see your favorite actors, or simply enjoy the cultural buzz surrounding the event, you won\u2019t find a better event to attend.<\/p>\n\n\n\n<div class=\"wp-block-uagb-image uagb-block-f45c7384 wp-block-uagb-image--layout-default wp-block-uagb-image--effect-static wp-block-uagb-image--align-none\"><figure class=\"wp-block-uagb-image__figure\"><img loading=\"lazy\" decoding=\"async\" srcset=\"https:\/\/www.lugaris.com\/app\/uploads\/2026\/01\/correfoc-catalan-folklore-2026-01-06-09-27-13-utc-1280x854.webp ,https:\/\/www.lugaris.com\/app\/uploads\/2026\/01\/correfoc-catalan-folklore-2026-01-06-09-27-13-utc-scaled.webp 780w, https:\/\/www.lugaris.com\/app\/uploads\/2026\/01\/correfoc-catalan-folklore-2026-01-06-09-27-13-utc-scaled.webp 360w\" sizes=\"(max-width: 480px) 150px\" src=\"https:\/\/www.lugaris.com\/app\/uploads\/2026\/01\/correfoc-catalan-folklore-2026-01-06-09-27-13-utc-1280x854.webp\" alt=\"\" class=\"uag-image-30476\" width=\"2000\" height=\"1333\" title=\"correfoc-catalan-folklore-2026-01-06-09-27-13-utc\" loading=\"lazy\" role=\"img\"\/><\/figure><\/div>\n\n\n\n<p class=\"\"><\/p>\n\n\n\n<h2 class=\"wp-block-heading\">March 2026: Art, culture, and sports on the Barcelona agenda<\/h2>\n\n\n\n<p class=\"\">With the arrival of spring, the city fully awakens. The days get longer, and the afternoon light invites you to stroll along the promenade and enjoy Barcelona&#8217;s top events. Here are a few!<\/p>\n\n\n\n<h3 class=\"wp-block-heading\">Spring Music Festival: concerts and activities<\/h3>\n\n\n\n<p class=\"\">March 2026 will be a musical hub. The <strong>Guitar BCN<\/strong> cycle will be in full swing, bringing international artists to iconic venues like Palau de la M\u00fasica Catalana or L\u2019Auditori. In the 2026 edition, you\u2019ll enjoy performances by artists like <strong>Andr\u00e9s Su\u00e1rez, El Kanka, Silvia P\u00e9rez Cruz, and Ludovico Einaudi.<\/strong><\/p>\n\n\n\n<p class=\"\">If you prefer something more intimate, <strong>the city&#8217;s jazz clubs <\/strong>offer daily concerts, making it the perfect plan to wrap up a night before heading back to the comfort of your apartment.<\/p>\n\n\n\n<h3 class=\"wp-block-heading\">Art and design fairs in Barcelona<\/h3>\n\n\n\n<p class=\"\"><strong>Barcelona breathes design.<\/strong> In March, events like the contemporary art fair or local designer markets, such as the <strong>Palo Alto Market<\/strong> (just five minutes on foot from Lugaris), are essential stops.<\/p>\n\n\n\n<p class=\"\">You can<strong> buy unique pieces, enjoy food trucks, and listen to live music<\/strong> in a reclaimed industrial setting that you\u2019ll love. It\u2019s the ideal place to get a souvenir of Barcelona that isn\u2019t the typical fridge magnet.<\/p>\n\n\n\n<h3 class=\"wp-block-heading\">Major sporting competitions: marathon, football, and more<\/h3>\n\n\n\n<p class=\"\">For sports lovers, March is the month marked in red on the calendar for the <strong>Zurich Marat\u00f3 Barcelona<\/strong>. This year, it will take place on <strong>March 15th<\/strong>, and you\u2019ll have the chance to run through the streets of the city, passing by landmarks like the Sagrada Familia and the Arc de Triomf\u2014it\u2019s an incredible experience! If you&#8217;re a runner, our apartments are perfect: you can prepare your specific diet in your own kitchen and relax in a hot tub after crossing the finish line.<\/p>\n\n\n\n<p class=\"\">And we can&#8217;t forget about football. With the new <strong>Spotify Camp Nou<\/strong> fully operational, <strong>experiencing a Bar\u00e7a match<\/strong> in March, with the spring weather already setting in, is a spectacle that goes far beyond just the sport.<\/p>\n\n\n\n<h2 class=\"wp-block-heading\">International events in Barcelona during the first quarter of 2026<\/h2>\n\n\n\n<p class=\"\">Barcelona is a hub that, every year, becomes the center of all eyes. If you&#8217;re looking to be where the action is, the first quarter of 2026 has events that set the rhythm for the world.<\/p>\n\n\n\n<h3 class=\"wp-block-heading\">World-renowned congresses and conferences<\/h3>\n\n\n\n<p class=\"\">It\u2019s impossible to talk about events in Barcelona 2026 without mentioning the giant: the <strong>Mobile World Congress (MWC) 2026<\/strong>. From <strong>March 2nd to 5th<\/strong> (tentative dates), the city will completely transform. It\u2019s not just a technology conference; it\u2019s where the future of communication is decided. While everything happens at the Fira Gran Via, the atmosphere spills over into every caf\u00e9 and terrace in the city.<\/p>\n\n\n\n<p class=\"\">Another event will take place from February 3rd to 6th, 2026, with <strong>ISE (Integrated Systems Europe)<\/strong>. It is the largest global event for the <strong>audiovisual and system integration sector.<\/strong><\/p>\n\n\n\n<p class=\"\">If you&#8217;re coming to work, forget about impersonal hotels: an apartment at <strong>Lugaris<\/strong> lets you have your own office with high-speed Wi-Fi and the privacy you need to prepare for your meetings.<\/p>\n\n\n\n<h3 class=\"wp-block-heading\">International film and theater festivals in the city<\/h3>\n\n\n\n<p class=\"\">For culture lovers, the first quarter of 2026 brings proposals that cross borders. The <strong>Barcelona International Jewish Film Festival<\/strong> will be held in April 2026, offering you a deep insight through the seventh art.<\/p>\n\n\n\n<p class=\"\">As for performing arts, the<strong> Gran Teatre del Liceu<\/strong> and the<strong> Teatre Nacional de Catalunya<\/strong> (TNC) will present their most ambitious international productions in March. It\u2019s the perfect time to experience operas and performances straight from London, Berlin, or New York.<\/p>\n\n\n\n<p class=\"\">Enjoy a gala night and then take a nighttime stroll under the palm trees to your apartment\u2014simply the perfect plan.<\/p>\n\n\n\n<h2 class=\"wp-block-heading\">Tips to enjoy events in Barcelona in 2026<\/h2>\n\n\n\n<p class=\"\">We know that big cities can be overwhelming when there are so many events. That\u2019s why <strong>we want to share the insider tips<\/strong> that only those of us who live here know, to ensure your experience is smooth and stress-free.<\/p>\n\n\n\n<h3 class=\"wp-block-heading\">How to get around Barcelona during major events<\/h3>\n\n\n\n<p class=\"\">During the Goya Awards, MWC, or ISE, traffic can be tricky in Barcelona. Our golden advice? <strong>Use public transport.<\/strong> The Barcelona metro is impeccable, fast, and safe.<\/p>\n\n\n\n<ul class=\"\">\n<li class=\"\"><strong>L9 Sud Line<\/strong>: It takes you directly to the airport and Fira Gran Via.<\/li>\n\n\n\n<li class=\"\"><strong>Bicing and scooters<\/strong>: If the weather is nice (which it usually is in March), moving along the bike lane by the coast is a delight.<\/li>\n\n\n\n<li class=\"\"><strong>Mobility apps<\/strong>: Always have apps like AMB Mobilitat or Citymapper handy to know in real-time the fastest route.<\/li>\n<\/ul>\n\n\n\n<h3 class=\"wp-block-heading\">Best accommodation areas near major events<\/h3>\n\n\n\n<p class=\"\">If you&#8217;re attending a major event, the temptation is to stay right next to the venue. But, here\u2019s a friend\u2019s tip: <strong>Stay in Poblenou<\/strong>. Why? Because it\u2019s the most balanced neighborhood in Barcelona.<\/p>\n\n\n\n<p class=\"\">You\u2019re in the 22@ tech district, surrounded by innovation, but you also have <strong>the beach just two minutes <\/strong>away on foot. It\u2019s a peaceful area, with an incredible food scene (Rambla del Poblenou is sacred) and without the crowds of the historic center.<\/p>\n\n\n\n<p class=\"\">At <strong>Lugaris<\/strong>, our apartments in <strong>Lugaris Beach<\/strong> and <strong>Lugaris Rambla<\/strong> offer exactly that: the peace of a home with luxury services. Plus, if you want to stay longer, you need to check out our <a href=\"https:\/\/www.lugaris.com\/en\/lugaris-stay\/\"><strong>long-stay apartments in Barcelona<\/strong><\/a>. This way, you can end a busy day at an international conference and go for a run on the sand or have dinner on your own terrace overlooking the sea. <strong>That\u2019s priceless.<\/strong><\/p>\n\n\n\n<p class=\"\">Additionally, we\u2019re perfectly connected by metro and tram to any point in the city, allowing you to reach events in just a few minutes and, most importantly, truly disconnect when the day ends.<\/p>\n\n\n\n<h2 class=\"wp-block-heading\"><strong>Why choose Lugaris for Barcelona 2026?<\/strong><\/h2>\n\n\n\n<p class=\"\">Barcelona is a city of neighborhoods, and to truly experience it, you need to feel like a local.<strong> At Lugaris, we offer you a home designed so that your only concern is enjoying<\/strong> the agenda we\u2019ve prepared for you.<\/p>\n\n\n\n<ul class=\"\">\n<li class=\"\"><strong>Well-connected location<\/strong>: Close to the beach for relaxation, but perfectly connected to the center, so you don\u2019t miss a single event.<br><\/li>\n\n\n\n<li class=\"\"><strong>Total comfort<\/strong>: Fully equipped kitchens (perfect for leisurely breakfasts), high-end beds, and balconies to watch the sunrise over the Mediterranean.<br><\/li>\n\n\n\n<li class=\"\"><strong>Flexibility<\/strong>: Whether traveling solo, with a partner, for business, or with the whole family, we have the space that adapts to you.<\/li>\n<\/ul>\n\n\n\n<p class=\"\">At<strong> Lugaris<\/strong>, we want to be your home in Barcelona. We\u2019re ready for the first quarter of 2026 to be the start of an unforgettable year. <strong>See you soon?<\/strong><\/p>\n","protected":false},"excerpt":{"rendered":"<p>Can you feel the excitement of a fresh start? 2026 is here, and at Lugaris, we\u2019re excited to share the best events in Barcelona for the first quarter of the year. If you&#8217;re planning a &hellip;<\/p>\n","protected":false},"author":7,"featured_media":30471,"comment_status":"open","ping_status":"open","sticky":false,"template":"","format":"standard","meta":{"_uag_custom_page_level_css":"","footnotes":""},"categories":[121],"tags":[],"yoast_head":"<!-- This site is optimized with the Yoast SEO plugin v23.1 - https:\/\/yoast.com\/wordpress\/plugins\/seo\/ -->\n<title>Barcelona kicks off 2026: Key events in the first quarter | Lugaris<\/title>\n<meta name=\"description\" content=\"2026 is here, and at Lugaris, we\u2019re excited to share the best events in Barcelona for the first quarter of the year.\" \/>\n<meta name=\"robots\" content=\"index, follow, max-snippet:-1, max-image-preview:large, max-video-preview:-1\" \/>\n<link rel=\"canonical\" href=\"https:\/\/www.lugaris.com\/en\/barcelona-kicks-off-2026-key-events-in-the-first-quarter\/\" \/>\n<meta property=\"og:locale\" content=\"en_US\" \/>\n<meta property=\"og:type\" content=\"article\" \/>\n<meta property=\"og:title\" content=\"Barcelona kicks off 2026: Key events in the first quarter | Lugaris\" \/>\n<meta property=\"og:description\" content=\"2026 is here, and at Lugaris, we\u2019re excited to share the best events in Barcelona for the first quarter of the year.\" \/>\n<meta property=\"og:url\" content=\"https:\/\/www.lugaris.com\/en\/barcelona-kicks-off-2026-key-events-in-the-first-quarter\/\" \/>\n<meta property=\"og:site_name\" content=\"Lugaris\" \/>\n<meta property=\"article:published_time\" content=\"2026-01-30T08:47:21+00:00\" \/>\n<meta property=\"article:modified_time\" content=\"2026-01-30T08:49:53+00:00\" \/>\n<meta property=\"og:image\" content=\"https:\/\/www.lugaris.com\/app\/uploads\/2026\/01\/silhouettes-of-people-watching-fountain-and-light-2026-01-08-06-54-34-utc.webp\" \/>\n\t<meta property=\"og:image:width\" content=\"2000\" \/>\n\t<meta property=\"og:image:height\" content=\"1333\" \/>\n\t<meta property=\"og:image:type\" content=\"image\/webp\" \/>\n<meta name=\"author\" content=\"Carol\" \/>\n<meta name=\"twitter:card\" content=\"summary_large_image\" \/>\n<meta name=\"twitter:label1\" content=\"Written by\" \/>\n\t<meta name=\"twitter:data1\" content=\"Carol\" \/>\n\t<meta name=\"twitter:label2\" content=\"Est. reading time\" \/>\n\t<meta name=\"twitter:data2\" content=\"9 minutes\" \/>\n<script type=\"application\/ld+json\" class=\"yoast-schema-graph\">{\"@context\":\"https:\/\/schema.org\",\"@graph\":[{\"@type\":\"Article\",\"@id\":\"https:\/\/www.lugaris.com\/en\/barcelona-kicks-off-2026-key-events-in-the-first-quarter\/#article\",\"isPartOf\":{\"@id\":\"https:\/\/www.lugaris.com\/en\/barcelona-kicks-off-2026-key-events-in-the-first-quarter\/\"},\"author\":{\"name\":\"Carol\",\"@id\":\"https:\/\/www.lugaris.com\/en\/#\/schema\/person\/a4b4909e5e26e647f8ee92b809f52077\"},\"headline\":\"Barcelona kicks off 2026: Key events in the first quarter\",\"datePublished\":\"2026-01-30T08:47:21+00:00\",\"dateModified\":\"2026-01-30T08:49:53+00:00\",\"mainEntityOfPage\":{\"@id\":\"https:\/\/www.lugaris.com\/en\/barcelona-kicks-off-2026-key-events-in-the-first-quarter\/\"},\"wordCount\":1966,\"commentCount\":0,\"publisher\":{\"@id\":\"https:\/\/www.lugaris.com\/en\/#organization\"},\"image\":{\"@id\":\"https:\/\/www.lugaris.com\/en\/barcelona-kicks-off-2026-key-events-in-the-first-quarter\/#primaryimage\"},\"thumbnailUrl\":\"https:\/\/www.lugaris.com\/app\/uploads\/2026\/01\/silhouettes-of-people-watching-fountain-and-light-2026-01-08-06-54-34-utc.webp\",\"articleSection\":[\"Barcelona\"],\"inLanguage\":\"en-US\",\"potentialAction\":[{\"@type\":\"CommentAction\",\"name\":\"Comment\",\"target\":[\"https:\/\/www.lugaris.com\/en\/barcelona-kicks-off-2026-key-events-in-the-first-quarter\/#respond\"]}]},{\"@type\":\"WebPage\",\"@id\":\"https:\/\/www.lugaris.com\/en\/barcelona-kicks-off-2026-key-events-in-the-first-quarter\/\",\"url\":\"https:\/\/www.lugaris.com\/en\/barcelona-kicks-off-2026-key-events-in-the-first-quarter\/\",\"name\":\"Barcelona kicks off 2026: Key events in the first quarter | Lugaris\",\"isPartOf\":{\"@id\":\"https:\/\/www.lugaris.com\/en\/#website\"},\"primaryImageOfPage\":{\"@id\":\"https:\/\/www.lugaris.com\/en\/barcelona-kicks-off-2026-key-events-in-the-first-quarter\/#primaryimage\"},\"image\":{\"@id\":\"https:\/\/www.lugaris.com\/en\/barcelona-kicks-off-2026-key-events-in-the-first-quarter\/#primaryimage\"},\"thumbnailUrl\":\"https:\/\/www.lugaris.com\/app\/uploads\/2026\/01\/silhouettes-of-people-watching-fountain-and-light-2026-01-08-06-54-34-utc.webp\",\"datePublished\":\"2026-01-30T08:47:21+00:00\",\"dateModified\":\"2026-01-30T08:49:53+00:00\",\"description\":\"2026 is here, and at Lugaris, we\u2019re excited to share the best events in Barcelona for the first quarter of the year.\",\"breadcrumb\":{\"@id\":\"https:\/\/www.lugaris.com\/en\/barcelona-kicks-off-2026-key-events-in-the-first-quarter\/#breadcrumb\"},\"inLanguage\":\"en-US\",\"potentialAction\":[{\"@type\":\"ReadAction\",\"target\":[\"https:\/\/www.lugaris.com\/en\/barcelona-kicks-off-2026-key-events-in-the-first-quarter\/\"]}]},{\"@type\":\"ImageObject\",\"inLanguage\":\"en-US\",\"@id\":\"https:\/\/www.lugaris.com\/en\/barcelona-kicks-off-2026-key-events-in-the-first-quarter\/#primaryimage\",\"url\":\"https:\/\/www.lugaris.com\/app\/uploads\/2026\/01\/silhouettes-of-people-watching-fountain-and-light-2026-01-08-06-54-34-utc.webp\",\"contentUrl\":\"https:\/\/www.lugaris.com\/app\/uploads\/2026\/01\/silhouettes-of-people-watching-fountain-and-light-2026-01-08-06-54-34-utc.webp\",\"width\":2000,\"height\":1333},{\"@type\":\"BreadcrumbList\",\"@id\":\"https:\/\/www.lugaris.com\/en\/barcelona-kicks-off-2026-key-events-in-the-first-quarter\/#breadcrumb\",\"itemListElement\":[{\"@type\":\"ListItem\",\"position\":1,\"name\":\"Home\",\"item\":\"https:\/\/www.lugaris.com\/en\/\"},{\"@type\":\"ListItem\",\"position\":2,\"name\":\"Barcelona kicks off 2026: Key events in the first quarter\"}]},{\"@type\":\"WebSite\",\"@id\":\"https:\/\/www.lugaris.com\/en\/#website\",\"url\":\"https:\/\/www.lugaris.com\/en\/\",\"name\":\"Lugaris\",\"description\":\"Apartamentos de vacaciones en Barcelona\",\"publisher\":{\"@id\":\"https:\/\/www.lugaris.com\/en\/#organization\"},\"potentialAction\":[{\"@type\":\"SearchAction\",\"target\":{\"@type\":\"EntryPoint\",\"urlTemplate\":\"https:\/\/www.lugaris.com\/en\/?s={search_term_string}\"},\"query-input\":\"required name=search_term_string\"}],\"inLanguage\":\"en-US\"},{\"@type\":\"Organization\",\"@id\":\"https:\/\/www.lugaris.com\/en\/#organization\",\"name\":\"Lugaris Apartments in Barcelona\",\"url\":\"https:\/\/www.lugaris.com\/en\/\",\"logo\":{\"@type\":\"ImageObject\",\"inLanguage\":\"en-US\",\"@id\":\"https:\/\/www.lugaris.com\/en\/#\/schema\/logo\/image\/\",\"url\":\"https:\/\/www.lugaris.com\/app\/uploads\/2020\/03\/Logo_lugaris_v2.png\",\"contentUrl\":\"https:\/\/www.lugaris.com\/app\/uploads\/2020\/03\/Logo_lugaris_v2.png\",\"width\":285,\"height\":257,\"caption\":\"Lugaris Apartments in Barcelona\"},\"image\":{\"@id\":\"https:\/\/www.lugaris.com\/en\/#\/schema\/logo\/image\/\"}},{\"@type\":\"Person\",\"@id\":\"https:\/\/www.lugaris.com\/en\/#\/schema\/person\/a4b4909e5e26e647f8ee92b809f52077\",\"name\":\"Carol\",\"image\":{\"@type\":\"ImageObject\",\"inLanguage\":\"en-US\",\"@id\":\"https:\/\/www.lugaris.com\/en\/#\/schema\/person\/image\/\",\"url\":\"https:\/\/www.lugaris.com\/app\/litespeed\/avatar\/838ee79dab26d1d7647e49a172bc7c36.jpg?ver=1777478302\",\"contentUrl\":\"https:\/\/www.lugaris.com\/app\/litespeed\/avatar\/838ee79dab26d1d7647e49a172bc7c36.jpg?ver=1777478302\",\"caption\":\"Carol\"}}]}<\/script>\n<!-- \/ Yoast SEO plugin. -->","yoast_head_json":{"title":"Barcelona kicks off 2026: Key events in the first quarter | Lugaris","description":"2026 is here, and at Lugaris, we\u2019re excited to share the best events in Barcelona for the first quarter of the year.","robots":{"index":"index","follow":"follow","max-snippet":"max-snippet:-1","max-image-preview":"max-image-preview:large","max-video-preview":"max-video-preview:-1"},"canonical":"https:\/\/www.lugaris.com\/en\/barcelona-kicks-off-2026-key-events-in-the-first-quarter\/","og_locale":"en_US","og_type":"article","og_title":"Barcelona kicks off 2026: Key events in the first quarter | Lugaris","og_description":"2026 is here, and at Lugaris, we\u2019re excited to share the best events in Barcelona for the first quarter of the year.","og_url":"https:\/\/www.lugaris.com\/en\/barcelona-kicks-off-2026-key-events-in-the-first-quarter\/","og_site_name":"Lugaris","article_published_time":"2026-01-30T08:47:21+00:00","article_modified_time":"2026-01-30T08:49:53+00:00","og_image":[{"width":2000,"height":1333,"url":"https:\/\/www.lugaris.com\/app\/uploads\/2026\/01\/silhouettes-of-people-watching-fountain-and-light-2026-01-08-06-54-34-utc.webp","type":"image\/webp"}],"author":"Carol","twitter_card":"summary_large_image","twitter_misc":{"Written by":"Carol","Est. reading time":"9 minutes"},"schema":{"@context":"https:\/\/schema.org","@graph":[{"@type":"Article","@id":"https:\/\/www.lugaris.com\/en\/barcelona-kicks-off-2026-key-events-in-the-first-quarter\/#article","isPartOf":{"@id":"https:\/\/www.lugaris.com\/en\/barcelona-kicks-off-2026-key-events-in-the-first-quarter\/"},"author":{"name":"Carol","@id":"https:\/\/www.lugaris.com\/en\/#\/schema\/person\/a4b4909e5e26e647f8ee92b809f52077"},"headline":"Barcelona kicks off 2026: Key events in the first quarter","datePublished":"2026-01-30T08:47:21+00:00","dateModified":"2026-01-30T08:49:53+00:00","mainEntityOfPage":{"@id":"https:\/\/www.lugaris.com\/en\/barcelona-kicks-off-2026-key-events-in-the-first-quarter\/"},"wordCount":1966,"commentCount":0,"publisher":{"@id":"https:\/\/www.lugaris.com\/en\/#organization"},"image":{"@id":"https:\/\/www.lugaris.com\/en\/barcelona-kicks-off-2026-key-events-in-the-first-quarter\/#primaryimage"},"thumbnailUrl":"https:\/\/www.lugaris.com\/app\/uploads\/2026\/01\/silhouettes-of-people-watching-fountain-and-light-2026-01-08-06-54-34-utc.webp","articleSection":["Barcelona"],"inLanguage":"en-US","potentialAction":[{"@type":"CommentAction","name":"Comment","target":["https:\/\/www.lugaris.com\/en\/barcelona-kicks-off-2026-key-events-in-the-first-quarter\/#respond"]}]},{"@type":"WebPage","@id":"https:\/\/www.lugaris.com\/en\/barcelona-kicks-off-2026-key-events-in-the-first-quarter\/","url":"https:\/\/www.lugaris.com\/en\/barcelona-kicks-off-2026-key-events-in-the-first-quarter\/","name":"Barcelona kicks off 2026: Key events in the first quarter | Lugaris","isPartOf":{"@id":"https:\/\/www.lugaris.com\/en\/#website"},"primaryImageOfPage":{"@id":"https:\/\/www.lugaris.com\/en\/barcelona-kicks-off-2026-key-events-in-the-first-quarter\/#primaryimage"},"image":{"@id":"https:\/\/www.lugaris.com\/en\/barcelona-kicks-off-2026-key-events-in-the-first-quarter\/#primaryimage"},"thumbnailUrl":"https:\/\/www.lugaris.com\/app\/uploads\/2026\/01\/silhouettes-of-people-watching-fountain-and-light-2026-01-08-06-54-34-utc.webp","datePublished":"2026-01-30T08:47:21+00:00","dateModified":"2026-01-30T08:49:53+00:00","description":"2026 is here, and at Lugaris, we\u2019re excited to share the best events in Barcelona for the first quarter of the year.","breadcrumb":{"@id":"https:\/\/www.lugaris.com\/en\/barcelona-kicks-off-2026-key-events-in-the-first-quarter\/#breadcrumb"},"inLanguage":"en-US","potentialAction":[{"@type":"ReadAction","target":["https:\/\/www.lugaris.com\/en\/barcelona-kicks-off-2026-key-events-in-the-first-quarter\/"]}]},{"@type":"ImageObject","inLanguage":"en-US","@id":"https:\/\/www.lugaris.com\/en\/barcelona-kicks-off-2026-key-events-in-the-first-quarter\/#primaryimage","url":"https:\/\/www.lugaris.com\/app\/uploads\/2026\/01\/silhouettes-of-people-watching-fountain-and-light-2026-01-08-06-54-34-utc.webp","contentUrl":"https:\/\/www.lugaris.com\/app\/uploads\/2026\/01\/silhouettes-of-people-watching-fountain-and-light-2026-01-08-06-54-34-utc.webp","width":2000,"height":1333},{"@type":"BreadcrumbList","@id":"https:\/\/www.lugaris.com\/en\/barcelona-kicks-off-2026-key-events-in-the-first-quarter\/#breadcrumb","itemListElement":[{"@type":"ListItem","position":1,"name":"Home","item":"https:\/\/www.lugaris.com\/en\/"},{"@type":"ListItem","position":2,"name":"Barcelona kicks off 2026: Key events in the first quarter"}]},{"@type":"WebSite","@id":"https:\/\/www.lugaris.com\/en\/#website","url":"https:\/\/www.lugaris.com\/en\/","name":"Lugaris","description":"Apartamentos de vacaciones en Barcelona","publisher":{"@id":"https:\/\/www.lugaris.com\/en\/#organization"},"potentialAction":[{"@type":"SearchAction","target":{"@type":"EntryPoint","urlTemplate":"https:\/\/www.lugaris.com\/en\/?s={search_term_string}"},"query-input":"required name=search_term_string"}],"inLanguage":"en-US"},{"@type":"Organization","@id":"https:\/\/www.lugaris.com\/en\/#organization","name":"Lugaris Apartments in Barcelona","url":"https:\/\/www.lugaris.com\/en\/","logo":{"@type":"ImageObject","inLanguage":"en-US","@id":"https:\/\/www.lugaris.com\/en\/#\/schema\/logo\/image\/","url":"https:\/\/www.lugaris.com\/app\/uploads\/2020\/03\/Logo_lugaris_v2.png","contentUrl":"https:\/\/www.lugaris.com\/app\/uploads\/2020\/03\/Logo_lugaris_v2.png","width":285,"height":257,"caption":"Lugaris Apartments in Barcelona"},"image":{"@id":"https:\/\/www.lugaris.com\/en\/#\/schema\/logo\/image\/"}},{"@type":"Person","@id":"https:\/\/www.lugaris.com\/en\/#\/schema\/person\/a4b4909e5e26e647f8ee92b809f52077","name":"Carol","image":{"@type":"ImageObject","inLanguage":"en-US","@id":"https:\/\/www.lugaris.com\/en\/#\/schema\/person\/image\/","url":"https:\/\/www.lugaris.com\/app\/litespeed\/avatar\/838ee79dab26d1d7647e49a172bc7c36.jpg?ver=1777478302","contentUrl":"https:\/\/www.lugaris.com\/app\/litespeed\/avatar\/838ee79dab26d1d7647e49a172bc7c36.jpg?ver=1777478302","caption":"Carol"}}]}},"uagb_featured_image_src":{"full":["https:\/\/www.lugaris.com\/app\/uploads\/2026\/01\/silhouettes-of-people-watching-fountain-and-light-2026-01-08-06-54-34-utc.webp",2000,1333,false],"thumbnail":["https:\/\/www.lugaris.com\/app\/uploads\/2026\/01\/silhouettes-of-people-watching-fountain-and-light-2026-01-08-06-54-34-utc-640x427.webp",640,427,true],"medium":["https:\/\/www.lugaris.com\/app\/uploads\/2026\/01\/silhouettes-of-people-watching-fountain-and-light-2026-01-08-06-54-34-utc-1024x682.webp",1024,682,true],"medium_large":["https:\/\/www.lugaris.com\/app\/uploads\/2026\/01\/silhouettes-of-people-watching-fountain-and-light-2026-01-08-06-54-34-utc-768x512.webp",768,512,true],"large":["https:\/\/www.lugaris.com\/app\/uploads\/2026\/01\/silhouettes-of-people-watching-fountain-and-light-2026-01-08-06-54-34-utc-1280x853.webp",1280,853,true],"1536x1536":["https:\/\/www.lugaris.com\/app\/uploads\/2026\/01\/silhouettes-of-people-watching-fountain-and-light-2026-01-08-06-54-34-utc-1536x1024.webp",1536,1024,true],"2048x2048":["https:\/\/www.lugaris.com\/app\/uploads\/2026\/01\/silhouettes-of-people-watching-fountain-and-light-2026-01-08-06-54-34-utc.webp",2000,1333,false]},"uagb_author_info":{"display_name":"Carol","author_link":"https:\/\/www.lugaris.com\/en\/author\/cvb2-performance-es\/"},"uagb_comment_info":0,"uagb_excerpt":"Can you feel the excitement of a fresh start? 2026 is here, and at Lugaris, we\u2019re excited to share the best events in Barcelona for the first quarter of the year. If you&#8217;re planning a &hellip;","_links":{"self":[{"href":"https:\/\/www.lugaris.com\/en\/wp-json\/wp\/v2\/posts\/30484"}],"collection":[{"href":"https:\/\/www.lugaris.com\/en\/wp-json\/wp\/v2\/posts"}],"about":[{"href":"https:\/\/www.lugaris.com\/en\/wp-json\/wp\/v2\/types\/post"}],"author":[{"embeddable":true,"href":"https:\/\/www.lugaris.com\/en\/wp-json\/wp\/v2\/users\/7"}],"replies":[{"embeddable":true,"href":"https:\/\/www.lugaris.com\/en\/wp-json\/wp\/v2\/comments?post=30484"}],"version-history":[{"count":1,"href":"https:\/\/www.lugaris.com\/en\/wp-json\/wp\/v2\/posts\/30484\/revisions"}],"predecessor-version":[{"id":30486,"href":"https:\/\/www.lugaris.com\/en\/wp-json\/wp\/v2\/posts\/30484\/revisions\/30486"}],"wp:featuredmedia":[{"embeddable":true,"href":"https:\/\/www.lugaris.com\/en\/wp-json\/wp\/v2\/media\/30471"}],"wp:attachment":[{"href":"https:\/\/www.lugaris.com\/en\/wp-json\/wp\/v2\/media?parent=30484"}],"wp:term":[{"taxonomy":"category","embeddable":true,"href":"https:\/\/www.lugaris.com\/en\/wp-json\/wp\/v2\/categories?post=30484"},{"taxonomy":"post_tag","embeddable":true,"href":"https:\/\/www.lugaris.com\/en\/wp-json\/wp\/v2\/tags?post=30484"}],"curies":[{"name":"wp","href":"https:\/\/api.w.org\/{rel}","templated":true}]}}