{"id":24705,"date":"2024-04-19T07:30:33","date_gmt":"2024-04-19T07:30:33","guid":{"rendered":"https:\/\/www.lugaris.com\/las-mejores-recomendaciones-para-el-primavera-sound-2024\/"},"modified":"2025-10-13T07:47:29","modified_gmt":"2025-10-13T07:47:29","slug":"les-meilleures-recommandations-pour-le-primavera-sound-2025","status":"publish","type":"post","link":"https:\/\/www.lugaris.com\/fr\/les-meilleures-recommandations-pour-le-primavera-sound-2025\/","title":{"rendered":"Les meilleures recommandations pour le Primavera Sound 2026"},"content":{"rendered":"\n<p class=\"\"><strong>Nous avons d\u00e9j\u00e0 tous les d\u00e9tails du Primavera Sound 2026! <\/strong>Ann\u00e9e apr\u00e8s ann\u00e9e, ce festival r\u00e9unit des passionn\u00e9s de musique venus du monde entier au <strong>Parc del F\u00f2rum<\/strong> pour vivre trois jours de concerts, d\u2019ambiance incroyable et de d\u00e9couvertes musicales.<\/p>\n\n\n\n<p class=\"\">Si vous envisagez de venir \u00e0 Barcelone pour profiter du Primavera Sound 2026, cet article de Lugaris rassemble toutes<strong> les informations dont vous avez besoin<\/strong>: dates confirm\u00e9es, programmation officielle, types de billets et conseils pour organiser votre exp\u00e9rience dans les moindres d\u00e9tails. Rendez-vous au festi ! \ud83d\ude09<\/p>\n\n\n\n<div class=\"wp-block-uagb-image uagb-block-19dde43b wp-block-uagb-image--layout-default wp-block-uagb-image--effect-static wp-block-uagb-image--align-none\"><figure class=\"wp-block-uagb-image__figure\"><img loading=\"lazy\" decoding=\"async\" srcset=\"https:\/\/www.lugaris.com\/app\/uploads\/2022\/11\/primavera-sound.jpg ,https:\/\/www.lugaris.com\/app\/uploads\/2022\/11\/primavera-sound.jpg 780w, https:\/\/www.lugaris.com\/app\/uploads\/2022\/11\/primavera-sound.jpg 360w\" sizes=\"(max-width: 480px) 150px\" src=\"https:\/\/www.lugaris.com\/app\/uploads\/2022\/11\/primavera-sound.jpg\" alt=\"\" class=\"uag-image-18924\" width=\"6016\" height=\"4016\" title=\"primavera-sound\" loading=\"lazy\" role=\"img\"\/><\/figure><\/div>\n\n\n\n<p class=\"\"><\/p>\n\n\n\n<h2 class=\"wp-block-heading\">Quand aura lieu le Primavera Sound 2026 de Barcelone?<\/h2>\n\n\n\n<p class=\"\">C\u2019est d\u00e9sormais officiel : le Primavera Sound 2026 se tiendra du <strong>4 au 6 juin<\/strong> sur le site habituel du <strong>Parc del F\u00f2rum de Barcelone<\/strong>.<\/p>\n\n\n\n<p class=\"\">Mais comme toujours, le festival ne se limite pas \u00e0 ces trois jours. Pendant toute la semaine pr\u00e9c\u00e9dente, connue sous le nom de <strong>Primavera Week<\/strong>, la ville vibrera au rythme de concerts dans les salles barcelonaises, de soir\u00e9es de bienvenue et d\u2019\u00e9v\u00e9nements sp\u00e9ciaux qui mettront l\u2019ambiance avant le week-end principal.<\/p>\n\n\n\n<p class=\"\">Sachez que le <strong>meilleur endroit o\u00f9 loger \u00e0 Barcelone pendant le Primavera Sound<\/strong>, c\u2019est le <strong>quartier de Poblenou<\/strong>. Ce quartier, situ\u00e9 tout pr\u00e8s du F\u00f2rum, offre une atmosph\u00e8re multiculturelle, de nombreux restaurants, bars, et bien s\u00fbr, la plage. Chez <strong>Lugaris<\/strong>, vous trouverez des <a href=\"https:\/\/www.lugaris.com\/fr\/\">appartements \u00e0 Barcelone<\/a> spacieux, confortables et \u00e0 deux pas du F\u00f2rum. Nous proposons des <a href=\"https:\/\/www.lugaris.com\/fr\/lugaris-beach-fr\/\">appartements en bord de mer<\/a> et des <a href=\"https:\/\/www.lugaris.com\/fr\/lugaris-rambla-fr\/\">appartements \u00e0 Poblenou<\/a> pour que vous puissiez rejoindre le Primavera Sound <strong>\u00e0 pied<\/strong> \u2014 difficile de faire plus pratique \ud83d\ude09<\/p>\n\n\n\n<p class=\"\">Et si vous souhaitez prolonger votre s\u00e9jour dans la ville, <strong>Lugaris<\/strong> dispose \u00e9galement d\u2019<a href=\"https:\/\/www.lugaris.com\/fr\/lugaris-stay\/\">appartements longue dur\u00e9e \u00e0 Barcelone<\/a>, afin que vous puissiez profiter encore plus de tout ce que la capitale catalane a \u00e0 offrir.<\/p>\n\n\n\n<h2 class=\"wp-block-heading\">Programmation du Primavera Sound 2026 : lineup d\u00e9finitif<\/h2>\n\n\n\n<p class=\"\"><strong>La programmation du Primavera Sound 2026 est enfin l\u00e0<\/strong>, et comme \u00e0 son habitude, elle r\u00e9unit grandes l\u00e9gendes, artistes incontournables du moment et nouvelles d\u00e9couvertes qui feront parler d\u2019elles.<\/p>\n\n\n\n<p class=\"\">Si vous ne connaissez pas encore tous les noms, voici un aper\u00e7u pour commencer \u00e0 organiser votre agenda musical.<\/p>\n\n\n\n<h3 class=\"wp-block-heading\">The Cure<\/h3>\n\n\n\n<p class=\"\"><strong>Ic\u00f4nes du post-punk et du rock alternatif depuis les ann\u00e9es 80<\/strong>, The Cure reviennent \u00e0 Barcelone avec leur son m\u00e9lancolique. Des classiques comme <em>Just Like Heaven<\/em> ou <em>Boys Don\u2019t Cry<\/em> r\u00e9sonneront plus intens\u00e9ment que jamais.<\/p>\n\n\n\n<h3 class=\"wp-block-heading\">Doja Cat<\/h3>\n\n\n\n<p class=\"\">L\u2019une des plus <strong>grandes stars du pop-rap actuel<\/strong> sera elle aussi de la partie au Primavera Sound 2026. Cr\u00e9ative, provocante et connue pour ses hits viraux comme <em>Woman<\/em> ou <em>Say So<\/em>, elle promet l\u2019un des concerts les plus puissants du festival.<\/p>\n\n\n\n<h3 class=\"wp-block-heading\">The xx<\/h3>\n\n\n\n<p class=\"\">Le <strong>groupe britannique d\u2019indie pop<\/strong> revient avec son univers atmosph\u00e9rique et minimaliste. Leur concert au Primavera Sound 2026 m\u00ealera leurs classiques incontournables \u00e0 de nouveaux morceaux.<\/p>\n\n\n\n<h3 class=\"wp-block-heading\">Gorillaz<\/h3>\n\n\n\n<p class=\"\"><strong>Le groupe anim\u00e9 le plus c\u00e9l\u00e8bre au monde<\/strong>, men\u00e9 par Damon Albarn, fusionne rock, hip-hop et \u00e9lectro. Leurs concerts offrent des visuels spectaculaires, des moments inattendus et une \u00e9nergie sc\u00e9nique impressionnante.<\/p>\n\n\n\n<h3 class=\"wp-block-heading\">Massive Attack<\/h3>\n\n\n\n<p class=\"\">Pionniers du trip-hop et r\u00e9f\u00e9rences \u00e9ternelles de la <strong>musique \u00e9lectronique sombre et sophistiqu\u00e9e<\/strong>, Massive Attack proposent un live multisensoriel m\u00ealant musique, art et engagement social.<\/p>\n\n\n\n<h3 class=\"wp-block-heading\">My Bloody Valentine<\/h3>\n\n\n\n<p class=\"\">L\u00e9gendes du shoegaze, leur son dense et enveloppant reste hypnotique sur sc\u00e8ne. Au <strong>Primavera Sound 2026<\/strong>, vous aurez une occasion unique d\u2019appr\u00e9cier leur mythique <em>Loveless<\/em> \u00e0 plein volume.<\/p>\n\n\n\n<h3 class=\"wp-block-heading\">Addison Rae<\/h3>\n\n\n\n<p class=\"\">Influenceuse devenue artiste pop. Oui, elle. Et elle ne plaisante pas : son concert m\u00eale chor\u00e9graphies millim\u00e9tr\u00e9es, esth\u00e9tique des ann\u00e9es 2000 et pur spectacle. L\u2019un des shows les plus attendus du <strong>Primavera Sound 2026<\/strong>.<\/p>\n\n\n\n<h3 class=\"wp-block-heading\">Skrillex<\/h3>\n\n\n\n<p class=\"\"><strong>Le ma\u00eetre du dubstep fait son grand retour<\/strong> avec une proposition renouvel\u00e9e : \u00e9lectro percutante, beats puissants et ambiance survolt\u00e9e. Le concert parfait pour cl\u00f4turer la nuit avec une bonne dose d\u2019adr\u00e9naline.<\/p>\n\n\n\n<h3 class=\"wp-block-heading\">Bad Gyal<\/h3>\n\n\n\n<p class=\"\">L\u2019artiste catalane la plus internationale du <strong>dancehall et du reggaeton alternatif<\/strong>. Sonorit\u00e9s urbaines, base \u00e9lectronique et attitude sans filtre \u2014 un show plein d\u2019\u00e9nergie et d\u2019identit\u00e9.<\/p>\n\n\n\n<h3 class=\"wp-block-heading\">Little Simz<\/h3>\n\n\n\n<p class=\"\">Du<strong> rap britannique au plus haut niveau<\/strong>: textes percutants, production soign\u00e9e et pr\u00e9sence sc\u00e9nique magn\u00e9tique. L\u2019un des concerts les plus attendus du paysage hip-hop.<\/p>\n\n\n\n<h3 class=\"wp-block-heading\">Mac DeMarco<\/h3>\n\n\n\n<p class=\"\"><strong>Le roi du \u201cslacker rock\u201d <\/strong>revient avec son style d\u00e9contract\u00e9, son humour mordant et ses chansons aussi l\u00e9g\u00e8res qu\u2019addictives. Parfait pour un apr\u00e8s-midi printanier, bi\u00e8re \u00e0 la main.<\/p>\n\n\n\n<h3 class=\"wp-block-heading\">PinkPantheress<\/h3>\n\n\n\n<p class=\"\"><strong>L\u2019une des artistes qui red\u00e9finissent la pop alternative<\/strong> avec des sons nostalgiques des ann\u00e9es 2000, un drum and bass doux et une esth\u00e9tique inspir\u00e9e de Tumblr. Son live promet une \u00e9nergie pure.<\/p>\n\n\n\n<h3 class=\"wp-block-heading\">Wet Leg<\/h3>\n\n\n\n<p class=\"\"><strong>Le duo britannique ph\u00e9nom\u00e8ne<\/strong>, entre ironie, esprit punk et m\u00e9lodies ent\u00eatantes. Leur premier album a \u00e9t\u00e9 salu\u00e9 par la critique et leur \u00e9nergie sur sc\u00e8ne est contagieuse.<\/p>\n\n\n\n<p class=\"\"><\/p>\n\n\n\n<p class=\"\"><img fetchpriority=\"high\" decoding=\"async\" src=\"blob:https:\/\/www.lugaris.com\/ff68bcf4-6462-4562-a6d1-2a50a0d972a4\" width=\"602\" height=\"803\"><\/p>\n\n\n\n<h2 class=\"wp-block-heading\">Pass pour le Primavera Sound 2026<\/h2>\n\n\n\n<p class=\"\">La billetterie du Primavera Sound 2026 est d\u00e9sormais ouverte ! Comme chaque ann\u00e9e, plusieurs options s\u2019offrent \u00e0 vous pour vivre le festival selon vos envies, votre budget et votre niveau d\u2019\u00e9nergie. Voici toutes les formules disponibles.<\/p>\n\n\n\n<h3 class=\"wp-block-heading\">Pass complet pour tout le festival<\/h3>\n\n\n\n<p class=\"\">Si vous ne voulez rien manquer, le <strong>pass g\u00e9n\u00e9ral de 3 jours<\/strong> est le meilleur choix. Il vous permet d\u2019acc\u00e9der \u00e0 l\u2019ensemble du festival les 4, 5 et 6 juin.<\/p>\n\n\n\n<ul class=\"\">\n<li class=\"\"><strong>Prix Fan Sale :<\/strong> 295 \u20ac + frais<\/li>\n\n\n\n<li class=\"\"><strong>Prix g\u00e9n\u00e9ral :<\/strong> 350 \u20ac + frais<br><\/li>\n<\/ul>\n\n\n\n<p class=\"\">Gardez \u00e0 l\u2019esprit que les tarifs augmentent \u00e0 chaque phase de vente, alors plus vous r\u00e9servez t\u00f4t, mieux c\u2019est.<\/p>\n\n\n\n<h3 class=\"wp-block-heading\">Une exp\u00e9rience VIP<\/h3>\n\n\n\n<p class=\"\">Pour une exp\u00e9rience plus confortable avec des acc\u00e8s privil\u00e9gi\u00e9s, vous pouvez opter pour le <strong>pass VIP<\/strong>, qui inclut :<\/p>\n\n\n\n<ul class=\"\">\n<li class=\"\">Des zones exclusives avec une meilleure visibilit\u00e9<\/li>\n\n\n\n<li class=\"\">Des toilettes VIP<\/li>\n\n\n\n<li class=\"\">Des entr\u00e9es prioritaires<\/li>\n\n\n\n<li class=\"\">Des espaces de repos<\/li>\n<\/ul>\n\n\n\n<p class=\"\">Prix du pass VIP: <strong>545 \u20ac + frais<\/strong><\/p>\n\n\n\n<h3 class=\"wp-block-heading\">Billets \u00e0 la journ\u00e9e<\/h3>\n\n\n\n<p class=\"\">Vous ne pouvez venir qu\u2019un seul jour ? Pas de souci. Il sera possible d\u2019acheter des <strong>billets journaliers<\/strong> pour chaque journ\u00e9e du festival. Ces billets sont g\u00e9n\u00e9ralement mis en vente quelques semaines apr\u00e8s les pass complets, et ils partent tr\u00e8s vite. Si vous savez d\u00e9j\u00e0 quel jour vous int\u00e9resse, ne tardez pas : ils s\u2019envolent !<\/p>\n\n\n\n<h3 class=\"wp-block-heading\">R\u00e9ductions sp\u00e9ciales<\/h3>\n\n\n\n<p class=\"\">Avant d\u2019acheter vos billets pour le <strong>Primavera Sound 2026<\/strong>, sachez qu\u2019il existe plusieurs r\u00e9ductions :<\/p>\n\n\n\n<ul class=\"\">\n<li class=\"\">Les <strong>r\u00e9sidents<\/strong> de la zone m\u00e9tropolitaine de Barcelone peuvent b\u00e9n\u00e9ficier d\u2019une <strong>r\u00e9duction de 10 %<\/strong> sur pr\u00e9sentation d\u2019un justificatif.<\/li>\n\n\n\n<li class=\"\">Les <strong>clients Revolut<\/strong> profitent d\u2019une <strong>remise de 15 \u20ac<\/strong> sur leur pass s\u2019ils l\u2019ach\u00e8tent via <strong>Fever<\/strong>.<\/li>\n\n\n\n<li class=\"\">Et si vous vous inscrivez sur la plateforme officielle avant la vente g\u00e9n\u00e9rale, vous aurez acc\u00e8s \u00e0 la <strong>Fan Sale<\/strong>, avec tarifs r\u00e9duits et acc\u00e8s anticip\u00e9.<\/li>\n<\/ul>\n\n\n\n<h2 class=\"wp-block-heading\">Vivez le Primavera Sound 2026 \u00e0 fond!<\/h2>\n\n\n\n<p class=\"\"><strong>Procurez-vous votre pass, organisez votre h\u00e9bergement avec Lugaris et pr\u00e9parez-vous <\/strong>\u00e0 vivre trois jours qui promettent d\u2019entrer dans l\u2019histoire.<\/p>\n\n\n\n<p class=\"\">Et si vous avez besoin d\u2019un coup de main pour trouver vos vols, planifier des activit\u00e9s parall\u00e8les ou d\u00e9couvrir Barcelone pendant le festival\u2026 jetez un \u0153il \u00e0 notre blog ! \ud83d\ude09<\/p>\n\n\n\n\n<section class=\"blocks__extra-info \" id=\"nuestros-apartamentos-en-barcelona\">\n    <h3>NUESTROS APARTAMENTOS EN BARCELONA<\/h3>\n\n    <div class=\"blocks__extra-info__list\">\n            <\/div>\n\n        <div class=\"blocks__extra-info__content__container\">\n            <\/div>\n\n    <span class=\"blocks__extra-info__list__button__left prev\"><\/span>\n    <span class=\"blocks__extra-info__list__button__right next\"><\/span>\n    <\/section>\n","protected":false},"excerpt":{"rendered":"<p>Si vous envisagez de venir \u00e0 Barcelone pour profiter du Primavera Sound 2026, cet article de Lugaris rassemble toutes les informations dont vous avez besoin<\/p>\n","protected":false},"author":7,"featured_media":18927,"comment_status":"open","ping_status":"open","sticky":false,"template":"","format":"standard","meta":{"_uag_custom_page_level_css":"","footnotes":""},"categories":[665,664],"tags":[],"yoast_head":"<!-- This site is optimized with the Yoast SEO plugin v23.1 - https:\/\/yoast.com\/wordpress\/plugins\/seo\/ -->\n<title>Les meilleures recommandations pour le Primavera Sound 2026<\/title>\n<meta name=\"description\" content=\"Si vous envisagez de venir \u00e0 Barcelone pour profiter du Primavera Sound 2026, cet article rassemble toutes les informations dont vous avez besoin\" \/>\n<meta name=\"robots\" content=\"index, follow, max-snippet:-1, max-image-preview:large, max-video-preview:-1\" \/>\n<link rel=\"canonical\" href=\"https:\/\/www.lugaris.com\/fr\/les-meilleures-recommandations-pour-le-primavera-sound-2025\/\" \/>\n<meta property=\"og:locale\" content=\"fr_FR\" \/>\n<meta property=\"og:type\" content=\"article\" \/>\n<meta property=\"og:title\" content=\"Les meilleures recommandations pour le Primavera Sound 2026\" \/>\n<meta property=\"og:description\" content=\"Si vous envisagez de venir \u00e0 Barcelone pour profiter du Primavera Sound 2026, cet article rassemble toutes les informations dont vous avez besoin\" \/>\n<meta property=\"og:url\" content=\"https:\/\/www.lugaris.com\/fr\/les-meilleures-recommandations-pour-le-primavera-sound-2025\/\" \/>\n<meta property=\"og:site_name\" content=\"Lugaris\" \/>\n<meta property=\"article:published_time\" content=\"2024-04-19T07:30:33+00:00\" \/>\n<meta property=\"article:modified_time\" content=\"2025-10-13T07:47:29+00:00\" \/>\n<meta property=\"og:image\" content=\"https:\/\/www.lugaris.com\/app\/uploads\/2022\/11\/primavera-sound.jpg\" \/>\n\t<meta property=\"og:image:width\" content=\"817\" \/>\n\t<meta property=\"og:image:height\" content=\"544\" \/>\n\t<meta property=\"og:image:type\" content=\"image\/jpeg\" \/>\n<meta name=\"author\" content=\"Carol\" \/>\n<meta name=\"twitter:card\" content=\"summary_large_image\" \/>\n<meta name=\"twitter:label1\" content=\"Written by\" \/>\n\t<meta name=\"twitter:data1\" content=\"Carol\" \/>\n\t<meta name=\"twitter:label2\" content=\"Est. reading time\" \/>\n\t<meta name=\"twitter:data2\" content=\"7 minutes\" \/>\n<script type=\"application\/ld+json\" class=\"yoast-schema-graph\">{\"@context\":\"https:\/\/schema.org\",\"@graph\":[{\"@type\":\"Article\",\"@id\":\"https:\/\/www.lugaris.com\/fr\/les-meilleures-recommandations-pour-le-primavera-sound-2025\/#article\",\"isPartOf\":{\"@id\":\"https:\/\/www.lugaris.com\/fr\/les-meilleures-recommandations-pour-le-primavera-sound-2025\/\"},\"author\":{\"name\":\"Carol\",\"@id\":\"https:\/\/www.lugaris.com\/fr\/#\/schema\/person\/a4b4909e5e26e647f8ee92b809f52077\"},\"headline\":\"Les meilleures recommandations pour le Primavera Sound 2026\",\"datePublished\":\"2024-04-19T07:30:33+00:00\",\"dateModified\":\"2025-10-13T07:47:29+00:00\",\"mainEntityOfPage\":{\"@id\":\"https:\/\/www.lugaris.com\/fr\/les-meilleures-recommandations-pour-le-primavera-sound-2025\/\"},\"wordCount\":1202,\"commentCount\":0,\"publisher\":{\"@id\":\"https:\/\/www.lugaris.com\/fr\/#organization\"},\"image\":{\"@id\":\"https:\/\/www.lugaris.com\/fr\/les-meilleures-recommandations-pour-le-primavera-sound-2025\/#primaryimage\"},\"thumbnailUrl\":\"https:\/\/www.lugaris.com\/app\/uploads\/2022\/11\/primavera-sound.jpg\",\"articleSection\":[\"Ocio en Barcelona\",\"Barcelona\"],\"inLanguage\":\"fr-FR\",\"potentialAction\":[{\"@type\":\"CommentAction\",\"name\":\"Comment\",\"target\":[\"https:\/\/www.lugaris.com\/fr\/les-meilleures-recommandations-pour-le-primavera-sound-2025\/#respond\"]}]},{\"@type\":\"WebPage\",\"@id\":\"https:\/\/www.lugaris.com\/fr\/les-meilleures-recommandations-pour-le-primavera-sound-2025\/\",\"url\":\"https:\/\/www.lugaris.com\/fr\/les-meilleures-recommandations-pour-le-primavera-sound-2025\/\",\"name\":\"Les meilleures recommandations pour le Primavera Sound 2026\",\"isPartOf\":{\"@id\":\"https:\/\/www.lugaris.com\/fr\/#website\"},\"primaryImageOfPage\":{\"@id\":\"https:\/\/www.lugaris.com\/fr\/les-meilleures-recommandations-pour-le-primavera-sound-2025\/#primaryimage\"},\"image\":{\"@id\":\"https:\/\/www.lugaris.com\/fr\/les-meilleures-recommandations-pour-le-primavera-sound-2025\/#primaryimage\"},\"thumbnailUrl\":\"https:\/\/www.lugaris.com\/app\/uploads\/2022\/11\/primavera-sound.jpg\",\"datePublished\":\"2024-04-19T07:30:33+00:00\",\"dateModified\":\"2025-10-13T07:47:29+00:00\",\"description\":\"Si vous envisagez de venir \u00e0 Barcelone pour profiter du Primavera Sound 2026, cet article rassemble toutes les informations dont vous avez besoin\",\"breadcrumb\":{\"@id\":\"https:\/\/www.lugaris.com\/fr\/les-meilleures-recommandations-pour-le-primavera-sound-2025\/#breadcrumb\"},\"inLanguage\":\"fr-FR\",\"potentialAction\":[{\"@type\":\"ReadAction\",\"target\":[\"https:\/\/www.lugaris.com\/fr\/les-meilleures-recommandations-pour-le-primavera-sound-2025\/\"]}]},{\"@type\":\"ImageObject\",\"inLanguage\":\"fr-FR\",\"@id\":\"https:\/\/www.lugaris.com\/fr\/les-meilleures-recommandations-pour-le-primavera-sound-2025\/#primaryimage\",\"url\":\"https:\/\/www.lugaris.com\/app\/uploads\/2022\/11\/primavera-sound.jpg\",\"contentUrl\":\"https:\/\/www.lugaris.com\/app\/uploads\/2022\/11\/primavera-sound.jpg\",\"width\":817,\"height\":544},{\"@type\":\"BreadcrumbList\",\"@id\":\"https:\/\/www.lugaris.com\/fr\/les-meilleures-recommandations-pour-le-primavera-sound-2025\/#breadcrumb\",\"itemListElement\":[{\"@type\":\"ListItem\",\"position\":1,\"name\":\"Home\",\"item\":\"https:\/\/www.lugaris.com\/fr\/\"},{\"@type\":\"ListItem\",\"position\":2,\"name\":\"Les meilleures recommandations pour le Primavera Sound 2026\"}]},{\"@type\":\"WebSite\",\"@id\":\"https:\/\/www.lugaris.com\/fr\/#website\",\"url\":\"https:\/\/www.lugaris.com\/fr\/\",\"name\":\"Lugaris\",\"description\":\"Apartamentos de vacaciones en Barcelona\",\"publisher\":{\"@id\":\"https:\/\/www.lugaris.com\/fr\/#organization\"},\"potentialAction\":[{\"@type\":\"SearchAction\",\"target\":{\"@type\":\"EntryPoint\",\"urlTemplate\":\"https:\/\/www.lugaris.com\/fr\/?s={search_term_string}\"},\"query-input\":\"required name=search_term_string\"}],\"inLanguage\":\"fr-FR\"},{\"@type\":\"Organization\",\"@id\":\"https:\/\/www.lugaris.com\/fr\/#organization\",\"name\":\"Lugaris Apartments in Barcelona\",\"url\":\"https:\/\/www.lugaris.com\/fr\/\",\"logo\":{\"@type\":\"ImageObject\",\"inLanguage\":\"fr-FR\",\"@id\":\"https:\/\/www.lugaris.com\/fr\/#\/schema\/logo\/image\/\",\"url\":\"https:\/\/www.lugaris.com\/app\/uploads\/2020\/03\/Logo_lugaris_v2.png\",\"contentUrl\":\"https:\/\/www.lugaris.com\/app\/uploads\/2020\/03\/Logo_lugaris_v2.png\",\"width\":285,\"height\":257,\"caption\":\"Lugaris Apartments in Barcelona\"},\"image\":{\"@id\":\"https:\/\/www.lugaris.com\/fr\/#\/schema\/logo\/image\/\"}},{\"@type\":\"Person\",\"@id\":\"https:\/\/www.lugaris.com\/fr\/#\/schema\/person\/a4b4909e5e26e647f8ee92b809f52077\",\"name\":\"Carol\",\"image\":{\"@type\":\"ImageObject\",\"inLanguage\":\"fr-FR\",\"@id\":\"https:\/\/www.lugaris.com\/fr\/#\/schema\/person\/image\/\",\"url\":\"https:\/\/www.lugaris.com\/app\/litespeed\/avatar\/838ee79dab26d1d7647e49a172bc7c36.jpg?ver=1776872839\",\"contentUrl\":\"https:\/\/www.lugaris.com\/app\/litespeed\/avatar\/838ee79dab26d1d7647e49a172bc7c36.jpg?ver=1776872839\",\"caption\":\"Carol\"}}]}<\/script>\n<!-- \/ Yoast SEO plugin. -->","yoast_head_json":{"title":"Les meilleures recommandations pour le Primavera Sound 2026","description":"Si vous envisagez de venir \u00e0 Barcelone pour profiter du Primavera Sound 2026, cet article rassemble toutes les informations dont vous avez besoin","robots":{"index":"index","follow":"follow","max-snippet":"max-snippet:-1","max-image-preview":"max-image-preview:large","max-video-preview":"max-video-preview:-1"},"canonical":"https:\/\/www.lugaris.com\/fr\/les-meilleures-recommandations-pour-le-primavera-sound-2025\/","og_locale":"fr_FR","og_type":"article","og_title":"Les meilleures recommandations pour le Primavera Sound 2026","og_description":"Si vous envisagez de venir \u00e0 Barcelone pour profiter du Primavera Sound 2026, cet article rassemble toutes les informations dont vous avez besoin","og_url":"https:\/\/www.lugaris.com\/fr\/les-meilleures-recommandations-pour-le-primavera-sound-2025\/","og_site_name":"Lugaris","article_published_time":"2024-04-19T07:30:33+00:00","article_modified_time":"2025-10-13T07:47:29+00:00","og_image":[{"width":817,"height":544,"url":"https:\/\/www.lugaris.com\/app\/uploads\/2022\/11\/primavera-sound.jpg","type":"image\/jpeg"}],"author":"Carol","twitter_card":"summary_large_image","twitter_misc":{"Written by":"Carol","Est. reading time":"7 minutes"},"schema":{"@context":"https:\/\/schema.org","@graph":[{"@type":"Article","@id":"https:\/\/www.lugaris.com\/fr\/les-meilleures-recommandations-pour-le-primavera-sound-2025\/#article","isPartOf":{"@id":"https:\/\/www.lugaris.com\/fr\/les-meilleures-recommandations-pour-le-primavera-sound-2025\/"},"author":{"name":"Carol","@id":"https:\/\/www.lugaris.com\/fr\/#\/schema\/person\/a4b4909e5e26e647f8ee92b809f52077"},"headline":"Les meilleures recommandations pour le Primavera Sound 2026","datePublished":"2024-04-19T07:30:33+00:00","dateModified":"2025-10-13T07:47:29+00:00","mainEntityOfPage":{"@id":"https:\/\/www.lugaris.com\/fr\/les-meilleures-recommandations-pour-le-primavera-sound-2025\/"},"wordCount":1202,"commentCount":0,"publisher":{"@id":"https:\/\/www.lugaris.com\/fr\/#organization"},"image":{"@id":"https:\/\/www.lugaris.com\/fr\/les-meilleures-recommandations-pour-le-primavera-sound-2025\/#primaryimage"},"thumbnailUrl":"https:\/\/www.lugaris.com\/app\/uploads\/2022\/11\/primavera-sound.jpg","articleSection":["Ocio en Barcelona","Barcelona"],"inLanguage":"fr-FR","potentialAction":[{"@type":"CommentAction","name":"Comment","target":["https:\/\/www.lugaris.com\/fr\/les-meilleures-recommandations-pour-le-primavera-sound-2025\/#respond"]}]},{"@type":"WebPage","@id":"https:\/\/www.lugaris.com\/fr\/les-meilleures-recommandations-pour-le-primavera-sound-2025\/","url":"https:\/\/www.lugaris.com\/fr\/les-meilleures-recommandations-pour-le-primavera-sound-2025\/","name":"Les meilleures recommandations pour le Primavera Sound 2026","isPartOf":{"@id":"https:\/\/www.lugaris.com\/fr\/#website"},"primaryImageOfPage":{"@id":"https:\/\/www.lugaris.com\/fr\/les-meilleures-recommandations-pour-le-primavera-sound-2025\/#primaryimage"},"image":{"@id":"https:\/\/www.lugaris.com\/fr\/les-meilleures-recommandations-pour-le-primavera-sound-2025\/#primaryimage"},"thumbnailUrl":"https:\/\/www.lugaris.com\/app\/uploads\/2022\/11\/primavera-sound.jpg","datePublished":"2024-04-19T07:30:33+00:00","dateModified":"2025-10-13T07:47:29+00:00","description":"Si vous envisagez de venir \u00e0 Barcelone pour profiter du Primavera Sound 2026, cet article rassemble toutes les informations dont vous avez besoin","breadcrumb":{"@id":"https:\/\/www.lugaris.com\/fr\/les-meilleures-recommandations-pour-le-primavera-sound-2025\/#breadcrumb"},"inLanguage":"fr-FR","potentialAction":[{"@type":"ReadAction","target":["https:\/\/www.lugaris.com\/fr\/les-meilleures-recommandations-pour-le-primavera-sound-2025\/"]}]},{"@type":"ImageObject","inLanguage":"fr-FR","@id":"https:\/\/www.lugaris.com\/fr\/les-meilleures-recommandations-pour-le-primavera-sound-2025\/#primaryimage","url":"https:\/\/www.lugaris.com\/app\/uploads\/2022\/11\/primavera-sound.jpg","contentUrl":"https:\/\/www.lugaris.com\/app\/uploads\/2022\/11\/primavera-sound.jpg","width":817,"height":544},{"@type":"BreadcrumbList","@id":"https:\/\/www.lugaris.com\/fr\/les-meilleures-recommandations-pour-le-primavera-sound-2025\/#breadcrumb","itemListElement":[{"@type":"ListItem","position":1,"name":"Home","item":"https:\/\/www.lugaris.com\/fr\/"},{"@type":"ListItem","position":2,"name":"Les meilleures recommandations pour le Primavera Sound 2026"}]},{"@type":"WebSite","@id":"https:\/\/www.lugaris.com\/fr\/#website","url":"https:\/\/www.lugaris.com\/fr\/","name":"Lugaris","description":"Apartamentos de vacaciones en Barcelona","publisher":{"@id":"https:\/\/www.lugaris.com\/fr\/#organization"},"potentialAction":[{"@type":"SearchAction","target":{"@type":"EntryPoint","urlTemplate":"https:\/\/www.lugaris.com\/fr\/?s={search_term_string}"},"query-input":"required name=search_term_string"}],"inLanguage":"fr-FR"},{"@type":"Organization","@id":"https:\/\/www.lugaris.com\/fr\/#organization","name":"Lugaris Apartments in Barcelona","url":"https:\/\/www.lugaris.com\/fr\/","logo":{"@type":"ImageObject","inLanguage":"fr-FR","@id":"https:\/\/www.lugaris.com\/fr\/#\/schema\/logo\/image\/","url":"https:\/\/www.lugaris.com\/app\/uploads\/2020\/03\/Logo_lugaris_v2.png","contentUrl":"https:\/\/www.lugaris.com\/app\/uploads\/2020\/03\/Logo_lugaris_v2.png","width":285,"height":257,"caption":"Lugaris Apartments in Barcelona"},"image":{"@id":"https:\/\/www.lugaris.com\/fr\/#\/schema\/logo\/image\/"}},{"@type":"Person","@id":"https:\/\/www.lugaris.com\/fr\/#\/schema\/person\/a4b4909e5e26e647f8ee92b809f52077","name":"Carol","image":{"@type":"ImageObject","inLanguage":"fr-FR","@id":"https:\/\/www.lugaris.com\/fr\/#\/schema\/person\/image\/","url":"https:\/\/www.lugaris.com\/app\/litespeed\/avatar\/838ee79dab26d1d7647e49a172bc7c36.jpg?ver=1776872839","contentUrl":"https:\/\/www.lugaris.com\/app\/litespeed\/avatar\/838ee79dab26d1d7647e49a172bc7c36.jpg?ver=1776872839","caption":"Carol"}}]}},"uagb_featured_image_src":{"full":["https:\/\/www.lugaris.com\/app\/uploads\/2022\/11\/primavera-sound.jpg",817,544,false],"thumbnail":["https:\/\/www.lugaris.com\/app\/uploads\/2022\/11\/primavera-sound-640x426.jpg",640,426,true],"medium":["https:\/\/www.lugaris.com\/app\/uploads\/2022\/11\/primavera-sound.jpg",817,544,false],"medium_large":["https:\/\/www.lugaris.com\/app\/uploads\/2022\/11\/primavera-sound-768x511.jpg",768,511,true],"large":["https:\/\/www.lugaris.com\/app\/uploads\/2022\/11\/primavera-sound.jpg",817,544,false],"1536x1536":["https:\/\/www.lugaris.com\/app\/uploads\/2022\/11\/primavera-sound.jpg",817,544,false],"2048x2048":["https:\/\/www.lugaris.com\/app\/uploads\/2022\/11\/primavera-sound.jpg",817,544,false]},"uagb_author_info":{"display_name":"Carol","author_link":"https:\/\/www.lugaris.com\/fr\/author\/cvb2-performance-es\/"},"uagb_comment_info":0,"uagb_excerpt":"Si vous envisagez de venir \u00e0 Barcelone pour profiter du Primavera Sound 2026, cet article de Lugaris rassemble toutes les informations dont vous avez besoin","_links":{"self":[{"href":"https:\/\/www.lugaris.com\/fr\/wp-json\/wp\/v2\/posts\/24705"}],"collection":[{"href":"https:\/\/www.lugaris.com\/fr\/wp-json\/wp\/v2\/posts"}],"about":[{"href":"https:\/\/www.lugaris.com\/fr\/wp-json\/wp\/v2\/types\/post"}],"author":[{"embeddable":true,"href":"https:\/\/www.lugaris.com\/fr\/wp-json\/wp\/v2\/users\/7"}],"replies":[{"embeddable":true,"href":"https:\/\/www.lugaris.com\/fr\/wp-json\/wp\/v2\/comments?post=24705"}],"version-history":[{"count":4,"href":"https:\/\/www.lugaris.com\/fr\/wp-json\/wp\/v2\/posts\/24705\/revisions"}],"predecessor-version":[{"id":29683,"href":"https:\/\/www.lugaris.com\/fr\/wp-json\/wp\/v2\/posts\/24705\/revisions\/29683"}],"wp:featuredmedia":[{"embeddable":true,"href":"https:\/\/www.lugaris.com\/fr\/wp-json\/wp\/v2\/media\/18927"}],"wp:attachment":[{"href":"https:\/\/www.lugaris.com\/fr\/wp-json\/wp\/v2\/media?parent=24705"}],"wp:term":[{"taxonomy":"category","embeddable":true,"href":"https:\/\/www.lugaris.com\/fr\/wp-json\/wp\/v2\/categories?post=24705"},{"taxonomy":"post_tag","embeddable":true,"href":"https:\/\/www.lugaris.com\/fr\/wp-json\/wp\/v2\/tags?post=24705"}],"curies":[{"name":"wp","href":"https:\/\/api.w.org\/{rel}","templated":true}]}}