{"id":26089,"date":"2020-05-14T14:59:44","date_gmt":"2020-05-14T14:59:44","guid":{"rendered":"https:\/\/www.lugaris.com\/10-bares-con-patio-o-jardin-en-barcelona-que-te-enamoraran\/"},"modified":"2024-11-11T07:43:38","modified_gmt":"2024-11-11T07:43:38","slug":"10-bars-avec-patio-ou-jardin-a-barcelone","status":"publish","type":"post","link":"https:\/\/www.lugaris.com\/fr\/10-bars-avec-patio-ou-jardin-a-barcelone\/","title":{"rendered":"10 bars avec patio ou jardin \u00e0 Barcelone dont vous tomberez amoureux"},"content":{"rendered":"\n<p class=\"\">Parler de tourisme urbain ne signifie pas toujours se lancer dans des parcours marathon, des visites \u00e9clair de mus\u00e9es et de monuments, ou passer des apr\u00e8s-midis fr\u00e9n\u00e9tiques \u00e0 faire du shopping dans de grands magasins. M\u00eame dans les villes les plus anim\u00e9es, il est possible de trouver de petits oasis o\u00f9 vous pourrez mettre vos soucis de c\u00f4t\u00e9, vous d\u00e9tendre avec un verre \u00e0 la main\u2026 et \u00eatre entour\u00e9 de nature (oui, vous avez bien lu). C&#8217;est le cas de la capitale catalane, o\u00f9 des lieux vous invitent \u00e0 la s\u00e9r\u00e9nit\u00e9. Pour qu\u2019ils fassent partie de vos prochaines vacances, nous vous d\u00e9voilons <strong>10 bars avec patio ou jardin \u00e0 Barcelone<\/strong> qui ne vous laisseront pas indiff\u00e9rent.<\/p>\n\n\n\n<p class=\"\">Bien que nos <strong><a href=\"https:\/\/www.lugaris.com\/fr\/\">appartements en bord de mer \u00e0 Barcelone<\/a><\/strong> soient parfaits pour se reposer, il est possible que vous ayez envie d\u2019une pause pendant que vous parcourez les rues et avenues de la <strong>Ciudad Condal<\/strong>. Dans ce cas, ne manquez pas ces recommandations. <strong>Prenez des notes !<\/strong><\/p>\n\n\n\n<h2 class=\"wp-block-heading\">CENTRE C\u00cdVIC CAN DEU<\/h2>\n\n\n\n<p class=\"\">Nous commen\u00e7ons cet itin\u00e9raire des bars avec patio ou jardin \u00e0 Barcelone par un centre civique. Surpris(e) ? Bien que cela puisse para\u00eetre \u00e9trange, tout s\u2019explique, car le <strong>Centre C\u00edvic Can Deu<\/strong> se trouve dans une maison particuli\u00e8re. Il s\u2019agit d\u2019une superbe demeure moderniste qui a \u00e9t\u00e9 la r\u00e9sidence de la famille Deu pendant des d\u00e9cennies. Con\u00e7ue en 1898 par l\u2019architecte <strong>Eduard Mercader i Sacanella<\/strong>, cette maison se distingue par une tour d\u2019observation carr\u00e9e et un jardin pr\u00e9sid\u00e9 par un pavillon o\u00f9 l&#8217;on sert des d\u00e9jeuners et des rafra\u00eechissements. Pour acc\u00e9der \u00e0 cet espace, vous devrez traverser un couloir d\u00e9cor\u00e9 de vitraux. En 1986, la maison est devenue le centre culturel que nous connaissons aujourd&#8217;hui, la premi\u00e8re maison r\u00e9habilit\u00e9e pour devenir un \u00e9quipement public dans le quartier de <strong>Les Corts<\/strong>.<\/p>\n\n\n\n<p class=\"\">Le bar, situ\u00e9 sur la <strong>plaza de la Conc\u00f2rdia<\/strong>, 13, est ouvert du lundi au samedi de 9h00 \u00e0 21h00 et le dimanche de 10h00 \u00e0 14h00.<\/p>\n\n\n\n<figure class=\"wp-block-image\"><img decoding=\"async\" src=\"https:\/\/www.lugaris.com\/wp-content\/uploads\/2019\/08\/1_centre_civic_can_deu.jpg\" alt=\"\"\/><\/figure>\n\n\n\n<h2 class=\"wp-block-heading\">EL CAF\u00c8 D\u2019ESTIU<\/h2>\n\n\n\n<p class=\"\">Le <strong>Museu Frederic Mar\u00e8s<\/strong> est sans doute une r\u00e9f\u00e9rence parmi les <strong>mus\u00e9es de Barcelone<\/strong>. Outre ses collections d\u2019\u0153uvres d\u2019art et d\u2019objets divers (billets de m\u00e9tro, \u00e9ventails, lunettes, pipes\u2026), le mus\u00e9e abrite l\u2019un des bars avec patio ou jardin les plus charmants de Barcelone : <strong>El Caf\u00e8 d\u2019Estiu<\/strong>, l&#8217;un des <strong>secrets les mieux gard\u00e9s du quartier gothique<\/strong>. Vous pourrez y faire une pause sur une terrasse tranquille, entour\u00e9e d\u2019orangers et impr\u00e9gn\u00e9e d\u2019histoire. Que demander de plus ?<\/p>\n\n\n\n<p class=\"\">Il se trouve sur la <strong>plaza de Sant Iu<\/strong>, 5, et est ouvert de 10h00 \u00e0 22h00. Consultez le site web de l\u2019\u00e9tablissement pour conna\u00eetre les jours d\u2019ouverture, qui varient selon la saison.<\/p>\n\n\n\n<figure class=\"wp-block-image\"><img decoding=\"async\" src=\"https:\/\/www.lugaris.com\/wp-content\/uploads\/2019\/08\/2_caf%C3%A8_estiu.jpg\" alt=\"\"\/><\/figure>\n\n\n\n<h2 class=\"wp-block-heading\">EL JARD\u00cd<\/h2>\n\n\n\n<p class=\"\">Il n\u2019est pas exag\u00e9r\u00e9 de dire qu\u2019<strong>El Jard\u00ed<\/strong> est l\u2019un des coins les plus idylliques du <strong>Raval<\/strong>. C\u2019est \u00e9galement l\u2019un des plus anciens, puisqu&#8217;il se situe pr\u00e8s des murs en pierre de l\u2019ancien h\u00f4pital de la <strong>Santa Creu<\/strong>, le premier h\u00f4pital de la ville, remplac\u00e9 au d\u00e9but du XXe si\u00e8cle par l\u2019actuel h\u00f4pital de Sant Pau. C&#8217;est ici que le <strong>premier th\u00e9\u00e2tre de Barcelone<\/strong> a vu le jour \u00e0 la fin du XVIe si\u00e8cle.<\/p>\n\n\n\n<p class=\"\">La cuisine du bar se concentre sur des produits du march\u00e9, parfaite pour un d\u00eener romantique. <strong>El Jard\u00ed<\/strong> se trouve rue <strong>del Hospital<\/strong>, 56, et est ouvert de 10h00 \u00e0 minuit en semaine, et de 12h00 \u00e0 minuit les samedis et dimanches.<\/p>\n\n\n\n<figure class=\"wp-block-image\"><img decoding=\"async\" src=\"https:\/\/www.lugaris.com\/wp-content\/uploads\/2019\/08\/3_el_jard%C3%AD.jpg\" alt=\"\"\/><\/figure>\n\n\n\n<h2 class=\"wp-block-heading\">JARDINES DE LA CASA DE LA MISERIC\u00d2RDIA<\/h2>\n\n\n\n<p class=\"\">Apr\u00e8s des d\u00e9cennies de fermeture, cette ancienne chapelle a r\u00e9cemment rouvert ses portes, transform\u00e9e en un espace o\u00f9 la culture et les loisirs se rejoignent. Il s\u2019agit du bar de la librairie <strong>La Central<\/strong>, dot\u00e9 d\u2019un jardin divis\u00e9 en deux zones : un patio principal d\u2019inspiration gothique, avec palmiers et orangers, et un second patio jouxtant l\u2019ancien orphelinat des <strong>S\u0153urs de la Charit\u00e9<\/strong>. Vous y trouverez aussi une salle de lecture et une petite salle \u00e0 manger.<\/p>\n\n\n\n<p class=\"\">Adresse : rue <strong>d\u2019Elisabets<\/strong>, 6. Horaires : de 10h30 \u00e0 21h00, du lundi au samedi. Ferm\u00e9 le dimanche.<\/p>\n\n\n\n<figure class=\"wp-block-image\"><img decoding=\"async\" src=\"https:\/\/www.lugaris.com\/wp-content\/uploads\/2019\/08\/4_Casa_Miseric%C3%B2rdia.jpg\" alt=\"\"\/><\/figure>\n\n\n\n<h2 class=\"wp-block-heading\">L\u2019ANTIC TEATRE<\/h2>\n\n\n\n<p class=\"\">\u00c0 quelques pas du <strong>Palau de la M\u00fasica Catalana<\/strong>, un monument class\u00e9 au <strong>Patrimoine mondial<\/strong>, se trouve ce joli bar avec jardin, principale source de revenus du centre social et culturel <strong>L\u2019Antic Teatre<\/strong>. Ici, vous devrez commander vos boissons et collations au comptoir, mais cela fait partie du charme. Situ\u00e9 dans un \u00eelot au centre du quartier gothique, \u00e0 l&#8217;ombre de vieux arbres, c\u2019est un endroit id\u00e9al pour se d\u00e9tendre. \u00c0 l\u2019int\u00e9rieur, vous pouvez lire ou \u00e9tudier, et avec un peu de chance, vous trouverez une petite table avec vue sur l\u2019ext\u00e9rieur.<\/p>\n\n\n\n<p class=\"\">La terrasse de <strong>L\u2019Antic Teatre<\/strong> se trouve rue <strong>Verdaguer i Call\u00eds<\/strong>, 12. Horaires d\u2019ouverture : du lundi au jeudi de 10h00 \u00e0 23h30 ; le vendredi de 10h00 \u00e0 minuit ; le samedi de 17h00 \u00e0 minuit et le dimanche de 17h00 \u00e0 23h30. Notez qu\u2019il n\u2019est pas possible de r\u00e9server une table, et c\u2019est souvent tr\u00e8s fr\u00e9quent\u00e9.<\/p>\n\n\n\n<figure class=\"wp-block-image\"><img decoding=\"async\" src=\"https:\/\/www.lugaris.com\/wp-content\/uploads\/2019\/08\/5_antic_teatre.jpg\" alt=\"\"\/><\/figure>\n\n\n\n<h2 class=\"wp-block-heading\">ATENEU BARCELON\u00c8S<\/h2>\n\n\n\n<p class=\"\">Cette institution culturelle, l\u2019une des plus prestigieuses de Barcelone, peut se vanter d\u2019avoir un <strong>jardin romantique<\/strong> qui laisse les visiteurs sans voix. Au num\u00e9ro 6 de la rue de la Canuda, vous trouverez un bassin avec des poissons, de hautes palmiers et des tables o\u00f9 d\u00e9guster un en-cas en toute tranquillit\u00e9. Mauvaise nouvelle ? L\u2019acc\u00e8s est r\u00e9serv\u00e9 aux membres, sauf pendant les journ\u00e9es portes ouvertes, comme le <strong>23 avril<\/strong> (Sant Jordi) ou le jour de la <strong>F\u00eate-Dieu<\/strong>, o\u00f9 vous pourrez savourer un caf\u00e9 exquis dans ce cadre unique.<\/p>\n\n\n\n<figure class=\"wp-block-image\"><img decoding=\"async\" src=\"https:\/\/www.lugaris.com\/wp-content\/uploads\/2019\/08\/6_l_ateneu.jpg\" alt=\"\"\/><\/figure>\n\n\n\n<h2 class=\"wp-block-heading\">LA TORRE ROSA<\/h2>\n\n\n\n<p class=\"\">Cette <strong>cocktailerie<\/strong> s\u2019est forg\u00e9 une place dans le classement des <strong>lieux les plus charmants et m\u00e9connus de Barcelone<\/strong>. Situ\u00e9e dans le quartier de <strong>Congr\u00e9s i els Indians<\/strong>, dans le district de <strong>Sant Andreu<\/strong>, elle a pour origine la <strong>Villa Jazmines<\/strong>, une tour indienne de 1920 qui fut une propri\u00e9t\u00e9 priv\u00e9e jusqu&#8217;aux ann\u00e9es 50. Ensuite, elle a accueilli une acad\u00e9mie, une \u00e9cole, et depuis 1987, un bar \u00e0 cocktails devenu une r\u00e9f\u00e9rence des nuits barcelonaises. Son point fort ? Un agr\u00e9able jardin partiellement couvert, \u00e0 l&#8217;ombre de pins et palmiers, avec une carte de cocktails exceptionnelle.<\/p>\n\n\n\n<p class=\"\">Adresse : rue <strong>Francesc T\u00e0rrega<\/strong>, 22. Horaires : du lundi au jeudi de 19h00 \u00e0 2h30 ; vendredi de 19h00 \u00e0 3h00 ; samedi de 17h00 \u00e0 3h00 et dimanche de 17h00 \u00e0 2h30. Nous vous recommandons de v\u00e9rifier sur leur site les horaires du vermouth, propos\u00e9 seulement \u00e0 certaines p\u00e9riodes.<\/p>\n\n\n\n<figure class=\"wp-block-image\"><img decoding=\"async\" src=\"https:\/\/www.lugaris.com\/wp-content\/uploads\/2019\/08\/7_la_torre_rosa.jpg\" alt=\"\"\/><\/figure>\n\n\n\n<h2 class=\"wp-block-heading\">MONOPOL<\/h2>\n\n\n\n<p class=\"\">Ce bar, qui poss\u00e8de l\u2019une des <strong>meilleures terrasses de Poblenou<\/strong>, est le local social de l\u2019<strong>Esportiu Monopol<\/strong>, une entit\u00e9 tr\u00e8s ancr\u00e9e dans ce quartier de Barcelone. \u00c0 l\u2019int\u00e9rieur, d\u00e9cor\u00e9 de troph\u00e9es et autres objets li\u00e9s au monde sportif, vous pourrez profiter d\u2019un petit patio avec un potager urbain, et d\u2019une carte proposant des plats du jour, des tapas, ainsi qu\u2019un grand choix de plats v\u00e9g\u00e9tariens.<\/p>\n\n\n\n<p class=\"\">Adresse : <strong>Rambla del Poblenou<\/strong>, 74 \u2014 la m\u00eame rue que les <strong><a href=\"https:\/\/www.lugaris.com\/fr\/lugaris-rambla-fr\/\">appartements Lugaris Rambla<\/a><\/strong>. Le bar est ouvert tous les jours de 11h00 \u00e0 minuit.<\/p>\n\n\n\n<figure class=\"wp-block-image\"><img decoding=\"async\" src=\"https:\/\/www.lugaris.com\/wp-content\/uploads\/2019\/08\/8_monopol.jpg\" alt=\"\"\/><\/figure>\n\n\n\n<h2 class=\"wp-block-heading\">OLOKUTI GR\u00c0CIA<\/h2>\n\n\n\n<p class=\"\">Cette boutique de commerce \u00e9quitable, avec ses hauts plafonds et ses sols en mosa\u00efque hydraulique, vous r\u00e9serve une surprise : un jardin int\u00e9rieur enchanteur, rempli de v\u00e9g\u00e9tation et de tables en fer forg\u00e9. Il n\u2019y a pas de serveurs et les seules boissons disponibles sont des rafra\u00eechissements que l\u2019on peut acheter dans un distributeur automatique, mais cela ne vous d\u00e9rangera pas. Dans ce havre de paix, vous pourrez oublier vos soucis quotidiens, savourer une boisson bio et vous laisser bercer par le chant des oiseaux et une tranquillit\u00e9 in\u00e9gal\u00e9e.<\/p>\n\n\n\n<p class=\"\">Adresse : rue <strong>Ast\u00faries<\/strong>, 38. Ouvert du lundi au samedi de 10h00 \u00e0 21h00. Ferm\u00e9 le dimanche.<\/p>\n\n\n\n<figure class=\"wp-block-image\"><img decoding=\"async\" src=\"https:\/\/www.lugaris.com\/wp-content\/uploads\/2019\/08\/9_Olokuti.jpg\" alt=\"\"\/><\/figure>\n\n\n\n<h2 class=\"wp-block-heading\">SAMBA BRASIL<\/h2>\n\n\n\n<p class=\"\">Des cours de samba et d\u2019autres rythmes latins, un lieu pour les amateurs de culture br\u00e9silienne\u2026 Voil\u00e0 la carte de visite principale de ce bar du quartier d\u2019<strong>Horta<\/strong>. Cependant, ce qui nous int\u00e9resse ici, c\u2019est son jardin tropical, un endroit parfait pour d\u00e9guster des jus exotiques et des cocktails originaux. \u00c0 la tomb\u00e9e de la nuit, l\u2019\u00e9clairage soign\u00e9 conf\u00e8re une atmosph\u00e8re magique.<\/p>\n\n\n\n<p class=\"\">Adresse : <strong>Pla\u00e7a de Santes Creus<\/strong>, 20. Horaires : ouvert le dimanche et du mardi au jeudi de 18h30 \u00e0 2h00 ; le vendredi et le samedi de 18h30 \u00e0 3h00. Ferm\u00e9 le lundi.<\/p>\n\n\n\n<p class=\"\">Avec cette s\u00e9lection de <strong>bars avec patio ou jardin \u00e0 Barcelone<\/strong>, nous sommes certains que vous tirerez le meilleur parti de votre s\u00e9jour dans nos <strong><a href=\"https:\/\/www.lugaris.com\/fr\/\">appartements de vacances \u00e0 Barcelone<\/a><\/strong>. Et si vous souhaitez nous aider \u00e0 enrichir cette liste, n\u2019h\u00e9sitez pas \u00e0 nous envoyer vos suggestions. <strong>N\u2019attendez plus : nous serons ravis de d\u00e9couvrir vos id\u00e9es !<\/strong><\/p>\n\n\n\n<figure class=\"wp-block-image\"><img decoding=\"async\" src=\"https:\/\/www.lugaris.com\/wp-content\/uploads\/2019\/08\/10_Samba_Brasil.jpg\" alt=\"\"\/><\/figure>\n","protected":false},"excerpt":{"rendered":"<p>Parler de tourisme urbain ne signifie pas toujours se lancer dans des parcours marathon, des visites \u00e9clair de mus\u00e9es et de monuments, ou passer des apr\u00e8s-midis fr\u00e9n\u00e9tiques \u00e0 faire du shopping dans de grands magasins. M\u00eame dans les villes les plus anim\u00e9es, il est possible de trouver de petits oasis o\u00f9 vous pourrez mettre vos soucis de c\u00f4t\u00e9, vous d\u00e9tendre avec un verre \u00e0 la main\u2026 et \u00eatre entour\u00e9 de nature (oui, vous avez bien lu). C&#8217;est le cas de la capitale catalane, o\u00f9 des lieux vous invitent \u00e0 la s\u00e9r\u00e9nit\u00e9. Pour qu\u2019ils fassent partie de vos prochaines vacances, nous vous d\u00e9voilons 10 bars avec patio ou jardin \u00e0 Barcelone qui ne vous laisseront pas indiff\u00e9rent.<\/p>\n","protected":false},"author":4,"featured_media":6991,"comment_status":"open","ping_status":"open","sticky":false,"template":"","format":"standard","meta":{"_uag_custom_page_level_css":"","footnotes":""},"categories":[665,664],"tags":[688,687,674,675,678],"yoast_head":"<!-- This site is optimized with the Yoast SEO plugin v23.1 - https:\/\/yoast.com\/wordpress\/plugins\/seo\/ -->\n<title>10 bars avec patio ou jardin \u00e0 Barcelone | Lugaris<\/title>\n<meta name=\"description\" content=\"D\u00e9couvrez 10 bars \u00e0 Barcelone avec patio ou jardin, parfaits pour une pause d\u00e9tente en plein air et une ambiance unique.\" \/>\n<meta name=\"robots\" content=\"index, follow, max-snippet:-1, max-image-preview:large, max-video-preview:-1\" \/>\n<link rel=\"canonical\" href=\"https:\/\/www.lugaris.com\/fr\/10-bars-avec-patio-ou-jardin-a-barcelone\/\" \/>\n<meta property=\"og:locale\" content=\"fr_FR\" \/>\n<meta property=\"og:type\" content=\"article\" \/>\n<meta property=\"og:title\" content=\"10 bars avec patio ou jardin \u00e0 Barcelone | Lugaris\" \/>\n<meta property=\"og:description\" content=\"D\u00e9couvrez 10 bars \u00e0 Barcelone avec patio ou jardin, parfaits pour une pause d\u00e9tente en plein air et une ambiance unique.\" \/>\n<meta property=\"og:url\" content=\"https:\/\/www.lugaris.com\/fr\/10-bars-avec-patio-ou-jardin-a-barcelone\/\" \/>\n<meta property=\"og:site_name\" content=\"Lugaris\" \/>\n<meta property=\"article:published_time\" content=\"2020-05-14T14:59:44+00:00\" \/>\n<meta property=\"article:modified_time\" content=\"2024-11-11T07:43:38+00:00\" \/>\n<meta property=\"og:image\" content=\"https:\/\/www.lugaris.com\/app\/uploads\/2020\/05\/6_l_ateneu.jpg\" \/>\n\t<meta property=\"og:image:width\" content=\"699\" \/>\n\t<meta property=\"og:image:height\" content=\"482\" \/>\n\t<meta property=\"og:image:type\" content=\"image\/jpeg\" \/>\n<meta name=\"author\" content=\"Roberto Bordi\" \/>\n<meta name=\"twitter:card\" content=\"summary_large_image\" \/>\n<meta name=\"twitter:label1\" content=\"Written by\" \/>\n\t<meta name=\"twitter:data1\" content=\"Roberto Bordi\" \/>\n\t<meta name=\"twitter:label2\" content=\"Est. reading time\" \/>\n\t<meta name=\"twitter:data2\" content=\"9 minutes\" \/>\n<script type=\"application\/ld+json\" class=\"yoast-schema-graph\">{\"@context\":\"https:\/\/schema.org\",\"@graph\":[{\"@type\":\"Article\",\"@id\":\"https:\/\/www.lugaris.com\/fr\/10-bars-avec-patio-ou-jardin-a-barcelone\/#article\",\"isPartOf\":{\"@id\":\"https:\/\/www.lugaris.com\/fr\/10-bars-avec-patio-ou-jardin-a-barcelone\/\"},\"author\":{\"name\":\"Roberto Bordi\",\"@id\":\"https:\/\/www.lugaris.com\/fr\/#\/schema\/person\/fb23f8f2dbb02cd53d6d92029e4ddd57\"},\"headline\":\"10 bars avec patio ou jardin \u00e0 Barcelone dont vous tomberez amoureux\",\"datePublished\":\"2020-05-14T14:59:44+00:00\",\"dateModified\":\"2024-11-11T07:43:38+00:00\",\"mainEntityOfPage\":{\"@id\":\"https:\/\/www.lugaris.com\/fr\/10-bars-avec-patio-ou-jardin-a-barcelone\/\"},\"wordCount\":1511,\"commentCount\":0,\"publisher\":{\"@id\":\"https:\/\/www.lugaris.com\/fr\/#organization\"},\"image\":{\"@id\":\"https:\/\/www.lugaris.com\/fr\/10-bars-avec-patio-ou-jardin-a-barcelone\/#primaryimage\"},\"thumbnailUrl\":\"https:\/\/www.lugaris.com\/app\/uploads\/2020\/05\/6_l_ateneu.jpg\",\"keywords\":[\"Cultura en Barcelona\",\"Historia de Barcelona\",\"Barrios de Barcelona\",\"Naturaleza en Barcelona\",\"Gastronom\u00eda en Barcelona\"],\"articleSection\":[\"Ocio en Barcelona\",\"Barcelona\"],\"inLanguage\":\"fr-FR\",\"potentialAction\":[{\"@type\":\"CommentAction\",\"name\":\"Comment\",\"target\":[\"https:\/\/www.lugaris.com\/fr\/10-bars-avec-patio-ou-jardin-a-barcelone\/#respond\"]}]},{\"@type\":\"WebPage\",\"@id\":\"https:\/\/www.lugaris.com\/fr\/10-bars-avec-patio-ou-jardin-a-barcelone\/\",\"url\":\"https:\/\/www.lugaris.com\/fr\/10-bars-avec-patio-ou-jardin-a-barcelone\/\",\"name\":\"10 bars avec patio ou jardin \u00e0 Barcelone | Lugaris\",\"isPartOf\":{\"@id\":\"https:\/\/www.lugaris.com\/fr\/#website\"},\"primaryImageOfPage\":{\"@id\":\"https:\/\/www.lugaris.com\/fr\/10-bars-avec-patio-ou-jardin-a-barcelone\/#primaryimage\"},\"image\":{\"@id\":\"https:\/\/www.lugaris.com\/fr\/10-bars-avec-patio-ou-jardin-a-barcelone\/#primaryimage\"},\"thumbnailUrl\":\"https:\/\/www.lugaris.com\/app\/uploads\/2020\/05\/6_l_ateneu.jpg\",\"datePublished\":\"2020-05-14T14:59:44+00:00\",\"dateModified\":\"2024-11-11T07:43:38+00:00\",\"description\":\"D\u00e9couvrez 10 bars \u00e0 Barcelone avec patio ou jardin, parfaits pour une pause d\u00e9tente en plein air et une ambiance unique.\",\"breadcrumb\":{\"@id\":\"https:\/\/www.lugaris.com\/fr\/10-bars-avec-patio-ou-jardin-a-barcelone\/#breadcrumb\"},\"inLanguage\":\"fr-FR\",\"potentialAction\":[{\"@type\":\"ReadAction\",\"target\":[\"https:\/\/www.lugaris.com\/fr\/10-bars-avec-patio-ou-jardin-a-barcelone\/\"]}]},{\"@type\":\"ImageObject\",\"inLanguage\":\"fr-FR\",\"@id\":\"https:\/\/www.lugaris.com\/fr\/10-bars-avec-patio-ou-jardin-a-barcelone\/#primaryimage\",\"url\":\"https:\/\/www.lugaris.com\/app\/uploads\/2020\/05\/6_l_ateneu.jpg\",\"contentUrl\":\"https:\/\/www.lugaris.com\/app\/uploads\/2020\/05\/6_l_ateneu.jpg\",\"width\":699,\"height\":482},{\"@type\":\"BreadcrumbList\",\"@id\":\"https:\/\/www.lugaris.com\/fr\/10-bars-avec-patio-ou-jardin-a-barcelone\/#breadcrumb\",\"itemListElement\":[{\"@type\":\"ListItem\",\"position\":1,\"name\":\"Home\",\"item\":\"https:\/\/www.lugaris.com\/fr\/\"},{\"@type\":\"ListItem\",\"position\":2,\"name\":\"10 bars avec patio ou jardin \u00e0 Barcelone dont vous tomberez amoureux\"}]},{\"@type\":\"WebSite\",\"@id\":\"https:\/\/www.lugaris.com\/fr\/#website\",\"url\":\"https:\/\/www.lugaris.com\/fr\/\",\"name\":\"Lugaris\",\"description\":\"Apartamentos de vacaciones en Barcelona\",\"publisher\":{\"@id\":\"https:\/\/www.lugaris.com\/fr\/#organization\"},\"potentialAction\":[{\"@type\":\"SearchAction\",\"target\":{\"@type\":\"EntryPoint\",\"urlTemplate\":\"https:\/\/www.lugaris.com\/fr\/?s={search_term_string}\"},\"query-input\":\"required name=search_term_string\"}],\"inLanguage\":\"fr-FR\"},{\"@type\":\"Organization\",\"@id\":\"https:\/\/www.lugaris.com\/fr\/#organization\",\"name\":\"Lugaris Apartments in Barcelona\",\"url\":\"https:\/\/www.lugaris.com\/fr\/\",\"logo\":{\"@type\":\"ImageObject\",\"inLanguage\":\"fr-FR\",\"@id\":\"https:\/\/www.lugaris.com\/fr\/#\/schema\/logo\/image\/\",\"url\":\"https:\/\/www.lugaris.com\/app\/uploads\/2020\/03\/Logo_lugaris_v2.png\",\"contentUrl\":\"https:\/\/www.lugaris.com\/app\/uploads\/2020\/03\/Logo_lugaris_v2.png\",\"width\":285,\"height\":257,\"caption\":\"Lugaris Apartments in Barcelona\"},\"image\":{\"@id\":\"https:\/\/www.lugaris.com\/fr\/#\/schema\/logo\/image\/\"}},{\"@type\":\"Person\",\"@id\":\"https:\/\/www.lugaris.com\/fr\/#\/schema\/person\/fb23f8f2dbb02cd53d6d92029e4ddd57\",\"name\":\"Roberto Bordi\",\"image\":{\"@type\":\"ImageObject\",\"inLanguage\":\"fr-FR\",\"@id\":\"https:\/\/www.lugaris.com\/fr\/#\/schema\/person\/image\/\",\"url\":\"https:\/\/www.lugaris.com\/app\/litespeed\/avatar\/dd7d954dea1d9cebdc71d83b676d531c.jpg?ver=1777470838\",\"contentUrl\":\"https:\/\/www.lugaris.com\/app\/litespeed\/avatar\/dd7d954dea1d9cebdc71d83b676d531c.jpg?ver=1777470838\",\"caption\":\"Roberto Bordi\"}}]}<\/script>\n<!-- \/ Yoast SEO plugin. -->","yoast_head_json":{"title":"10 bars avec patio ou jardin \u00e0 Barcelone | Lugaris","description":"D\u00e9couvrez 10 bars \u00e0 Barcelone avec patio ou jardin, parfaits pour une pause d\u00e9tente en plein air et une ambiance unique.","robots":{"index":"index","follow":"follow","max-snippet":"max-snippet:-1","max-image-preview":"max-image-preview:large","max-video-preview":"max-video-preview:-1"},"canonical":"https:\/\/www.lugaris.com\/fr\/10-bars-avec-patio-ou-jardin-a-barcelone\/","og_locale":"fr_FR","og_type":"article","og_title":"10 bars avec patio ou jardin \u00e0 Barcelone | Lugaris","og_description":"D\u00e9couvrez 10 bars \u00e0 Barcelone avec patio ou jardin, parfaits pour une pause d\u00e9tente en plein air et une ambiance unique.","og_url":"https:\/\/www.lugaris.com\/fr\/10-bars-avec-patio-ou-jardin-a-barcelone\/","og_site_name":"Lugaris","article_published_time":"2020-05-14T14:59:44+00:00","article_modified_time":"2024-11-11T07:43:38+00:00","og_image":[{"width":699,"height":482,"url":"https:\/\/www.lugaris.com\/app\/uploads\/2020\/05\/6_l_ateneu.jpg","type":"image\/jpeg"}],"author":"Roberto Bordi","twitter_card":"summary_large_image","twitter_misc":{"Written by":"Roberto Bordi","Est. reading time":"9 minutes"},"schema":{"@context":"https:\/\/schema.org","@graph":[{"@type":"Article","@id":"https:\/\/www.lugaris.com\/fr\/10-bars-avec-patio-ou-jardin-a-barcelone\/#article","isPartOf":{"@id":"https:\/\/www.lugaris.com\/fr\/10-bars-avec-patio-ou-jardin-a-barcelone\/"},"author":{"name":"Roberto Bordi","@id":"https:\/\/www.lugaris.com\/fr\/#\/schema\/person\/fb23f8f2dbb02cd53d6d92029e4ddd57"},"headline":"10 bars avec patio ou jardin \u00e0 Barcelone dont vous tomberez amoureux","datePublished":"2020-05-14T14:59:44+00:00","dateModified":"2024-11-11T07:43:38+00:00","mainEntityOfPage":{"@id":"https:\/\/www.lugaris.com\/fr\/10-bars-avec-patio-ou-jardin-a-barcelone\/"},"wordCount":1511,"commentCount":0,"publisher":{"@id":"https:\/\/www.lugaris.com\/fr\/#organization"},"image":{"@id":"https:\/\/www.lugaris.com\/fr\/10-bars-avec-patio-ou-jardin-a-barcelone\/#primaryimage"},"thumbnailUrl":"https:\/\/www.lugaris.com\/app\/uploads\/2020\/05\/6_l_ateneu.jpg","keywords":["Cultura en Barcelona","Historia de Barcelona","Barrios de Barcelona","Naturaleza en Barcelona","Gastronom\u00eda en Barcelona"],"articleSection":["Ocio en Barcelona","Barcelona"],"inLanguage":"fr-FR","potentialAction":[{"@type":"CommentAction","name":"Comment","target":["https:\/\/www.lugaris.com\/fr\/10-bars-avec-patio-ou-jardin-a-barcelone\/#respond"]}]},{"@type":"WebPage","@id":"https:\/\/www.lugaris.com\/fr\/10-bars-avec-patio-ou-jardin-a-barcelone\/","url":"https:\/\/www.lugaris.com\/fr\/10-bars-avec-patio-ou-jardin-a-barcelone\/","name":"10 bars avec patio ou jardin \u00e0 Barcelone | Lugaris","isPartOf":{"@id":"https:\/\/www.lugaris.com\/fr\/#website"},"primaryImageOfPage":{"@id":"https:\/\/www.lugaris.com\/fr\/10-bars-avec-patio-ou-jardin-a-barcelone\/#primaryimage"},"image":{"@id":"https:\/\/www.lugaris.com\/fr\/10-bars-avec-patio-ou-jardin-a-barcelone\/#primaryimage"},"thumbnailUrl":"https:\/\/www.lugaris.com\/app\/uploads\/2020\/05\/6_l_ateneu.jpg","datePublished":"2020-05-14T14:59:44+00:00","dateModified":"2024-11-11T07:43:38+00:00","description":"D\u00e9couvrez 10 bars \u00e0 Barcelone avec patio ou jardin, parfaits pour une pause d\u00e9tente en plein air et une ambiance unique.","breadcrumb":{"@id":"https:\/\/www.lugaris.com\/fr\/10-bars-avec-patio-ou-jardin-a-barcelone\/#breadcrumb"},"inLanguage":"fr-FR","potentialAction":[{"@type":"ReadAction","target":["https:\/\/www.lugaris.com\/fr\/10-bars-avec-patio-ou-jardin-a-barcelone\/"]}]},{"@type":"ImageObject","inLanguage":"fr-FR","@id":"https:\/\/www.lugaris.com\/fr\/10-bars-avec-patio-ou-jardin-a-barcelone\/#primaryimage","url":"https:\/\/www.lugaris.com\/app\/uploads\/2020\/05\/6_l_ateneu.jpg","contentUrl":"https:\/\/www.lugaris.com\/app\/uploads\/2020\/05\/6_l_ateneu.jpg","width":699,"height":482},{"@type":"BreadcrumbList","@id":"https:\/\/www.lugaris.com\/fr\/10-bars-avec-patio-ou-jardin-a-barcelone\/#breadcrumb","itemListElement":[{"@type":"ListItem","position":1,"name":"Home","item":"https:\/\/www.lugaris.com\/fr\/"},{"@type":"ListItem","position":2,"name":"10 bars avec patio ou jardin \u00e0 Barcelone dont vous tomberez amoureux"}]},{"@type":"WebSite","@id":"https:\/\/www.lugaris.com\/fr\/#website","url":"https:\/\/www.lugaris.com\/fr\/","name":"Lugaris","description":"Apartamentos de vacaciones en Barcelona","publisher":{"@id":"https:\/\/www.lugaris.com\/fr\/#organization"},"potentialAction":[{"@type":"SearchAction","target":{"@type":"EntryPoint","urlTemplate":"https:\/\/www.lugaris.com\/fr\/?s={search_term_string}"},"query-input":"required name=search_term_string"}],"inLanguage":"fr-FR"},{"@type":"Organization","@id":"https:\/\/www.lugaris.com\/fr\/#organization","name":"Lugaris Apartments in Barcelona","url":"https:\/\/www.lugaris.com\/fr\/","logo":{"@type":"ImageObject","inLanguage":"fr-FR","@id":"https:\/\/www.lugaris.com\/fr\/#\/schema\/logo\/image\/","url":"https:\/\/www.lugaris.com\/app\/uploads\/2020\/03\/Logo_lugaris_v2.png","contentUrl":"https:\/\/www.lugaris.com\/app\/uploads\/2020\/03\/Logo_lugaris_v2.png","width":285,"height":257,"caption":"Lugaris Apartments in Barcelona"},"image":{"@id":"https:\/\/www.lugaris.com\/fr\/#\/schema\/logo\/image\/"}},{"@type":"Person","@id":"https:\/\/www.lugaris.com\/fr\/#\/schema\/person\/fb23f8f2dbb02cd53d6d92029e4ddd57","name":"Roberto Bordi","image":{"@type":"ImageObject","inLanguage":"fr-FR","@id":"https:\/\/www.lugaris.com\/fr\/#\/schema\/person\/image\/","url":"https:\/\/www.lugaris.com\/app\/litespeed\/avatar\/dd7d954dea1d9cebdc71d83b676d531c.jpg?ver=1777470838","contentUrl":"https:\/\/www.lugaris.com\/app\/litespeed\/avatar\/dd7d954dea1d9cebdc71d83b676d531c.jpg?ver=1777470838","caption":"Roberto Bordi"}}]}},"uagb_featured_image_src":{"full":["https:\/\/www.lugaris.com\/app\/uploads\/2020\/05\/6_l_ateneu.jpg",699,482,false],"thumbnail":["https:\/\/www.lugaris.com\/app\/uploads\/2020\/05\/6_l_ateneu-150x150.jpg",150,150,true],"medium":["https:\/\/www.lugaris.com\/app\/uploads\/2020\/05\/6_l_ateneu-300x207.jpg",300,207,true],"medium_large":["https:\/\/www.lugaris.com\/app\/uploads\/2020\/05\/6_l_ateneu.jpg",699,482,false],"large":["https:\/\/www.lugaris.com\/app\/uploads\/2020\/05\/6_l_ateneu.jpg",699,482,false],"1536x1536":["https:\/\/www.lugaris.com\/app\/uploads\/2020\/05\/6_l_ateneu.jpg",699,482,false],"2048x2048":["https:\/\/www.lugaris.com\/app\/uploads\/2020\/05\/6_l_ateneu.jpg",699,482,false]},"uagb_author_info":{"display_name":"Roberto Bordi","author_link":"https:\/\/www.lugaris.com\/fr\/author\/rbb2-performance-es\/"},"uagb_comment_info":0,"uagb_excerpt":"Parler de tourisme urbain ne signifie pas toujours se lancer dans des parcours marathon, des visites \u00e9clair de mus\u00e9es et de monuments, ou passer des apr\u00e8s-midis fr\u00e9n\u00e9tiques \u00e0 faire du shopping dans de grands magasins. M\u00eame dans les villes les plus anim\u00e9es, il est possible de trouver de petits oasis o\u00f9 vous pourrez mettre vos&hellip;","_links":{"self":[{"href":"https:\/\/www.lugaris.com\/fr\/wp-json\/wp\/v2\/posts\/26089"}],"collection":[{"href":"https:\/\/www.lugaris.com\/fr\/wp-json\/wp\/v2\/posts"}],"about":[{"href":"https:\/\/www.lugaris.com\/fr\/wp-json\/wp\/v2\/types\/post"}],"author":[{"embeddable":true,"href":"https:\/\/www.lugaris.com\/fr\/wp-json\/wp\/v2\/users\/4"}],"replies":[{"embeddable":true,"href":"https:\/\/www.lugaris.com\/fr\/wp-json\/wp\/v2\/comments?post=26089"}],"version-history":[{"count":1,"href":"https:\/\/www.lugaris.com\/fr\/wp-json\/wp\/v2\/posts\/26089\/revisions"}],"predecessor-version":[{"id":26091,"href":"https:\/\/www.lugaris.com\/fr\/wp-json\/wp\/v2\/posts\/26089\/revisions\/26091"}],"wp:featuredmedia":[{"embeddable":true,"href":"https:\/\/www.lugaris.com\/fr\/wp-json\/wp\/v2\/media\/6991"}],"wp:attachment":[{"href":"https:\/\/www.lugaris.com\/fr\/wp-json\/wp\/v2\/media?parent=26089"}],"wp:term":[{"taxonomy":"category","embeddable":true,"href":"https:\/\/www.lugaris.com\/fr\/wp-json\/wp\/v2\/categories?post=26089"},{"taxonomy":"post_tag","embeddable":true,"href":"https:\/\/www.lugaris.com\/fr\/wp-json\/wp\/v2\/tags?post=26089"}],"curies":[{"name":"wp","href":"https:\/\/api.w.org\/{rel}","templated":true}]}}