{"id":26453,"date":"2023-07-26T11:19:05","date_gmt":"2023-07-26T11:19:05","guid":{"rendered":"https:\/\/www.lugaris.com\/restaurantes-vegetarianos-en-barcelona\/"},"modified":"2024-12-02T05:57:01","modified_gmt":"2024-12-02T05:57:01","slug":"restaurants-vegetariens-a-barcelone","status":"publish","type":"post","link":"https:\/\/www.lugaris.com\/fr\/restaurants-vegetariens-a-barcelone\/","title":{"rendered":"Restaurants v\u00e9g\u00e9tariens \u00e0 Barcelone"},"content":{"rendered":"\n<p class=\"\">L&#8217;un des grands attraits de Barcelone est de se laisser s\u00e9duire par la cuisine catalane et m\u00e9diterran\u00e9enne : saine, simple et pleine de saveurs. C&#8217;est pourquoi elle a conquis les foodies et critiques culinaires du monde entier. Cependant, malgr\u00e9 le prestige de ses plats de viande et ses recettes marines, de nombreuses personnes ne peuvent pas consommer certains de ces ingr\u00e9dients, que ce soit pour des raisons personnelles, de sant\u00e9 ou religieuses. Dans ce cas, les <strong>restaurants v\u00e9g\u00e9tariens de Barcelone<\/strong> sont l&#8217;excuse parfaite pour ne pas renoncer \u00e0 l&#8217;irr\u00e9sistible gastronomie de la capitale catalane.<\/p>\n\n\n\n<p class=\"\">Dans nos <strong>appartements \u00e0 louer pr\u00e8s de la plage<\/strong>, nous vous donnerons les meilleures suggestions culinaires pour un repas ou un d\u00eener m\u00e9morable. Vous ne pouvez pas attendre ? Dans ce cas, pour \u00e9veiller vos papilles, voici quelques \u00e9tablissements qui ne vous d\u00e9cevront pas et qui seront \u00e0 la hauteur de la fascinante destination que vous \u00eates sur le point de d\u00e9couvrir. <strong>Prenez note !<\/strong><\/p>\n\n\n\n<h3 class=\"wp-block-heading\"><strong>TERESA CARLES<\/strong><\/h3>\n\n\n\n<p class=\"\">Depuis 1979, ce restaurant de cuisine de march\u00e9 propose une alternative saine pour toutes les occasions. \u00c0 la carte, vous trouverez de d\u00e9licieuses salades, croquettes, tempeh, rago\u00fbts \u00e0 base de seitan, endives au roquefort, sp\u00e9cialit\u00e9s italiennes et bien d&#8217;autres plats savoureux. <strong>Teresa Carles<\/strong> ouvre ses portes tous les jours jusqu&#8217;\u00e0 23h00, au num\u00e9ro 2 de la rue Jovellanos (entre Pelai et la rue Tallers). Si vous cherchez o\u00f9 manger au centre de Barcelone, c&#8217;est un choix s\u00fbr. Et si vous envisagez de visiter L\u00e9rida, n&#8217;oubliez pas qu&#8217;il y a aussi un \u00e9tablissement l\u00e0-bas.<\/p>\n\n\n\n<figure class=\"wp-block-image\"><img decoding=\"async\" src=\"https:\/\/lh7-rt.googleusercontent.com\/docsz\/AD_4nXcLfWmBoWJV9W2RwsUft0I-oqGqmO0SvCCyDdCD_gQLkOSii2lmA5N6sHJukY2ZLInNbvlKTTu7F-l5VEvcOkUjZVUER2nvzKdDZGoeASxXXRmB4pXMx8laim4JA3EU2jSMTNKuvg?key=xvXwAUpsCjXCncSc-1eGoKFH\" alt=\"\"\/><\/figure>\n\n\n\n<h3 class=\"wp-block-heading\"><strong>BIOCENTER<\/strong><\/h3>\n\n\n\n<p class=\"\">Tout comme le pr\u00e9c\u00e9dent, c&#8217;est l&#8217;un des <strong>restaurants v\u00e9g\u00e9tariens les plus anciens de Barcelone<\/strong>, puisqu&#8217;il est en activit\u00e9 depuis 1980. En plus de sa longue histoire, <strong>BioCenter<\/strong> doit sa popularit\u00e9 \u00e0 ses plats originaux, faits maison et \u00e9labor\u00e9s avec des produits de la plus haute qualit\u00e9. \u00c0 cela s&#8217;ajoutent une ambiance soign\u00e9e et la possibilit\u00e9 de profiter d&#8217;un menu \u00e9conomique \u00e0 midi ainsi que d&#8217;un buffet libre. Situ\u00e9 dans le <strong>Raval<\/strong>, il se trouve au 25, rue Pintor Fortuny.<\/p>\n\n\n\n<figure class=\"wp-block-image\"><img decoding=\"async\" src=\"https:\/\/lh7-rt.googleusercontent.com\/docsz\/AD_4nXeYshfblsRWFGM0QJGb0baoj7QtKBBdRcIdUvYA3c8Wn63Os85xC_WJ6xed4z0NVVUeUyH5OvnveVPUDFy_SZooNCLZrV-b2aBfBqVlPnuzZqB2Wo95aevfmrNMgdWd8VJZuPlH0g?key=xvXwAUpsCjXCncSc-1eGoKFH\" alt=\"\"\/><\/figure>\n\n\n\n<h3 class=\"wp-block-heading\"><strong>VEGGIE GARDEN<\/strong><\/h3>\n\n\n\n<p class=\"\">Si vous souhaitez d\u00e9couvrir un <strong>restaurant v\u00e9g\u00e9talien \u00e0 des prix incroyables<\/strong>, cette cha\u00eene propose deux adresses id\u00e9ales. Dans l&#8217;un ou l&#8217;autre, vous pourrez reprendre des forces dans une ambiance originale et color\u00e9e. Choisissez parmi d&#8217;excellents menus, des hamburgers v\u00e9g\u00e9tariens, des g\u00e2teaux v\u00e9g\u00e9taliens, des jus de fruits tropicaux fra\u00eechement press\u00e9s\u2026 Nous vous recommandons de ne pas manquer leurs d\u00e9licieuses <strong>pommes de terre rid\u00e9es avec mojo<\/strong>, un grand classique de la cuisine des Canaries, ou leurs succulentes brochettes de seitan. <strong>Un pur r\u00e9gal !<\/strong> Les restaurants se trouvent au <strong>3, rue \u00c0ngels<\/strong> (\u00e0 c\u00f4t\u00e9 du MACBA) et au <strong>602, Gran Via de les Corts Catalanes<\/strong>, en plein c\u0153ur de l\u2019Eixample, pr\u00e8s de l\u2019Universit\u00e9 de Barcelone.<\/p>\n\n\n\n<figure class=\"wp-block-image\"><img decoding=\"async\" src=\"https:\/\/lh7-rt.googleusercontent.com\/docsz\/AD_4nXe8mIilxLACOelVx-XGhjQktfwCX6ieIpgPl3NTZbRO-vDeAymYFWM5HA2djwXwa_f105P9lV9zc_70CesCYxJOWqa7RzygeugTr9_RJKe8ZA-7nh3GMtnf09SleMZ6UKZZjGuU?key=xvXwAUpsCjXCncSc-1eGoKFH\" alt=\"\"\/><\/figure>\n\n\n\n<h3 class=\"wp-block-heading\"><strong>TAST I M\u00c9S NATURAL<\/strong><\/h3>\n\n\n\n<p class=\"\">Le num\u00e9ro 5 du Paseo de la Bonanova abrite une excellente option pour un repas ou un d\u00eener. Inspir\u00e9 des saveurs de la cuisine orientale, ce <strong>bar et restaurant v\u00e9g\u00e9tarien<\/strong> simple vous s\u00e9duira avec ses jus naturels rafra\u00eechissants et ses recettes exceptionnelles : croquettes de carottes, cr\u00eapes de l\u00e9gumes, hamburger v\u00e9g\u00e9tarien, soupe miso, tofu et algues\u202f; nouilles de riz saut\u00e9es, salades, doigts de soja\u2026 Le tout \u00e0 un prix tr\u00e8s abordable, d&#8217;autant plus que cet \u00e9tablissement est situ\u00e9 dans l&#8217;un des quartiers les plus exclusifs de Barcelone. <strong>Vous y reviendrez !<\/strong><\/p>\n\n\n\n<figure class=\"wp-block-image\"><img decoding=\"async\" src=\"https:\/\/lh7-rt.googleusercontent.com\/docsz\/AD_4nXfQOf-eKCsj-gYr7L7rLFq9Im_O194er3AHkOcCQ5djbk4dsv-EAKrldd7ZMqBqCUL8eiwkSyq16cdVdG5H7r2tl22xAB7Pq6KUcRvTEQSYeiytzKEeQVlc2fIjAbuNNCn-5pmv?key=xvXwAUpsCjXCncSc-1eGoKFH\" alt=\"\"\/><\/figure>\n\n\n\n<h3 class=\"wp-block-heading\"><strong>RESTAURANT VEG WORLD INDIA<\/strong><\/h3>\n\n\n\n<p class=\"\">Au c\u0153ur de <strong>Gr\u00e0cia<\/strong>, l&#8217;un des quartiers les plus en vogue de Barcelone, se trouve cet \u00e9tablissement de cuisine indienne proposant principalement des <strong>plats v\u00e9g\u00e9taliens<\/strong>, comme le riz basmati ou les recettes au four tandoori. Sa d\u00e9coration soign\u00e9e, avec des lampes et des tissus orientaux suspendus au plafond, cr\u00e9e une atmosph\u00e8re intime, id\u00e9ale pour une <strong>escapade romantique \u00e0 Barcelone<\/strong>. Notez toutefois que la carte ne propose pas de boissons alcoolis\u00e9es, bien qu&#8217;il y ait des vins sans alcool. Il est situ\u00e9 au <strong>26, rue Bruniquer<\/strong>.<\/p>\n\n\n\n<figure class=\"wp-block-image\"><img decoding=\"async\" src=\"https:\/\/lh7-rt.googleusercontent.com\/docsz\/AD_4nXcUn5TWq_6Q5O70mhHiUf_uimOKonEBMJIiORJpfDXM-a4jsIuTuncH5sGQe2Sf-9lhhYMYn877h5jTm06C5eCK4FkBCY1xKn28dB9F5wq8kwz5ZjKUdN6TOBZL5U3gc56Lh8NfTw?key=xvXwAUpsCjXCncSc-1eGoKFH\" alt=\"\"\/><\/figure>\n\n\n\n<h3 class=\"wp-block-heading\"><strong>QUINOA BAR VEGETARI\u00c0<\/strong><\/h3>\n\n\n\n<p class=\"\">Ce petit bar est une valeur s\u00fbre pour une collation rapide. En plus de proposer des plats et des sandwichs vari\u00e9s de qualit\u00e9, il pr\u00e9pare \u00e9galement des salades et de d\u00e9licieux desserts maison, parfaits pour cl\u00f4turer un repas improvis\u00e9. <strong>Quinoa Bar Vegetari\u00e0<\/strong> se trouve au <strong>203, Travessera de Gr\u00e0cia<\/strong>, et est ouvert en continu de 11h00 \u00e0 23h00.<\/p>\n\n\n\n<figure class=\"wp-block-image\"><img decoding=\"async\" src=\"https:\/\/lh7-rt.googleusercontent.com\/docsz\/AD_4nXe5AatMxYBvW7H8P8FEV4TPrE6CiHKUEkSjwc1atQpU59XmcV3WmtBd2QsqeJPX4pEvBF408pd4M3pK45CJXVK4cJf5TlRf5xmG0UB36NSqJ7FMvmNTJBxf4-sTcNWmWwKK1foFtA?key=xvXwAUpsCjXCncSc-1eGoKFH\" alt=\"\"\/><\/figure>\n\n\n\n<h3 class=\"wp-block-heading\"><strong>PASTAN<\/strong><\/h3>\n\n\n\n<p class=\"\">Si vous \u00eates v\u00e9g\u00e9talien (ou souhaitez go\u00fbter le meilleur de la cuisine v\u00e9g\u00e9talienne) sans renoncer \u00e0 un d\u00e9licieux plat de p\u00e2tes, <strong>Pastan<\/strong> est l\u2019endroit qu\u2019il vous faut. Ouvert en 2023 dans le quartier de Gr\u00e0cia, il s\u2019agit de la premi\u00e8re franchise de cette entreprise britannique \u00e0 s\u2019implanter \u00e0 Barcelone. Vous pourrez y d\u00e9guster des combinaisons exquises, comme leur <strong>carbonara v\u00e9g\u00e9talienne<\/strong>, leur d\u00e9licieux plat d\u2019orzo au style risotto au citron ou encore leurs gnocchis aux c\u00e8pes. Ne manquez pas leurs desserts divins, notamment les mini-donuts farcis\u202f! <strong>Une vraie merveille !<\/strong><\/p>\n\n\n\n<figure class=\"wp-block-image\"><img decoding=\"async\" src=\"https:\/\/lh7-rt.googleusercontent.com\/docsz\/AD_4nXcWO9ZAgnI9xkqyZNJkYwYP1RzDLlksoa_uW4-HoJ1ZHmhnd-ySBcQeppmLJUtLVAWuNe5HbkF-n21Db9pzU-_41uDO4sJ6hOOLaUTncrcwHVJvDGJhONgmhBSpvx8lqgTwUb2cRw?key=xvXwAUpsCjXCncSc-1eGoKFH\" alt=\"\"\/><\/figure>\n\n\n\n<h3 class=\"wp-block-heading\"><strong>VEGETALIA<\/strong><\/h3>\n\n\n\n<p class=\"\">Fond\u00e9e en 1986, cette entreprise a \u00e9t\u00e9 pionni\u00e8re dans la production et la distribution de <strong>produits biologiques en Catalogne<\/strong>. Malgr\u00e9 son succ\u00e8s, elle ne s\u2019est pas arr\u00eat\u00e9e l\u00e0 et a inaugur\u00e9 son premier restaurant en 2007. En 2012, il a \u00e9t\u00e9 \u00e9lu par la presse locale comme l&#8217;un des <strong>meilleurs restaurants de Barcelone pour les veggies<\/strong>, suivi de deux autres \u00e9tablissements proposant des plats v\u00e9g\u00e9tariens et v\u00e9g\u00e9taliens de la plus haute qualit\u00e9. Ils se situent dans les quartiers du <strong>G\u00f2tic<\/strong> (rue Escudellers, 54), du <strong>Raval<\/strong> (place Emili Vendrell, 1) et du <strong>Born<\/strong>, au Fossar de les Moreres, une adresse ouverte en 2015.<\/p>\n\n\n\n<figure class=\"wp-block-image\"><img decoding=\"async\" src=\"https:\/\/lh7-rt.googleusercontent.com\/docsz\/AD_4nXfC9lQm574hKb9NvRHK1I6buaaMJfwKM745AXNOEkcAiPRwildqKc5k9uUvimHkG3JeqF-z0Zkn8fzHNBVLeBVdLmoXlZiSFSpGtfl85_YVf9SgdeiP2piLWjkU_JEtRse7bFougw?key=xvXwAUpsCjXCncSc-1eGoKFH\" alt=\"\"\/><\/figure>\n\n\n\n<h3 class=\"wp-block-heading\"><strong>LA CERER\u00cdA<\/strong><\/h3>\n\n\n\n<p class=\"\">Au c\u0153ur du centre historique, au <strong>3, Baixada de Sant Miquel<\/strong>, se trouve cet espace de cuisine v\u00e9g\u00e9tarienne et \u00e9cologique. Son point fort r\u00e9side dans son ambiance : fen\u00eatres en bois, \u00e9clairage tamis\u00e9 et tons chaleureux. C\u2019est un excellent choix pour un repas ou un d\u00eener d\u00e9contract\u00e9 dans un cadre tranquille et accueillant.<\/p>\n\n\n\n<figure class=\"wp-block-image\"><img decoding=\"async\" src=\"https:\/\/lh7-rt.googleusercontent.com\/docsz\/AD_4nXdbZliWyF5RUNFjPjLxmqwgwQM6av9VHM9JK8c6eLu9-028iIcX2LQjf8vuaItLZBElxicKvncKaEz28_y4tQJmVca8XDqLZ_LKMpCaiLYHCH9Zb95qC94q8cn6jkhkdN0fDb4aqA?key=xvXwAUpsCjXCncSc-1eGoKFH\" alt=\"\"\/><\/figure>\n\n\n\n<h3 class=\"wp-block-heading\"><strong>VEGAN TULSI RESTAURANT<\/strong><\/h3>\n\n\n\n<p class=\"\"><strong>Vegan Tulsi<\/strong> est rapidement devenu l&#8217;un des restaurants v\u00e9g\u00e9taliens les mieux not\u00e9s de Barcelone. Situ\u00e9 au <strong>279, rue Consell de Cent<\/strong>, il propose une cuisine d\u2019inspiration asiatique ainsi que des sandwichs et des hamburgers d\u00e9licieux. Ne manquez pas leur houmous et leur guacamole, ils vous rendront accro au dipping !<\/p>\n\n\n\n<p class=\"\">Nous esp\u00e9rons que cette liste des <strong>meilleurs restaurants v\u00e9g\u00e9tariens de Barcelone<\/strong>, mise \u00e0 jour en juillet 2023, vous sera utile pour profiter de la <strong>Ciudad Condal<\/strong>. Si vous avez d\u00e9j\u00e0 visit\u00e9 l\u2019un de ces \u00e9tablissements ou en connaissez un autre qui m\u00e9rite d\u2019\u00eatre mentionn\u00e9, envoyez-nous vos commentaires. <strong>Nous serons ravis de recevoir vos suggestions !<\/strong> \ud83d\ude0a<\/p>\n\n\n\n<p class=\"\">Si necesitas alg\u00fan ajuste adicional, \u00a1no dudes en ped\u00edrmelo! \ud83d\ude0a<\/p>\n","protected":false},"excerpt":{"rendered":"<p>L&#8217;un des grands attraits de Barcelone est de se laisser tenter par la cuisine catalane et m\u00e9diterran\u00e9enne : saine, simple et pleine de saveurs. C&#8217;est pourquoi elle a r\u00e9ussi \u00e0 s\u00e9duire les gourmets et les critiques gastronomiques du monde entier. <\/p>\n","protected":false},"author":4,"featured_media":5657,"comment_status":"open","ping_status":"open","sticky":false,"template":"","format":"standard","meta":{"_uag_custom_page_level_css":"","footnotes":""},"categories":[692,665,664],"tags":[688,674,678],"yoast_head":"<!-- This site is optimized with the Yoast SEO plugin v23.1 - https:\/\/yoast.com\/wordpress\/plugins\/seo\/ -->\n<title>Restaurants v\u00e9g\u00e9tariens \u00e0 Barcelone | Lugaris<\/title>\n<meta name=\"description\" content=\"D\u00e9couvrez les restaurants v\u00e9g\u00e9tariens de Barcelone que vous allez adorer, mis \u00e0 jour en 2023 !\" \/>\n<meta name=\"robots\" content=\"index, follow, max-snippet:-1, max-image-preview:large, max-video-preview:-1\" \/>\n<link rel=\"canonical\" href=\"https:\/\/www.lugaris.com\/fr\/restaurants-vegetariens-a-barcelone\/\" \/>\n<meta property=\"og:locale\" content=\"fr_FR\" \/>\n<meta property=\"og:type\" content=\"article\" \/>\n<meta property=\"og:title\" content=\"Restaurants v\u00e9g\u00e9tariens \u00e0 Barcelone | Lugaris\" \/>\n<meta property=\"og:description\" content=\"D\u00e9couvrez les restaurants v\u00e9g\u00e9tariens de Barcelone que vous allez adorer, mis \u00e0 jour en 2023 !\" \/>\n<meta property=\"og:url\" content=\"https:\/\/www.lugaris.com\/fr\/restaurants-vegetariens-a-barcelone\/\" \/>\n<meta property=\"og:site_name\" content=\"Lugaris\" \/>\n<meta property=\"article:published_time\" content=\"2023-07-26T11:19:05+00:00\" \/>\n<meta property=\"article:modified_time\" content=\"2024-12-02T05:57:01+00:00\" \/>\n<meta property=\"og:image\" content=\"https:\/\/www.lugaris.com\/app\/uploads\/2020\/05\/Veg_World_India.jpg\" \/>\n\t<meta property=\"og:image:width\" content=\"750\" \/>\n\t<meta property=\"og:image:height\" content=\"454\" \/>\n\t<meta property=\"og:image:type\" content=\"image\/jpeg\" \/>\n<meta name=\"author\" content=\"Roberto Bordi\" \/>\n<meta name=\"twitter:card\" content=\"summary_large_image\" \/>\n<meta name=\"twitter:label1\" content=\"Written by\" \/>\n\t<meta name=\"twitter:data1\" content=\"Roberto Bordi\" \/>\n\t<meta name=\"twitter:label2\" content=\"Est. reading time\" \/>\n\t<meta name=\"twitter:data2\" content=\"7 minutes\" \/>\n<script type=\"application\/ld+json\" class=\"yoast-schema-graph\">{\"@context\":\"https:\/\/schema.org\",\"@graph\":[{\"@type\":\"Article\",\"@id\":\"https:\/\/www.lugaris.com\/fr\/restaurants-vegetariens-a-barcelone\/#article\",\"isPartOf\":{\"@id\":\"https:\/\/www.lugaris.com\/fr\/restaurants-vegetariens-a-barcelone\/\"},\"author\":{\"name\":\"Roberto Bordi\",\"@id\":\"https:\/\/www.lugaris.com\/fr\/#\/schema\/person\/fb23f8f2dbb02cd53d6d92029e4ddd57\"},\"headline\":\"Restaurants v\u00e9g\u00e9tariens \u00e0 Barcelone\",\"datePublished\":\"2023-07-26T11:19:05+00:00\",\"dateModified\":\"2024-12-02T05:57:01+00:00\",\"mainEntityOfPage\":{\"@id\":\"https:\/\/www.lugaris.com\/fr\/restaurants-vegetariens-a-barcelone\/\"},\"wordCount\":1147,\"commentCount\":0,\"publisher\":{\"@id\":\"https:\/\/www.lugaris.com\/fr\/#organization\"},\"image\":{\"@id\":\"https:\/\/www.lugaris.com\/fr\/restaurants-vegetariens-a-barcelone\/#primaryimage\"},\"thumbnailUrl\":\"https:\/\/www.lugaris.com\/app\/uploads\/2020\/05\/Veg_World_India.jpg\",\"keywords\":[\"Cultura en Barcelona\",\"Barrios de Barcelona\",\"Gastronom\u00eda en Barcelona\"],\"articleSection\":[\"@Lugaris\",\"Ocio en Barcelona\",\"Barcelona\"],\"inLanguage\":\"fr-FR\",\"potentialAction\":[{\"@type\":\"CommentAction\",\"name\":\"Comment\",\"target\":[\"https:\/\/www.lugaris.com\/fr\/restaurants-vegetariens-a-barcelone\/#respond\"]}]},{\"@type\":\"WebPage\",\"@id\":\"https:\/\/www.lugaris.com\/fr\/restaurants-vegetariens-a-barcelone\/\",\"url\":\"https:\/\/www.lugaris.com\/fr\/restaurants-vegetariens-a-barcelone\/\",\"name\":\"Restaurants v\u00e9g\u00e9tariens \u00e0 Barcelone | Lugaris\",\"isPartOf\":{\"@id\":\"https:\/\/www.lugaris.com\/fr\/#website\"},\"primaryImageOfPage\":{\"@id\":\"https:\/\/www.lugaris.com\/fr\/restaurants-vegetariens-a-barcelone\/#primaryimage\"},\"image\":{\"@id\":\"https:\/\/www.lugaris.com\/fr\/restaurants-vegetariens-a-barcelone\/#primaryimage\"},\"thumbnailUrl\":\"https:\/\/www.lugaris.com\/app\/uploads\/2020\/05\/Veg_World_India.jpg\",\"datePublished\":\"2023-07-26T11:19:05+00:00\",\"dateModified\":\"2024-12-02T05:57:01+00:00\",\"description\":\"D\u00e9couvrez les restaurants v\u00e9g\u00e9tariens de Barcelone que vous allez adorer, mis \u00e0 jour en 2023 !\",\"breadcrumb\":{\"@id\":\"https:\/\/www.lugaris.com\/fr\/restaurants-vegetariens-a-barcelone\/#breadcrumb\"},\"inLanguage\":\"fr-FR\",\"potentialAction\":[{\"@type\":\"ReadAction\",\"target\":[\"https:\/\/www.lugaris.com\/fr\/restaurants-vegetariens-a-barcelone\/\"]}]},{\"@type\":\"ImageObject\",\"inLanguage\":\"fr-FR\",\"@id\":\"https:\/\/www.lugaris.com\/fr\/restaurants-vegetariens-a-barcelone\/#primaryimage\",\"url\":\"https:\/\/www.lugaris.com\/app\/uploads\/2020\/05\/Veg_World_India.jpg\",\"contentUrl\":\"https:\/\/www.lugaris.com\/app\/uploads\/2020\/05\/Veg_World_India.jpg\",\"width\":750,\"height\":454},{\"@type\":\"BreadcrumbList\",\"@id\":\"https:\/\/www.lugaris.com\/fr\/restaurants-vegetariens-a-barcelone\/#breadcrumb\",\"itemListElement\":[{\"@type\":\"ListItem\",\"position\":1,\"name\":\"Home\",\"item\":\"https:\/\/www.lugaris.com\/fr\/\"},{\"@type\":\"ListItem\",\"position\":2,\"name\":\"Restaurants v\u00e9g\u00e9tariens \u00e0 Barcelone\"}]},{\"@type\":\"WebSite\",\"@id\":\"https:\/\/www.lugaris.com\/fr\/#website\",\"url\":\"https:\/\/www.lugaris.com\/fr\/\",\"name\":\"Lugaris\",\"description\":\"Apartamentos de vacaciones en Barcelona\",\"publisher\":{\"@id\":\"https:\/\/www.lugaris.com\/fr\/#organization\"},\"potentialAction\":[{\"@type\":\"SearchAction\",\"target\":{\"@type\":\"EntryPoint\",\"urlTemplate\":\"https:\/\/www.lugaris.com\/fr\/?s={search_term_string}\"},\"query-input\":\"required name=search_term_string\"}],\"inLanguage\":\"fr-FR\"},{\"@type\":\"Organization\",\"@id\":\"https:\/\/www.lugaris.com\/fr\/#organization\",\"name\":\"Lugaris Apartments in Barcelona\",\"url\":\"https:\/\/www.lugaris.com\/fr\/\",\"logo\":{\"@type\":\"ImageObject\",\"inLanguage\":\"fr-FR\",\"@id\":\"https:\/\/www.lugaris.com\/fr\/#\/schema\/logo\/image\/\",\"url\":\"https:\/\/www.lugaris.com\/app\/uploads\/2020\/03\/Logo_lugaris_v2.png\",\"contentUrl\":\"https:\/\/www.lugaris.com\/app\/uploads\/2020\/03\/Logo_lugaris_v2.png\",\"width\":285,\"height\":257,\"caption\":\"Lugaris Apartments in Barcelona\"},\"image\":{\"@id\":\"https:\/\/www.lugaris.com\/fr\/#\/schema\/logo\/image\/\"}},{\"@type\":\"Person\",\"@id\":\"https:\/\/www.lugaris.com\/fr\/#\/schema\/person\/fb23f8f2dbb02cd53d6d92029e4ddd57\",\"name\":\"Roberto Bordi\",\"image\":{\"@type\":\"ImageObject\",\"inLanguage\":\"fr-FR\",\"@id\":\"https:\/\/www.lugaris.com\/fr\/#\/schema\/person\/image\/\",\"url\":\"https:\/\/www.lugaris.com\/app\/litespeed\/avatar\/dd7d954dea1d9cebdc71d83b676d531c.jpg?ver=1776865099\",\"contentUrl\":\"https:\/\/www.lugaris.com\/app\/litespeed\/avatar\/dd7d954dea1d9cebdc71d83b676d531c.jpg?ver=1776865099\",\"caption\":\"Roberto Bordi\"}}]}<\/script>\n<!-- \/ Yoast SEO plugin. -->","yoast_head_json":{"title":"Restaurants v\u00e9g\u00e9tariens \u00e0 Barcelone | Lugaris","description":"D\u00e9couvrez les restaurants v\u00e9g\u00e9tariens de Barcelone que vous allez adorer, mis \u00e0 jour en 2023 !","robots":{"index":"index","follow":"follow","max-snippet":"max-snippet:-1","max-image-preview":"max-image-preview:large","max-video-preview":"max-video-preview:-1"},"canonical":"https:\/\/www.lugaris.com\/fr\/restaurants-vegetariens-a-barcelone\/","og_locale":"fr_FR","og_type":"article","og_title":"Restaurants v\u00e9g\u00e9tariens \u00e0 Barcelone | Lugaris","og_description":"D\u00e9couvrez les restaurants v\u00e9g\u00e9tariens de Barcelone que vous allez adorer, mis \u00e0 jour en 2023 !","og_url":"https:\/\/www.lugaris.com\/fr\/restaurants-vegetariens-a-barcelone\/","og_site_name":"Lugaris","article_published_time":"2023-07-26T11:19:05+00:00","article_modified_time":"2024-12-02T05:57:01+00:00","og_image":[{"width":750,"height":454,"url":"https:\/\/www.lugaris.com\/app\/uploads\/2020\/05\/Veg_World_India.jpg","type":"image\/jpeg"}],"author":"Roberto Bordi","twitter_card":"summary_large_image","twitter_misc":{"Written by":"Roberto Bordi","Est. reading time":"7 minutes"},"schema":{"@context":"https:\/\/schema.org","@graph":[{"@type":"Article","@id":"https:\/\/www.lugaris.com\/fr\/restaurants-vegetariens-a-barcelone\/#article","isPartOf":{"@id":"https:\/\/www.lugaris.com\/fr\/restaurants-vegetariens-a-barcelone\/"},"author":{"name":"Roberto Bordi","@id":"https:\/\/www.lugaris.com\/fr\/#\/schema\/person\/fb23f8f2dbb02cd53d6d92029e4ddd57"},"headline":"Restaurants v\u00e9g\u00e9tariens \u00e0 Barcelone","datePublished":"2023-07-26T11:19:05+00:00","dateModified":"2024-12-02T05:57:01+00:00","mainEntityOfPage":{"@id":"https:\/\/www.lugaris.com\/fr\/restaurants-vegetariens-a-barcelone\/"},"wordCount":1147,"commentCount":0,"publisher":{"@id":"https:\/\/www.lugaris.com\/fr\/#organization"},"image":{"@id":"https:\/\/www.lugaris.com\/fr\/restaurants-vegetariens-a-barcelone\/#primaryimage"},"thumbnailUrl":"https:\/\/www.lugaris.com\/app\/uploads\/2020\/05\/Veg_World_India.jpg","keywords":["Cultura en Barcelona","Barrios de Barcelona","Gastronom\u00eda en Barcelona"],"articleSection":["@Lugaris","Ocio en Barcelona","Barcelona"],"inLanguage":"fr-FR","potentialAction":[{"@type":"CommentAction","name":"Comment","target":["https:\/\/www.lugaris.com\/fr\/restaurants-vegetariens-a-barcelone\/#respond"]}]},{"@type":"WebPage","@id":"https:\/\/www.lugaris.com\/fr\/restaurants-vegetariens-a-barcelone\/","url":"https:\/\/www.lugaris.com\/fr\/restaurants-vegetariens-a-barcelone\/","name":"Restaurants v\u00e9g\u00e9tariens \u00e0 Barcelone | Lugaris","isPartOf":{"@id":"https:\/\/www.lugaris.com\/fr\/#website"},"primaryImageOfPage":{"@id":"https:\/\/www.lugaris.com\/fr\/restaurants-vegetariens-a-barcelone\/#primaryimage"},"image":{"@id":"https:\/\/www.lugaris.com\/fr\/restaurants-vegetariens-a-barcelone\/#primaryimage"},"thumbnailUrl":"https:\/\/www.lugaris.com\/app\/uploads\/2020\/05\/Veg_World_India.jpg","datePublished":"2023-07-26T11:19:05+00:00","dateModified":"2024-12-02T05:57:01+00:00","description":"D\u00e9couvrez les restaurants v\u00e9g\u00e9tariens de Barcelone que vous allez adorer, mis \u00e0 jour en 2023 !","breadcrumb":{"@id":"https:\/\/www.lugaris.com\/fr\/restaurants-vegetariens-a-barcelone\/#breadcrumb"},"inLanguage":"fr-FR","potentialAction":[{"@type":"ReadAction","target":["https:\/\/www.lugaris.com\/fr\/restaurants-vegetariens-a-barcelone\/"]}]},{"@type":"ImageObject","inLanguage":"fr-FR","@id":"https:\/\/www.lugaris.com\/fr\/restaurants-vegetariens-a-barcelone\/#primaryimage","url":"https:\/\/www.lugaris.com\/app\/uploads\/2020\/05\/Veg_World_India.jpg","contentUrl":"https:\/\/www.lugaris.com\/app\/uploads\/2020\/05\/Veg_World_India.jpg","width":750,"height":454},{"@type":"BreadcrumbList","@id":"https:\/\/www.lugaris.com\/fr\/restaurants-vegetariens-a-barcelone\/#breadcrumb","itemListElement":[{"@type":"ListItem","position":1,"name":"Home","item":"https:\/\/www.lugaris.com\/fr\/"},{"@type":"ListItem","position":2,"name":"Restaurants v\u00e9g\u00e9tariens \u00e0 Barcelone"}]},{"@type":"WebSite","@id":"https:\/\/www.lugaris.com\/fr\/#website","url":"https:\/\/www.lugaris.com\/fr\/","name":"Lugaris","description":"Apartamentos de vacaciones en Barcelona","publisher":{"@id":"https:\/\/www.lugaris.com\/fr\/#organization"},"potentialAction":[{"@type":"SearchAction","target":{"@type":"EntryPoint","urlTemplate":"https:\/\/www.lugaris.com\/fr\/?s={search_term_string}"},"query-input":"required name=search_term_string"}],"inLanguage":"fr-FR"},{"@type":"Organization","@id":"https:\/\/www.lugaris.com\/fr\/#organization","name":"Lugaris Apartments in Barcelona","url":"https:\/\/www.lugaris.com\/fr\/","logo":{"@type":"ImageObject","inLanguage":"fr-FR","@id":"https:\/\/www.lugaris.com\/fr\/#\/schema\/logo\/image\/","url":"https:\/\/www.lugaris.com\/app\/uploads\/2020\/03\/Logo_lugaris_v2.png","contentUrl":"https:\/\/www.lugaris.com\/app\/uploads\/2020\/03\/Logo_lugaris_v2.png","width":285,"height":257,"caption":"Lugaris Apartments in Barcelona"},"image":{"@id":"https:\/\/www.lugaris.com\/fr\/#\/schema\/logo\/image\/"}},{"@type":"Person","@id":"https:\/\/www.lugaris.com\/fr\/#\/schema\/person\/fb23f8f2dbb02cd53d6d92029e4ddd57","name":"Roberto Bordi","image":{"@type":"ImageObject","inLanguage":"fr-FR","@id":"https:\/\/www.lugaris.com\/fr\/#\/schema\/person\/image\/","url":"https:\/\/www.lugaris.com\/app\/litespeed\/avatar\/dd7d954dea1d9cebdc71d83b676d531c.jpg?ver=1776865099","contentUrl":"https:\/\/www.lugaris.com\/app\/litespeed\/avatar\/dd7d954dea1d9cebdc71d83b676d531c.jpg?ver=1776865099","caption":"Roberto Bordi"}}]}},"uagb_featured_image_src":{"full":["https:\/\/www.lugaris.com\/app\/uploads\/2020\/05\/Veg_World_India.jpg",750,454,false],"thumbnail":["https:\/\/www.lugaris.com\/app\/uploads\/2020\/05\/Veg_World_India-150x150.jpg",150,150,true],"medium":["https:\/\/www.lugaris.com\/app\/uploads\/2020\/05\/Veg_World_India-300x182.jpg",300,182,true],"medium_large":["https:\/\/www.lugaris.com\/app\/uploads\/2020\/05\/Veg_World_India.jpg",750,454,false],"large":["https:\/\/www.lugaris.com\/app\/uploads\/2020\/05\/Veg_World_India.jpg",750,454,false],"1536x1536":["https:\/\/www.lugaris.com\/app\/uploads\/2020\/05\/Veg_World_India.jpg",750,454,false],"2048x2048":["https:\/\/www.lugaris.com\/app\/uploads\/2020\/05\/Veg_World_India.jpg",750,454,false]},"uagb_author_info":{"display_name":"Roberto Bordi","author_link":"https:\/\/www.lugaris.com\/fr\/author\/rbb2-performance-es\/"},"uagb_comment_info":0,"uagb_excerpt":"L'un des grands attraits de Barcelone est de se laisser tenter par la cuisine catalane et m\u00e9diterran\u00e9enne : saine, simple et pleine de saveurs. C'est pourquoi elle a r\u00e9ussi \u00e0 s\u00e9duire les gourmets et les critiques gastronomiques du monde entier.","_links":{"self":[{"href":"https:\/\/www.lugaris.com\/fr\/wp-json\/wp\/v2\/posts\/26453"}],"collection":[{"href":"https:\/\/www.lugaris.com\/fr\/wp-json\/wp\/v2\/posts"}],"about":[{"href":"https:\/\/www.lugaris.com\/fr\/wp-json\/wp\/v2\/types\/post"}],"author":[{"embeddable":true,"href":"https:\/\/www.lugaris.com\/fr\/wp-json\/wp\/v2\/users\/4"}],"replies":[{"embeddable":true,"href":"https:\/\/www.lugaris.com\/fr\/wp-json\/wp\/v2\/comments?post=26453"}],"version-history":[{"count":2,"href":"https:\/\/www.lugaris.com\/fr\/wp-json\/wp\/v2\/posts\/26453\/revisions"}],"predecessor-version":[{"id":26455,"href":"https:\/\/www.lugaris.com\/fr\/wp-json\/wp\/v2\/posts\/26453\/revisions\/26455"}],"wp:featuredmedia":[{"embeddable":true,"href":"https:\/\/www.lugaris.com\/fr\/wp-json\/wp\/v2\/media\/5657"}],"wp:attachment":[{"href":"https:\/\/www.lugaris.com\/fr\/wp-json\/wp\/v2\/media?parent=26453"}],"wp:term":[{"taxonomy":"category","embeddable":true,"href":"https:\/\/www.lugaris.com\/fr\/wp-json\/wp\/v2\/categories?post=26453"},{"taxonomy":"post_tag","embeddable":true,"href":"https:\/\/www.lugaris.com\/fr\/wp-json\/wp\/v2\/tags?post=26453"}],"curies":[{"name":"wp","href":"https:\/\/api.w.org\/{rel}","templated":true}]}}