{"id":26562,"date":"2022-01-21T09:08:26","date_gmt":"2022-01-21T09:08:26","guid":{"rendered":"https:\/\/www.lugaris.com\/ejemplos-de-arquitectura-sostenible-en-barcelona\/"},"modified":"2024-12-02T09:37:58","modified_gmt":"2024-12-02T09:37:58","slug":"exemples-darchitecture-durable-a-barcelone","status":"publish","type":"post","link":"https:\/\/www.lugaris.com\/fr\/exemples-darchitecture-durable-a-barcelone\/","title":{"rendered":"Exemples d&#8217;architecture durable \u00e0 Barcelone"},"content":{"rendered":"\n<p class=\"\"><strong>D\u00e9couvrez les meilleurs b\u00e2timents \u00e9co-responsables de Barcelone <\/strong>De plus en plus d\u2019entreprises li\u00e9es au secteur de la construction s\u2019engagent activement en faveur de l\u2019environnement, concr\u00e9tisant cet engagement \u00e0 travers leurs b\u00e2timents et projets.<\/p>\n\n\n\n<p class=\"\">L\u2019architecture de Barcelone est exceptionnelle, bien au-del\u00e0 des \u0153uvres magnifiques de Gaud\u00ed. Chaque ann\u00e9e, la ville attire des milliers de touristes qui viennent admirer ses monuments et b\u00e2timents d\u2019int\u00e9r\u00eat remarquables.<\/p>\n\n\n\n<p class=\"\">Dans cet article, nous allons nous concentrer sur les b\u00e2timents \u00e9co-responsables de Barcelone et vous pr\u00e9senter quelques-uns des plus embl\u00e9matiques. <strong>C\u2019est parti !<\/strong><\/p>\n\n\n\n<h2 class=\"wp-block-heading\">Le si\u00e8ge central de la Banque de Sang et de Tissus de Catalogne<\/h2>\n\n\n\n<p class=\"\">Dans le cadre de l\u2019architecture durable de Barcelone, ce b\u00e2timent est un exemple clair de construction \u00e9co-responsable, reconnu pour son efficacit\u00e9 \u00e9nerg\u00e9tique remarquable.<\/p>\n\n\n\n<figure class=\"wp-block-image\"><img decoding=\"async\" src=\"https:\/\/lh7-rt.googleusercontent.com\/docsz\/AD_4nXc7ru2OWmtywEJlnWIQ5QKWQL5VS6anBwPp035L3FEn5OgVTA4rXz48oZkX8rWOiywBrz6F0QT9zqgcRl7zOO27S-bmBdv0xOZAbLpLMMg8_ehgF3dtZP6gbSyUCRMH_-Ls_AeBKw?key=xvXwAUpsCjXCncSc-1eGoKFH\" alt=\"\"\/><\/figure>\n\n\n\n<p class=\"\">Situ\u00e9 dans le district technologique 22@ de Barcelone, il est \u00e9quip\u00e9 de climatiseurs free-cooling et d\u2019\u00e9changeurs de chaleur qui permettent de maintenir l\u2019\u00e9quilibre thermique requis par ses bureaux. De plus, la surchauffe est \u00e9vit\u00e9e gr\u00e2ce \u00e0 la fa\u00e7ade murale et \u00e0 son syst\u00e8me d\u2019isolation thermique performant.<\/p>\n\n\n\n<p class=\"\">Voici un r\u00e9sum\u00e9 des \u00e9conomies \u00e9nerg\u00e9tiques exemplaires g\u00e9n\u00e9r\u00e9es par ce b\u00e2timent :<\/p>\n\n\n\n<ul class=\"\">\n<li class=\"\">Le b\u00e2timent \u00e9conomise environ <strong>1,5 million de kWh par an<\/strong>.<\/li>\n\n\n\n<li class=\"\">Compar\u00e9 \u00e0 un b\u00e2timent classique ayant le m\u00eame usage, il permet de r\u00e9duire de <strong>70 % la consommation \u00e9nerg\u00e9tique du syst\u00e8me de climatisation<\/strong> et de <strong>80 % celle li\u00e9e \u00e0 la production de froid<\/strong>.<\/li>\n\n\n\n<li class=\"\">En termes de r\u00e9duction des \u00e9missions de CO2, cela \u00e9quivaut \u00e0 <strong>963 tonnes par an<\/strong>.<\/li>\n<\/ul>\n\n\n\n<p class=\"\">Ces strat\u00e9gies permettent une \u00e9conomie annuelle d\u2019environ <strong>250 000 \u20ac<\/strong>.<\/p>\n\n\n\n<h2 class=\"wp-block-heading\">Torre Gl\u00f2ries<\/h2>\n\n\n\n<p class=\"\">Voici une autre merveille de l\u2019architecture du XXIe si\u00e8cle \u00e0 Barcelone. Ce b\u00e2timent cylindrique et vertigineux fait partie int\u00e9grante du <strong>skyline<\/strong> de la ville.<\/p>\n\n\n\n<p class=\"\">\u0152uvre de l\u2019architecte fran\u00e7ais <strong>Jean Nouvel<\/strong>, la construction de cette tour a imm\u00e9diatement suscit\u00e9 l\u2019admiration des habitants et des touristes. Sa visibilit\u00e9 est particuli\u00e8rement impressionnante la nuit gr\u00e2ce \u00e0 ses milliers de dispositifs LED qui cr\u00e9ent des images en mouvement et produisent des millions de couleurs.<\/p>\n\n\n\n<h4 class=\"wp-block-heading\"><strong>Une efficacit\u00e9 \u00e9nerg\u00e9tique exemplaire<\/strong><\/h4>\n\n\n\n<ul class=\"\">\n<li class=\"\"><strong>Co\u00fbt d\u2019\u00e9clairage<\/strong> : l\u2019illumination compl\u00e8te de la fa\u00e7ade co\u00fbte environ <strong>6 \u20ac par heure<\/strong> gr\u00e2ce \u00e0 ses 60 000 lames \u00e9quip\u00e9es de panneaux photovolta\u00efques qui captent l\u2019\u00e9nergie solaire pour alimenter le b\u00e2timent.<\/li>\n\n\n\n<li class=\"\"><strong>Syst\u00e8me VRV intelligent<\/strong> : il r\u00e9gule la temp\u00e9rature en fonction de l\u2019occupation des espaces, \u00e9vitant ainsi de chauffer ou refroidir les zones inoccup\u00e9es.<\/li>\n<\/ul>\n\n\n\n<figure class=\"wp-block-image\"><img decoding=\"async\" src=\"https:\/\/lh7-rt.googleusercontent.com\/docsz\/AD_4nXcKfeuBC29ta8fU8kes-7uWlh8kUwKgo19LpLYpcX1B72gSP5r2I_RQktVRtITmlrHnmtiWsJIgsm3ianTfbYyYRP2RVNiuPisiAXctAeOF5VJGiYg2g7t0W1Ifx_4ADv8Z9Vr79A?key=xvXwAUpsCjXCncSc-1eGoKFH\" alt=\"\"\/><\/figure>\n\n\n\n<h2 class=\"wp-block-heading\">\u00c9difice Media-TIC<\/h2>\n\n\n\n<p class=\"\">Le b\u00e2timent <strong>Media-TIC<\/strong>, situ\u00e9 \u00e9galement dans le district 22@, est une autre prouesse de l\u2019architecture durable \u00e0 Barcelone. Con\u00e7u par <strong>Enric Ruiz-Geli<\/strong>, il repose sur des \u00e9nergies renouvelables et utilise des capteurs sur sa fa\u00e7ade, appel\u00e9s luxm\u00e8tres, pour r\u00e9guler la climatisation.<\/p>\n\n\n\n<ul class=\"\">\n<li class=\"\">La fa\u00e7ade capte la lumi\u00e8re solaire pour \u00e9clairer l\u2019int\u00e9rieur, r\u00e9duisant ainsi de <strong>60 % les \u00e9missions de CO2<\/strong>.<\/li>\n\n\n\n<li class=\"\">Les panneaux solaires install\u00e9s sur le toit et la fa\u00e7ade permettent de r\u00e9duire la consommation \u00e9nerg\u00e9tique de <strong>20 %<\/strong>.<\/li>\n<\/ul>\n\n\n\n<p class=\"\">Construit en 2010, ce b\u00e2timent en forme de cube est dot\u00e9 de quatre fa\u00e7ades distinctes, chacune ayant une fonction sp\u00e9cifique selon son orientation.<\/p>\n\n\n\n<figure class=\"wp-block-image\"><img decoding=\"async\" src=\"https:\/\/lh7-rt.googleusercontent.com\/docsz\/AD_4nXf64jO5Lle0ly0oHRH5fQl9pYWAOo7r4hKJdszi8S2rk9d0O7wXmaW_bfJSamLSanYsF2J0xsXvTdEeHsWUXvm5FVJZpfYOe0x0-iN88EbgF4jlF1SkWzjk0641lBoU8SoCG9XJPQ?key=xvXwAUpsCjXCncSc-1eGoKFH\" alt=\"\"\/><\/figure>\n\n\n\n<h2 class=\"wp-block-heading\">Centre Civique Bar\u00f3 de Viver<\/h2>\n\n\n\n<p class=\"\">Ce b\u00e2timent socioculturel est le premier en Espagne \u00e0 recevoir la prestigieuse certification internationale <strong>LEED Platinum<\/strong>.<\/p>\n\n\n\n<p class=\"\">Caract\u00e9ristiques principales :<\/p>\n\n\n\n<ul class=\"\">\n<li class=\"\">Une toiture v\u00e9g\u00e9talis\u00e9e r\u00e9cup\u00e9rant et filtrant l\u2019eau de pluie.<\/li>\n\n\n\n<li class=\"\">90 % des espaces b\u00e9n\u00e9ficient de lumi\u00e8re naturelle, r\u00e9duisant les besoins d\u2019\u00e9clairage.<\/li>\n\n\n\n<li class=\"\">Ventilation naturelle et inertie thermique pour \u00e9viter l\u2019utilisation de la climatisation en \u00e9t\u00e9.<\/li>\n\n\n\n<li class=\"\">R\u00e9duction des \u00e9missions de CO2 de <strong>40 %<\/strong> gr\u00e2ce \u00e0 l\u2019absence d\u2019agents toxiques.<\/li>\n<\/ul>\n\n\n\n<h2 class=\"wp-block-heading\">Ecourban Barcelona<\/h2>\n\n\n\n<p class=\"\">Construit en 2005, cet \u00e9difice situ\u00e9 pr\u00e8s du <strong>tanatorio de Sancho de \u00c1vila<\/strong> est une r\u00e9f\u00e9rence en mati\u00e8re d\u2019architecture \u00e9cologique \u00e0 Barcelone.<\/p>\n\n\n\n<p class=\"\"><strong>Caract\u00e9ristiques \u00e9cologiques :<\/strong><\/p>\n\n\n\n<ul class=\"\">\n<li class=\"\">Utilisation de mat\u00e9riaux recyclables, non toxiques.<\/li>\n\n\n\n<li class=\"\">Panneaux solaires et toit vert pour r\u00e9cup\u00e9rer l\u2019eau de pluie.<\/li>\n\n\n\n<li class=\"\">Orientation \u00e0 <strong>45\u00b0 vers le sud<\/strong> pour maximiser la lumi\u00e8re naturelle et r\u00e9duire les besoins d\u2019\u00e9clairage artificiel.<\/li>\n\n\n\n<li class=\"\">\u00c9conomies d\u2019\u00e9nergie jusqu\u2019\u00e0 <strong>40 %<\/strong> gr\u00e2ce \u00e0 ses techniques de ventilation naturelle et de gestion thermique.<\/li>\n<\/ul>\n\n\n\n<p class=\"\">Chez <a href=\"https:\/\/www.lugaris.com\/fr\/lugaris-rambla-fr\/\"><strong>Lugaris Appartements \u00e0 Barcelone<\/strong><\/a>, nous travaillons chaque jour pour \u00eatre plus durables et \u00e9conomes en \u00e9nergie. <strong>Visitez notre site web pour en savoir plus !<\/strong><\/p>\n","protected":false},"excerpt":{"rendered":"<p>D\u00e9couvrez les meilleurs b\u00e2timents \u00e9co-responsables de Barcelone De plus en plus d\u2019entreprises li\u00e9es au secteur de la construction s\u2019engagent activement en faveur de l\u2019environnement, concr\u00e9tisant cet engagement \u00e0 travers leurs b\u00e2timents et projets.<\/p>\n","protected":false},"author":8,"featured_media":17217,"comment_status":"open","ping_status":"open","sticky":false,"template":"","format":"standard","meta":{"_uag_custom_page_level_css":"","footnotes":""},"categories":[665,664],"tags":[693,688,687,674],"yoast_head":"<!-- This site is optimized with the Yoast SEO plugin v23.1 - https:\/\/yoast.com\/wordpress\/plugins\/seo\/ -->\n<title>Exemples d&#039;architecture durable \u00e0 Barcelone | Lugaris<\/title>\n<meta name=\"description\" content=\"D\u00e9couvrez les \u00e9co-b\u00e2timents qui contribuent \u00e0 promouvoir la durabilit\u00e9 \u00e0 Barcelone et qui modifient l&#039;architecture de la ville.\" \/>\n<meta name=\"robots\" content=\"index, follow, max-snippet:-1, max-image-preview:large, max-video-preview:-1\" \/>\n<link rel=\"canonical\" href=\"https:\/\/www.lugaris.com\/fr\/exemples-darchitecture-durable-a-barcelone\/\" \/>\n<meta property=\"og:locale\" content=\"fr_FR\" \/>\n<meta property=\"og:type\" content=\"article\" \/>\n<meta property=\"og:title\" content=\"Exemples d&#039;architecture durable \u00e0 Barcelone | Lugaris\" \/>\n<meta property=\"og:description\" content=\"D\u00e9couvrez les \u00e9co-b\u00e2timents qui contribuent \u00e0 promouvoir la durabilit\u00e9 \u00e0 Barcelone et qui modifient l&#039;architecture de la ville.\" \/>\n<meta property=\"og:url\" content=\"https:\/\/www.lugaris.com\/fr\/exemples-darchitecture-durable-a-barcelone\/\" \/>\n<meta property=\"og:site_name\" content=\"Lugaris\" \/>\n<meta property=\"article:published_time\" content=\"2022-01-21T09:08:26+00:00\" \/>\n<meta property=\"article:modified_time\" content=\"2024-12-02T09:37:58+00:00\" \/>\n<meta property=\"og:image\" content=\"https:\/\/www.lugaris.com\/app\/uploads\/2022\/01\/1525719543_296273_1525719683_noticia_normal.jpg\" \/>\n\t<meta property=\"og:image:width\" content=\"980\" \/>\n\t<meta property=\"og:image:height\" content=\"559\" \/>\n\t<meta property=\"og:image:type\" content=\"image\/jpeg\" \/>\n<meta name=\"author\" content=\"Lugaris Reservas\" \/>\n<meta name=\"twitter:card\" content=\"summary_large_image\" \/>\n<meta name=\"twitter:label1\" content=\"Written by\" \/>\n\t<meta name=\"twitter:data1\" content=\"Lugaris Reservas\" \/>\n\t<meta name=\"twitter:label2\" content=\"Est. reading time\" \/>\n\t<meta name=\"twitter:data2\" content=\"4 minutes\" \/>\n<script type=\"application\/ld+json\" class=\"yoast-schema-graph\">{\"@context\":\"https:\/\/schema.org\",\"@graph\":[{\"@type\":\"Article\",\"@id\":\"https:\/\/www.lugaris.com\/fr\/exemples-darchitecture-durable-a-barcelone\/#article\",\"isPartOf\":{\"@id\":\"https:\/\/www.lugaris.com\/fr\/exemples-darchitecture-durable-a-barcelone\/\"},\"author\":{\"name\":\"Lugaris Reservas\",\"@id\":\"https:\/\/www.lugaris.com\/fr\/#\/schema\/person\/d331d1664afd39e5f4a62edea3455729\"},\"headline\":\"Exemples d&#8217;architecture durable \u00e0 Barcelone\",\"datePublished\":\"2022-01-21T09:08:26+00:00\",\"dateModified\":\"2024-12-02T09:37:58+00:00\",\"mainEntityOfPage\":{\"@id\":\"https:\/\/www.lugaris.com\/fr\/exemples-darchitecture-durable-a-barcelone\/\"},\"wordCount\":735,\"commentCount\":0,\"publisher\":{\"@id\":\"https:\/\/www.lugaris.com\/fr\/#organization\"},\"image\":{\"@id\":\"https:\/\/www.lugaris.com\/fr\/exemples-darchitecture-durable-a-barcelone\/#primaryimage\"},\"thumbnailUrl\":\"https:\/\/www.lugaris.com\/app\/uploads\/2022\/01\/1525719543_296273_1525719683_noticia_normal.jpg\",\"keywords\":[\"Monumentos de Barcelona\",\"Cultura en Barcelona\",\"Historia de Barcelona\",\"Barrios de Barcelona\"],\"articleSection\":[\"Ocio en Barcelona\",\"Barcelona\"],\"inLanguage\":\"fr-FR\",\"potentialAction\":[{\"@type\":\"CommentAction\",\"name\":\"Comment\",\"target\":[\"https:\/\/www.lugaris.com\/fr\/exemples-darchitecture-durable-a-barcelone\/#respond\"]}]},{\"@type\":\"WebPage\",\"@id\":\"https:\/\/www.lugaris.com\/fr\/exemples-darchitecture-durable-a-barcelone\/\",\"url\":\"https:\/\/www.lugaris.com\/fr\/exemples-darchitecture-durable-a-barcelone\/\",\"name\":\"Exemples d'architecture durable \u00e0 Barcelone | Lugaris\",\"isPartOf\":{\"@id\":\"https:\/\/www.lugaris.com\/fr\/#website\"},\"primaryImageOfPage\":{\"@id\":\"https:\/\/www.lugaris.com\/fr\/exemples-darchitecture-durable-a-barcelone\/#primaryimage\"},\"image\":{\"@id\":\"https:\/\/www.lugaris.com\/fr\/exemples-darchitecture-durable-a-barcelone\/#primaryimage\"},\"thumbnailUrl\":\"https:\/\/www.lugaris.com\/app\/uploads\/2022\/01\/1525719543_296273_1525719683_noticia_normal.jpg\",\"datePublished\":\"2022-01-21T09:08:26+00:00\",\"dateModified\":\"2024-12-02T09:37:58+00:00\",\"description\":\"D\u00e9couvrez les \u00e9co-b\u00e2timents qui contribuent \u00e0 promouvoir la durabilit\u00e9 \u00e0 Barcelone et qui modifient l'architecture de la ville.\",\"breadcrumb\":{\"@id\":\"https:\/\/www.lugaris.com\/fr\/exemples-darchitecture-durable-a-barcelone\/#breadcrumb\"},\"inLanguage\":\"fr-FR\",\"potentialAction\":[{\"@type\":\"ReadAction\",\"target\":[\"https:\/\/www.lugaris.com\/fr\/exemples-darchitecture-durable-a-barcelone\/\"]}]},{\"@type\":\"ImageObject\",\"inLanguage\":\"fr-FR\",\"@id\":\"https:\/\/www.lugaris.com\/fr\/exemples-darchitecture-durable-a-barcelone\/#primaryimage\",\"url\":\"https:\/\/www.lugaris.com\/app\/uploads\/2022\/01\/1525719543_296273_1525719683_noticia_normal.jpg\",\"contentUrl\":\"https:\/\/www.lugaris.com\/app\/uploads\/2022\/01\/1525719543_296273_1525719683_noticia_normal.jpg\",\"width\":980,\"height\":559},{\"@type\":\"BreadcrumbList\",\"@id\":\"https:\/\/www.lugaris.com\/fr\/exemples-darchitecture-durable-a-barcelone\/#breadcrumb\",\"itemListElement\":[{\"@type\":\"ListItem\",\"position\":1,\"name\":\"Home\",\"item\":\"https:\/\/www.lugaris.com\/fr\/\"},{\"@type\":\"ListItem\",\"position\":2,\"name\":\"Exemples d&#8217;architecture durable \u00e0 Barcelone\"}]},{\"@type\":\"WebSite\",\"@id\":\"https:\/\/www.lugaris.com\/fr\/#website\",\"url\":\"https:\/\/www.lugaris.com\/fr\/\",\"name\":\"Lugaris\",\"description\":\"Apartamentos de vacaciones en Barcelona\",\"publisher\":{\"@id\":\"https:\/\/www.lugaris.com\/fr\/#organization\"},\"potentialAction\":[{\"@type\":\"SearchAction\",\"target\":{\"@type\":\"EntryPoint\",\"urlTemplate\":\"https:\/\/www.lugaris.com\/fr\/?s={search_term_string}\"},\"query-input\":\"required name=search_term_string\"}],\"inLanguage\":\"fr-FR\"},{\"@type\":\"Organization\",\"@id\":\"https:\/\/www.lugaris.com\/fr\/#organization\",\"name\":\"Lugaris Apartments in Barcelona\",\"url\":\"https:\/\/www.lugaris.com\/fr\/\",\"logo\":{\"@type\":\"ImageObject\",\"inLanguage\":\"fr-FR\",\"@id\":\"https:\/\/www.lugaris.com\/fr\/#\/schema\/logo\/image\/\",\"url\":\"https:\/\/www.lugaris.com\/app\/uploads\/2020\/03\/Logo_lugaris_v2.png\",\"contentUrl\":\"https:\/\/www.lugaris.com\/app\/uploads\/2020\/03\/Logo_lugaris_v2.png\",\"width\":285,\"height\":257,\"caption\":\"Lugaris Apartments in Barcelona\"},\"image\":{\"@id\":\"https:\/\/www.lugaris.com\/fr\/#\/schema\/logo\/image\/\"}},{\"@type\":\"Person\",\"@id\":\"https:\/\/www.lugaris.com\/fr\/#\/schema\/person\/d331d1664afd39e5f4a62edea3455729\",\"name\":\"Lugaris Reservas\",\"image\":{\"@type\":\"ImageObject\",\"inLanguage\":\"fr-FR\",\"@id\":\"https:\/\/www.lugaris.com\/fr\/#\/schema\/person\/image\/\",\"url\":\"https:\/\/www.lugaris.com\/app\/litespeed\/avatar\/75caeadca424e791d40a099d0fda7cee.jpg?ver=1776885139\",\"contentUrl\":\"https:\/\/www.lugaris.com\/app\/litespeed\/avatar\/75caeadca424e791d40a099d0fda7cee.jpg?ver=1776885139\",\"caption\":\"Lugaris Reservas\"}}]}<\/script>\n<!-- \/ Yoast SEO plugin. -->","yoast_head_json":{"title":"Exemples d'architecture durable \u00e0 Barcelone | Lugaris","description":"D\u00e9couvrez les \u00e9co-b\u00e2timents qui contribuent \u00e0 promouvoir la durabilit\u00e9 \u00e0 Barcelone et qui modifient l'architecture de la ville.","robots":{"index":"index","follow":"follow","max-snippet":"max-snippet:-1","max-image-preview":"max-image-preview:large","max-video-preview":"max-video-preview:-1"},"canonical":"https:\/\/www.lugaris.com\/fr\/exemples-darchitecture-durable-a-barcelone\/","og_locale":"fr_FR","og_type":"article","og_title":"Exemples d'architecture durable \u00e0 Barcelone | Lugaris","og_description":"D\u00e9couvrez les \u00e9co-b\u00e2timents qui contribuent \u00e0 promouvoir la durabilit\u00e9 \u00e0 Barcelone et qui modifient l'architecture de la ville.","og_url":"https:\/\/www.lugaris.com\/fr\/exemples-darchitecture-durable-a-barcelone\/","og_site_name":"Lugaris","article_published_time":"2022-01-21T09:08:26+00:00","article_modified_time":"2024-12-02T09:37:58+00:00","og_image":[{"width":980,"height":559,"url":"https:\/\/www.lugaris.com\/app\/uploads\/2022\/01\/1525719543_296273_1525719683_noticia_normal.jpg","type":"image\/jpeg"}],"author":"Lugaris Reservas","twitter_card":"summary_large_image","twitter_misc":{"Written by":"Lugaris Reservas","Est. reading time":"4 minutes"},"schema":{"@context":"https:\/\/schema.org","@graph":[{"@type":"Article","@id":"https:\/\/www.lugaris.com\/fr\/exemples-darchitecture-durable-a-barcelone\/#article","isPartOf":{"@id":"https:\/\/www.lugaris.com\/fr\/exemples-darchitecture-durable-a-barcelone\/"},"author":{"name":"Lugaris Reservas","@id":"https:\/\/www.lugaris.com\/fr\/#\/schema\/person\/d331d1664afd39e5f4a62edea3455729"},"headline":"Exemples d&#8217;architecture durable \u00e0 Barcelone","datePublished":"2022-01-21T09:08:26+00:00","dateModified":"2024-12-02T09:37:58+00:00","mainEntityOfPage":{"@id":"https:\/\/www.lugaris.com\/fr\/exemples-darchitecture-durable-a-barcelone\/"},"wordCount":735,"commentCount":0,"publisher":{"@id":"https:\/\/www.lugaris.com\/fr\/#organization"},"image":{"@id":"https:\/\/www.lugaris.com\/fr\/exemples-darchitecture-durable-a-barcelone\/#primaryimage"},"thumbnailUrl":"https:\/\/www.lugaris.com\/app\/uploads\/2022\/01\/1525719543_296273_1525719683_noticia_normal.jpg","keywords":["Monumentos de Barcelona","Cultura en Barcelona","Historia de Barcelona","Barrios de Barcelona"],"articleSection":["Ocio en Barcelona","Barcelona"],"inLanguage":"fr-FR","potentialAction":[{"@type":"CommentAction","name":"Comment","target":["https:\/\/www.lugaris.com\/fr\/exemples-darchitecture-durable-a-barcelone\/#respond"]}]},{"@type":"WebPage","@id":"https:\/\/www.lugaris.com\/fr\/exemples-darchitecture-durable-a-barcelone\/","url":"https:\/\/www.lugaris.com\/fr\/exemples-darchitecture-durable-a-barcelone\/","name":"Exemples d'architecture durable \u00e0 Barcelone | Lugaris","isPartOf":{"@id":"https:\/\/www.lugaris.com\/fr\/#website"},"primaryImageOfPage":{"@id":"https:\/\/www.lugaris.com\/fr\/exemples-darchitecture-durable-a-barcelone\/#primaryimage"},"image":{"@id":"https:\/\/www.lugaris.com\/fr\/exemples-darchitecture-durable-a-barcelone\/#primaryimage"},"thumbnailUrl":"https:\/\/www.lugaris.com\/app\/uploads\/2022\/01\/1525719543_296273_1525719683_noticia_normal.jpg","datePublished":"2022-01-21T09:08:26+00:00","dateModified":"2024-12-02T09:37:58+00:00","description":"D\u00e9couvrez les \u00e9co-b\u00e2timents qui contribuent \u00e0 promouvoir la durabilit\u00e9 \u00e0 Barcelone et qui modifient l'architecture de la ville.","breadcrumb":{"@id":"https:\/\/www.lugaris.com\/fr\/exemples-darchitecture-durable-a-barcelone\/#breadcrumb"},"inLanguage":"fr-FR","potentialAction":[{"@type":"ReadAction","target":["https:\/\/www.lugaris.com\/fr\/exemples-darchitecture-durable-a-barcelone\/"]}]},{"@type":"ImageObject","inLanguage":"fr-FR","@id":"https:\/\/www.lugaris.com\/fr\/exemples-darchitecture-durable-a-barcelone\/#primaryimage","url":"https:\/\/www.lugaris.com\/app\/uploads\/2022\/01\/1525719543_296273_1525719683_noticia_normal.jpg","contentUrl":"https:\/\/www.lugaris.com\/app\/uploads\/2022\/01\/1525719543_296273_1525719683_noticia_normal.jpg","width":980,"height":559},{"@type":"BreadcrumbList","@id":"https:\/\/www.lugaris.com\/fr\/exemples-darchitecture-durable-a-barcelone\/#breadcrumb","itemListElement":[{"@type":"ListItem","position":1,"name":"Home","item":"https:\/\/www.lugaris.com\/fr\/"},{"@type":"ListItem","position":2,"name":"Exemples d&#8217;architecture durable \u00e0 Barcelone"}]},{"@type":"WebSite","@id":"https:\/\/www.lugaris.com\/fr\/#website","url":"https:\/\/www.lugaris.com\/fr\/","name":"Lugaris","description":"Apartamentos de vacaciones en Barcelona","publisher":{"@id":"https:\/\/www.lugaris.com\/fr\/#organization"},"potentialAction":[{"@type":"SearchAction","target":{"@type":"EntryPoint","urlTemplate":"https:\/\/www.lugaris.com\/fr\/?s={search_term_string}"},"query-input":"required name=search_term_string"}],"inLanguage":"fr-FR"},{"@type":"Organization","@id":"https:\/\/www.lugaris.com\/fr\/#organization","name":"Lugaris Apartments in Barcelona","url":"https:\/\/www.lugaris.com\/fr\/","logo":{"@type":"ImageObject","inLanguage":"fr-FR","@id":"https:\/\/www.lugaris.com\/fr\/#\/schema\/logo\/image\/","url":"https:\/\/www.lugaris.com\/app\/uploads\/2020\/03\/Logo_lugaris_v2.png","contentUrl":"https:\/\/www.lugaris.com\/app\/uploads\/2020\/03\/Logo_lugaris_v2.png","width":285,"height":257,"caption":"Lugaris Apartments in Barcelona"},"image":{"@id":"https:\/\/www.lugaris.com\/fr\/#\/schema\/logo\/image\/"}},{"@type":"Person","@id":"https:\/\/www.lugaris.com\/fr\/#\/schema\/person\/d331d1664afd39e5f4a62edea3455729","name":"Lugaris Reservas","image":{"@type":"ImageObject","inLanguage":"fr-FR","@id":"https:\/\/www.lugaris.com\/fr\/#\/schema\/person\/image\/","url":"https:\/\/www.lugaris.com\/app\/litespeed\/avatar\/75caeadca424e791d40a099d0fda7cee.jpg?ver=1776885139","contentUrl":"https:\/\/www.lugaris.com\/app\/litespeed\/avatar\/75caeadca424e791d40a099d0fda7cee.jpg?ver=1776885139","caption":"Lugaris Reservas"}}]}},"uagb_featured_image_src":{"full":["https:\/\/www.lugaris.com\/app\/uploads\/2022\/01\/1525719543_296273_1525719683_noticia_normal.jpg",980,559,false],"thumbnail":["https:\/\/www.lugaris.com\/app\/uploads\/2022\/01\/1525719543_296273_1525719683_noticia_normal-640x365.jpg",640,365,true],"medium":["https:\/\/www.lugaris.com\/app\/uploads\/2022\/01\/1525719543_296273_1525719683_noticia_normal.jpg",980,559,false],"medium_large":["https:\/\/www.lugaris.com\/app\/uploads\/2022\/01\/1525719543_296273_1525719683_noticia_normal-768x438.jpg",768,438,true],"large":["https:\/\/www.lugaris.com\/app\/uploads\/2022\/01\/1525719543_296273_1525719683_noticia_normal.jpg",980,559,false],"1536x1536":["https:\/\/www.lugaris.com\/app\/uploads\/2022\/01\/1525719543_296273_1525719683_noticia_normal.jpg",980,559,false],"2048x2048":["https:\/\/www.lugaris.com\/app\/uploads\/2022\/01\/1525719543_296273_1525719683_noticia_normal.jpg",980,559,false]},"uagb_author_info":{"display_name":"Lugaris Reservas","author_link":"https:\/\/www.lugaris.com\/fr\/author\/lugaris\/"},"uagb_comment_info":0,"uagb_excerpt":"D\u00e9couvrez les meilleurs b\u00e2timents \u00e9co-responsables de Barcelone De plus en plus d\u2019entreprises li\u00e9es au secteur de la construction s\u2019engagent activement en faveur de l\u2019environnement, concr\u00e9tisant cet engagement \u00e0 travers leurs b\u00e2timents et projets.","_links":{"self":[{"href":"https:\/\/www.lugaris.com\/fr\/wp-json\/wp\/v2\/posts\/26562"}],"collection":[{"href":"https:\/\/www.lugaris.com\/fr\/wp-json\/wp\/v2\/posts"}],"about":[{"href":"https:\/\/www.lugaris.com\/fr\/wp-json\/wp\/v2\/types\/post"}],"author":[{"embeddable":true,"href":"https:\/\/www.lugaris.com\/fr\/wp-json\/wp\/v2\/users\/8"}],"replies":[{"embeddable":true,"href":"https:\/\/www.lugaris.com\/fr\/wp-json\/wp\/v2\/comments?post=26562"}],"version-history":[{"count":1,"href":"https:\/\/www.lugaris.com\/fr\/wp-json\/wp\/v2\/posts\/26562\/revisions"}],"predecessor-version":[{"id":26569,"href":"https:\/\/www.lugaris.com\/fr\/wp-json\/wp\/v2\/posts\/26562\/revisions\/26569"}],"wp:featuredmedia":[{"embeddable":true,"href":"https:\/\/www.lugaris.com\/fr\/wp-json\/wp\/v2\/media\/17217"}],"wp:attachment":[{"href":"https:\/\/www.lugaris.com\/fr\/wp-json\/wp\/v2\/media?parent=26562"}],"wp:term":[{"taxonomy":"category","embeddable":true,"href":"https:\/\/www.lugaris.com\/fr\/wp-json\/wp\/v2\/categories?post=26562"},{"taxonomy":"post_tag","embeddable":true,"href":"https:\/\/www.lugaris.com\/fr\/wp-json\/wp\/v2\/tags?post=26562"}],"curies":[{"name":"wp","href":"https:\/\/api.w.org\/{rel}","templated":true}]}}