{"id":26596,"date":"2021-06-16T09:09:02","date_gmt":"2021-06-16T09:09:02","guid":{"rendered":"https:\/\/www.lugaris.com\/que-coches-pueden-entrar-en-barcelona\/"},"modified":"2024-12-02T20:23:34","modified_gmt":"2024-12-02T20:23:34","slug":"quelles-voitures-peuvent-entrer-a-barcelone","status":"publish","type":"post","link":"https:\/\/www.lugaris.com\/fr\/quelles-voitures-peuvent-entrer-a-barcelone\/","title":{"rendered":"Quelles voitures peuvent entrer \u00e0 Barcelone ?"},"content":{"rendered":"\n<p class=\"\">Apr\u00e8s des d\u00e9cennies d&#8217;expansion urbaine sans prendre en compte les graves cons\u00e9quences de la pollution due aux v\u00e9hicules, les principales villes europ\u00e9ennes sont confront\u00e9es \u00e0 des d\u00e9fis majeurs. Les niveaux \u00e9lev\u00e9s de pollution ont entra\u00een\u00e9 des probl\u00e8mes de sant\u00e9 pr\u00e9occupants, tels que des infections respiratoires, des accidents vasculaires c\u00e9r\u00e9braux, des maladies cardiaques et des cancers du poumon, affectant particuli\u00e8rement les populations les plus vuln\u00e9rables, notamment les enfants et les personnes souffrant de pathologies pr\u00e9existantes.<\/p>\n\n\n\n<figure class=\"wp-block-image\"><img decoding=\"async\" src=\"https:\/\/lh7-rt.googleusercontent.com\/docsz\/AD_4nXcmRmzVi3Aihp7rJ-eQNOilTBal_z2HpoH1k-BzsdDJGs5cp9gBc--r--L3VKtFJEMwyYphzrdGj4LJwezh1H5GkArcbNotGqK8IkM12Gr4rorVpf8qFjbWC_XOaruT-0xmya6j8Q?key=xvXwAUpsCjXCncSc-1eGoKFH\" alt=\"\"\/><\/figure>\n\n\n\n<p class=\"\">Barcelone, une ville fortement touch\u00e9e par cette probl\u00e9matique, a pris des mesures pour y faire face. S&#8217;inspirant d&#8217;autres m\u00e9tropoles europ\u00e9ennes, elle a mis en \u0153uvre, \u00e0 partir du 1er janvier 2020, un plan visant \u00e0 cr\u00e9er une <strong>Zone \u00e0 Faibles \u00c9missions (ZFE)<\/strong> dans le p\u00e9rim\u00e8tre des rocades de la ville. Cependant, en raison de la crise li\u00e9e \u00e0 la pand\u00e9mie de COVID-19, la mise en \u0153uvre de la ZFE a \u00e9t\u00e9 report\u00e9e au 15 septembre. <strong>Mais qu&#8217;implique cette mesure exactement et quels v\u00e9hicules sont autoris\u00e9s \u00e0 circuler \u00e0 Barcelone ?<\/strong> Voici toutes les informations n\u00e9cessaires pour planifier votre visite en ville.<\/p>\n\n\n\n<h2 class=\"wp-block-heading\">Quels v\u00e9hicules peuvent circuler \u00e0 Barcelone en 2023 ?<\/h2>\n\n\n\n<p class=\"\">La mise en \u0153uvre de cette r\u00e9glementation \u00e0 Barcelone a transform\u00e9 la mobilit\u00e9 des v\u00e9hicules motoris\u00e9s. Aujourd&#8217;hui, seuls les v\u00e9hicules munis de l&#8217;\u00e9tiquette environnementale de la <strong>DGT (Direction G\u00e9n\u00e9rale du Trafic)<\/strong> sont autoris\u00e9s \u00e0 circuler.<\/p>\n\n\n\n<p class=\"\">La DGT attribue ces \u00e9tiquettes ou vignettes environnementales aux v\u00e9hicules consid\u00e9r\u00e9s comme non polluants, r\u00e9partis en cinq cat\u00e9gories, des moins aux plus polluants.<\/p>\n\n\n\n<ul class=\"\">\n<li class=\"\">Les voitures particuli\u00e8res touch\u00e9es par cette r\u00e9glementation incluent les v\u00e9hicules \u00e0 essence immatricul\u00e9s avant janvier 2000 et les v\u00e9hicules diesel immatricul\u00e9s avant janvier 2006.<\/li>\n\n\n\n<li class=\"\">Les camionnettes \u00e0 essence immatricul\u00e9es avant 2000, les diesel Euro 4, ainsi que les motos, cyclomoteurs et quadricycles immatricul\u00e9s avant 2003, sont \u00e9galement concern\u00e9s.<\/li>\n<\/ul>\n\n\n\n<figure class=\"wp-block-image\"><img decoding=\"async\" src=\"https:\/\/lh7-rt.googleusercontent.com\/docsz\/AD_4nXeLdZ1EGmzTEt4pIZRQDHofVkF44z9OJXk8IipgjU5OgAHIaJOAg5CIK73QPsJa6lcJC_rBbjvZ2PpjgvGyibMedFG4NjaokSTmBHvok_94_RgI5uzV85Z-Z3FIUqnLG7q2sQgtdQ?key=xvXwAUpsCjXCncSc-1eGoKFH\" alt=\"\"\/><\/figure>\n\n\n\n<h4 class=\"wp-block-heading\"><strong>Exemptions<\/strong><\/h4>\n\n\n\n<p class=\"\">Les v\u00e9hicules suivants ne sont pas soumis \u00e0 ces restrictions :<\/p>\n\n\n\n<ul class=\"\">\n<li class=\"\">Les v\u00e9hicules destin\u00e9s au transport de personnes \u00e0 mobilit\u00e9 r\u00e9duite.<\/li>\n\n\n\n<li class=\"\">Les v\u00e9hicules de services d&#8217;urgence et essentiels (m\u00e9dicaux, fun\u00e9raires, policiers et pompiers).<\/li>\n\n\n\n<li class=\"\">Les v\u00e9hicules sp\u00e9cifiques comme les grues ou les b\u00e9tonni\u00e8res.<\/li>\n<\/ul>\n\n\n\n<p class=\"\">Ces v\u00e9hicules doivent obtenir un <strong>permis de circulation<\/strong> pour la ZFE aupr\u00e8s du Registre M\u00e9tropolitain des V\u00e9hicules.<\/p>\n\n\n\n<p class=\"\">Pour v\u00e9rifier quelle \u00e9tiquette environnementale correspond \u00e0 votre v\u00e9hicule, consultez le <strong>Guide ZFE Barcelone par plaque d&#8217;immatriculation<\/strong> ou rendez-vous sur le site de l&#8217;urbanisme de l&#8217;<strong>AMB (Aire M\u00e9tropolitaine de Barcelone)<\/strong>.<\/p>\n\n\n\n<h2 class=\"wp-block-heading\">Qu&#8217;est-ce que la ZFE ?<\/h2>\n\n\n\n<p class=\"\">La ZFE est une zone d\u00e9sign\u00e9e pour r\u00e9duire la circulation des v\u00e9hicules tr\u00e8s polluants. Cette mesure est entr\u00e9e en vigueur le <strong>1er janvier 2020<\/strong>, bien que sa mise en \u0153uvre pratique ait d\u00e9but\u00e9 le 2 janvier, jour ouvrable. Depuis, malgr\u00e9 des contestations judiciaires, cette r\u00e9glementation reste active en 2023 et pourrait s&#8217;\u00e9tendre \u00e0 toutes les communes de plus de 50 000 habitants.<\/p>\n\n\n\n<h2 class=\"wp-block-heading\">Quelles voitures doivent afficher une vignette environnementale \u00e0 Barcelone ?<\/h2>\n\n\n\n<h4 class=\"wp-block-heading\"><strong>\u00c9tiquette &#8220;Z\u00e9ro \u00c9mission&#8221;<\/strong><\/h4>\n\n\n\n<ul class=\"\">\n<li class=\"\">V\u00e9hicules \u00e9lectriques ou hybrides avec une autonomie sup\u00e9rieure \u00e0 40 km.<\/li>\n<\/ul>\n\n\n\n<figure class=\"wp-block-image\"><img decoding=\"async\" src=\"https:\/\/lh7-rt.googleusercontent.com\/docsz\/AD_4nXf9T7vWoCxGBLkzcwtzfnc_EGU8X72k82CQ_NufelOf0KmOfbRhhu2jD7K7-gqB_xnVCYV57503GZpKq0syeXLSqwtHq7p3R4OjRT9q4Saq6759SPZzS3P4myJJcDtmAgbjGR5nMQ?key=xvXwAUpsCjXCncSc-1eGoKFH\" alt=\"\"\/><\/figure>\n\n\n\n<h4 class=\"wp-block-heading\"><strong>\u00c9tiquette &#8220;\u00c9co&#8221;<\/strong><\/h4>\n\n\n\n<ul class=\"\">\n<li class=\"\">Voitures hybrides avec une autonomie inf\u00e9rieure \u00e0 40 km.<\/li>\n\n\n\n<li class=\"\">V\u00e9hicules fonctionnant au gaz naturel.<\/li>\n<\/ul>\n\n\n\n<h4 class=\"wp-block-heading\"><strong>\u00c9tiquette &#8220;C&#8221;<\/strong><\/h4>\n\n\n\n<ul class=\"\">\n<li class=\"\">Voitures et camionnettes \u00e0 essence immatricul\u00e9es apr\u00e8s 2006.<\/li>\n\n\n\n<li class=\"\">V\u00e9hicules diesel immatricul\u00e9s apr\u00e8s 2014.<\/li>\n\n\n\n<li class=\"\">V\u00e9hicules de plus de 8 places et v\u00e9hicules de transport de marchandises immatricul\u00e9s apr\u00e8s 2014.<\/li>\n<\/ul>\n\n\n\n<h4 class=\"wp-block-heading\"><strong>\u00c9tiquette &#8220;B&#8221;<\/strong><\/h4>\n\n\n\n<ul class=\"\">\n<li class=\"\">Voitures et camionnettes \u00e0 essence immatricul\u00e9es apr\u00e8s 2000.<\/li>\n\n\n\n<li class=\"\">Diesel immatricul\u00e9s apr\u00e8s 2006, incluant des v\u00e9hicules de plus de 8 places et de transport immatricul\u00e9s apr\u00e8s 2005.<\/li>\n<\/ul>\n\n\n\n<p class=\"\">Les v\u00e9hicules tr\u00e8s polluants ne re\u00e7oivent aucune vignette. Bien que non obligatoire, il est recommand\u00e9 de coller la vignette dans l&#8217;angle inf\u00e9rieur droit du pare-brise avant pour faciliter l&#8217;identification et \u00e9viter les amendes.<\/p>\n\n\n\n<h2 class=\"wp-block-heading\">Comment entrer \u00e0 Barcelone avec une voiture immatricul\u00e9e \u00e0 l&#8217;\u00e9tranger ?<\/h2>\n\n\n\n<p class=\"\">Les v\u00e9hicules immatricul\u00e9s \u00e0 l&#8217;\u00e9tranger doivent respecter des crit\u00e8res sp\u00e9cifiques pour acc\u00e9der \u00e0 la ZFE de Barcelone. Voici les v\u00e9hicules autoris\u00e9s :<\/p>\n\n\n\n<ul class=\"\">\n<li class=\"\"><strong>Depuis le 1er janvier 2020<\/strong> :<br>\n<ul class=\"\">\n<li class=\"\">Motos et cyclomoteurs Euro 2 ou plus.<\/li>\n\n\n\n<li class=\"\">Voitures \u00e9lectriques, essence Euro 3 ou plus.<\/li>\n\n\n\n<li class=\"\">Diesel Euro 4 ou plus.<\/li>\n<\/ul>\n<\/li>\n\n\n\n<li class=\"\"><strong>Depuis le 1er avril 2021<\/strong> :<br>\n<ul class=\"\">\n<li class=\"\">V\u00e9hicules commerciaux l\u00e9gers (cat\u00e9gorie N1) \u00e9lectriques, essence Euro 3 ou diesel Euro 4.<\/li>\n<\/ul>\n<\/li>\n\n\n\n<li class=\"\"><strong>Depuis le 1er juillet 2021<\/strong> :<br>\n<ul class=\"\">\n<li class=\"\">Minibus (cat\u00e9gorie M2) et camions (cat\u00e9gories N2 et N3) Euro 4 ou plus.<\/li>\n<\/ul>\n<\/li>\n\n\n\n<li class=\"\"><strong>Depuis le 1er janvier 2022<\/strong> :<br>\n<ul class=\"\">\n<li class=\"\">Autobus et autocars (cat\u00e9gorie M3) Euro 4 ou plus.<\/li>\n<\/ul>\n<\/li>\n<\/ul>\n\n\n\n<p class=\"\"><strong>Inscription obligatoire<\/strong><strong><br><\/strong> Les v\u00e9hicules \u00e9trangers doivent \u00eatre enregistr\u00e9s \u00e0 l&#8217;avance. En cas de non-respect, une amende de 100 \u20ac ou plus peut \u00eatre inflig\u00e9e. Pour les v\u00e9hicules non conformes, des autorisations journali\u00e8res peuvent \u00eatre demand\u00e9es ou des alternatives comme les transports publics ou le v\u00e9lo peuvent \u00eatre utilis\u00e9es.<\/p>\n\n\n\n<h3 class=\"wp-block-heading\"><strong>Quand peut-on circuler \u00e0 Barcelone sans vignette ?<\/strong><\/h3>\n\n\n\n<p class=\"\">Les restrictions ne s&#8217;appliquent pas toute l&#8217;ann\u00e9e ni \u00e0 toutes les heures. Les limitations sont en vigueur du <strong>lundi au vendredi de 7h00 \u00e0 20h00<\/strong>. Les samedis, dimanches et jours f\u00e9ri\u00e9s, les restrictions ne s&#8217;appliquent pas. Pendant ces p\u00e9riodes, la circulation est libre, m\u00eame pour les v\u00e9hicules sans vignette environnementale.<\/p>\n","protected":false},"excerpt":{"rendered":"<p>Tras d\u00e9cadas de un progresivo crecimiento urbano sin apenas reparar en las graves consecuencias derivadas de la contaminaci\u00f3n generada por el tr\u00e1fico, las grandes metr\u00f3polis europeas se han visto saturadas.<\/p>\n","protected":false},"author":8,"featured_media":16240,"comment_status":"open","ping_status":"open","sticky":false,"template":"","format":"standard","meta":{"_uag_custom_page_level_css":"","footnotes":""},"categories":[690,664],"tags":[688,674],"yoast_head":"<!-- This site is optimized with the Yoast SEO plugin v23.1 - https:\/\/yoast.com\/wordpress\/plugins\/seo\/ -->\n<title>\u00bfQuelles voitures peuvent entrer \u00e0 Barcelone ? | Lugaris<\/title>\n<meta name=\"description\" content=\"Maintenant que la ZBE est entr\u00e9e en vigueur, d\u00e9couvrez quels v\u00e9hicules peuvent circuler dans la capitale et comment obtenir votre vignette.\" \/>\n<meta name=\"robots\" content=\"index, follow, max-snippet:-1, max-image-preview:large, max-video-preview:-1\" \/>\n<link rel=\"canonical\" href=\"https:\/\/www.lugaris.com\/fr\/quelles-voitures-peuvent-entrer-a-barcelone\/\" \/>\n<meta property=\"og:locale\" content=\"fr_FR\" \/>\n<meta property=\"og:type\" content=\"article\" \/>\n<meta property=\"og:title\" content=\"\u00bfQuelles voitures peuvent entrer \u00e0 Barcelone ? | Lugaris\" \/>\n<meta property=\"og:description\" content=\"Maintenant que la ZBE est entr\u00e9e en vigueur, d\u00e9couvrez quels v\u00e9hicules peuvent circuler dans la capitale et comment obtenir votre vignette.\" \/>\n<meta property=\"og:url\" content=\"https:\/\/www.lugaris.com\/fr\/quelles-voitures-peuvent-entrer-a-barcelone\/\" \/>\n<meta property=\"og:site_name\" content=\"Lugaris\" \/>\n<meta property=\"article:published_time\" content=\"2021-06-16T09:09:02+00:00\" \/>\n<meta property=\"article:modified_time\" content=\"2024-12-02T20:23:34+00:00\" \/>\n<meta property=\"og:image\" content=\"https:\/\/www.lugaris.com\/app\/uploads\/2021\/06\/mickey-jancov-lYi_JooO1Zs-unsplash-1280x960.jpg\" \/>\n\t<meta property=\"og:image:width\" content=\"1280\" \/>\n\t<meta property=\"og:image:height\" content=\"960\" \/>\n\t<meta property=\"og:image:type\" content=\"image\/jpeg\" \/>\n<meta name=\"author\" content=\"Lugaris Reservas\" \/>\n<meta name=\"twitter:card\" content=\"summary_large_image\" \/>\n<meta name=\"twitter:label1\" content=\"Written by\" \/>\n\t<meta name=\"twitter:data1\" content=\"Lugaris Reservas\" \/>\n\t<meta name=\"twitter:label2\" content=\"Est. reading time\" \/>\n\t<meta name=\"twitter:data2\" content=\"5 minutes\" \/>\n<script type=\"application\/ld+json\" class=\"yoast-schema-graph\">{\"@context\":\"https:\/\/schema.org\",\"@graph\":[{\"@type\":\"Article\",\"@id\":\"https:\/\/www.lugaris.com\/fr\/quelles-voitures-peuvent-entrer-a-barcelone\/#article\",\"isPartOf\":{\"@id\":\"https:\/\/www.lugaris.com\/fr\/quelles-voitures-peuvent-entrer-a-barcelone\/\"},\"author\":{\"name\":\"Lugaris Reservas\",\"@id\":\"https:\/\/www.lugaris.com\/fr\/#\/schema\/person\/d331d1664afd39e5f4a62edea3455729\"},\"headline\":\"Quelles voitures peuvent entrer \u00e0 Barcelone ?\",\"datePublished\":\"2021-06-16T09:09:02+00:00\",\"dateModified\":\"2024-12-02T20:23:34+00:00\",\"mainEntityOfPage\":{\"@id\":\"https:\/\/www.lugaris.com\/fr\/quelles-voitures-peuvent-entrer-a-barcelone\/\"},\"wordCount\":858,\"commentCount\":0,\"publisher\":{\"@id\":\"https:\/\/www.lugaris.com\/fr\/#organization\"},\"image\":{\"@id\":\"https:\/\/www.lugaris.com\/fr\/quelles-voitures-peuvent-entrer-a-barcelone\/#primaryimage\"},\"thumbnailUrl\":\"https:\/\/www.lugaris.com\/app\/uploads\/2021\/06\/mickey-jancov-lYi_JooO1Zs-unsplash.jpg\",\"keywords\":[\"Cultura en Barcelona\",\"Barrios de Barcelona\"],\"articleSection\":[\"Noticias\",\"Barcelona\"],\"inLanguage\":\"fr-FR\",\"potentialAction\":[{\"@type\":\"CommentAction\",\"name\":\"Comment\",\"target\":[\"https:\/\/www.lugaris.com\/fr\/quelles-voitures-peuvent-entrer-a-barcelone\/#respond\"]}]},{\"@type\":\"WebPage\",\"@id\":\"https:\/\/www.lugaris.com\/fr\/quelles-voitures-peuvent-entrer-a-barcelone\/\",\"url\":\"https:\/\/www.lugaris.com\/fr\/quelles-voitures-peuvent-entrer-a-barcelone\/\",\"name\":\"\u00bfQuelles voitures peuvent entrer \u00e0 Barcelone ? | Lugaris\",\"isPartOf\":{\"@id\":\"https:\/\/www.lugaris.com\/fr\/#website\"},\"primaryImageOfPage\":{\"@id\":\"https:\/\/www.lugaris.com\/fr\/quelles-voitures-peuvent-entrer-a-barcelone\/#primaryimage\"},\"image\":{\"@id\":\"https:\/\/www.lugaris.com\/fr\/quelles-voitures-peuvent-entrer-a-barcelone\/#primaryimage\"},\"thumbnailUrl\":\"https:\/\/www.lugaris.com\/app\/uploads\/2021\/06\/mickey-jancov-lYi_JooO1Zs-unsplash.jpg\",\"datePublished\":\"2021-06-16T09:09:02+00:00\",\"dateModified\":\"2024-12-02T20:23:34+00:00\",\"description\":\"Maintenant que la ZBE est entr\u00e9e en vigueur, d\u00e9couvrez quels v\u00e9hicules peuvent circuler dans la capitale et comment obtenir votre vignette.\",\"breadcrumb\":{\"@id\":\"https:\/\/www.lugaris.com\/fr\/quelles-voitures-peuvent-entrer-a-barcelone\/#breadcrumb\"},\"inLanguage\":\"fr-FR\",\"potentialAction\":[{\"@type\":\"ReadAction\",\"target\":[\"https:\/\/www.lugaris.com\/fr\/quelles-voitures-peuvent-entrer-a-barcelone\/\"]}]},{\"@type\":\"ImageObject\",\"inLanguage\":\"fr-FR\",\"@id\":\"https:\/\/www.lugaris.com\/fr\/quelles-voitures-peuvent-entrer-a-barcelone\/#primaryimage\",\"url\":\"https:\/\/www.lugaris.com\/app\/uploads\/2021\/06\/mickey-jancov-lYi_JooO1Zs-unsplash.jpg\",\"contentUrl\":\"https:\/\/www.lugaris.com\/app\/uploads\/2021\/06\/mickey-jancov-lYi_JooO1Zs-unsplash.jpg\",\"width\":2560,\"height\":1920,\"caption\":\"Driving in Barcelona. Everything about its Low Emission Zone\"},{\"@type\":\"BreadcrumbList\",\"@id\":\"https:\/\/www.lugaris.com\/fr\/quelles-voitures-peuvent-entrer-a-barcelone\/#breadcrumb\",\"itemListElement\":[{\"@type\":\"ListItem\",\"position\":1,\"name\":\"Home\",\"item\":\"https:\/\/www.lugaris.com\/fr\/\"},{\"@type\":\"ListItem\",\"position\":2,\"name\":\"Quelles voitures peuvent entrer \u00e0 Barcelone ?\"}]},{\"@type\":\"WebSite\",\"@id\":\"https:\/\/www.lugaris.com\/fr\/#website\",\"url\":\"https:\/\/www.lugaris.com\/fr\/\",\"name\":\"Lugaris\",\"description\":\"Apartamentos de vacaciones en Barcelona\",\"publisher\":{\"@id\":\"https:\/\/www.lugaris.com\/fr\/#organization\"},\"potentialAction\":[{\"@type\":\"SearchAction\",\"target\":{\"@type\":\"EntryPoint\",\"urlTemplate\":\"https:\/\/www.lugaris.com\/fr\/?s={search_term_string}\"},\"query-input\":\"required name=search_term_string\"}],\"inLanguage\":\"fr-FR\"},{\"@type\":\"Organization\",\"@id\":\"https:\/\/www.lugaris.com\/fr\/#organization\",\"name\":\"Lugaris Apartments in Barcelona\",\"url\":\"https:\/\/www.lugaris.com\/fr\/\",\"logo\":{\"@type\":\"ImageObject\",\"inLanguage\":\"fr-FR\",\"@id\":\"https:\/\/www.lugaris.com\/fr\/#\/schema\/logo\/image\/\",\"url\":\"https:\/\/www.lugaris.com\/app\/uploads\/2020\/03\/Logo_lugaris_v2.png\",\"contentUrl\":\"https:\/\/www.lugaris.com\/app\/uploads\/2020\/03\/Logo_lugaris_v2.png\",\"width\":285,\"height\":257,\"caption\":\"Lugaris Apartments in Barcelona\"},\"image\":{\"@id\":\"https:\/\/www.lugaris.com\/fr\/#\/schema\/logo\/image\/\"}},{\"@type\":\"Person\",\"@id\":\"https:\/\/www.lugaris.com\/fr\/#\/schema\/person\/d331d1664afd39e5f4a62edea3455729\",\"name\":\"Lugaris Reservas\",\"image\":{\"@type\":\"ImageObject\",\"inLanguage\":\"fr-FR\",\"@id\":\"https:\/\/www.lugaris.com\/fr\/#\/schema\/person\/image\/\",\"url\":\"https:\/\/www.lugaris.com\/app\/litespeed\/avatar\/75caeadca424e791d40a099d0fda7cee.jpg?ver=1776885139\",\"contentUrl\":\"https:\/\/www.lugaris.com\/app\/litespeed\/avatar\/75caeadca424e791d40a099d0fda7cee.jpg?ver=1776885139\",\"caption\":\"Lugaris Reservas\"}}]}<\/script>\n<!-- \/ Yoast SEO plugin. -->","yoast_head_json":{"title":"\u00bfQuelles voitures peuvent entrer \u00e0 Barcelone ? | Lugaris","description":"Maintenant que la ZBE est entr\u00e9e en vigueur, d\u00e9couvrez quels v\u00e9hicules peuvent circuler dans la capitale et comment obtenir votre vignette.","robots":{"index":"index","follow":"follow","max-snippet":"max-snippet:-1","max-image-preview":"max-image-preview:large","max-video-preview":"max-video-preview:-1"},"canonical":"https:\/\/www.lugaris.com\/fr\/quelles-voitures-peuvent-entrer-a-barcelone\/","og_locale":"fr_FR","og_type":"article","og_title":"\u00bfQuelles voitures peuvent entrer \u00e0 Barcelone ? | Lugaris","og_description":"Maintenant que la ZBE est entr\u00e9e en vigueur, d\u00e9couvrez quels v\u00e9hicules peuvent circuler dans la capitale et comment obtenir votre vignette.","og_url":"https:\/\/www.lugaris.com\/fr\/quelles-voitures-peuvent-entrer-a-barcelone\/","og_site_name":"Lugaris","article_published_time":"2021-06-16T09:09:02+00:00","article_modified_time":"2024-12-02T20:23:34+00:00","og_image":[{"width":1280,"height":960,"url":"https:\/\/www.lugaris.com\/app\/uploads\/2021\/06\/mickey-jancov-lYi_JooO1Zs-unsplash-1280x960.jpg","type":"image\/jpeg"}],"author":"Lugaris Reservas","twitter_card":"summary_large_image","twitter_misc":{"Written by":"Lugaris Reservas","Est. reading time":"5 minutes"},"schema":{"@context":"https:\/\/schema.org","@graph":[{"@type":"Article","@id":"https:\/\/www.lugaris.com\/fr\/quelles-voitures-peuvent-entrer-a-barcelone\/#article","isPartOf":{"@id":"https:\/\/www.lugaris.com\/fr\/quelles-voitures-peuvent-entrer-a-barcelone\/"},"author":{"name":"Lugaris Reservas","@id":"https:\/\/www.lugaris.com\/fr\/#\/schema\/person\/d331d1664afd39e5f4a62edea3455729"},"headline":"Quelles voitures peuvent entrer \u00e0 Barcelone ?","datePublished":"2021-06-16T09:09:02+00:00","dateModified":"2024-12-02T20:23:34+00:00","mainEntityOfPage":{"@id":"https:\/\/www.lugaris.com\/fr\/quelles-voitures-peuvent-entrer-a-barcelone\/"},"wordCount":858,"commentCount":0,"publisher":{"@id":"https:\/\/www.lugaris.com\/fr\/#organization"},"image":{"@id":"https:\/\/www.lugaris.com\/fr\/quelles-voitures-peuvent-entrer-a-barcelone\/#primaryimage"},"thumbnailUrl":"https:\/\/www.lugaris.com\/app\/uploads\/2021\/06\/mickey-jancov-lYi_JooO1Zs-unsplash.jpg","keywords":["Cultura en Barcelona","Barrios de Barcelona"],"articleSection":["Noticias","Barcelona"],"inLanguage":"fr-FR","potentialAction":[{"@type":"CommentAction","name":"Comment","target":["https:\/\/www.lugaris.com\/fr\/quelles-voitures-peuvent-entrer-a-barcelone\/#respond"]}]},{"@type":"WebPage","@id":"https:\/\/www.lugaris.com\/fr\/quelles-voitures-peuvent-entrer-a-barcelone\/","url":"https:\/\/www.lugaris.com\/fr\/quelles-voitures-peuvent-entrer-a-barcelone\/","name":"\u00bfQuelles voitures peuvent entrer \u00e0 Barcelone ? | Lugaris","isPartOf":{"@id":"https:\/\/www.lugaris.com\/fr\/#website"},"primaryImageOfPage":{"@id":"https:\/\/www.lugaris.com\/fr\/quelles-voitures-peuvent-entrer-a-barcelone\/#primaryimage"},"image":{"@id":"https:\/\/www.lugaris.com\/fr\/quelles-voitures-peuvent-entrer-a-barcelone\/#primaryimage"},"thumbnailUrl":"https:\/\/www.lugaris.com\/app\/uploads\/2021\/06\/mickey-jancov-lYi_JooO1Zs-unsplash.jpg","datePublished":"2021-06-16T09:09:02+00:00","dateModified":"2024-12-02T20:23:34+00:00","description":"Maintenant que la ZBE est entr\u00e9e en vigueur, d\u00e9couvrez quels v\u00e9hicules peuvent circuler dans la capitale et comment obtenir votre vignette.","breadcrumb":{"@id":"https:\/\/www.lugaris.com\/fr\/quelles-voitures-peuvent-entrer-a-barcelone\/#breadcrumb"},"inLanguage":"fr-FR","potentialAction":[{"@type":"ReadAction","target":["https:\/\/www.lugaris.com\/fr\/quelles-voitures-peuvent-entrer-a-barcelone\/"]}]},{"@type":"ImageObject","inLanguage":"fr-FR","@id":"https:\/\/www.lugaris.com\/fr\/quelles-voitures-peuvent-entrer-a-barcelone\/#primaryimage","url":"https:\/\/www.lugaris.com\/app\/uploads\/2021\/06\/mickey-jancov-lYi_JooO1Zs-unsplash.jpg","contentUrl":"https:\/\/www.lugaris.com\/app\/uploads\/2021\/06\/mickey-jancov-lYi_JooO1Zs-unsplash.jpg","width":2560,"height":1920,"caption":"Driving in Barcelona. Everything about its Low Emission Zone"},{"@type":"BreadcrumbList","@id":"https:\/\/www.lugaris.com\/fr\/quelles-voitures-peuvent-entrer-a-barcelone\/#breadcrumb","itemListElement":[{"@type":"ListItem","position":1,"name":"Home","item":"https:\/\/www.lugaris.com\/fr\/"},{"@type":"ListItem","position":2,"name":"Quelles voitures peuvent entrer \u00e0 Barcelone ?"}]},{"@type":"WebSite","@id":"https:\/\/www.lugaris.com\/fr\/#website","url":"https:\/\/www.lugaris.com\/fr\/","name":"Lugaris","description":"Apartamentos de vacaciones en Barcelona","publisher":{"@id":"https:\/\/www.lugaris.com\/fr\/#organization"},"potentialAction":[{"@type":"SearchAction","target":{"@type":"EntryPoint","urlTemplate":"https:\/\/www.lugaris.com\/fr\/?s={search_term_string}"},"query-input":"required name=search_term_string"}],"inLanguage":"fr-FR"},{"@type":"Organization","@id":"https:\/\/www.lugaris.com\/fr\/#organization","name":"Lugaris Apartments in Barcelona","url":"https:\/\/www.lugaris.com\/fr\/","logo":{"@type":"ImageObject","inLanguage":"fr-FR","@id":"https:\/\/www.lugaris.com\/fr\/#\/schema\/logo\/image\/","url":"https:\/\/www.lugaris.com\/app\/uploads\/2020\/03\/Logo_lugaris_v2.png","contentUrl":"https:\/\/www.lugaris.com\/app\/uploads\/2020\/03\/Logo_lugaris_v2.png","width":285,"height":257,"caption":"Lugaris Apartments in Barcelona"},"image":{"@id":"https:\/\/www.lugaris.com\/fr\/#\/schema\/logo\/image\/"}},{"@type":"Person","@id":"https:\/\/www.lugaris.com\/fr\/#\/schema\/person\/d331d1664afd39e5f4a62edea3455729","name":"Lugaris Reservas","image":{"@type":"ImageObject","inLanguage":"fr-FR","@id":"https:\/\/www.lugaris.com\/fr\/#\/schema\/person\/image\/","url":"https:\/\/www.lugaris.com\/app\/litespeed\/avatar\/75caeadca424e791d40a099d0fda7cee.jpg?ver=1776885139","contentUrl":"https:\/\/www.lugaris.com\/app\/litespeed\/avatar\/75caeadca424e791d40a099d0fda7cee.jpg?ver=1776885139","caption":"Lugaris Reservas"}}]}},"uagb_featured_image_src":{"full":["https:\/\/www.lugaris.com\/app\/uploads\/2021\/06\/mickey-jancov-lYi_JooO1Zs-unsplash.jpg",2560,1920,false],"thumbnail":["https:\/\/www.lugaris.com\/app\/uploads\/2021\/06\/mickey-jancov-lYi_JooO1Zs-unsplash-640x480.jpg",640,480,true],"medium":["https:\/\/www.lugaris.com\/app\/uploads\/2021\/06\/mickey-jancov-lYi_JooO1Zs-unsplash-1024x768.jpg",1024,768,true],"medium_large":["https:\/\/www.lugaris.com\/app\/uploads\/2021\/06\/mickey-jancov-lYi_JooO1Zs-unsplash-768x576.jpg",768,576,true],"large":["https:\/\/www.lugaris.com\/app\/uploads\/2021\/06\/mickey-jancov-lYi_JooO1Zs-unsplash-1280x960.jpg",1280,960,true],"1536x1536":["https:\/\/www.lugaris.com\/app\/uploads\/2021\/06\/mickey-jancov-lYi_JooO1Zs-unsplash-1536x1152.jpg",1536,1152,true],"2048x2048":["https:\/\/www.lugaris.com\/app\/uploads\/2021\/06\/mickey-jancov-lYi_JooO1Zs-unsplash-2048x1536.jpg",2048,1536,true]},"uagb_author_info":{"display_name":"Lugaris Reservas","author_link":"https:\/\/www.lugaris.com\/fr\/author\/lugaris\/"},"uagb_comment_info":0,"uagb_excerpt":"Tras d\u00e9cadas de un progresivo crecimiento urbano sin apenas reparar en las graves consecuencias derivadas de la contaminaci\u00f3n generada por el tr\u00e1fico, las grandes metr\u00f3polis europeas se han visto saturadas.","_links":{"self":[{"href":"https:\/\/www.lugaris.com\/fr\/wp-json\/wp\/v2\/posts\/26596"}],"collection":[{"href":"https:\/\/www.lugaris.com\/fr\/wp-json\/wp\/v2\/posts"}],"about":[{"href":"https:\/\/www.lugaris.com\/fr\/wp-json\/wp\/v2\/types\/post"}],"author":[{"embeddable":true,"href":"https:\/\/www.lugaris.com\/fr\/wp-json\/wp\/v2\/users\/8"}],"replies":[{"embeddable":true,"href":"https:\/\/www.lugaris.com\/fr\/wp-json\/wp\/v2\/comments?post=26596"}],"version-history":[{"count":1,"href":"https:\/\/www.lugaris.com\/fr\/wp-json\/wp\/v2\/posts\/26596\/revisions"}],"predecessor-version":[{"id":26604,"href":"https:\/\/www.lugaris.com\/fr\/wp-json\/wp\/v2\/posts\/26596\/revisions\/26604"}],"wp:featuredmedia":[{"embeddable":true,"href":"https:\/\/www.lugaris.com\/fr\/wp-json\/wp\/v2\/media\/16240"}],"wp:attachment":[{"href":"https:\/\/www.lugaris.com\/fr\/wp-json\/wp\/v2\/media?parent=26596"}],"wp:term":[{"taxonomy":"category","embeddable":true,"href":"https:\/\/www.lugaris.com\/fr\/wp-json\/wp\/v2\/categories?post=26596"},{"taxonomy":"post_tag","embeddable":true,"href":"https:\/\/www.lugaris.com\/fr\/wp-json\/wp\/v2\/tags?post=26596"}],"curies":[{"name":"wp","href":"https:\/\/api.w.org\/{rel}","templated":true}]}}