{"id":26611,"date":"2021-04-19T14:22:56","date_gmt":"2021-04-19T14:22:56","guid":{"rendered":"https:\/\/www.lugaris.com\/todo-lo-que-debes-saber-sobre-la-casa-batllo-de-gaudi\/"},"modified":"2024-12-02T21:01:14","modified_gmt":"2024-12-02T21:01:14","slug":"tout-ce-quil-faut-savoir-sur-la-casa-batllo-de-gaudi","status":"publish","type":"post","link":"https:\/\/www.lugaris.com\/fr\/tout-ce-quil-faut-savoir-sur-la-casa-batllo-de-gaudi\/","title":{"rendered":"Tout ce qu&#8217;il faut savoir sur la Casa Batll\u00f3 de Gaud\u00ed"},"content":{"rendered":"\n<p class=\"\">La Casa Batll\u00f3 \u00e0 Barcelone est l&#8217;un de ces lieux qui ne cessent d&#8217;\u00e9merveiller. \u00c9tudier le modernisme ou l&#8217;\u0153uvre de Gaud\u00ed ne suffit pas pour saisir toute la beaut\u00e9 de cet \u00e9difice ; il faut le voir de ses propres yeux.<\/p>\n\n\n\n<figure class=\"wp-block-image\"><img decoding=\"async\" src=\"https:\/\/lh7-rt.googleusercontent.com\/docsz\/AD_4nXeEeXhPdu0R7CImLgt04HWXDODe9vsmQ1Jjww2jTxzPK_ofYYcrutg9AXbfbKepUWh27P5GVO2ZZivWhiHSz7k2QB88z7q6xTbxvr2OJdf_5_MVI7g99ukGI865p3n8N7idzzcGcA?key=xvXwAUpsCjXCncSc-1eGoKFH\" alt=\"\"\/><\/figure>\n\n\n\n<p class=\"\">Les attentes des visiteurs sont souvent \u00e9lev\u00e9es, mais la Casa Batll\u00f3 les d\u00e9passe toujours. Sa fa\u00e7ade enchante d\u00e8s le premier regard, captivant par ses formes uniques et son esth\u00e9tique saisissante. Qu&#8217;elle \u00e9blouisse, intrigue ou m\u00eame effraie, elle ne laisse personne indiff\u00e9rent. Si vous avez l&#8217;occasion de visiter Barcelone, ne manquez pas cette merveille. Pour une exp\u00e9rience encore plus magique, planifiez votre visite en avril, lors de la f\u00eate de Sant Jordi, o\u00f9 des activit\u00e9s sp\u00e9ciales rendent ce jour encore plus m\u00e9morable.<\/p>\n\n\n\n<h2 class=\"wp-block-heading\">Histoire de la Casa Batll\u00f3<\/h2>\n\n\n\n<p class=\"\">Au d\u00e9but du XXe si\u00e8cle, le Passeig de Gr\u00e0cia est devenu l&#8217;une des principales art\u00e8res de l&#8217;Eixample \u00e0 Barcelone. Les familles bourgeoises, d\u00e9sireuses d&#8217;afficher leur pouvoir financier, ont command\u00e9 de somptueuses maisons dans cette avenue, suivant les tendances du modernisme, en engageant les architectes les plus r\u00e9put\u00e9s de l&#8217;\u00e9poque.<\/p>\n\n\n\n<p class=\"\">En 1903, l&#8217;industriel Josep Batll\u00f3 ach\u00e8te un immeuble construit en 1877 par Emilio Salas Cort\u00e9s, professeur \u00e0 l&#8217;\u00c9cole d&#8217;Architecture de Barcelone, qui a notamment form\u00e9 Gaud\u00ed. Consid\u00e9rant l&#8217;architecture initiale trop sobre, surtout \u00e0 c\u00f4t\u00e9 de la Casa Amatller de Puig i Cadafalch, Batll\u00f3 fait appel \u00e0 Gaud\u00ed l&#8217;ann\u00e9e suivante.<\/p>\n\n\n\n<p class=\"\">Bien que Batll\u00f3 ait envisag\u00e9 de d\u00e9molir l&#8217;\u00e9difice, Gaud\u00ed l&#8217;a convaincu de conserver la structure existante tout en proc\u00e9dant \u00e0 une r\u00e9novation compl\u00e8te. Gaud\u00ed a ajout\u00e9 deux niveaux (un \u00e9tage et un grenier) et transform\u00e9 la fa\u00e7ade, les espaces int\u00e9rieurs et les parties principales du b\u00e2timent.<\/p>\n\n\n\n<h2 class=\"wp-block-heading\">Que repr\u00e9sente la Casa Batll\u00f3 ?<\/h2>\n\n\n\n<p class=\"\">Gaud\u00ed a utilis\u00e9 la Casa Batll\u00f3 comme une toile blanche, donnant vie \u00e0 un univers fantastique inspir\u00e9 de la nature et du monde marin. Cet \u00e9difice baigne dans la lumi\u00e8re et les couleurs, avec une symbolique riche qui fait l&#8217;\u00e9loge de l&#8217;art \u00e0 travers des sculptures, des objets et des mat\u00e9riaux recycl\u00e9s.<\/p>\n\n\n\n<figure class=\"wp-block-image\"><img decoding=\"async\" src=\"https:\/\/lh7-rt.googleusercontent.com\/docsz\/AD_4nXfn6b7dKvIfinTnjlK9W8VYk5i8rmsEymIYPk55Zaur5mAGF8Sr0qEG3npWeR6mJxzqn7KsM_zgpUmwCwOVua0E3L8nCnq5gEOdQmynxa76Tg7XP6c8d2MZkalZkqNhiIIT3GLmRg?key=xvXwAUpsCjXCncSc-1eGoKFH\" alt=\"\"\/><\/figure>\n\n\n\n<h3 class=\"wp-block-heading\">Le toit de la Casa Batll\u00f3<\/h3>\n\n\n\n<p class=\"\">Le toit \u00e9voque la cr\u00eate d\u2019un dragon, en r\u00e9f\u00e9rence \u00e0 la l\u00e9gende de Sant Jordi. La terrasse sup\u00e9rieure repr\u00e9sente le dos du dragon, avec des tuiles en c\u00e9ramique rappelant des \u00e9cailles, travers\u00e9es par une croix \u00e0 quatre bras, qui couronne la tour principale.<\/p>\n\n\n\n<h3 class=\"wp-block-heading\">L\u2019int\u00e9rieur de la Casa Batll\u00f3<\/h3>\n\n\n\n<p class=\"\">D\u00e8s l\u2019entr\u00e9e, un escalier en bois de ch\u00eane aux courbes rappelant une colonne vert\u00e9brale m\u00e8ne au deuxi\u00e8me \u00e9tage. L\u00e0, une pi\u00e8ce unique avec une chemin\u00e9e en forme de champignon et un banc abritait le bureau de Josep Batll\u00f3.<br>La salle principale, ou &#8220;planta noble&#8221;, impressionne par ses \u00e9l\u00e9ments d&#8217;inspiration marine : un plafond en spirale simulant un tourbillon d\u2019eau et des fen\u00eatres orn\u00e9es de vitraux spectaculaires donnant sur le Passeig de Gr\u00e0cia.<\/p>\n\n\n\n<h3 class=\"wp-block-heading\">Le dragon de la Casa Batll\u00f3<\/h3>\n\n\n\n<p class=\"\">Selon la l\u00e9gende, Sant Jordi tua le dragon pour sauver la princesse. Le toit symbolise le dragon et l\u2019\u00e9p\u00e9e plant\u00e9e dans son dos, tandis que les colonnes en forme d\u2019os rappellent les victimes de la b\u00eate. Le balcon en forme de fleur \u00e9voque celui de la princesse. La Casa Batll\u00f3 est d&#8217;ailleurs souvent appel\u00e9e &#8220;Maison du Dragon&#8221; ou &#8220;Maison des Os&#8221;.<\/p>\n\n\n\n<h3 class=\"wp-block-heading\">La fa\u00e7ade de la Casa Batll\u00f3<\/h3>\n\n\n\n<p class=\"\">Gaud\u00ed a travaill\u00e9 avec passion pour concevoir une fa\u00e7ade qui d\u00e9fie l\u2019imagination. Il a utilis\u00e9 des maquettes en pl\u00e2tre pour exp\u00e9rimenter des formes innovantes et a combin\u00e9 des mat\u00e9riaux vari\u00e9s, comme le verre, le fer, la c\u00e9ramique et la pierre, pour jouer avec les lumi\u00e8res et les ombres. La fa\u00e7ade est souvent compar\u00e9e \u00e0 l&#8217;impressionnisme, notamment aux <strong>Nymph\u00e9as<\/strong> de Monet.<\/p>\n\n\n\n<figure class=\"wp-block-image\"><img decoding=\"async\" src=\"https:\/\/lh7-rt.googleusercontent.com\/docsz\/AD_4nXeGXZy5CNG-CwIocduxSWdCTxZAJPc60FV6HG3nW5_ShQ4KuuYsUtNp8ZDdjfXCpPMbSgCS40zZeedPm-2-0jDIzoLDgnzXpHwuTdeS8p9-gz_V53MeVQyVDRFnO6nEhQJUtQm4pA?key=xvXwAUpsCjXCncSc-1eGoKFH\" alt=\"\"\/><\/figure>\n\n\n\n<h2 class=\"wp-block-heading\">Qui vit dans la Casa Batll\u00f3 ?<\/h2>\n\n\n\n<p class=\"\">La famille Batll\u00f3 a vendu la maison dans les ann\u00e9es 1950. Par la suite, elle a \u00e9t\u00e9 occup\u00e9e par des familles fortun\u00e9es et des entreprises jusqu&#8217;\u00e0 ce qu&#8217;elle soit acquise par la famille Bernat, fondatrice de Chupa Chups, dans les ann\u00e9es 1990. Aujourd&#8217;hui, la Casa Batll\u00f3 appartient toujours \u00e0 cette famille, qui l&#8217;a enti\u00e8rement restaur\u00e9e.<br>Contrairement \u00e0 d&#8217;autres b\u00e2timents modernistes comme La Pedrera, il n&#8217;est plus possible d&#8217;y habiter.<\/p>\n\n\n\n<figure class=\"wp-block-image\"><img decoding=\"async\" src=\"https:\/\/lh7-rt.googleusercontent.com\/docsz\/AD_4nXduNndROefPlUTwk1XXjTv_3RaM4IhOfuR79p0M6D60JXZldm5e8WlWR-VJVB5vqfzVX9AeW9yGqBuSqzKjwlMcWFUd-EtrSGNUYfO3PAaeWJafXwb7diDhmezAIB-fD2RsWBtOqA?key=xvXwAUpsCjXCncSc-1eGoKFH\" alt=\"\"\/><\/figure>\n\n\n\n<h2 class=\"wp-block-heading\">Combien co\u00fbtent les billets pour la Casa Batll\u00f3 ?<\/h2>\n\n\n\n<p class=\"\">La Casa Batll\u00f3 est ouverte tous les jours de 9h \u00e0 20h, avec une derni\u00e8re entr\u00e9e \u00e0 19h. Il est recommand\u00e9 d\u2019acheter vos billets \u00e0 l\u2019avance, surtout en haute saison, car les prix en billetterie incluent un suppl\u00e9ment.<\/p>\n\n\n\n<p class=\"\">Les billets en ligne offrent diff\u00e9rentes options :<\/p>\n\n\n\n<ul class=\"\">\n<li class=\"\"><strong>Billet Blue<\/strong> (parcours standard) :<br>Adultes : 25 \u20ac, \u00c9tudiants (13-18 ans) : 22 \u20ac, Seniors (65+) : 22 \u20ac, Enfants (-12 ans) : Gratuit.<br><\/li>\n\n\n\n<li class=\"\"><strong>Billet Silver<\/strong> (parcours standard + salon moderniste) :<br>Adultes : 33 \u20ac, \u00c9tudiants : 30 \u20ac, Seniors : 30 \u20ac, Enfants : Gratuit.<br><\/li>\n\n\n\n<li class=\"\"><strong>Billet Gold<\/strong> (visite compl\u00e8te avec FastPass et portrait d\u2019\u00e9poque) :<br>Adultes : 35 \u20ac, \u00c9tudiants : 32 \u20ac, Seniors : 32 \u20ac, Enfants : Gratuit.<br><\/li>\n<\/ul>\n\n\n\n<p class=\"\">Une option sp\u00e9ciale, <strong>&#8220;Be The First&#8221;<\/strong> (39 \u20ac), permet une entr\u00e9e 30 minutes avant l&#8217;ouverture officielle pour \u00e9viter la foule. Il existe \u00e9galement des visites th\u00e9\u00e2tralis\u00e9es \u00e0 37 \u20ac certains dimanches.<\/p>\n\n\n\n<h2 class=\"wp-block-heading\">Conseils pour r\u00e9server vos billets<\/h2>\n\n\n\n<p class=\"\">Les billets peuvent \u00eatre r\u00e9serv\u00e9s directement en ligne. Une fois achet\u00e9s, il suffit de pr\u00e9senter votre ticket sur votre mobile. Notez que les billets ne sont ni remboursables ni modifiables. Assurez-vous de bien choisir votre date et heure pour profiter de cette merveille architecturale sans souci.<\/p>\n","protected":false},"excerpt":{"rendered":"<p>La Casa Batll\u00f3 de Barcelone est l&#8217;un de ces lieux qui ne cessent de surprendre. Lorsque l&#8217;on \u00e9tudie le modernisme ou les \u0153uvres de Gaud\u00ed, on n&#8217;imagine jamais une telle beaut\u00e9 avant de la voir de ses propres yeux. <\/p>\n","protected":false},"author":5,"featured_media":15969,"comment_status":"open","ping_status":"open","sticky":false,"template":"","format":"standard","meta":{"_uag_custom_page_level_css":"","footnotes":""},"categories":[665,664],"tags":[688,674],"yoast_head":"<!-- This site is optimized with the Yoast SEO plugin v23.1 - https:\/\/yoast.com\/wordpress\/plugins\/seo\/ -->\n<title>Tout ce qu&#039;il faut savoir sur la Casa Batll\u00f3 de Gaud\u00ed | Lugaris<\/title>\n<meta name=\"description\" content=\"Vous aimez l&#039;architecture moderniste de Gaud\u00ed ? Alors ne manquez pas de visiter la Casa Batll\u00f3 lors de votre s\u00e9jour \u00e0 Barcelone - d\u00e9couvrez-la !\" \/>\n<meta name=\"robots\" content=\"index, follow, max-snippet:-1, max-image-preview:large, max-video-preview:-1\" \/>\n<link rel=\"canonical\" href=\"https:\/\/www.lugaris.com\/fr\/tout-ce-quil-faut-savoir-sur-la-casa-batllo-de-gaudi\/\" \/>\n<meta property=\"og:locale\" content=\"fr_FR\" \/>\n<meta property=\"og:type\" content=\"article\" \/>\n<meta property=\"og:title\" content=\"Tout ce qu&#039;il faut savoir sur la Casa Batll\u00f3 de Gaud\u00ed | Lugaris\" \/>\n<meta property=\"og:description\" content=\"Vous aimez l&#039;architecture moderniste de Gaud\u00ed ? Alors ne manquez pas de visiter la Casa Batll\u00f3 lors de votre s\u00e9jour \u00e0 Barcelone - d\u00e9couvrez-la !\" \/>\n<meta property=\"og:url\" content=\"https:\/\/www.lugaris.com\/fr\/tout-ce-quil-faut-savoir-sur-la-casa-batllo-de-gaudi\/\" \/>\n<meta property=\"og:site_name\" content=\"Lugaris\" \/>\n<meta property=\"article:published_time\" content=\"2021-04-19T14:22:56+00:00\" \/>\n<meta property=\"article:modified_time\" content=\"2024-12-02T21:01:14+00:00\" \/>\n<meta property=\"og:image\" content=\"https:\/\/www.lugaris.com\/app\/uploads\/2021\/04\/batllo_fora.jpeg\" \/>\n\t<meta property=\"og:image:width\" content=\"259\" \/>\n\t<meta property=\"og:image:height\" content=\"194\" \/>\n\t<meta property=\"og:image:type\" content=\"image\/jpeg\" \/>\n<meta name=\"author\" content=\"Alice Tapiol\" \/>\n<meta name=\"twitter:card\" content=\"summary_large_image\" \/>\n<meta name=\"twitter:label1\" content=\"Written by\" \/>\n\t<meta name=\"twitter:data1\" content=\"Alice Tapiol\" \/>\n\t<meta name=\"twitter:label2\" content=\"Est. reading time\" \/>\n\t<meta name=\"twitter:data2\" content=\"5 minutes\" \/>\n<script type=\"application\/ld+json\" class=\"yoast-schema-graph\">{\"@context\":\"https:\/\/schema.org\",\"@graph\":[{\"@type\":\"Article\",\"@id\":\"https:\/\/www.lugaris.com\/fr\/tout-ce-quil-faut-savoir-sur-la-casa-batllo-de-gaudi\/#article\",\"isPartOf\":{\"@id\":\"https:\/\/www.lugaris.com\/fr\/tout-ce-quil-faut-savoir-sur-la-casa-batllo-de-gaudi\/\"},\"author\":{\"name\":\"Alice Tapiol\",\"@id\":\"https:\/\/www.lugaris.com\/fr\/#\/schema\/person\/4dee14f085dc824a8b307347b6d36b2a\"},\"headline\":\"Tout ce qu&#8217;il faut savoir sur la Casa Batll\u00f3 de Gaud\u00ed\",\"datePublished\":\"2021-04-19T14:22:56+00:00\",\"dateModified\":\"2024-12-02T21:01:14+00:00\",\"mainEntityOfPage\":{\"@id\":\"https:\/\/www.lugaris.com\/fr\/tout-ce-quil-faut-savoir-sur-la-casa-batllo-de-gaudi\/\"},\"wordCount\":929,\"commentCount\":0,\"publisher\":{\"@id\":\"https:\/\/www.lugaris.com\/fr\/#organization\"},\"image\":{\"@id\":\"https:\/\/www.lugaris.com\/fr\/tout-ce-quil-faut-savoir-sur-la-casa-batllo-de-gaudi\/#primaryimage\"},\"thumbnailUrl\":\"https:\/\/www.lugaris.com\/app\/uploads\/2021\/04\/batllo_fora.jpeg\",\"keywords\":[\"Cultura en Barcelona\",\"Barrios de Barcelona\"],\"articleSection\":[\"Ocio en Barcelona\",\"Barcelona\"],\"inLanguage\":\"fr-FR\",\"potentialAction\":[{\"@type\":\"CommentAction\",\"name\":\"Comment\",\"target\":[\"https:\/\/www.lugaris.com\/fr\/tout-ce-quil-faut-savoir-sur-la-casa-batllo-de-gaudi\/#respond\"]}]},{\"@type\":\"WebPage\",\"@id\":\"https:\/\/www.lugaris.com\/fr\/tout-ce-quil-faut-savoir-sur-la-casa-batllo-de-gaudi\/\",\"url\":\"https:\/\/www.lugaris.com\/fr\/tout-ce-quil-faut-savoir-sur-la-casa-batllo-de-gaudi\/\",\"name\":\"Tout ce qu'il faut savoir sur la Casa Batll\u00f3 de Gaud\u00ed | Lugaris\",\"isPartOf\":{\"@id\":\"https:\/\/www.lugaris.com\/fr\/#website\"},\"primaryImageOfPage\":{\"@id\":\"https:\/\/www.lugaris.com\/fr\/tout-ce-quil-faut-savoir-sur-la-casa-batllo-de-gaudi\/#primaryimage\"},\"image\":{\"@id\":\"https:\/\/www.lugaris.com\/fr\/tout-ce-quil-faut-savoir-sur-la-casa-batllo-de-gaudi\/#primaryimage\"},\"thumbnailUrl\":\"https:\/\/www.lugaris.com\/app\/uploads\/2021\/04\/batllo_fora.jpeg\",\"datePublished\":\"2021-04-19T14:22:56+00:00\",\"dateModified\":\"2024-12-02T21:01:14+00:00\",\"description\":\"Vous aimez l'architecture moderniste de Gaud\u00ed ? Alors ne manquez pas de visiter la Casa Batll\u00f3 lors de votre s\u00e9jour \u00e0 Barcelone - d\u00e9couvrez-la !\",\"breadcrumb\":{\"@id\":\"https:\/\/www.lugaris.com\/fr\/tout-ce-quil-faut-savoir-sur-la-casa-batllo-de-gaudi\/#breadcrumb\"},\"inLanguage\":\"fr-FR\",\"potentialAction\":[{\"@type\":\"ReadAction\",\"target\":[\"https:\/\/www.lugaris.com\/fr\/tout-ce-quil-faut-savoir-sur-la-casa-batllo-de-gaudi\/\"]}]},{\"@type\":\"ImageObject\",\"inLanguage\":\"fr-FR\",\"@id\":\"https:\/\/www.lugaris.com\/fr\/tout-ce-quil-faut-savoir-sur-la-casa-batllo-de-gaudi\/#primaryimage\",\"url\":\"https:\/\/www.lugaris.com\/app\/uploads\/2021\/04\/batllo_fora.jpeg\",\"contentUrl\":\"https:\/\/www.lugaris.com\/app\/uploads\/2021\/04\/batllo_fora.jpeg\",\"width\":259,\"height\":194,\"caption\":\"Descubre eventos especiales en Barcelona, festivales en Barcelona, eventos empresariales en Barcelona, eventos culturales en Barcelona y mucho m\u00e1s.\"},{\"@type\":\"BreadcrumbList\",\"@id\":\"https:\/\/www.lugaris.com\/fr\/tout-ce-quil-faut-savoir-sur-la-casa-batllo-de-gaudi\/#breadcrumb\",\"itemListElement\":[{\"@type\":\"ListItem\",\"position\":1,\"name\":\"Home\",\"item\":\"https:\/\/www.lugaris.com\/fr\/\"},{\"@type\":\"ListItem\",\"position\":2,\"name\":\"Tout ce qu&#8217;il faut savoir sur la Casa Batll\u00f3 de Gaud\u00ed\"}]},{\"@type\":\"WebSite\",\"@id\":\"https:\/\/www.lugaris.com\/fr\/#website\",\"url\":\"https:\/\/www.lugaris.com\/fr\/\",\"name\":\"Lugaris\",\"description\":\"Apartamentos de vacaciones en Barcelona\",\"publisher\":{\"@id\":\"https:\/\/www.lugaris.com\/fr\/#organization\"},\"potentialAction\":[{\"@type\":\"SearchAction\",\"target\":{\"@type\":\"EntryPoint\",\"urlTemplate\":\"https:\/\/www.lugaris.com\/fr\/?s={search_term_string}\"},\"query-input\":\"required name=search_term_string\"}],\"inLanguage\":\"fr-FR\"},{\"@type\":\"Organization\",\"@id\":\"https:\/\/www.lugaris.com\/fr\/#organization\",\"name\":\"Lugaris Apartments in Barcelona\",\"url\":\"https:\/\/www.lugaris.com\/fr\/\",\"logo\":{\"@type\":\"ImageObject\",\"inLanguage\":\"fr-FR\",\"@id\":\"https:\/\/www.lugaris.com\/fr\/#\/schema\/logo\/image\/\",\"url\":\"https:\/\/www.lugaris.com\/app\/uploads\/2020\/03\/Logo_lugaris_v2.png\",\"contentUrl\":\"https:\/\/www.lugaris.com\/app\/uploads\/2020\/03\/Logo_lugaris_v2.png\",\"width\":285,\"height\":257,\"caption\":\"Lugaris Apartments in Barcelona\"},\"image\":{\"@id\":\"https:\/\/www.lugaris.com\/fr\/#\/schema\/logo\/image\/\"}},{\"@type\":\"Person\",\"@id\":\"https:\/\/www.lugaris.com\/fr\/#\/schema\/person\/4dee14f085dc824a8b307347b6d36b2a\",\"name\":\"Alice Tapiol\",\"image\":{\"@type\":\"ImageObject\",\"inLanguage\":\"fr-FR\",\"@id\":\"https:\/\/www.lugaris.com\/fr\/#\/schema\/person\/image\/\",\"url\":\"https:\/\/www.lugaris.com\/app\/litespeed\/avatar\/24ef6de5c5e92530383f1521f73d3ba9.jpg?ver=1777082837\",\"contentUrl\":\"https:\/\/www.lugaris.com\/app\/litespeed\/avatar\/24ef6de5c5e92530383f1521f73d3ba9.jpg?ver=1777082837\",\"caption\":\"Alice Tapiol\"}}]}<\/script>\n<!-- \/ Yoast SEO plugin. -->","yoast_head_json":{"title":"Tout ce qu'il faut savoir sur la Casa Batll\u00f3 de Gaud\u00ed | Lugaris","description":"Vous aimez l'architecture moderniste de Gaud\u00ed ? Alors ne manquez pas de visiter la Casa Batll\u00f3 lors de votre s\u00e9jour \u00e0 Barcelone - d\u00e9couvrez-la !","robots":{"index":"index","follow":"follow","max-snippet":"max-snippet:-1","max-image-preview":"max-image-preview:large","max-video-preview":"max-video-preview:-1"},"canonical":"https:\/\/www.lugaris.com\/fr\/tout-ce-quil-faut-savoir-sur-la-casa-batllo-de-gaudi\/","og_locale":"fr_FR","og_type":"article","og_title":"Tout ce qu'il faut savoir sur la Casa Batll\u00f3 de Gaud\u00ed | Lugaris","og_description":"Vous aimez l'architecture moderniste de Gaud\u00ed ? Alors ne manquez pas de visiter la Casa Batll\u00f3 lors de votre s\u00e9jour \u00e0 Barcelone - d\u00e9couvrez-la !","og_url":"https:\/\/www.lugaris.com\/fr\/tout-ce-quil-faut-savoir-sur-la-casa-batllo-de-gaudi\/","og_site_name":"Lugaris","article_published_time":"2021-04-19T14:22:56+00:00","article_modified_time":"2024-12-02T21:01:14+00:00","og_image":[{"width":259,"height":194,"url":"https:\/\/www.lugaris.com\/app\/uploads\/2021\/04\/batllo_fora.jpeg","type":"image\/jpeg"}],"author":"Alice Tapiol","twitter_card":"summary_large_image","twitter_misc":{"Written by":"Alice Tapiol","Est. reading time":"5 minutes"},"schema":{"@context":"https:\/\/schema.org","@graph":[{"@type":"Article","@id":"https:\/\/www.lugaris.com\/fr\/tout-ce-quil-faut-savoir-sur-la-casa-batllo-de-gaudi\/#article","isPartOf":{"@id":"https:\/\/www.lugaris.com\/fr\/tout-ce-quil-faut-savoir-sur-la-casa-batllo-de-gaudi\/"},"author":{"name":"Alice Tapiol","@id":"https:\/\/www.lugaris.com\/fr\/#\/schema\/person\/4dee14f085dc824a8b307347b6d36b2a"},"headline":"Tout ce qu&#8217;il faut savoir sur la Casa Batll\u00f3 de Gaud\u00ed","datePublished":"2021-04-19T14:22:56+00:00","dateModified":"2024-12-02T21:01:14+00:00","mainEntityOfPage":{"@id":"https:\/\/www.lugaris.com\/fr\/tout-ce-quil-faut-savoir-sur-la-casa-batllo-de-gaudi\/"},"wordCount":929,"commentCount":0,"publisher":{"@id":"https:\/\/www.lugaris.com\/fr\/#organization"},"image":{"@id":"https:\/\/www.lugaris.com\/fr\/tout-ce-quil-faut-savoir-sur-la-casa-batllo-de-gaudi\/#primaryimage"},"thumbnailUrl":"https:\/\/www.lugaris.com\/app\/uploads\/2021\/04\/batllo_fora.jpeg","keywords":["Cultura en Barcelona","Barrios de Barcelona"],"articleSection":["Ocio en Barcelona","Barcelona"],"inLanguage":"fr-FR","potentialAction":[{"@type":"CommentAction","name":"Comment","target":["https:\/\/www.lugaris.com\/fr\/tout-ce-quil-faut-savoir-sur-la-casa-batllo-de-gaudi\/#respond"]}]},{"@type":"WebPage","@id":"https:\/\/www.lugaris.com\/fr\/tout-ce-quil-faut-savoir-sur-la-casa-batllo-de-gaudi\/","url":"https:\/\/www.lugaris.com\/fr\/tout-ce-quil-faut-savoir-sur-la-casa-batllo-de-gaudi\/","name":"Tout ce qu'il faut savoir sur la Casa Batll\u00f3 de Gaud\u00ed | Lugaris","isPartOf":{"@id":"https:\/\/www.lugaris.com\/fr\/#website"},"primaryImageOfPage":{"@id":"https:\/\/www.lugaris.com\/fr\/tout-ce-quil-faut-savoir-sur-la-casa-batllo-de-gaudi\/#primaryimage"},"image":{"@id":"https:\/\/www.lugaris.com\/fr\/tout-ce-quil-faut-savoir-sur-la-casa-batllo-de-gaudi\/#primaryimage"},"thumbnailUrl":"https:\/\/www.lugaris.com\/app\/uploads\/2021\/04\/batllo_fora.jpeg","datePublished":"2021-04-19T14:22:56+00:00","dateModified":"2024-12-02T21:01:14+00:00","description":"Vous aimez l'architecture moderniste de Gaud\u00ed ? Alors ne manquez pas de visiter la Casa Batll\u00f3 lors de votre s\u00e9jour \u00e0 Barcelone - d\u00e9couvrez-la !","breadcrumb":{"@id":"https:\/\/www.lugaris.com\/fr\/tout-ce-quil-faut-savoir-sur-la-casa-batllo-de-gaudi\/#breadcrumb"},"inLanguage":"fr-FR","potentialAction":[{"@type":"ReadAction","target":["https:\/\/www.lugaris.com\/fr\/tout-ce-quil-faut-savoir-sur-la-casa-batllo-de-gaudi\/"]}]},{"@type":"ImageObject","inLanguage":"fr-FR","@id":"https:\/\/www.lugaris.com\/fr\/tout-ce-quil-faut-savoir-sur-la-casa-batllo-de-gaudi\/#primaryimage","url":"https:\/\/www.lugaris.com\/app\/uploads\/2021\/04\/batllo_fora.jpeg","contentUrl":"https:\/\/www.lugaris.com\/app\/uploads\/2021\/04\/batllo_fora.jpeg","width":259,"height":194,"caption":"Descubre eventos especiales en Barcelona, festivales en Barcelona, eventos empresariales en Barcelona, eventos culturales en Barcelona y mucho m\u00e1s."},{"@type":"BreadcrumbList","@id":"https:\/\/www.lugaris.com\/fr\/tout-ce-quil-faut-savoir-sur-la-casa-batllo-de-gaudi\/#breadcrumb","itemListElement":[{"@type":"ListItem","position":1,"name":"Home","item":"https:\/\/www.lugaris.com\/fr\/"},{"@type":"ListItem","position":2,"name":"Tout ce qu&#8217;il faut savoir sur la Casa Batll\u00f3 de Gaud\u00ed"}]},{"@type":"WebSite","@id":"https:\/\/www.lugaris.com\/fr\/#website","url":"https:\/\/www.lugaris.com\/fr\/","name":"Lugaris","description":"Apartamentos de vacaciones en Barcelona","publisher":{"@id":"https:\/\/www.lugaris.com\/fr\/#organization"},"potentialAction":[{"@type":"SearchAction","target":{"@type":"EntryPoint","urlTemplate":"https:\/\/www.lugaris.com\/fr\/?s={search_term_string}"},"query-input":"required name=search_term_string"}],"inLanguage":"fr-FR"},{"@type":"Organization","@id":"https:\/\/www.lugaris.com\/fr\/#organization","name":"Lugaris Apartments in Barcelona","url":"https:\/\/www.lugaris.com\/fr\/","logo":{"@type":"ImageObject","inLanguage":"fr-FR","@id":"https:\/\/www.lugaris.com\/fr\/#\/schema\/logo\/image\/","url":"https:\/\/www.lugaris.com\/app\/uploads\/2020\/03\/Logo_lugaris_v2.png","contentUrl":"https:\/\/www.lugaris.com\/app\/uploads\/2020\/03\/Logo_lugaris_v2.png","width":285,"height":257,"caption":"Lugaris Apartments in Barcelona"},"image":{"@id":"https:\/\/www.lugaris.com\/fr\/#\/schema\/logo\/image\/"}},{"@type":"Person","@id":"https:\/\/www.lugaris.com\/fr\/#\/schema\/person\/4dee14f085dc824a8b307347b6d36b2a","name":"Alice Tapiol","image":{"@type":"ImageObject","inLanguage":"fr-FR","@id":"https:\/\/www.lugaris.com\/fr\/#\/schema\/person\/image\/","url":"https:\/\/www.lugaris.com\/app\/litespeed\/avatar\/24ef6de5c5e92530383f1521f73d3ba9.jpg?ver=1777082837","contentUrl":"https:\/\/www.lugaris.com\/app\/litespeed\/avatar\/24ef6de5c5e92530383f1521f73d3ba9.jpg?ver=1777082837","caption":"Alice Tapiol"}}]}},"uagb_featured_image_src":{"full":["https:\/\/www.lugaris.com\/app\/uploads\/2021\/04\/batllo_fora.jpeg",259,194,false],"thumbnail":["https:\/\/www.lugaris.com\/app\/uploads\/2021\/04\/batllo_fora.jpeg",259,194,false],"medium":["https:\/\/www.lugaris.com\/app\/uploads\/2021\/04\/batllo_fora.jpeg",259,194,false],"medium_large":["https:\/\/www.lugaris.com\/app\/uploads\/2021\/04\/batllo_fora.jpeg",259,194,false],"large":["https:\/\/www.lugaris.com\/app\/uploads\/2021\/04\/batllo_fora.jpeg",259,194,false],"1536x1536":["https:\/\/www.lugaris.com\/app\/uploads\/2021\/04\/batllo_fora.jpeg",259,194,false],"2048x2048":["https:\/\/www.lugaris.com\/app\/uploads\/2021\/04\/batllo_fora.jpeg",259,194,false]},"uagb_author_info":{"display_name":"Alice Tapiol","author_link":"https:\/\/www.lugaris.com\/fr\/author\/alice\/"},"uagb_comment_info":0,"uagb_excerpt":"La Casa Batll\u00f3 de Barcelone est l'un de ces lieux qui ne cessent de surprendre. Lorsque l'on \u00e9tudie le modernisme ou les \u0153uvres de Gaud\u00ed, on n'imagine jamais une telle beaut\u00e9 avant de la voir de ses propres yeux.","_links":{"self":[{"href":"https:\/\/www.lugaris.com\/fr\/wp-json\/wp\/v2\/posts\/26611"}],"collection":[{"href":"https:\/\/www.lugaris.com\/fr\/wp-json\/wp\/v2\/posts"}],"about":[{"href":"https:\/\/www.lugaris.com\/fr\/wp-json\/wp\/v2\/types\/post"}],"author":[{"embeddable":true,"href":"https:\/\/www.lugaris.com\/fr\/wp-json\/wp\/v2\/users\/5"}],"replies":[{"embeddable":true,"href":"https:\/\/www.lugaris.com\/fr\/wp-json\/wp\/v2\/comments?post=26611"}],"version-history":[{"count":1,"href":"https:\/\/www.lugaris.com\/fr\/wp-json\/wp\/v2\/posts\/26611\/revisions"}],"predecessor-version":[{"id":26618,"href":"https:\/\/www.lugaris.com\/fr\/wp-json\/wp\/v2\/posts\/26611\/revisions\/26618"}],"wp:featuredmedia":[{"embeddable":true,"href":"https:\/\/www.lugaris.com\/fr\/wp-json\/wp\/v2\/media\/15969"}],"wp:attachment":[{"href":"https:\/\/www.lugaris.com\/fr\/wp-json\/wp\/v2\/media?parent=26611"}],"wp:term":[{"taxonomy":"category","embeddable":true,"href":"https:\/\/www.lugaris.com\/fr\/wp-json\/wp\/v2\/categories?post=26611"},{"taxonomy":"post_tag","embeddable":true,"href":"https:\/\/www.lugaris.com\/fr\/wp-json\/wp\/v2\/tags?post=26611"}],"curies":[{"name":"wp","href":"https:\/\/api.w.org\/{rel}","templated":true}]}}