{"id":26612,"date":"2021-05-25T07:41:44","date_gmt":"2021-05-25T07:41:44","guid":{"rendered":"https:\/\/www.lugaris.com\/los-mejores-eventos-en-barcelona-de-2021\/"},"modified":"2024-12-02T21:05:29","modified_gmt":"2024-12-02T21:05:29","slug":"les-meilleurs-evenements-de-barcelone-en-2024","status":"publish","type":"post","link":"https:\/\/www.lugaris.com\/fr\/les-meilleurs-evenements-de-barcelone-en-2024\/","title":{"rendered":"Les meilleurs \u00e9v\u00e9nements de Barcelone en 2024"},"content":{"rendered":"\n<p class=\"\">Chaque ann\u00e9e, Barcelone accueille un grand nombre d&#8217;\u00e9v\u00e9nements technologiques, sociaux, ludiques et culturels que vous ne pouvez pas manquer. L&#8217;offre est vari\u00e9e et nous allons vous pr\u00e9senter certaines des foires, festivals et activit\u00e9s les plus importantes et remarquables qui auront lieu cette ann\u00e9e.<\/p>\n\n\n\n<p class=\"\">Prenez note de ces <strong>\u00e9v\u00e9nements de Barcelone 2024<\/strong> et choisissez ceux qui vous int\u00e9ressent le plus en fonction de vos go\u00fbts et pr\u00e9f\u00e9rences. Nous avons s\u00e9lectionn\u00e9 les plus attractifs, mais Barcelone est une ville exceptionnelle qui propose toujours de nouvelles alternatives pour satisfaire un public h\u00e9t\u00e9rog\u00e8ne.<\/p>\n\n\n\n<h2 class=\"wp-block-heading\">\u00c9v\u00e9nements sportifs \u00e0 Barcelone<\/h2>\n\n\n\n<p class=\"\">Commen\u00e7ons par les <strong>meilleurs \u00e9v\u00e9nements sportifs \u00e0 Barcelone<\/strong>, afin que vous puissiez conna\u00eetre ceux qui marqueront cette ann\u00e9e. Voici les incontournables\u202f!<\/p>\n\n\n\n<figure class=\"wp-block-image\"><img decoding=\"async\" src=\"https:\/\/lh7-rt.googleusercontent.com\/docsz\/AD_4nXdb92UXXCMhZo7OParGWK7-0ntPF-sNWpG1tWFoRVbpUFo4VRZJhJT_d2EuYhMx1cA_VZYZ3fC47ue0nSDQ8Kh1oGhfenJ1CnuWZdLYDXnVU2u0PHhlLAx42FUgEeKjbGGULWt-?key=xvXwAUpsCjXCncSc-1eGoKFH\" alt=\"\"\/><\/figure>\n\n\n\n<h3 class=\"wp-block-heading\">IRONMAN Barcelone (6 octobre)<\/h3>\n\n\n\n<p class=\"\">Une comp\u00e9tition incroyable aura lieu le 6 octobre \u00e0 Calella. Les athl\u00e8tes devront parcourir 3,8 kilom\u00e8tres \u00e0 la nage, 180 kilom\u00e8tres \u00e0 v\u00e9lo et 42 kilom\u00e8tres \u00e0 pied. Des participants du monde entier seront pr\u00e9sents, et deux autres \u00e9v\u00e9nements s&#8217;ajoutent\u202f: l&#8217;IRONKIDS pour les enfants et l&#8217;IRONGIRL pour encourager les femmes \u00e0 participer.<\/p>\n\n\n\n<h3 class=\"wp-block-heading\">Triathlon de Barcelone by Santander (dates 2024 \u00e0 confirmer)<\/h3>\n\n\n\n<p class=\"\">Cet \u00e9v\u00e9nement sportif propose trois disciplines\u202f: natation, cyclisme et course \u00e0 pied. Les participants peuvent choisir parmi trois distances (Supersprint, Sprint et Olympique) et m\u00eame participer en duo, individuellement ou en \u00e9quipe relais.<\/p>\n\n\n\n<h3 class=\"wp-block-heading\">Marathon de Barcelone 2024 (10 mars)<\/h3>\n\n\n\n<p class=\"\">Le 10 mars, le marathon annuel de Barcelone r\u00e9unira de nombreux coureurs pour parcourir la ville. Si vous souhaitez participer, inscrivez-vous rapidement et commencez votre entra\u00eenement. Le d\u00e9part sera donn\u00e9 au Passeig de Gr\u00e0cia \u00e0 8\u202fh\u202f30, avec une dur\u00e9e maximale de 6 heures pour terminer le parcours.<\/p>\n\n\n\n<h2 class=\"wp-block-heading\">Festivals de musique \u00e0 Barcelone<\/h2>\n\n\n\n<p class=\"\">Vous aimez la musique\u202f? D\u00e9couvrez les <strong>festivals de Barcelone<\/strong> pr\u00e9vus cette ann\u00e9e pour vivre des moments inoubliables\u202f!<\/p>\n\n\n\n<figure class=\"wp-block-image\"><img decoding=\"async\" src=\"https:\/\/lh7-rt.googleusercontent.com\/docsz\/AD_4nXe5uprLAkTJxMTPhSWf_GnwcrXKT4ydERKedj39vamcaC_2iz5hFk8R12B3zyfmbsL-meRXhSpRwUPFSR2fJGU4KveOCozYJfGaiRrwwVq53_y9yuYevCneFmyo-yoK2_vgUFEhiQ?key=xvXwAUpsCjXCncSc-1eGoKFH\" alt=\"\"\/><\/figure>\n\n\n\n<h3 class=\"wp-block-heading\">Primavera Sound Festival (30 mai 2024 \u2013 1 juin 2024)<\/h3>\n\n\n\n<p class=\"\">L&#8217;un des festivals de musique les plus populaires de Barcelone. Ce spectacle attire les amateurs de musique avec des artistes de renomm\u00e9e internationale. Avant le festival principal, des activit\u00e9s compl\u00e9mentaires seront organis\u00e9es dans la ville pour int\u00e9grer pleinement l&#8217;\u00e9v\u00e9nement \u00e0 Barcelone.<\/p>\n\n\n\n<h3 class=\"wp-block-heading\">Festival de musique \u00e9lectronique S\u00f3nar (13, 14, 15 juin 2024)<\/h3>\n\n\n\n<p class=\"\">Le S\u00f3nar est devenu l&#8217;un des festivals les plus c\u00e9l\u00e8bres d&#8217;Europe. Chaque mois de juin, il accueille des milliers de passionn\u00e9s. Parmi les artistes confirm\u00e9s pour 2024, citons Ben B\u00f6hmer, Nicole L\u2019Huiller, DJ Gigola, Skin on Skin, Jessie Ware, et bien d&#8217;autres.<\/p>\n\n\n\n<h3 class=\"wp-block-heading\">Festival Mozart \u2013 Nuits d\u2019\u00e9t\u00e9 (dates \u00e0 confirmer)<\/h3>\n\n\n\n<p class=\"\">Parmi les festivals les plus applaudis de Barcelone 2024, l&#8217;Auditori proposera une nouvelle \u00e9dition du festival Mozart, interpr\u00e9t\u00e9 par l&#8217;orchestre r\u00e9sident OBC. Les concerts auront lieu entre fin juin et d\u00e9but juillet, mettant en lumi\u00e8re de jeunes solistes prometteurs.<\/p>\n\n\n\n<h3 class=\"wp-block-heading\">Screamin\u2019 Festival (juin 2024)<\/h3>\n\n\n\n<p class=\"\">Depuis 1999, Calella accueille ce festival incontournable pour les amateurs de rock. La plage se transforme en une grande f\u00eate o\u00f9 se produisent des DJ et des groupes du monde entier, de jour comme de nuit.<\/p>\n\n\n\n<h3 class=\"wp-block-heading\">Reggaeton Beach Festival (20\/07\/2024 \u2013 21\/07\/2024)<\/h3>\n\n\n\n<p class=\"\">Le paradis du reggaeton revient \u00e0 Barcelone pour sa 6e \u00e9dition, avec de nombreuses nouveaut\u00e9s, surprises et une exp\u00e9rience unique. Les meilleurs artistes du genre sont attendus, mais la programmation reste encore \u00e0 confirmer sur le site officiel.<\/p>\n\n\n\n<h3 class=\"wp-block-heading\">Guitar BCN (26\/01\/2024 \u2013 26\/07\/2024)<\/h3>\n\n\n\n<p class=\"\">Ce festival c\u00e9l\u00e8bre la guitare avec des artistes m\u00ealant flamenco, pop, musique classique, acoustique et \u00e9lectrique. Pendant six mois, Barcelone accueille les meilleurs ma\u00eetres de la guitare du monde entier.<\/p>\n\n\n\n<h3 class=\"wp-block-heading\">Festival de Jazz de Barcelone (dates \u00e0 confirmer)<\/h3>\n\n\n\n<p class=\"\">Ce festival annuel met \u00e0 l&#8217;honneur le jazz en direct dans des lieux embl\u00e9matiques comme le Palau de la M\u00fasica ou des bars tels que le Harlem Jazz Club. Ne manquez pas l&#8217;occasion de vivre cette exp\u00e9rience musicale unique.<\/p>\n\n\n\n<h2 class=\"wp-block-heading\">F\u00eates populaires \u00e0 Barcelone<\/h2>\n\n\n\n<p class=\"\">Pour mieux conna\u00eetre les <strong>\u00e9v\u00e9nements incontournables de Barcelone 2024<\/strong>, int\u00e9ressons-nous aux <strong>f\u00eates populaires<\/strong>\u202f!<\/p>\n\n\n\n<figure class=\"wp-block-image\"><img decoding=\"async\" src=\"https:\/\/lh7-rt.googleusercontent.com\/docsz\/AD_4nXdOruva4gLXVu_3-Wq7EQoc5mUvRvUm5yC73ZNqb1Y6uDNuvVe6mX0fZjxsF-dE98wlnLEC10doyLEKEqOSVHMCeL02wg6ft2lIfjgIpu2Nf5nXigbJcMR6QCG_aEFLbYdWJv6sng?key=xvXwAUpsCjXCncSc-1eGoKFH\" alt=\"\"\/><\/figure>\n\n\n\n<h3 class=\"wp-block-heading\">Veill\u00e9e et f\u00eate de la Saint-Jean (23\/06\/2024 \u2013 24\/06\/2024)<\/h3>\n\n\n\n<p class=\"\">La Saint-Jean est l&#8217;une des veill\u00e9es les plus populaires \u00e0 Barcelone. Les feux de joie c\u00e9l\u00e8brent l&#8217;arriv\u00e9e de l&#8217;\u00e9t\u00e9, accompagn\u00e9s de musique et de f\u00eates traditionnelles sur les plages et dans les rues.<\/p>\n\n\n\n<h3 class=\"wp-block-heading\">F\u00eates de Gr\u00e0cia (dates \u00e0 confirmer)<\/h3>\n\n\n\n<p class=\"\">Ces f\u00eates estivales incluent des activit\u00e9s vari\u00e9es\u202f: spectacles, concerts, ateliers et un concours o\u00f9 les rues du quartier rivalisent de d\u00e9corations cr\u00e9atives. Un incontournable pour les amateurs de festivit\u00e9s locales.<\/p>\n\n\n\n<h3 class=\"wp-block-heading\">La Castanyada (30\/10\/2024 \u2013 02\/11\/2024)<\/h3>\n\n\n\n<p class=\"\">Cette f\u00eate traditionnelle catalane c\u00e9l\u00e8bre la Toussaint. Entre amis ou en famille, les participants d\u00e9gustent des <strong>panellets<\/strong> (p\u00e2tisseries \u00e0 base de p\u00e2te d&#8217;amande) et des ch\u00e2taignes, dans une ambiance chaleureuse.<\/p>\n\n\n\n<h3 class=\"wp-block-heading\">F\u00eate de la Merc\u00e8 (24 septembre)<\/h3>\n\n\n\n<p class=\"\">La Merc\u00e8 est la f\u00eate principale de Barcelone, en l\u2019honneur de sa sainte patronne. Elle propose des d\u00e9fil\u00e9s de g\u00e9ants (Gegants), des spectacles de feu (Correfoc), des ch\u00e2teaux humains (Castells) et des danses traditionnelles (Sardanes).<\/p>\n\n\n\n<h2 class=\"wp-block-heading\">\u00c9v\u00e9nements professionnels \u00e0 Barcelone<\/h2>\n\n\n\n<p class=\"\">Barcelone est aussi un carrefour pour les entreprises et les entrepreneurs du monde entier.<\/p>\n\n\n\n<h3 class=\"wp-block-heading\">B-Travel \u2013 Salon du tourisme (15\/03\/2024 \u2013 17\/03\/2024)<\/h3>\n\n\n\n<p class=\"\">Organis\u00e9 \u00e0 la Fira de Barcelone, ce salon r\u00e9unit des exposants du secteur touristique\u202f: transporteurs, agences de voyages, organismes de promotion, et bien plus.<\/p>\n\n\n\n<h3 class=\"wp-block-heading\">Mobile World Congress (26\/02\/2024 \u2013 29\/02\/2024)<\/h3>\n\n\n\n<p class=\"\">Ce rendez-vous annuel explore les derni\u00e8res innovations technologiques dans le domaine de la t\u00e9l\u00e9phonie mobile.<\/p>\n\n\n\n<h3 class=\"wp-block-heading\">Integrated Systems Europe (30\/01\/2024 \u2013 02\/02\/2024)<\/h3>\n\n\n\n<p class=\"\">Ce congr\u00e8s d\u00e9di\u00e9 au secteur audiovisuel pr\u00e9sente des usages innovants de l\u2019audio et de la vid\u00e9o.<\/p>\n\n\n\n<h2 class=\"wp-block-heading\">\u00c9v\u00e9nements culturels \u00e0 Barcelone<\/h2>\n\n\n\n<p class=\"\">Barcelone est une ville o\u00f9 la culture prosp\u00e8re, avec une multitude d&#8217;\u00e9v\u00e9nements \u00e0 ne pas manquer.<\/p>\n\n\n\n<h3 class=\"wp-block-heading\">Exposition Toutankhamon (ouverte jusqu\u2019en f\u00e9vrier 2024)<\/h3>\n\n\n\n<p class=\"\">Le Centre Ideal des Arts Num\u00e9riques propose une exp\u00e9rience immersive d\u00e9di\u00e9e au monde de Toutankhamon, marquant le centenaire de la d\u00e9couverte de sa tombe.<\/p>\n\n\n\n<h3 class=\"wp-block-heading\">Exposition Harry Potter (ouverte jusqu\u2019au 07\/04\/2024)<\/h3>\n\n\n\n<p class=\"\">Cette exposition itin\u00e9rante permet aux visiteurs de plonger dans l\u2019univers magique de Harry Potter et des Animaux fantastiques.<\/p>\n\n\n\n<h3 class=\"wp-block-heading\">Festival Grec de Barcelone (\u00e9t\u00e9 2024)<\/h3>\n\n\n\n<p class=\"\">Ce festival de danse, cirque, musique et th\u00e9\u00e2tre se d\u00e9roule principalement au Teatre Grec, avec des repr\u00e9sentations dans d&#8217;autres lieux embl\u00e9matiques de la ville.<\/p>\n\n\n\n<h3 class=\"wp-block-heading\">La Nuit des Mus\u00e9es (13\/05\/2024)<\/h3>\n\n\n\n<p class=\"\">Une occasion unique de d\u00e9couvrir gratuitement les mus\u00e9es les plus c\u00e9l\u00e8bres de Barcelone une fois la nuit tomb\u00e9e.<\/p>\n\n\n\n<p class=\"\">Barcelone offre une multitude d&#8217;activit\u00e9s et d&#8217;\u00e9v\u00e9nements pour tous les go\u00fbts. Pr\u00e9parez votre agenda et ne manquez pas cette ann\u00e9e exceptionnelle dans la capitale catalane\u202f!<\/p>\n","protected":false},"excerpt":{"rendered":"<p>Chaque ann\u00e9e, un grand nombre d&#8217;\u00e9v\u00e9nements de tous types sont organis\u00e9s \u00e0 Barcelone. L&#8217;offre est tr\u00e8s large et nous allons vous pr\u00e9senter quelques-uns des \u00e9v\u00e9nements les plus importants qui auront lieu cette ann\u00e9e.<\/p>\n","protected":false},"author":8,"featured_media":16099,"comment_status":"open","ping_status":"open","sticky":false,"template":"","format":"standard","meta":{"_uag_custom_page_level_css":"","footnotes":""},"categories":[666,665,664],"tags":[688,674],"yoast_head":"<!-- This site is optimized with the Yoast SEO plugin v23.1 - https:\/\/yoast.com\/wordpress\/plugins\/seo\/ -->\n<title>Les meilleurs \u00e9v\u00e9nements de Barcelone en 2024 | LUGARIS<\/title>\n<meta name=\"description\" content=\"D\u00e9couvrez les \u00e9v\u00e9nements les plus marquants de Barcelone en 2024 ! \ud83c\udf89 Vivez des exp\u00e9riences uniques gr\u00e2ce \u00e0 notre guide incontournable. #BarcelonaEvents2024\" \/>\n<meta name=\"robots\" content=\"index, follow, max-snippet:-1, max-image-preview:large, max-video-preview:-1\" \/>\n<link rel=\"canonical\" href=\"https:\/\/www.lugaris.com\/fr\/les-meilleurs-evenements-de-barcelone-en-2024\/\" \/>\n<meta property=\"og:locale\" content=\"fr_FR\" \/>\n<meta property=\"og:type\" content=\"article\" \/>\n<meta property=\"og:title\" content=\"Les meilleurs \u00e9v\u00e9nements de Barcelone en 2024 | LUGARIS\" \/>\n<meta property=\"og:description\" content=\"D\u00e9couvrez les \u00e9v\u00e9nements les plus marquants de Barcelone en 2024 ! \ud83c\udf89 Vivez des exp\u00e9riences uniques gr\u00e2ce \u00e0 notre guide incontournable. #BarcelonaEvents2024\" \/>\n<meta property=\"og:url\" content=\"https:\/\/www.lugaris.com\/fr\/les-meilleurs-evenements-de-barcelone-en-2024\/\" \/>\n<meta property=\"og:site_name\" content=\"Lugaris\" \/>\n<meta property=\"article:published_time\" content=\"2021-05-25T07:41:44+00:00\" \/>\n<meta property=\"article:modified_time\" content=\"2024-12-02T21:05:29+00:00\" \/>\n<meta property=\"og:image\" content=\"https:\/\/www.lugaris.com\/app\/uploads\/2021\/05\/carles-rabada-kMde0v9tYYM-unsplash-1280x720.jpg\" \/>\n\t<meta property=\"og:image:width\" content=\"1280\" \/>\n\t<meta property=\"og:image:height\" content=\"720\" \/>\n\t<meta property=\"og:image:type\" content=\"image\/jpeg\" \/>\n<meta name=\"author\" content=\"Lugaris Reservas\" \/>\n<meta name=\"twitter:card\" content=\"summary_large_image\" \/>\n<meta name=\"twitter:label1\" content=\"Written by\" \/>\n\t<meta name=\"twitter:data1\" content=\"Lugaris Reservas\" \/>\n\t<meta name=\"twitter:label2\" content=\"Est. reading time\" \/>\n\t<meta name=\"twitter:data2\" content=\"6 minutes\" \/>\n<script type=\"application\/ld+json\" class=\"yoast-schema-graph\">{\"@context\":\"https:\/\/schema.org\",\"@graph\":[{\"@type\":\"Article\",\"@id\":\"https:\/\/www.lugaris.com\/fr\/les-meilleurs-evenements-de-barcelone-en-2024\/#article\",\"isPartOf\":{\"@id\":\"https:\/\/www.lugaris.com\/fr\/les-meilleurs-evenements-de-barcelone-en-2024\/\"},\"author\":{\"name\":\"Lugaris Reservas\",\"@id\":\"https:\/\/www.lugaris.com\/fr\/#\/schema\/person\/d331d1664afd39e5f4a62edea3455729\"},\"headline\":\"Les meilleurs \u00e9v\u00e9nements de Barcelone en 2024\",\"datePublished\":\"2021-05-25T07:41:44+00:00\",\"dateModified\":\"2024-12-02T21:05:29+00:00\",\"mainEntityOfPage\":{\"@id\":\"https:\/\/www.lugaris.com\/fr\/les-meilleurs-evenements-de-barcelone-en-2024\/\"},\"wordCount\":1093,\"commentCount\":0,\"publisher\":{\"@id\":\"https:\/\/www.lugaris.com\/fr\/#organization\"},\"image\":{\"@id\":\"https:\/\/www.lugaris.com\/fr\/les-meilleurs-evenements-de-barcelone-en-2024\/#primaryimage\"},\"thumbnailUrl\":\"https:\/\/www.lugaris.com\/app\/uploads\/2021\/05\/carles-rabada-kMde0v9tYYM-unsplash.jpg\",\"keywords\":[\"Cultura en Barcelona\",\"Barrios de Barcelona\"],\"articleSection\":[\"Eventos en Barcelona\",\"Ocio en Barcelona\",\"Barcelona\"],\"inLanguage\":\"fr-FR\",\"potentialAction\":[{\"@type\":\"CommentAction\",\"name\":\"Comment\",\"target\":[\"https:\/\/www.lugaris.com\/fr\/les-meilleurs-evenements-de-barcelone-en-2024\/#respond\"]}]},{\"@type\":\"WebPage\",\"@id\":\"https:\/\/www.lugaris.com\/fr\/les-meilleurs-evenements-de-barcelone-en-2024\/\",\"url\":\"https:\/\/www.lugaris.com\/fr\/les-meilleurs-evenements-de-barcelone-en-2024\/\",\"name\":\"Les meilleurs \u00e9v\u00e9nements de Barcelone en 2024 | LUGARIS\",\"isPartOf\":{\"@id\":\"https:\/\/www.lugaris.com\/fr\/#website\"},\"primaryImageOfPage\":{\"@id\":\"https:\/\/www.lugaris.com\/fr\/les-meilleurs-evenements-de-barcelone-en-2024\/#primaryimage\"},\"image\":{\"@id\":\"https:\/\/www.lugaris.com\/fr\/les-meilleurs-evenements-de-barcelone-en-2024\/#primaryimage\"},\"thumbnailUrl\":\"https:\/\/www.lugaris.com\/app\/uploads\/2021\/05\/carles-rabada-kMde0v9tYYM-unsplash.jpg\",\"datePublished\":\"2021-05-25T07:41:44+00:00\",\"dateModified\":\"2024-12-02T21:05:29+00:00\",\"description\":\"D\u00e9couvrez les \u00e9v\u00e9nements les plus marquants de Barcelone en 2024 ! \ud83c\udf89 Vivez des exp\u00e9riences uniques gr\u00e2ce \u00e0 notre guide incontournable. #BarcelonaEvents2024\",\"breadcrumb\":{\"@id\":\"https:\/\/www.lugaris.com\/fr\/les-meilleurs-evenements-de-barcelone-en-2024\/#breadcrumb\"},\"inLanguage\":\"fr-FR\",\"potentialAction\":[{\"@type\":\"ReadAction\",\"target\":[\"https:\/\/www.lugaris.com\/fr\/les-meilleurs-evenements-de-barcelone-en-2024\/\"]}]},{\"@type\":\"ImageObject\",\"inLanguage\":\"fr-FR\",\"@id\":\"https:\/\/www.lugaris.com\/fr\/les-meilleurs-evenements-de-barcelone-en-2024\/#primaryimage\",\"url\":\"https:\/\/www.lugaris.com\/app\/uploads\/2021\/05\/carles-rabada-kMde0v9tYYM-unsplash.jpg\",\"contentUrl\":\"https:\/\/www.lugaris.com\/app\/uploads\/2021\/05\/carles-rabada-kMde0v9tYYM-unsplash.jpg\",\"width\":2560,\"height\":1440,\"caption\":\"Descubre todo tipo de eventos especiales en Barcelona, festivales, eventos culturales y mucho m\u00e1s.\"},{\"@type\":\"BreadcrumbList\",\"@id\":\"https:\/\/www.lugaris.com\/fr\/les-meilleurs-evenements-de-barcelone-en-2024\/#breadcrumb\",\"itemListElement\":[{\"@type\":\"ListItem\",\"position\":1,\"name\":\"Home\",\"item\":\"https:\/\/www.lugaris.com\/fr\/\"},{\"@type\":\"ListItem\",\"position\":2,\"name\":\"Les meilleurs \u00e9v\u00e9nements de Barcelone en 2024\"}]},{\"@type\":\"WebSite\",\"@id\":\"https:\/\/www.lugaris.com\/fr\/#website\",\"url\":\"https:\/\/www.lugaris.com\/fr\/\",\"name\":\"Lugaris\",\"description\":\"Apartamentos de vacaciones en Barcelona\",\"publisher\":{\"@id\":\"https:\/\/www.lugaris.com\/fr\/#organization\"},\"potentialAction\":[{\"@type\":\"SearchAction\",\"target\":{\"@type\":\"EntryPoint\",\"urlTemplate\":\"https:\/\/www.lugaris.com\/fr\/?s={search_term_string}\"},\"query-input\":\"required name=search_term_string\"}],\"inLanguage\":\"fr-FR\"},{\"@type\":\"Organization\",\"@id\":\"https:\/\/www.lugaris.com\/fr\/#organization\",\"name\":\"Lugaris Apartments in Barcelona\",\"url\":\"https:\/\/www.lugaris.com\/fr\/\",\"logo\":{\"@type\":\"ImageObject\",\"inLanguage\":\"fr-FR\",\"@id\":\"https:\/\/www.lugaris.com\/fr\/#\/schema\/logo\/image\/\",\"url\":\"https:\/\/www.lugaris.com\/app\/uploads\/2020\/03\/Logo_lugaris_v2.png\",\"contentUrl\":\"https:\/\/www.lugaris.com\/app\/uploads\/2020\/03\/Logo_lugaris_v2.png\",\"width\":285,\"height\":257,\"caption\":\"Lugaris Apartments in Barcelona\"},\"image\":{\"@id\":\"https:\/\/www.lugaris.com\/fr\/#\/schema\/logo\/image\/\"}},{\"@type\":\"Person\",\"@id\":\"https:\/\/www.lugaris.com\/fr\/#\/schema\/person\/d331d1664afd39e5f4a62edea3455729\",\"name\":\"Lugaris Reservas\",\"image\":{\"@type\":\"ImageObject\",\"inLanguage\":\"fr-FR\",\"@id\":\"https:\/\/www.lugaris.com\/fr\/#\/schema\/person\/image\/\",\"url\":\"https:\/\/www.lugaris.com\/app\/litespeed\/avatar\/75caeadca424e791d40a099d0fda7cee.jpg?ver=1776885139\",\"contentUrl\":\"https:\/\/www.lugaris.com\/app\/litespeed\/avatar\/75caeadca424e791d40a099d0fda7cee.jpg?ver=1776885139\",\"caption\":\"Lugaris Reservas\"}}]}<\/script>\n<!-- \/ Yoast SEO plugin. -->","yoast_head_json":{"title":"Les meilleurs \u00e9v\u00e9nements de Barcelone en 2024 | LUGARIS","description":"D\u00e9couvrez les \u00e9v\u00e9nements les plus marquants de Barcelone en 2024 ! \ud83c\udf89 Vivez des exp\u00e9riences uniques gr\u00e2ce \u00e0 notre guide incontournable. #BarcelonaEvents2024","robots":{"index":"index","follow":"follow","max-snippet":"max-snippet:-1","max-image-preview":"max-image-preview:large","max-video-preview":"max-video-preview:-1"},"canonical":"https:\/\/www.lugaris.com\/fr\/les-meilleurs-evenements-de-barcelone-en-2024\/","og_locale":"fr_FR","og_type":"article","og_title":"Les meilleurs \u00e9v\u00e9nements de Barcelone en 2024 | LUGARIS","og_description":"D\u00e9couvrez les \u00e9v\u00e9nements les plus marquants de Barcelone en 2024 ! \ud83c\udf89 Vivez des exp\u00e9riences uniques gr\u00e2ce \u00e0 notre guide incontournable. #BarcelonaEvents2024","og_url":"https:\/\/www.lugaris.com\/fr\/les-meilleurs-evenements-de-barcelone-en-2024\/","og_site_name":"Lugaris","article_published_time":"2021-05-25T07:41:44+00:00","article_modified_time":"2024-12-02T21:05:29+00:00","og_image":[{"width":1280,"height":720,"url":"https:\/\/www.lugaris.com\/app\/uploads\/2021\/05\/carles-rabada-kMde0v9tYYM-unsplash-1280x720.jpg","type":"image\/jpeg"}],"author":"Lugaris Reservas","twitter_card":"summary_large_image","twitter_misc":{"Written by":"Lugaris Reservas","Est. reading time":"6 minutes"},"schema":{"@context":"https:\/\/schema.org","@graph":[{"@type":"Article","@id":"https:\/\/www.lugaris.com\/fr\/les-meilleurs-evenements-de-barcelone-en-2024\/#article","isPartOf":{"@id":"https:\/\/www.lugaris.com\/fr\/les-meilleurs-evenements-de-barcelone-en-2024\/"},"author":{"name":"Lugaris Reservas","@id":"https:\/\/www.lugaris.com\/fr\/#\/schema\/person\/d331d1664afd39e5f4a62edea3455729"},"headline":"Les meilleurs \u00e9v\u00e9nements de Barcelone en 2024","datePublished":"2021-05-25T07:41:44+00:00","dateModified":"2024-12-02T21:05:29+00:00","mainEntityOfPage":{"@id":"https:\/\/www.lugaris.com\/fr\/les-meilleurs-evenements-de-barcelone-en-2024\/"},"wordCount":1093,"commentCount":0,"publisher":{"@id":"https:\/\/www.lugaris.com\/fr\/#organization"},"image":{"@id":"https:\/\/www.lugaris.com\/fr\/les-meilleurs-evenements-de-barcelone-en-2024\/#primaryimage"},"thumbnailUrl":"https:\/\/www.lugaris.com\/app\/uploads\/2021\/05\/carles-rabada-kMde0v9tYYM-unsplash.jpg","keywords":["Cultura en Barcelona","Barrios de Barcelona"],"articleSection":["Eventos en Barcelona","Ocio en Barcelona","Barcelona"],"inLanguage":"fr-FR","potentialAction":[{"@type":"CommentAction","name":"Comment","target":["https:\/\/www.lugaris.com\/fr\/les-meilleurs-evenements-de-barcelone-en-2024\/#respond"]}]},{"@type":"WebPage","@id":"https:\/\/www.lugaris.com\/fr\/les-meilleurs-evenements-de-barcelone-en-2024\/","url":"https:\/\/www.lugaris.com\/fr\/les-meilleurs-evenements-de-barcelone-en-2024\/","name":"Les meilleurs \u00e9v\u00e9nements de Barcelone en 2024 | LUGARIS","isPartOf":{"@id":"https:\/\/www.lugaris.com\/fr\/#website"},"primaryImageOfPage":{"@id":"https:\/\/www.lugaris.com\/fr\/les-meilleurs-evenements-de-barcelone-en-2024\/#primaryimage"},"image":{"@id":"https:\/\/www.lugaris.com\/fr\/les-meilleurs-evenements-de-barcelone-en-2024\/#primaryimage"},"thumbnailUrl":"https:\/\/www.lugaris.com\/app\/uploads\/2021\/05\/carles-rabada-kMde0v9tYYM-unsplash.jpg","datePublished":"2021-05-25T07:41:44+00:00","dateModified":"2024-12-02T21:05:29+00:00","description":"D\u00e9couvrez les \u00e9v\u00e9nements les plus marquants de Barcelone en 2024 ! \ud83c\udf89 Vivez des exp\u00e9riences uniques gr\u00e2ce \u00e0 notre guide incontournable. #BarcelonaEvents2024","breadcrumb":{"@id":"https:\/\/www.lugaris.com\/fr\/les-meilleurs-evenements-de-barcelone-en-2024\/#breadcrumb"},"inLanguage":"fr-FR","potentialAction":[{"@type":"ReadAction","target":["https:\/\/www.lugaris.com\/fr\/les-meilleurs-evenements-de-barcelone-en-2024\/"]}]},{"@type":"ImageObject","inLanguage":"fr-FR","@id":"https:\/\/www.lugaris.com\/fr\/les-meilleurs-evenements-de-barcelone-en-2024\/#primaryimage","url":"https:\/\/www.lugaris.com\/app\/uploads\/2021\/05\/carles-rabada-kMde0v9tYYM-unsplash.jpg","contentUrl":"https:\/\/www.lugaris.com\/app\/uploads\/2021\/05\/carles-rabada-kMde0v9tYYM-unsplash.jpg","width":2560,"height":1440,"caption":"Descubre todo tipo de eventos especiales en Barcelona, festivales, eventos culturales y mucho m\u00e1s."},{"@type":"BreadcrumbList","@id":"https:\/\/www.lugaris.com\/fr\/les-meilleurs-evenements-de-barcelone-en-2024\/#breadcrumb","itemListElement":[{"@type":"ListItem","position":1,"name":"Home","item":"https:\/\/www.lugaris.com\/fr\/"},{"@type":"ListItem","position":2,"name":"Les meilleurs \u00e9v\u00e9nements de Barcelone en 2024"}]},{"@type":"WebSite","@id":"https:\/\/www.lugaris.com\/fr\/#website","url":"https:\/\/www.lugaris.com\/fr\/","name":"Lugaris","description":"Apartamentos de vacaciones en Barcelona","publisher":{"@id":"https:\/\/www.lugaris.com\/fr\/#organization"},"potentialAction":[{"@type":"SearchAction","target":{"@type":"EntryPoint","urlTemplate":"https:\/\/www.lugaris.com\/fr\/?s={search_term_string}"},"query-input":"required name=search_term_string"}],"inLanguage":"fr-FR"},{"@type":"Organization","@id":"https:\/\/www.lugaris.com\/fr\/#organization","name":"Lugaris Apartments in Barcelona","url":"https:\/\/www.lugaris.com\/fr\/","logo":{"@type":"ImageObject","inLanguage":"fr-FR","@id":"https:\/\/www.lugaris.com\/fr\/#\/schema\/logo\/image\/","url":"https:\/\/www.lugaris.com\/app\/uploads\/2020\/03\/Logo_lugaris_v2.png","contentUrl":"https:\/\/www.lugaris.com\/app\/uploads\/2020\/03\/Logo_lugaris_v2.png","width":285,"height":257,"caption":"Lugaris Apartments in Barcelona"},"image":{"@id":"https:\/\/www.lugaris.com\/fr\/#\/schema\/logo\/image\/"}},{"@type":"Person","@id":"https:\/\/www.lugaris.com\/fr\/#\/schema\/person\/d331d1664afd39e5f4a62edea3455729","name":"Lugaris Reservas","image":{"@type":"ImageObject","inLanguage":"fr-FR","@id":"https:\/\/www.lugaris.com\/fr\/#\/schema\/person\/image\/","url":"https:\/\/www.lugaris.com\/app\/litespeed\/avatar\/75caeadca424e791d40a099d0fda7cee.jpg?ver=1776885139","contentUrl":"https:\/\/www.lugaris.com\/app\/litespeed\/avatar\/75caeadca424e791d40a099d0fda7cee.jpg?ver=1776885139","caption":"Lugaris Reservas"}}]}},"uagb_featured_image_src":{"full":["https:\/\/www.lugaris.com\/app\/uploads\/2021\/05\/carles-rabada-kMde0v9tYYM-unsplash.jpg",2560,1440,false],"thumbnail":["https:\/\/www.lugaris.com\/app\/uploads\/2021\/05\/carles-rabada-kMde0v9tYYM-unsplash-640x360.jpg",640,360,true],"medium":["https:\/\/www.lugaris.com\/app\/uploads\/2021\/05\/carles-rabada-kMde0v9tYYM-unsplash-1024x576.jpg",1024,576,true],"medium_large":["https:\/\/www.lugaris.com\/app\/uploads\/2021\/05\/carles-rabada-kMde0v9tYYM-unsplash-768x432.jpg",768,432,true],"large":["https:\/\/www.lugaris.com\/app\/uploads\/2021\/05\/carles-rabada-kMde0v9tYYM-unsplash-1280x720.jpg",1280,720,true],"1536x1536":["https:\/\/www.lugaris.com\/app\/uploads\/2021\/05\/carles-rabada-kMde0v9tYYM-unsplash-1536x864.jpg",1536,864,true],"2048x2048":["https:\/\/www.lugaris.com\/app\/uploads\/2021\/05\/carles-rabada-kMde0v9tYYM-unsplash-2048x1152.jpg",2048,1152,true]},"uagb_author_info":{"display_name":"Lugaris Reservas","author_link":"https:\/\/www.lugaris.com\/fr\/author\/lugaris\/"},"uagb_comment_info":0,"uagb_excerpt":"Chaque ann\u00e9e, un grand nombre d'\u00e9v\u00e9nements de tous types sont organis\u00e9s \u00e0 Barcelone. L'offre est tr\u00e8s large et nous allons vous pr\u00e9senter quelques-uns des \u00e9v\u00e9nements les plus importants qui auront lieu cette ann\u00e9e.","_links":{"self":[{"href":"https:\/\/www.lugaris.com\/fr\/wp-json\/wp\/v2\/posts\/26612"}],"collection":[{"href":"https:\/\/www.lugaris.com\/fr\/wp-json\/wp\/v2\/posts"}],"about":[{"href":"https:\/\/www.lugaris.com\/fr\/wp-json\/wp\/v2\/types\/post"}],"author":[{"embeddable":true,"href":"https:\/\/www.lugaris.com\/fr\/wp-json\/wp\/v2\/users\/8"}],"replies":[{"embeddable":true,"href":"https:\/\/www.lugaris.com\/fr\/wp-json\/wp\/v2\/comments?post=26612"}],"version-history":[{"count":1,"href":"https:\/\/www.lugaris.com\/fr\/wp-json\/wp\/v2\/posts\/26612\/revisions"}],"predecessor-version":[{"id":26619,"href":"https:\/\/www.lugaris.com\/fr\/wp-json\/wp\/v2\/posts\/26612\/revisions\/26619"}],"wp:featuredmedia":[{"embeddable":true,"href":"https:\/\/www.lugaris.com\/fr\/wp-json\/wp\/v2\/media\/16099"}],"wp:attachment":[{"href":"https:\/\/www.lugaris.com\/fr\/wp-json\/wp\/v2\/media?parent=26612"}],"wp:term":[{"taxonomy":"category","embeddable":true,"href":"https:\/\/www.lugaris.com\/fr\/wp-json\/wp\/v2\/categories?post=26612"},{"taxonomy":"post_tag","embeddable":true,"href":"https:\/\/www.lugaris.com\/fr\/wp-json\/wp\/v2\/tags?post=26612"}],"curies":[{"name":"wp","href":"https:\/\/api.w.org\/{rel}","templated":true}]}}