{"id":26642,"date":"2020-05-14T16:57:14","date_gmt":"2020-05-14T16:57:14","guid":{"rendered":"https:\/\/www.lugaris.com\/los-mejores-mercados-en-barcelona\/"},"modified":"2024-12-03T06:32:53","modified_gmt":"2024-12-03T06:32:53","slug":"les-meilleurs-marches-de-barcelone","status":"publish","type":"post","link":"https:\/\/www.lugaris.com\/fr\/les-meilleurs-marches-de-barcelone\/","title":{"rendered":"Les meilleurs march\u00e9s de Barcelone"},"content":{"rendered":"\n<p class=\"\"><strong>Les attraits de la capitale catalane vont bien au-del\u00e0 de ses impressionnantes \u00e9glises, maisons modernistes et palais.<\/strong> En effet, les plaisirs de la cuisine m\u00e9diterran\u00e9enne constituent l&#8217;un de ses grands atouts touristiques. Et pour s&#8217;y familiariser, rien de tel que de visiter les endroits o\u00f9 l&#8217;on trouve les mati\u00e8res premi\u00e8res des <strong>plats typiques catalans<\/strong>. C&#8217;est pourquoi nous vous invitons \u00e0 d\u00e9couvrir les meilleurs march\u00e9s de Barcelone.<\/p>\n\n\n\n<p class=\"\">En parcourant leurs \u00e9tals color\u00e9s, vous pourrez non seulement acheter des aliments de haute qualit\u00e9, locaux ou import\u00e9s (parfaits pour pr\u00e9parer un d\u00e9licieux d\u00e9jeuner ou d\u00eener dans la cuisine de votre<a href=\"https:\/\/www.lugaris.com\/fr\/lugaris-rambla-fr\/\"> <strong>appartement de vacances \u00e0 Barcelone<\/strong><\/a>), mais aussi plonger dans certains des \u00e9pisodes les plus fascinants de l&#8217;histoire barcelonaise. La ville compte <strong>39 march\u00e9s alimentaires et quatre autres th\u00e9matiques<\/strong>, vous offrant ainsi un large \u00e9ventail d&#8217;options \u00e0 explorer.<\/p>\n\n\n\n<p class=\"\">Pr\u00eat(e) \u00e0 d\u00e9couvrir les plus c\u00e9l\u00e8bres ? Commen\u00e7ons notre itin\u00e9raire !<\/p>\n\n\n\n<h2 class=\"wp-block-heading\">EL BORN CENTRE CULTURAL I MEM\u00d2RIA<\/h2>\n\n\n\n<p class=\"\">Nous entamons cette liste des meilleurs march\u00e9s de Barcelone avec l&#8217;un des points n\u00e9vralgiques du quartier du Born, \u00e0 c\u00f4t\u00e9 de la basilique Santa Maria del Mar. Bien que nous l&#8217;ayons d\u00e9j\u00e0 mentionn\u00e9 dans le cadre des <strong>sites arch\u00e9ologiques de Barcelone<\/strong>, cet espace m\u00e9rite une nouvelle attention, car il fut le premier march\u00e9 couvert de la ville. Au Moyen \u00c2ge, un march\u00e9 \u00e0 ciel ouvert s&#8217;y tenait d\u00e9j\u00e0, une caract\u00e9ristique courante \u00e0 l&#8217;\u00e9poque (d&#8217;o\u00f9 l&#8217;expression catalane <strong>anar a la pla\u00e7a<\/strong>, synonyme d&#8217;aller faire ses courses).<\/p>\n\n\n\n<figure class=\"wp-block-image\"><img decoding=\"async\" src=\"https:\/\/lh7-rt.googleusercontent.com\/docsz\/AD_4nXdF1cVna5JWMCtarIMDkiY6AT6-YvXUXHuLcQOP8f16smJepyOp1EQU_9S83BwXo5xBeC8sqRnbHfAbAThUfySuHJ9YQa4xAushQShbvPAVK6l8diBfa-rJdb8tllhgHEkeex2KLw?key=xvXwAUpsCjXCncSc-1eGoKFH\" alt=\"\"\/><\/figure>\n\n\n\n<p class=\"\">Construit en 1873, le march\u00e9 du Born fonctionna jusqu&#8217;en ao\u00fbt 1971, co\u00efncidant avec l&#8217;ouverture de Mercabarna dans la Zona Franca, le grand centre logistique de la capitale catalane. Apr\u00e8s sa fermeture, les habitants r\u00e9ussirent \u00e0 \u00e9viter sa d\u00e9molition, et en 2002, lors de r\u00e9novations visant \u00e0 transformer le site en biblioth\u00e8que publique, des <strong>ruines datant du d\u00e9but du XVIIIe si\u00e8cle<\/strong> furent d\u00e9couvertes. Elles r\u00e9v\u00e9laient un quartier d\u00e9truit sur ordre des autorit\u00e9s bourboniennes \u00e0 la suite de la d\u00e9faite de Barcelone lors de la guerre de Succession en 1714.<\/p>\n\n\n\n<p class=\"\">Depuis 2013, ce lieu singulier est ouvert au public. Il est m\u00eame possible de suivre une visite guid\u00e9e \u00e0 travers les rues de l&#8217;ancienne ville disparue, d\u00e9couvrant habitations, commerces, tavernes, une distillerie et m\u00eame un puits de glace qui approvisionnait les march\u00e9s et l&#8217;ancien h\u00f4pital de la Santa Creu dans le Raval. Vous y trouverez \u00e9galement <strong>deux salles d&#8217;exposition<\/strong> (temporaire et permanente), une boutique de souvenirs et de produits typiques de Barcelone, ainsi qu&#8217;un <strong>bar-restaurant<\/strong>, qui propose parfois des menus inspir\u00e9s de la cuisine du XVIIIe si\u00e8cle.<\/p>\n\n\n\n<h2 class=\"wp-block-heading\">ENCANTS VELLS OU FIRA DE BELLCAIRE<\/h2>\n\n\n\n<p class=\"\">Le 25 septembre 2013, les <strong>Encants Vells<\/strong> ont inaugur\u00e9 un nouvel emplacement au 158, rue Castillejos. Ses stands se d\u00e9ploient sous un <strong>spectaculaire toit de miroirs<\/strong>, qui refl\u00e8te l&#8217;activit\u00e9 de ce march\u00e9 en plein air \u2013 o\u00f9 l&#8217;on peut acheter des articles neufs et d&#8217;occasion \u2013 tout en prot\u00e9geant vendeurs et visiteurs des <strong>intemp\u00e9ries<\/strong>. En tout, le site s&#8217;\u00e9tend sur 32 466 m\u00b2, dont une surface commerciale de 17 000 m\u00b2.<\/p>\n\n\n\n<figure class=\"wp-block-image\"><img decoding=\"async\" src=\"https:\/\/lh7-rt.googleusercontent.com\/docsz\/AD_4nXfe41NVMQq8K872oBc1nVJU5PysSe9I8PotbEecaKGSmH74Q2A6VZIyvR_guAywxUvxkPsac62K5b7tmTEpURR-8btV2NeSW52pbFLLhRBe30ts542OiWuuTQ2F8l2-P1tPfVkTGQ?key=xvXwAUpsCjXCncSc-1eGoKFH\" alt=\"\"\/><\/figure>\n\n\n\n<h2 class=\"wp-block-heading\">FLEA MARKET<\/h2>\n\n\n\n<p class=\"\">Un autre march\u00e9 aux puces int\u00e9ressant est le <strong>Flea Market<\/strong>, situ\u00e9 sur la place Blanquerna depuis 2007. Une partie de son charme r\u00e9side dans le fait que n&#8217;importe qui peut r\u00e9server un espace et installer un stand pour vendre des articles dont il n&#8217;a plus besoin, comme des v\u00eatements, des antiquit\u00e9s, des meubles, des peintures ou des gadgets. Vous pouvez le visiter le <strong>deuxi\u00e8me dimanche de chaque mois<\/strong>, de 10h00 \u00e0 19h00.<\/p>\n\n\n\n<figure class=\"wp-block-image\"><img decoding=\"async\" src=\"https:\/\/lh7-rt.googleusercontent.com\/docsz\/AD_4nXckUYLTVzzknC23z6wL1uXM1C5jx63ZPFmcdAwCU367tSH7qQ8wmQxJRBHbskyvkGiYtlmDQXngbG0zvcDZFBuNwfutRnonBS7OcdGiNj01Y1AiUVPizGgMflB5RY8ZCD6JcpL5Fg?key=xvXwAUpsCjXCncSc-1eGoKFH\" alt=\"\"\/><\/figure>\n\n\n\n<p class=\"\">Un march\u00e9 similaire est le <strong>Lost &amp; Found Market<\/strong>, qui a lieu ponctuellement \u00e0 Madrid et Barcelone (dans la capitale catalane, \u00e0 la gare de Fran\u00e7a, toujours un week-end). Et si vous ne savez pas <strong>quoi voir \u00e0 Poblenou<\/strong>, le quartier o\u00f9 se trouvent nos <strong>appartements au bord de la plage de Barcelone<\/strong>, sachez qu&#8217;il abrite deux autres march\u00e9s de seconde main int\u00e9ressants. L&#8217;un d&#8217;eux est le <strong>Two Market<\/strong>, qui ouvre le <strong>premier ou le deuxi\u00e8me dimanche du mois<\/strong> \u2013 il est conseill\u00e9 de v\u00e9rifier la programmation \u00e0 l&#8217;avance \u2013 \u00e0 la taverne L\u2019Ovella Negra, au 78, rue de Zamora, de 10h00 \u00e0 19h00. Vous y trouverez des v\u00eatements, de la vaisselle et bien d&#8217;autres articles \u00e0 un prix imbattable : un euro seulement. L&#8217;autre grand march\u00e9 de seconde main de Poblenou est le <strong>Palo Market Fest<\/strong>, qui se tient le <strong>premier week-end de chaque mois<\/strong>, les samedis et dimanches de 11h00 \u00e0 21h00, au 30, rue de Pellaires.<\/p>\n\n\n\n<h2 class=\"wp-block-heading\">MERCAT DE LA BOQUERIA OU MERCAT DE SANT JOSEP<\/h2>\n\n\n\n<p class=\"\">Situ\u00e9 au 91, <strong>La Rambla<\/strong>, c&#8217;est sans aucun doute l&#8217;un des meilleurs march\u00e9s de Barcelone, et aussi le <strong>plus grand march\u00e9 municipal de Catalogne<\/strong>. Inaugur\u00e9 en 1840, il se distingue par son \u00e9l\u00e9gante entr\u00e9e moderniste et son toit m\u00e9tallique datant de 1914. Sur ses 2 583 m\u00b2 et plus de 300 stands, vous trouverez des produits locaux et exotiques, fr\u00e9quent\u00e9s par des familles, des restaurateurs et des touristes. \u00c0 l&#8217;int\u00e9rieur, vous pourrez \u00e9galement d\u00e9guster quelques-unes des <strong>meilleures tapas de Barcelone<\/strong>.<\/p>\n\n\n\n<figure class=\"wp-block-image\"><img decoding=\"async\" src=\"https:\/\/lh7-rt.googleusercontent.com\/docsz\/AD_4nXdNuYbnEZFcJJhdWPlHlm0jJy1CmW9ZKs9bTzj1S5UaD42SVcivTGd-a-TA2nD3zwFJTYn7TrMeLCrcw1WQnR73R_vinbFMmY5WxD0iDTVjU2XhrLA0Syv_9w06saiknvkBfYa0JA?key=xvXwAUpsCjXCncSc-1eGoKFH\" alt=\"\"\/><\/figure>\n\n\n\n<h2 class=\"wp-block-heading\">MERCAT DE SANTA CATERINA<\/h2>\n\n\n\n<p class=\"\">Au 16, avenue Francesc Camb\u00f3, vous trouverez un autre incontournable lors de vos vacances \u00e0 Barcelone : le <strong>Mercat de Santa Caterina<\/strong>. Ouvert pour la premi\u00e8re fois en 1845, il a \u00e9t\u00e9 compl\u00e8tement r\u00e9nov\u00e9 en 2005 par les architectes <strong>Enric Miralles et Benedetta Tabliabue<\/strong>. Son toit ondul\u00e9, compos\u00e9 de tuiles color\u00e9es, recr\u00e9e les fruits et l\u00e9gumes vendus \u00e0 l&#8217;int\u00e9rieur. Une visite id\u00e9ale pour les <strong>amateurs de bonne cuisine<\/strong> !<\/p>\n\n\n\n<figure class=\"wp-block-image\"><img decoding=\"async\" src=\"https:\/\/lh7-rt.googleusercontent.com\/docsz\/AD_4nXdG_iZ3Nr82hDEdacrt6RBvKGSqjVV4gvzU7nv_UTZJpMkg0tJRj0dWgCwMS3RKg-GIKl04DPqqQ7FoJRE-LIMLIebMej-6oZzBPT5GYx2Fc-zvMk7g_-wAgszN88O43AJdFwuptQ?key=xvXwAUpsCjXCncSc-1eGoKFH\" alt=\"\"\/><\/figure>\n\n\n\n<h2 class=\"wp-block-heading\">FIRA ARTESANA OU MERCAT DE LA MEL<\/h2>\n\n\n\n<p class=\"\">La c\u00e9l\u00e8bre place del Pi, au c\u0153ur du quartier Gothique, accueille ce <strong>march\u00e9 agr\u00e9able<\/strong> o\u00f9 des dizaines de commer\u00e7ants se r\u00e9unissent chaque mois pour vendre leurs produits issus de l\u2019agriculture biologique. Bien que l\u2019offre soit vari\u00e9e, les <strong>g\u00e2teaux maison<\/strong>, les <strong>fromages artisanaux<\/strong>, les <strong>douceurs locales<\/strong> et le <strong>miel<\/strong> se d\u00e9marquent particuli\u00e8rement. Une fois votre visite termin\u00e9e, ne manquez pas l\u2019occasion de savourer les <strong>meilleurs churros au chocolat de Barcelone<\/strong> dans la rue voisine de Petritxol, la premi\u00e8re rue pi\u00e9tonne de la ville.<\/p>\n\n\n\n<figure class=\"wp-block-image\"><img decoding=\"async\" src=\"https:\/\/lh7-rt.googleusercontent.com\/docsz\/AD_4nXfj9jgspJJnDGdYme8z6uFuknBRMshkZ4NGD8BNwGmMIlWGVA0idK89zTsFowXHX18kCul1H2Q8OpZ2PNtPCfBakbsxtvH0_eKbLum3PxYOMLv14qbTdAIERtmnNR9cehzbQmKRoQ?key=xvXwAUpsCjXCncSc-1eGoKFH\" alt=\"\"\/><\/figure>\n\n\n\n<h2 class=\"wp-block-heading\">MERCAT DE LA CONCEPCI\u00d3<\/h2>\n\n\n\n<p class=\"\">Si vous voulez surprendre quelqu\u2019un avec un bouquet de fleurs \u00e0 tout moment de la journ\u00e9e, rendez-vous au <strong>Mercat de la Concepci\u00f3<\/strong>, ouvert depuis 1888. Bien qu\u2019il soit connu comme le march\u00e9 des fleurs par excellence, il comprend \u00e9galement une <strong>zone alimentaire<\/strong> et des stands vendant des appareils \u00e9lectrom\u00e9nagers. Il se situe au 313, rue Arag\u00f3, en plein quartier de l\u2019Eixample barcelonais.<\/p>\n\n\n\n<figure class=\"wp-block-image\"><img decoding=\"async\" src=\"https:\/\/lh7-rt.googleusercontent.com\/docsz\/AD_4nXfFS2U0iRdP-QLiiNRBGuyo0SqyMQQF9YdBq2g4N0EwhUW181oZSA51C_CXruo9wxPf-GtlzsdfIUw_xfdhhEVHDA7ON5eyFb3pAJgjdNEI-RihbBdM07qyMuGarX-xMng9cVfuDg?key=xvXwAUpsCjXCncSc-1eGoKFH\" alt=\"\"\/><\/figure>\n\n\n\n<h2 class=\"wp-block-heading\">MERCAT DE SANT ANTONI<\/h2>\n\n\n\n<p class=\"\">Le march\u00e9 de Sant Antoni est l&#8217;un des plus embl\u00e9matiques de Barcelone, gr\u00e2ce \u00e0 sa <strong>superbe fa\u00e7ade<\/strong>, sa disposition en \u00e9toile et son importance historique. Construit entre 1879 et 1882 par l&#8217;architecte <strong>Antoni Rovira i Trias<\/strong>, il a fait l\u2019objet d\u2019une <strong>r\u00e9novation co\u00fbteuse<\/strong> entre 2009 et 2018, qui a permis de r\u00e9ouvrir cet espace au public. Sur ses <strong>53 388 m\u00b2 r\u00e9partis sur cinq \u00e9tages<\/strong>, vous trouverez <strong>235 commerces permanents<\/strong> et <strong>78 \u00e9tals suppl\u00e9mentaires<\/strong> install\u00e9s autour du march\u00e9 chaque dimanche matin. L\u2019une de ses sp\u00e9cialit\u00e9s phares est la vente de <strong>bandes dessin\u00e9es et livres d\u2019occasion<\/strong>.<\/p>\n\n\n\n<figure class=\"wp-block-image\"><img decoding=\"async\" src=\"https:\/\/lh7-rt.googleusercontent.com\/docsz\/AD_4nXefo2_yDHHa2T-BfJ2f-0BmoZyHK3dCQcYLgsAAqXepi-jC7vYad7ea5B5p4MxqqeFNa1zHSZwGYjBMrWTNPJaTlRNjqVQzBatkPOxOMSscZigwKS1vyQnDpVFzwQDFDuDo4Jdafg?key=xvXwAUpsCjXCncSc-1eGoKFH\" alt=\"\"\/><\/figure>\n\n\n\n<h2 class=\"wp-block-heading\">MERCAT DEL NINOT<\/h2>\n\n\n\n<p class=\"\">Le march\u00e9 du Ninot, situ\u00e9 au <strong>133, rue de Mallorca<\/strong>, est un exemple parfait d\u2019<strong>architecture en fer du XIXe si\u00e8cle<\/strong>. Ce march\u00e9 municipal combine une offre de <strong>produits frais<\/strong> avec des <strong>restaurants<\/strong> et des <strong>stands ext\u00e9rieurs<\/strong> vendant v\u00eatements, accessoires et articles pour la maison. En plus, il propose r\u00e9guli\u00e8rement des <strong>ateliers de cuisine<\/strong> accessibles \u00e0 tous, une excellente opportunit\u00e9 pour d\u00e9couvrir les <strong>tr\u00e9sors gastronomiques<\/strong> de Barcelone.<\/p>\n\n\n\n<figure class=\"wp-block-image\"><img decoding=\"async\" src=\"https:\/\/lh7-rt.googleusercontent.com\/docsz\/AD_4nXdBmjyv3PS7eANFZK1aCMxSh3xDESWko2XNhX4cNVp15pdlwie9pvWNCJ8qkFmMUE2JP7lrkUIDVYK0bA7y7QbkWPqiRIHoFKr3TC56pmRCEhZTYTXxzRjjUsakdfu6lqhHZzIX5g?key=xvXwAUpsCjXCncSc-1eGoKFH\" alt=\"\"\/><\/figure>\n\n\n\n<h2 class=\"wp-block-heading\">NOU MERCAT DE POBLENOU<\/h2>\n\n\n\n<p class=\"\">Bien que de <strong>taille modeste<\/strong>, ce march\u00e9 municipal est le plus proche de nos <a href=\"https:\/\/www.lugaris.com\/fr\/\"><strong>appartements \u00e0 Barcelone<\/strong><\/a>. Inaugur\u00e9 en 1889, lorsque le quartier de Sant Mart\u00ed \u00e9tait encore une commune ind\u00e9pendante, ce march\u00e9 a \u00e9t\u00e9 con\u00e7u dans le style des grandes constructions en fer du XIXe si\u00e8cle, avec des murs en brique et des vitraux lat\u00e9raux. Il a subi plusieurs r\u00e9novations architecturales, la derni\u00e8re en 2005. Situ\u00e9 <strong>place de l&#8217;Uni\u00f3, 25<\/strong>, il ouvre tous les matins \u00e0 partir de 8h30, et en soir\u00e9e, de mardi \u00e0 jeudi, de 17h30 \u00e0 20h30.<\/p>\n\n\n\n<h3 class=\"wp-block-heading\"><strong>VOTRE SUGGESTION NOUS INT\u00c9RESSE !<\/strong><\/h3>\n\n\n\n<p class=\"\">Et vous, avez-vous d\u00e9couvert d\u2019autres <strong>march\u00e9s int\u00e9ressants \u00e0 Barcelone<\/strong> ? Si c\u2019est le cas, n\u2019h\u00e9sitez pas \u00e0 nous les faire conna\u00eetre. Nous serions ravis d\u2019\u00e9largir cette liste avec vos recommandations ! \ud83d\ude0a<\/p>\n","protected":false},"excerpt":{"rendered":"<p>Los reclamos de la Ciudad Condal van m\u00e1s all\u00e1 de sus imponentes iglesias, casas modernistas y palacios.   De hecho, los placeres de la cocina mediterr\u00e1nea son otros de sus grandes alicientes tur\u00edsticos. Y para familiarizarse con ellos, nada como acudir a los lugares en los que se obtiene la materia prima de los platos t\u00edpicos catalanes<\/p>\n","protected":false},"author":4,"featured_media":7339,"comment_status":"open","ping_status":"open","sticky":false,"template":"","format":"standard","meta":{"_uag_custom_page_level_css":"","footnotes":""},"categories":[665,664],"tags":[693,689,688,687,674,678],"yoast_head":"<!-- This site is optimized with the Yoast SEO plugin v23.1 - https:\/\/yoast.com\/wordpress\/plugins\/seo\/ -->\n<title>Les meilleurs march\u00e9s de Barcelone | Lugaris<\/title>\n<meta name=\"description\" content=\"Produits typiques, v\u00eatements d&#039;occasion, d\u00e9licieux jus naturels et architecture unique. Vous trouverez tout cela dans les meilleurs march\u00e9s de Barcelone.\" \/>\n<meta name=\"robots\" content=\"index, follow, max-snippet:-1, max-image-preview:large, max-video-preview:-1\" \/>\n<link rel=\"canonical\" href=\"https:\/\/www.lugaris.com\/fr\/les-meilleurs-marches-de-barcelone\/\" \/>\n<meta property=\"og:locale\" content=\"fr_FR\" \/>\n<meta property=\"og:type\" content=\"article\" \/>\n<meta property=\"og:title\" content=\"Les meilleurs march\u00e9s de Barcelone | Lugaris\" \/>\n<meta property=\"og:description\" content=\"Produits typiques, v\u00eatements d&#039;occasion, d\u00e9licieux jus naturels et architecture unique. Vous trouverez tout cela dans les meilleurs march\u00e9s de Barcelone.\" \/>\n<meta property=\"og:url\" content=\"https:\/\/www.lugaris.com\/fr\/les-meilleurs-marches-de-barcelone\/\" \/>\n<meta property=\"og:site_name\" content=\"Lugaris\" \/>\n<meta property=\"article:published_time\" content=\"2020-05-14T16:57:14+00:00\" \/>\n<meta property=\"article:modified_time\" content=\"2024-12-03T06:32:53+00:00\" \/>\n<meta property=\"og:image\" content=\"https:\/\/www.lugaris.com\/app\/uploads\/2020\/05\/apples-1841132_960_720.jpg\" \/>\n\t<meta property=\"og:image:width\" content=\"960\" \/>\n\t<meta property=\"og:image:height\" content=\"640\" \/>\n\t<meta property=\"og:image:type\" content=\"image\/jpeg\" \/>\n<meta name=\"author\" content=\"Roberto Bordi\" \/>\n<meta name=\"twitter:card\" content=\"summary_large_image\" \/>\n<meta name=\"twitter:label1\" content=\"Written by\" \/>\n\t<meta name=\"twitter:data1\" content=\"Roberto Bordi\" \/>\n\t<meta name=\"twitter:label2\" content=\"Est. reading time\" \/>\n\t<meta name=\"twitter:data2\" content=\"9 minutes\" \/>\n<script type=\"application\/ld+json\" class=\"yoast-schema-graph\">{\"@context\":\"https:\/\/schema.org\",\"@graph\":[{\"@type\":\"Article\",\"@id\":\"https:\/\/www.lugaris.com\/fr\/les-meilleurs-marches-de-barcelone\/#article\",\"isPartOf\":{\"@id\":\"https:\/\/www.lugaris.com\/fr\/les-meilleurs-marches-de-barcelone\/\"},\"author\":{\"name\":\"Roberto Bordi\",\"@id\":\"https:\/\/www.lugaris.com\/fr\/#\/schema\/person\/fb23f8f2dbb02cd53d6d92029e4ddd57\"},\"headline\":\"Les meilleurs march\u00e9s de Barcelone\",\"datePublished\":\"2020-05-14T16:57:14+00:00\",\"dateModified\":\"2024-12-03T06:32:53+00:00\",\"mainEntityOfPage\":{\"@id\":\"https:\/\/www.lugaris.com\/fr\/les-meilleurs-marches-de-barcelone\/\"},\"wordCount\":1411,\"commentCount\":0,\"publisher\":{\"@id\":\"https:\/\/www.lugaris.com\/fr\/#organization\"},\"image\":{\"@id\":\"https:\/\/www.lugaris.com\/fr\/les-meilleurs-marches-de-barcelone\/#primaryimage\"},\"thumbnailUrl\":\"https:\/\/www.lugaris.com\/app\/uploads\/2020\/05\/apples-1841132_960_720.jpg\",\"keywords\":[\"Monumentos de Barcelona\",\"Compras en Barcelona\",\"Cultura en Barcelona\",\"Historia de Barcelona\",\"Barrios de Barcelona\",\"Gastronom\u00eda en Barcelona\"],\"articleSection\":[\"Ocio en Barcelona\",\"Barcelona\"],\"inLanguage\":\"fr-FR\",\"potentialAction\":[{\"@type\":\"CommentAction\",\"name\":\"Comment\",\"target\":[\"https:\/\/www.lugaris.com\/fr\/les-meilleurs-marches-de-barcelone\/#respond\"]}]},{\"@type\":\"WebPage\",\"@id\":\"https:\/\/www.lugaris.com\/fr\/les-meilleurs-marches-de-barcelone\/\",\"url\":\"https:\/\/www.lugaris.com\/fr\/les-meilleurs-marches-de-barcelone\/\",\"name\":\"Les meilleurs march\u00e9s de Barcelone | Lugaris\",\"isPartOf\":{\"@id\":\"https:\/\/www.lugaris.com\/fr\/#website\"},\"primaryImageOfPage\":{\"@id\":\"https:\/\/www.lugaris.com\/fr\/les-meilleurs-marches-de-barcelone\/#primaryimage\"},\"image\":{\"@id\":\"https:\/\/www.lugaris.com\/fr\/les-meilleurs-marches-de-barcelone\/#primaryimage\"},\"thumbnailUrl\":\"https:\/\/www.lugaris.com\/app\/uploads\/2020\/05\/apples-1841132_960_720.jpg\",\"datePublished\":\"2020-05-14T16:57:14+00:00\",\"dateModified\":\"2024-12-03T06:32:53+00:00\",\"description\":\"Produits typiques, v\u00eatements d'occasion, d\u00e9licieux jus naturels et architecture unique. Vous trouverez tout cela dans les meilleurs march\u00e9s de Barcelone.\",\"breadcrumb\":{\"@id\":\"https:\/\/www.lugaris.com\/fr\/les-meilleurs-marches-de-barcelone\/#breadcrumb\"},\"inLanguage\":\"fr-FR\",\"potentialAction\":[{\"@type\":\"ReadAction\",\"target\":[\"https:\/\/www.lugaris.com\/fr\/les-meilleurs-marches-de-barcelone\/\"]}]},{\"@type\":\"ImageObject\",\"inLanguage\":\"fr-FR\",\"@id\":\"https:\/\/www.lugaris.com\/fr\/les-meilleurs-marches-de-barcelone\/#primaryimage\",\"url\":\"https:\/\/www.lugaris.com\/app\/uploads\/2020\/05\/apples-1841132_960_720.jpg\",\"contentUrl\":\"https:\/\/www.lugaris.com\/app\/uploads\/2020\/05\/apples-1841132_960_720.jpg\",\"width\":960,\"height\":640},{\"@type\":\"BreadcrumbList\",\"@id\":\"https:\/\/www.lugaris.com\/fr\/les-meilleurs-marches-de-barcelone\/#breadcrumb\",\"itemListElement\":[{\"@type\":\"ListItem\",\"position\":1,\"name\":\"Home\",\"item\":\"https:\/\/www.lugaris.com\/fr\/\"},{\"@type\":\"ListItem\",\"position\":2,\"name\":\"Les meilleurs march\u00e9s de Barcelone\"}]},{\"@type\":\"WebSite\",\"@id\":\"https:\/\/www.lugaris.com\/fr\/#website\",\"url\":\"https:\/\/www.lugaris.com\/fr\/\",\"name\":\"Lugaris\",\"description\":\"Apartamentos de vacaciones en Barcelona\",\"publisher\":{\"@id\":\"https:\/\/www.lugaris.com\/fr\/#organization\"},\"potentialAction\":[{\"@type\":\"SearchAction\",\"target\":{\"@type\":\"EntryPoint\",\"urlTemplate\":\"https:\/\/www.lugaris.com\/fr\/?s={search_term_string}\"},\"query-input\":\"required name=search_term_string\"}],\"inLanguage\":\"fr-FR\"},{\"@type\":\"Organization\",\"@id\":\"https:\/\/www.lugaris.com\/fr\/#organization\",\"name\":\"Lugaris Apartments in Barcelona\",\"url\":\"https:\/\/www.lugaris.com\/fr\/\",\"logo\":{\"@type\":\"ImageObject\",\"inLanguage\":\"fr-FR\",\"@id\":\"https:\/\/www.lugaris.com\/fr\/#\/schema\/logo\/image\/\",\"url\":\"https:\/\/www.lugaris.com\/app\/uploads\/2020\/03\/Logo_lugaris_v2.png\",\"contentUrl\":\"https:\/\/www.lugaris.com\/app\/uploads\/2020\/03\/Logo_lugaris_v2.png\",\"width\":285,\"height\":257,\"caption\":\"Lugaris Apartments in Barcelona\"},\"image\":{\"@id\":\"https:\/\/www.lugaris.com\/fr\/#\/schema\/logo\/image\/\"}},{\"@type\":\"Person\",\"@id\":\"https:\/\/www.lugaris.com\/fr\/#\/schema\/person\/fb23f8f2dbb02cd53d6d92029e4ddd57\",\"name\":\"Roberto Bordi\",\"image\":{\"@type\":\"ImageObject\",\"inLanguage\":\"fr-FR\",\"@id\":\"https:\/\/www.lugaris.com\/fr\/#\/schema\/person\/image\/\",\"url\":\"https:\/\/www.lugaris.com\/app\/litespeed\/avatar\/dd7d954dea1d9cebdc71d83b676d531c.jpg?ver=1776865099\",\"contentUrl\":\"https:\/\/www.lugaris.com\/app\/litespeed\/avatar\/dd7d954dea1d9cebdc71d83b676d531c.jpg?ver=1776865099\",\"caption\":\"Roberto Bordi\"}}]}<\/script>\n<!-- \/ Yoast SEO plugin. -->","yoast_head_json":{"title":"Les meilleurs march\u00e9s de Barcelone | Lugaris","description":"Produits typiques, v\u00eatements d'occasion, d\u00e9licieux jus naturels et architecture unique. Vous trouverez tout cela dans les meilleurs march\u00e9s de Barcelone.","robots":{"index":"index","follow":"follow","max-snippet":"max-snippet:-1","max-image-preview":"max-image-preview:large","max-video-preview":"max-video-preview:-1"},"canonical":"https:\/\/www.lugaris.com\/fr\/les-meilleurs-marches-de-barcelone\/","og_locale":"fr_FR","og_type":"article","og_title":"Les meilleurs march\u00e9s de Barcelone | Lugaris","og_description":"Produits typiques, v\u00eatements d'occasion, d\u00e9licieux jus naturels et architecture unique. Vous trouverez tout cela dans les meilleurs march\u00e9s de Barcelone.","og_url":"https:\/\/www.lugaris.com\/fr\/les-meilleurs-marches-de-barcelone\/","og_site_name":"Lugaris","article_published_time":"2020-05-14T16:57:14+00:00","article_modified_time":"2024-12-03T06:32:53+00:00","og_image":[{"width":960,"height":640,"url":"https:\/\/www.lugaris.com\/app\/uploads\/2020\/05\/apples-1841132_960_720.jpg","type":"image\/jpeg"}],"author":"Roberto Bordi","twitter_card":"summary_large_image","twitter_misc":{"Written by":"Roberto Bordi","Est. reading time":"9 minutes"},"schema":{"@context":"https:\/\/schema.org","@graph":[{"@type":"Article","@id":"https:\/\/www.lugaris.com\/fr\/les-meilleurs-marches-de-barcelone\/#article","isPartOf":{"@id":"https:\/\/www.lugaris.com\/fr\/les-meilleurs-marches-de-barcelone\/"},"author":{"name":"Roberto Bordi","@id":"https:\/\/www.lugaris.com\/fr\/#\/schema\/person\/fb23f8f2dbb02cd53d6d92029e4ddd57"},"headline":"Les meilleurs march\u00e9s de Barcelone","datePublished":"2020-05-14T16:57:14+00:00","dateModified":"2024-12-03T06:32:53+00:00","mainEntityOfPage":{"@id":"https:\/\/www.lugaris.com\/fr\/les-meilleurs-marches-de-barcelone\/"},"wordCount":1411,"commentCount":0,"publisher":{"@id":"https:\/\/www.lugaris.com\/fr\/#organization"},"image":{"@id":"https:\/\/www.lugaris.com\/fr\/les-meilleurs-marches-de-barcelone\/#primaryimage"},"thumbnailUrl":"https:\/\/www.lugaris.com\/app\/uploads\/2020\/05\/apples-1841132_960_720.jpg","keywords":["Monumentos de Barcelona","Compras en Barcelona","Cultura en Barcelona","Historia de Barcelona","Barrios de Barcelona","Gastronom\u00eda en Barcelona"],"articleSection":["Ocio en Barcelona","Barcelona"],"inLanguage":"fr-FR","potentialAction":[{"@type":"CommentAction","name":"Comment","target":["https:\/\/www.lugaris.com\/fr\/les-meilleurs-marches-de-barcelone\/#respond"]}]},{"@type":"WebPage","@id":"https:\/\/www.lugaris.com\/fr\/les-meilleurs-marches-de-barcelone\/","url":"https:\/\/www.lugaris.com\/fr\/les-meilleurs-marches-de-barcelone\/","name":"Les meilleurs march\u00e9s de Barcelone | Lugaris","isPartOf":{"@id":"https:\/\/www.lugaris.com\/fr\/#website"},"primaryImageOfPage":{"@id":"https:\/\/www.lugaris.com\/fr\/les-meilleurs-marches-de-barcelone\/#primaryimage"},"image":{"@id":"https:\/\/www.lugaris.com\/fr\/les-meilleurs-marches-de-barcelone\/#primaryimage"},"thumbnailUrl":"https:\/\/www.lugaris.com\/app\/uploads\/2020\/05\/apples-1841132_960_720.jpg","datePublished":"2020-05-14T16:57:14+00:00","dateModified":"2024-12-03T06:32:53+00:00","description":"Produits typiques, v\u00eatements d'occasion, d\u00e9licieux jus naturels et architecture unique. Vous trouverez tout cela dans les meilleurs march\u00e9s de Barcelone.","breadcrumb":{"@id":"https:\/\/www.lugaris.com\/fr\/les-meilleurs-marches-de-barcelone\/#breadcrumb"},"inLanguage":"fr-FR","potentialAction":[{"@type":"ReadAction","target":["https:\/\/www.lugaris.com\/fr\/les-meilleurs-marches-de-barcelone\/"]}]},{"@type":"ImageObject","inLanguage":"fr-FR","@id":"https:\/\/www.lugaris.com\/fr\/les-meilleurs-marches-de-barcelone\/#primaryimage","url":"https:\/\/www.lugaris.com\/app\/uploads\/2020\/05\/apples-1841132_960_720.jpg","contentUrl":"https:\/\/www.lugaris.com\/app\/uploads\/2020\/05\/apples-1841132_960_720.jpg","width":960,"height":640},{"@type":"BreadcrumbList","@id":"https:\/\/www.lugaris.com\/fr\/les-meilleurs-marches-de-barcelone\/#breadcrumb","itemListElement":[{"@type":"ListItem","position":1,"name":"Home","item":"https:\/\/www.lugaris.com\/fr\/"},{"@type":"ListItem","position":2,"name":"Les meilleurs march\u00e9s de Barcelone"}]},{"@type":"WebSite","@id":"https:\/\/www.lugaris.com\/fr\/#website","url":"https:\/\/www.lugaris.com\/fr\/","name":"Lugaris","description":"Apartamentos de vacaciones en Barcelona","publisher":{"@id":"https:\/\/www.lugaris.com\/fr\/#organization"},"potentialAction":[{"@type":"SearchAction","target":{"@type":"EntryPoint","urlTemplate":"https:\/\/www.lugaris.com\/fr\/?s={search_term_string}"},"query-input":"required name=search_term_string"}],"inLanguage":"fr-FR"},{"@type":"Organization","@id":"https:\/\/www.lugaris.com\/fr\/#organization","name":"Lugaris Apartments in Barcelona","url":"https:\/\/www.lugaris.com\/fr\/","logo":{"@type":"ImageObject","inLanguage":"fr-FR","@id":"https:\/\/www.lugaris.com\/fr\/#\/schema\/logo\/image\/","url":"https:\/\/www.lugaris.com\/app\/uploads\/2020\/03\/Logo_lugaris_v2.png","contentUrl":"https:\/\/www.lugaris.com\/app\/uploads\/2020\/03\/Logo_lugaris_v2.png","width":285,"height":257,"caption":"Lugaris Apartments in Barcelona"},"image":{"@id":"https:\/\/www.lugaris.com\/fr\/#\/schema\/logo\/image\/"}},{"@type":"Person","@id":"https:\/\/www.lugaris.com\/fr\/#\/schema\/person\/fb23f8f2dbb02cd53d6d92029e4ddd57","name":"Roberto Bordi","image":{"@type":"ImageObject","inLanguage":"fr-FR","@id":"https:\/\/www.lugaris.com\/fr\/#\/schema\/person\/image\/","url":"https:\/\/www.lugaris.com\/app\/litespeed\/avatar\/dd7d954dea1d9cebdc71d83b676d531c.jpg?ver=1776865099","contentUrl":"https:\/\/www.lugaris.com\/app\/litespeed\/avatar\/dd7d954dea1d9cebdc71d83b676d531c.jpg?ver=1776865099","caption":"Roberto Bordi"}}]}},"uagb_featured_image_src":{"full":["https:\/\/www.lugaris.com\/app\/uploads\/2020\/05\/apples-1841132_960_720.jpg",960,640,false],"thumbnail":["https:\/\/www.lugaris.com\/app\/uploads\/2020\/05\/apples-1841132_960_720-150x150.jpg",150,150,true],"medium":["https:\/\/www.lugaris.com\/app\/uploads\/2020\/05\/apples-1841132_960_720-300x200.jpg",300,200,true],"medium_large":["https:\/\/www.lugaris.com\/app\/uploads\/2020\/05\/apples-1841132_960_720-768x512.jpg",768,512,true],"large":["https:\/\/www.lugaris.com\/app\/uploads\/2020\/05\/apples-1841132_960_720.jpg",960,640,false],"1536x1536":["https:\/\/www.lugaris.com\/app\/uploads\/2020\/05\/apples-1841132_960_720.jpg",960,640,false],"2048x2048":["https:\/\/www.lugaris.com\/app\/uploads\/2020\/05\/apples-1841132_960_720.jpg",960,640,false]},"uagb_author_info":{"display_name":"Roberto Bordi","author_link":"https:\/\/www.lugaris.com\/fr\/author\/rbb2-performance-es\/"},"uagb_comment_info":0,"uagb_excerpt":"Los reclamos de la Ciudad Condal van m\u00e1s all\u00e1 de sus imponentes iglesias, casas modernistas y palacios. De hecho, los placeres de la cocina mediterr\u00e1nea son otros de sus grandes alicientes tur\u00edsticos. Y para familiarizarse con ellos, nada como acudir a los lugares en los que se obtiene la materia prima de los platos t\u00edpicos&hellip;","_links":{"self":[{"href":"https:\/\/www.lugaris.com\/fr\/wp-json\/wp\/v2\/posts\/26642"}],"collection":[{"href":"https:\/\/www.lugaris.com\/fr\/wp-json\/wp\/v2\/posts"}],"about":[{"href":"https:\/\/www.lugaris.com\/fr\/wp-json\/wp\/v2\/types\/post"}],"author":[{"embeddable":true,"href":"https:\/\/www.lugaris.com\/fr\/wp-json\/wp\/v2\/users\/4"}],"replies":[{"embeddable":true,"href":"https:\/\/www.lugaris.com\/fr\/wp-json\/wp\/v2\/comments?post=26642"}],"version-history":[{"count":2,"href":"https:\/\/www.lugaris.com\/fr\/wp-json\/wp\/v2\/posts\/26642\/revisions"}],"predecessor-version":[{"id":26653,"href":"https:\/\/www.lugaris.com\/fr\/wp-json\/wp\/v2\/posts\/26642\/revisions\/26653"}],"wp:featuredmedia":[{"embeddable":true,"href":"https:\/\/www.lugaris.com\/fr\/wp-json\/wp\/v2\/media\/7339"}],"wp:attachment":[{"href":"https:\/\/www.lugaris.com\/fr\/wp-json\/wp\/v2\/media?parent=26642"}],"wp:term":[{"taxonomy":"category","embeddable":true,"href":"https:\/\/www.lugaris.com\/fr\/wp-json\/wp\/v2\/categories?post=26642"},{"taxonomy":"post_tag","embeddable":true,"href":"https:\/\/www.lugaris.com\/fr\/wp-json\/wp\/v2\/tags?post=26642"}],"curies":[{"name":"wp","href":"https:\/\/api.w.org\/{rel}","templated":true}]}}